{"id":74193,"date":"2024-07-26T10:04:00","date_gmt":"2024-07-26T08:04:00","guid":{"rendered":"https:\/\/gorica.info\/?p=74193"},"modified":"2024-07-26T17:06:15","modified_gmt":"2024-07-26T15:06:15","slug":"mladi-vatrogasci-iz-ribnice-osvojili-13-mjesto-na-medunarodnom-natjecanju-u-italiji","status":"publish","type":"post","link":"https:\/\/gorica.info\/en\/mladi-vatrogasci-iz-ribnice-osvojili-13-mjesto-na-medunarodnom-natjecanju-u-italiji\/","title":{"rendered":"Mladi vatrogasci iz Ribnice osvojili 13. mjesto na me\u0111unarodnom natjecanju u Italiji"},"content":{"rendered":"<p class=\"has-medium-font-size\">Me\u0111u 53 tima iz 22 dr\u017eave na natjecanju <strong>vatrogasne mlade\u017ei <\/strong>Me\u0111unarodne zajednice vatrogasnih i spasila\u010dkih slu\u017ebi u Italiji sudjeluju i <strong>hrvatski predstavnici<\/strong>. Na\u0161u zemlju predstavljala su tri odjeljenja: <strong>DVD-a Ribnica<\/strong>,<strong> Ostrna<\/strong> i <strong>Bedekov\u010dina &#8211; \u017eenska ekipa<\/strong>. Na\u0161e ekipe su se natjecale u segmentima vje\u017eba s preprekama i \u0161tafeta te ih uspje\u0161no odradili.<\/p>\n\n\n\n<p class=\"has-medium-font-size\">Mnogi navija\u010di iz svih dijelova zemlje do\u0161lo su bodriti mlade vatrogasce te se je na\u0161a zastava vijorila s tribina, a navija\u010dka pjesma orila se daleko.<\/p>\n\n\n\n<p class=\"has-medium-font-size\">Mu\u0161ka ekipa DVD-a Ostrna bila je 10. dok je ekipa DVD-a Ribnica zauzela 13. mjesto. \u017denska ekipa iz DVD-a Bedekov\u010dina bila je peta.<\/p>\n\n\n\n<figure class=\"wp-block-image size-full\"><img fetchpriority=\"high\" decoding=\"async\" width=\"960\" height=\"720\" src=\"https:\/\/gorica.info\/wp-content\/uploads\/2024\/07\/dvd-ribnica-natjecanje1-italija.jpg\" alt=\"\" class=\"wp-image-74195\" srcset=\"https:\/\/gorica.info\/wp-content\/uploads\/2024\/07\/dvd-ribnica-natjecanje1-italija.jpg 960w, https:\/\/gorica.info\/wp-content\/uploads\/2024\/07\/dvd-ribnica-natjecanje1-italija-300x225.jpg 300w, https:\/\/gorica.info\/wp-content\/uploads\/2024\/07\/dvd-ribnica-natjecanje1-italija-768x576.jpg 768w, https:\/\/gorica.info\/wp-content\/uploads\/2024\/07\/dvd-ribnica-natjecanje1-italija-16x12.jpg 16w, https:\/\/gorica.info\/wp-content\/uploads\/2024\/07\/dvd-ribnica-natjecanje1-italija-750x563.jpg 750w\" sizes=\"(max-width: 960px) 100vw, 960px\" \/><\/figure>\n\n\n\n<p class=\"has-medium-font-size\">U zajedni\u010dkom poretku (mu\u0161ki i \u017eenski), na\u0161i timovi su ostvarili sljede\u0107e rezultate: 11. mjesto &#8211; DVD Ostrna, 16. mjesto &#8211; <a href=\"https:\/\/gorica.info\/en\/muska-mladez-dvd-a-ribnica-odradila-prvi-trening-na-vatrogasnoj-olimpijadi-u-italiji\/\">DVD Ribnica <\/a>i 19. mjesto &#8211; DVD Bedekov\u010dina, objavila je <a href=\"https:\/\/hvz.gov.hr\/vijesti\/odrzano-je-24-medjunarodno-natjecanje-vatrogasne-mladezi\/4646\">Hrvatska vatrogasna zajednica<\/a>.<\/p>\n\n\n\n<p class=\"has-medium-font-size\">-Sva tri na\u0161a odjeljenja sudjelovala su u svim aktivnostima kroz cijeli tjedan koje su planirane programom ovog doga\u0111anja, \u0161to je uklju\u010divalo dva slu\u017ebena treninga, sudjelovanje u ceremoniji otvaranja, izlete i sli\u010dno. Na\u0161a natjecateljska odjeljenja postigla su prili\u010dno dobre rezultate, koji su prema postignutim vremenima vrlo dobra, me\u0111utim na \u017ealost nedostajalo je malo sportske sre\u0107e da plasmani budu jo\u0161 bolji.<\/p>\n\n\n\n<figure class=\"wp-block-image size-large\"><img decoding=\"async\" width=\"1024\" height=\"768\" src=\"https:\/\/gorica.info\/wp-content\/uploads\/2024\/07\/dvd-ribnica-natjecanje2-italija-1024x768.jpg\" alt=\"italiji\" class=\"wp-image-74196\" srcset=\"https:\/\/gorica.info\/wp-content\/uploads\/2024\/07\/dvd-ribnica-natjecanje2-italija-1024x768.jpg 1024w, https:\/\/gorica.info\/wp-content\/uploads\/2024\/07\/dvd-ribnica-natjecanje2-italija-300x225.jpg 300w, https:\/\/gorica.info\/wp-content\/uploads\/2024\/07\/dvd-ribnica-natjecanje2-italija-768x576.jpg 768w, https:\/\/gorica.info\/wp-content\/uploads\/2024\/07\/dvd-ribnica-natjecanje2-italija-16x12.jpg 16w, https:\/\/gorica.info\/wp-content\/uploads\/2024\/07\/dvd-ribnica-natjecanje2-italija-750x562.jpg 750w, https:\/\/gorica.info\/wp-content\/uploads\/2024\/07\/dvd-ribnica-natjecanje2-italija.jpg 1067w\" sizes=\"(max-width: 1024px) 100vw, 1024px\" \/><\/figure>\n\n\n\n<p class=\"has-medium-font-size\">S rezultatima mo\u017eemo biti zadovoljni, no uz malo sre\u0107e mogli su biti jo\u0161 bolji &#8211; kazao je potpredsjednik HVZ-a, potpredsjednik CTIF-a te \u010dlan me\u0111unarodnog voditeljstva natjecanja<strong> Nedjeljko Vukalovi\u0107<\/strong>.<\/p>\n\n\n\n<p class=\"has-medium-font-size\">Natjecanja vatrogasne mlade\u017ei bitan su <strong>dio hrvatskog vatrogastva<\/strong> jer su zalog budu\u0107ih vatrogasnih kadrova. Mi smo u Hrvatskoj vatrogasnoj zajednici toga itekako svjesni i kontinuirano ula\u017eemo u rad s mladima, a upravo kroz natjecanja\u00a0 dobrovoljna vatrogasna dru\u0161tva pokazuju svoju snagu i usmjerenost prema ovom \u010dasnom i humanom poslu. <\/p>\n\n\n\n<p class=\"has-medium-font-size\">Ponosni smo \u0161to <strong>tri na\u0161a odjeljenja<\/strong> sudjeluju na Me\u0111unarodnom natjecanju vatrogasne mlade\u017ei i \u017eelimo im puno uspjeha na dana\u0161njem nastupu \u2013 poru\u010dili su iz Hrvatske vatrogasne zajednice.<\/p>","protected":false},"excerpt":{"rendered":"<p>Me\u0111u 53 tima iz 22 dr\u017eave na natjecanju vatrogasne mlade\u017ei Me\u0111unarodne zajednice vatrogasnih i spasila\u010dkih slu\u017ebi u Italiji sudjeluju i hrvatski predstavnici. Na\u0161u zemlju predstavljala su tri odjeljenja: DVD-a Ribnica, Ostrna i Bedekov\u010dina &#8211; \u017eenska ekipa. Na\u0161e ekipe su se natjecale u segmentima vje\u017eba s preprekama i \u0161tafeta te ih uspje\u0161no odradili. Mnogi navija\u010di iz [&hellip;]<\/p>\n","protected":false},"author":23,"featured_media":74194,"comment_status":"closed","ping_status":"closed","sticky":false,"template":"","format":"standard","meta":{"limit_modified_date":"","last_modified_date":"","jnews-multi-image_gallery":[],"jnews_single_post":{"subtitle":"","format":"standard","video":"","gallery":"","source_name":"","source_url":"","via_name":"","via_url":"","override_template":"0","override":[{"template":"3","single_blog_custom":"","parallax":"1","fullscreen":"1","layout":"right-sidebar","sidebar":"default-sidebar","second_sidebar":"default-sidebar","sticky_sidebar":"1","share_position":"top","share_float_style":"share-monocrhome","show_share_counter":"0","show_view_counter":"0","show_featured":"1","show_post_meta":"1","show_post_author":"1","show_post_author_image":"1","show_post_date":"1","post_date_format":"default","post_date_format_custom":"Y\/m\/d","show_post_category":"1","show_post_reading_time":"1","post_reading_time_wpm":"300","post_calculate_word_method":"str_word_count","show_zoom_button":"0","zoom_button_out_step":"2","zoom_button_in_step":"3","show_post_tag":"1","show_prev_next_post":"0","show_popup_post":"1","number_popup_post":"1","show_author_box":"0","show_post_related":"1","show_inline_post_related":"0"}],"override_image_size":"0","image_override":[{"single_post_thumbnail_size":"crop-500","single_post_gallery_size":"crop-500"}],"trending_post":"0","trending_post_position":"meta","trending_post_label":"Trending","sponsored_post":"0","sponsored_post_label":"Sponsored by","sponsored_post_name":"","sponsored_post_url":"","sponsored_post_logo_enable":"0","sponsored_post_logo":"","sponsored_post_desc":"","disable_ad":"0"},"jnews_primary_category":{"id":"","hide":""},"jnews_override_counter":{"override_view_counter":"0","view_counter_number":"0","override_share_counter":"0","share_counter_number":"0","override_like_counter":"0","like_counter_number":"0","override_dislike_counter":"0","dislike_counter_number":"0"},"footnotes":""},"categories":[86],"tags":[],"class_list":["post-74193","post","type-post","status-publish","format-standard","has-post-thumbnail","hentry","category-udruge"],"yoast_head":"<!-- This site is optimized with the Yoast SEO Premium plugin v27.4 (Yoast SEO v27.4) - https:\/\/yoast.com\/product\/yoast-seo-premium-wordpress\/ -->\n<title>Mladi vatrogasci iz Ribnice osvojili 13. mjesto na me\u0111unarodnom natjecanju u Italiji - Gorica Info<\/title>\n<meta name=\"description\" content=\"Mladi vatrogasci iz Ribnice osvojili 13. mjesto na me\u0111unarodnom natjecanju u Italiji, objavila je Hrvatska vatrogasna zajednica.\" \/>\n<meta name=\"robots\" content=\"index, follow, max-snippet:-1, max-image-preview:large, max-video-preview:-1\" \/>\n<link rel=\"canonical\" href=\"https:\/\/gorica.info\/en\/mladi-vatrogasci-iz-ribnice-osvojili-13-mjesto-na-medunarodnom-natjecanju-u-italiji\/\" \/>\n<meta property=\"og:locale\" content=\"en_US\" \/>\n<meta property=\"og:type\" content=\"article\" \/>\n<meta property=\"og:title\" content=\"Mladi vatrogasci iz Ribnice osvojili 13. mjesto na me\u0111unarodnom natjecanju u Italiji\" \/>\n<meta property=\"og:description\" content=\"Mladi vatrogasci iz Ribnice osvojili 13. mjesto na me\u0111unarodnom natjecanju u Italiji, objavila je Hrvatska vatrogasna zajednica.\" \/>\n<meta property=\"og:url\" content=\"https:\/\/gorica.info\/en\/mladi-vatrogasci-iz-ribnice-osvojili-13-mjesto-na-medunarodnom-natjecanju-u-italiji\/\" \/>\n<meta property=\"og:site_name\" content=\"Gorica Info\" \/>\n<meta property=\"article:publisher\" content=\"https:\/\/www.facebook.com\/Goricainfo-106005144489262\" \/>\n<meta property=\"article:published_time\" content=\"2024-07-26T08:04:00+00:00\" \/>\n<meta property=\"article:modified_time\" content=\"2024-07-26T15:06:15+00:00\" \/>\n<meta property=\"og:image\" content=\"https:\/\/gorica.info\/wp-content\/uploads\/2024\/07\/dvd-ribnica-natjecanje-italija.jpg\" \/>\n\t<meta property=\"og:image:width\" content=\"1080\" \/>\n\t<meta property=\"og:image:height\" content=\"720\" \/>\n\t<meta property=\"og:image:type\" content=\"image\/jpeg\" \/>\n<meta name=\"author\" content=\"Gorica. info\" \/>\n<meta name=\"twitter:card\" content=\"summary_large_image\" \/>\n<meta name=\"twitter:creator\" content=\"@GoricaInfo\" \/>\n<meta name=\"twitter:site\" content=\"@GoricaInfo\" \/>\n<meta name=\"twitter:label1\" content=\"Written by\" \/>\n\t<meta name=\"twitter:data1\" content=\"Gorica. info\" \/>\n\t<meta name=\"twitter:label2\" content=\"Est. reading time\" \/>\n\t<meta name=\"twitter:data2\" content=\"3 minutes\" \/>\n<meta name=\"geo.placename\" content=\"Velika Gorica\" \/>\n<meta name=\"geo.region\" content=\"Croatia\" \/>\n<!-- \/ Yoast SEO Premium plugin. -->","yoast_head_json":{"title":"Mladi vatrogasci iz Ribnice osvojili 13. mjesto na me\u0111unarodnom natjecanju u Italiji - Gorica Info","description":"Mladi vatrogasci iz Ribnice osvojili 13. mjesto na me\u0111unarodnom natjecanju u Italiji, objavila je Hrvatska vatrogasna zajednica.","robots":{"index":"index","follow":"follow","max-snippet":"max-snippet:-1","max-image-preview":"max-image-preview:large","max-video-preview":"max-video-preview:-1"},"canonical":"https:\/\/gorica.info\/en\/mladi-vatrogasci-iz-ribnice-osvojili-13-mjesto-na-medunarodnom-natjecanju-u-italiji\/","og_locale":"en_US","og_type":"article","og_title":"Mladi vatrogasci iz Ribnice osvojili 13. mjesto na me\u0111unarodnom natjecanju u Italiji","og_description":"Mladi vatrogasci iz Ribnice osvojili 13. mjesto na me\u0111unarodnom natjecanju u Italiji, objavila je Hrvatska vatrogasna zajednica.","og_url":"https:\/\/gorica.info\/en\/mladi-vatrogasci-iz-ribnice-osvojili-13-mjesto-na-medunarodnom-natjecanju-u-italiji\/","og_site_name":"Gorica Info","article_publisher":"https:\/\/www.facebook.com\/Goricainfo-106005144489262","article_published_time":"2024-07-26T08:04:00+00:00","article_modified_time":"2024-07-26T15:06:15+00:00","og_image":[{"width":1080,"height":720,"url":"https:\/\/gorica.info\/wp-content\/uploads\/2024\/07\/dvd-ribnica-natjecanje-italija.jpg","type":"image\/jpeg"}],"author":"Gorica. info","twitter_card":"summary_large_image","twitter_creator":"@GoricaInfo","twitter_site":"@GoricaInfo","twitter_misc":{"Written by":"Gorica. info","Est. reading time":"3 minutes"},"schema":{"@context":"https:\/\/schema.org","@graph":[{"@type":"NewsArticle","@id":"https:\/\/gorica.info\/mladi-vatrogasci-iz-ribnice-osvojili-13-mjesto-na-medunarodnom-natjecanju-u-italiji\/#article","isPartOf":{"@id":"https:\/\/gorica.info\/mladi-vatrogasci-iz-ribnice-osvojili-13-mjesto-na-medunarodnom-natjecanju-u-italiji\/"},"author":{"name":"Gorica. info","@id":"https:\/\/gorica.info\/#\/schema\/person\/4499af1f22f322670b9b5977ccc2e3de"},"headline":"Mladi vatrogasci iz Ribnice osvojili 13. mjesto na me\u0111unarodnom natjecanju u Italiji","datePublished":"2024-07-26T08:04:00+00:00","dateModified":"2024-07-26T15:06:15+00:00","mainEntityOfPage":{"@id":"https:\/\/gorica.info\/mladi-vatrogasci-iz-ribnice-osvojili-13-mjesto-na-medunarodnom-natjecanju-u-italiji\/"},"wordCount":342,"publisher":{"@id":"https:\/\/gorica.info\/#organization"},"image":{"@id":"https:\/\/gorica.info\/mladi-vatrogasci-iz-ribnice-osvojili-13-mjesto-na-medunarodnom-natjecanju-u-italiji\/#primaryimage"},"thumbnailUrl":"https:\/\/gorica.info\/wp-content\/uploads\/2024\/07\/dvd-ribnica-natjecanje-italija.jpg","articleSection":["UDRUGE"],"inLanguage":"en-US","copyrightYear":"2024","copyrightHolder":{"@id":"https:\/\/gorica.info\/en\/#organization"}},{"@type":"WebPage","@id":"https:\/\/gorica.info\/mladi-vatrogasci-iz-ribnice-osvojili-13-mjesto-na-medunarodnom-natjecanju-u-italiji\/","url":"https:\/\/gorica.info\/mladi-vatrogasci-iz-ribnice-osvojili-13-mjesto-na-medunarodnom-natjecanju-u-italiji\/","name":"Mladi vatrogasci iz Ribnice osvojili 13. mjesto na me\u0111unarodnom natjecanju u Italiji - Gorica Info","isPartOf":{"@id":"https:\/\/gorica.info\/#website"},"primaryImageOfPage":{"@id":"https:\/\/gorica.info\/mladi-vatrogasci-iz-ribnice-osvojili-13-mjesto-na-medunarodnom-natjecanju-u-italiji\/#primaryimage"},"image":{"@id":"https:\/\/gorica.info\/mladi-vatrogasci-iz-ribnice-osvojili-13-mjesto-na-medunarodnom-natjecanju-u-italiji\/#primaryimage"},"thumbnailUrl":"https:\/\/gorica.info\/wp-content\/uploads\/2024\/07\/dvd-ribnica-natjecanje-italija.jpg","datePublished":"2024-07-26T08:04:00+00:00","dateModified":"2024-07-26T15:06:15+00:00","description":"Mladi vatrogasci iz Ribnice osvojili 13. mjesto na me\u0111unarodnom natjecanju u Italiji, objavila je Hrvatska vatrogasna zajednica.","breadcrumb":{"@id":"https:\/\/gorica.info\/mladi-vatrogasci-iz-ribnice-osvojili-13-mjesto-na-medunarodnom-natjecanju-u-italiji\/#breadcrumb"},"inLanguage":"en-US","potentialAction":[{"@type":"ReadAction","target":["https:\/\/gorica.info\/mladi-vatrogasci-iz-ribnice-osvojili-13-mjesto-na-medunarodnom-natjecanju-u-italiji\/"]}]},{"@type":"ImageObject","inLanguage":"en-US","@id":"https:\/\/gorica.info\/mladi-vatrogasci-iz-ribnice-osvojili-13-mjesto-na-medunarodnom-natjecanju-u-italiji\/#primaryimage","url":"https:\/\/gorica.info\/wp-content\/uploads\/2024\/07\/dvd-ribnica-natjecanje-italija.jpg","contentUrl":"https:\/\/gorica.info\/wp-content\/uploads\/2024\/07\/dvd-ribnica-natjecanje-italija.jpg","width":1080,"height":720,"caption":"Foto: DVD Ribnica"},{"@type":"BreadcrumbList","@id":"https:\/\/gorica.info\/mladi-vatrogasci-iz-ribnice-osvojili-13-mjesto-na-medunarodnom-natjecanju-u-italiji\/#breadcrumb","itemListElement":[{"@type":"ListItem","position":1,"name":"Po\u010detna stranica","item":"https:\/\/gorica.info\/"},{"@type":"ListItem","position":2,"name":"Mladi vatrogasci iz Ribnice osvojili 13. mjesto na me\u0111unarodnom natjecanju u Italiji"}]},{"@type":"WebSite","@id":"https:\/\/gorica.info\/#website","url":"https:\/\/gorica.info\/","name":"Gorica Info","description":"Vijesti iz Velike Gorice i okolice.","publisher":{"@id":"https:\/\/gorica.info\/#organization"},"potentialAction":[{"@type":"SearchAction","target":{"@type":"EntryPoint","urlTemplate":"https:\/\/gorica.info\/?s={search_term_string}"},"query-input":{"@type":"PropertyValueSpecification","valueRequired":true,"valueName":"search_term_string"}}],"inLanguage":"en-US"},{"@type":["Organization","Place","NewsMediaOrganization"],"@id":"https:\/\/gorica.info\/#organization","name":"Gorica Info","url":"https:\/\/gorica.info\/","logo":{"@id":"https:\/\/gorica.info\/mladi-vatrogasci-iz-ribnice-osvojili-13-mjesto-na-medunarodnom-natjecanju-u-italiji\/#local-main-organization-logo"},"image":{"@id":"https:\/\/gorica.info\/mladi-vatrogasci-iz-ribnice-osvojili-13-mjesto-na-medunarodnom-natjecanju-u-italiji\/#local-main-organization-logo"},"sameAs":["https:\/\/www.facebook.com\/Goricainfo-106005144489262","https:\/\/x.com\/GoricaInfo","https:\/\/www.instagram.com\/gorica.info\/"],"address":{"@id":"https:\/\/gorica.info\/mladi-vatrogasci-iz-ribnice-osvojili-13-mjesto-na-medunarodnom-natjecanju-u-italiji\/#local-main-place-address"},"telephone":[],"openingHoursSpecification":[{"@type":"OpeningHoursSpecification","dayOfWeek":["Monday","Tuesday","Wednesday","Thursday","Friday","Saturday","Sunday"],"opens":"09:00","closes":"17:00"}],"email":"redakcija@gorica.info"},{"@type":"Person","@id":"https:\/\/gorica.info\/#\/schema\/person\/4499af1f22f322670b9b5977ccc2e3de","name":"Gorica. info","description":"Gorica.info je lokalni portal koji prati Veliku Goricu i okolici, svakodnevno donosi najnovije vijesti i pri\u010de, kulturna doga\u0111anja i aktualnosti koje oblikuju \u017eivot gra\u0111ana.","url":"https:\/\/gorica.info\/en\/author\/gorica-info\/"},{"@type":"PostalAddress","@id":"https:\/\/gorica.info\/mladi-vatrogasci-iz-ribnice-osvojili-13-mjesto-na-medunarodnom-natjecanju-u-italiji\/#local-main-place-address","streetAddress":"Horvatova 97","addressLocality":"Velika Gorica","postalCode":"10410","addressRegion":"Croatia","addressCountry":"HR"},{"@type":"ImageObject","inLanguage":"en-US","@id":"https:\/\/gorica.info\/mladi-vatrogasci-iz-ribnice-osvojili-13-mjesto-na-medunarodnom-natjecanju-u-italiji\/#local-main-organization-logo","url":"https:\/\/gorica.info\/wp-content\/uploads\/2024\/07\/Gorica-Info-Logo-mali.png","contentUrl":"https:\/\/gorica.info\/wp-content\/uploads\/2024\/07\/Gorica-Info-Logo-mali.png","width":450,"height":85,"caption":"Gorica Info"}]},"geo.placename":"Velika Gorica","geo.region":"Croatia"},"_links":{"self":[{"href":"https:\/\/gorica.info\/en\/wp-json\/wp\/v2\/posts\/74193","targetHints":{"allow":["GET"]}}],"collection":[{"href":"https:\/\/gorica.info\/en\/wp-json\/wp\/v2\/posts"}],"about":[{"href":"https:\/\/gorica.info\/en\/wp-json\/wp\/v2\/types\/post"}],"author":[{"embeddable":true,"href":"https:\/\/gorica.info\/en\/wp-json\/wp\/v2\/users\/23"}],"replies":[{"embeddable":true,"href":"https:\/\/gorica.info\/en\/wp-json\/wp\/v2\/comments?post=74193"}],"version-history":[{"count":1,"href":"https:\/\/gorica.info\/en\/wp-json\/wp\/v2\/posts\/74193\/revisions"}],"predecessor-version":[{"id":74197,"href":"https:\/\/gorica.info\/en\/wp-json\/wp\/v2\/posts\/74193\/revisions\/74197"}],"wp:featuredmedia":[{"embeddable":true,"href":"https:\/\/gorica.info\/en\/wp-json\/wp\/v2\/media\/74194"}],"wp:attachment":[{"href":"https:\/\/gorica.info\/en\/wp-json\/wp\/v2\/media?parent=74193"}],"wp:term":[{"taxonomy":"category","embeddable":true,"href":"https:\/\/gorica.info\/en\/wp-json\/wp\/v2\/categories?post=74193"},{"taxonomy":"post_tag","embeddable":true,"href":"https:\/\/gorica.info\/en\/wp-json\/wp\/v2\/tags?post=74193"}],"curies":[{"name":"wp","href":"https:\/\/api.w.org\/{rel}","templated":true}]}}