{"id":74199,"date":"2024-07-26T10:53:53","date_gmt":"2024-07-26T08:53:53","guid":{"rendered":"https:\/\/gorica.info\/?p=74199"},"modified":"2024-07-26T17:05:31","modified_gmt":"2024-07-26T15:05:31","slug":"tragedija-na-jezeru-trstenik-utopio-se-muskarac-koji-se-dosao-kupati","status":"publish","type":"post","link":"https:\/\/gorica.info\/en\/tragedija-na-jezeru-trstenik-utopio-se-muskarac-koji-se-dosao-kupati\/","title":{"rendered":"Tragedija na jezeru Trstenik: Utopio se mu\u0161karac koji se do\u0161ao kupati"},"content":{"rendered":"<p class=\"has-medium-font-size\">U jezeru <strong>Trstenik<\/strong> <strong>1<\/strong> kod Dugog Sela u \u010detvrtak se za vrijeme kupanja <strong>utopio 43-godi\u0161nji mu\u0161karac.<\/strong><\/p>\n\n\n\n<p class=\"has-medium-font-size\">Obavljenim je o\u010devidom utvr\u0111eno da je 43-godi\u0161njak oko 12.20 sati do\u0161ao na jezero zajedno s 44-godi\u0161njakom i 45-godi\u0161njakom kako bi se okupali.<\/p>\n\n\n\n<p class=\"has-medium-font-size\">Nakon \u0161to je sko\u010dio u jezero, a za vrijeme dok su se dva poznanika nalazila na obali te se pripremali sko\u010diti, mu\u0161karac nakon kra\u0107eg vremena provedenog u vodi vi\u0161e nije izronio. Poznanici su ga poku\u0161ali prona\u0107i, me\u0111utim u tome nisu uspjeli.<\/p>\n\n\n\n<p class=\"has-medium-font-size\">\u00a0Odmah po dojavi, dolaskom na mjesto doga\u0111aja policijski su slu\u017ebenici nakon intenzivnog tra\u017eenja uz pomo\u0107 ronioca oko 15 sati prona\u0161li be\u017eivotno tijelo mu\u0161karca \u2013 objavila je<a href=\"https:\/\/zagrebacka-policija.gov.hr\/vijesti\/utapanje-na-jezeru-trstenik\/98324\"> policija<\/a>.<\/p>\n\n\n\n<p class=\"has-medium-font-size\">Na tijelu nisu uo\u010dene ozljede koje bi upu\u0107ivale da je smrt nastupila kao posljedica kaznenog djela. Tijelo je prevezeno u Zavod za sudsku medicinu i kriminalistiku Zagreb.<\/p>\n\n\n\n<p class=\"has-medium-font-size\"><strong>Savjeti gra\u0111anima<\/strong><\/p>\n\n\n\n<p class=\"has-medium-font-size\">Iz policije ponovno <a href=\"https:\/\/gorica.info\/en\/mladic-18-skocio-u-plitki-bazen-u-toplicama-slomio-je-vratni-kraljezak\/\">upozoravaju gra\u0111ane<\/a> na brojne opasnosti koje tijekom ljeta na rijekama, jezerima ili u moru. Najopasnija podru\u010dja su: rijeke, jezera, potoci, pa tek onda more. Rijeke su najopasnije jer su proto\u010dne, imaju \u010desto virove, usjeke i \u010desto mijenjaju svoj tok.<\/p>\n\n\n\n<p class=\"has-medium-font-size\">Jezera i potoci imaju nagle promjene dubine i temperature. <strong>\u0160oderice <\/strong>tako\u0111er predstavljaju veliki rizik zbog naglog pada dna i slabe vidljivosti. U svim slu\u010dajevima utapanja naj\u010de\u0161\u0107i uzrok je precjenjivanje vlastitih mogu\u0107nosti, nakon toga precjenjivanje sposobnosti u plivanju (nepliva\u010di), te kroni\u010dne bolesti.<\/p>\n\n\n\n<p class=\"has-medium-font-size\">Iz policije apeliraju na gra\u0111ane da za kupanje koriste prvenstveno <strong>ure\u0111ena kupali\u0161ta<\/strong> koja su pod nadzorom, a ne rijeke, jezera ili \u0161ljun\u010dare koji nisu ure\u0111eni za kupanje i nisu pod nadzorom stru\u010dnih slu\u017ebi.<\/p>","protected":false},"excerpt":{"rendered":"<p>U jezeru Trstenik 1 kod Dugog Sela u \u010detvrtak se za vrijeme kupanja utopio 43-godi\u0161nji mu\u0161karac. Obavljenim je o\u010devidom utvr\u0111eno da je 43-godi\u0161njak oko 12.20 sati do\u0161ao na jezero zajedno s 44-godi\u0161njakom i 45-godi\u0161njakom kako bi se okupali. Nakon \u0161to je sko\u010dio u jezero, a za vrijeme dok su se dva poznanika nalazila na obali [&hellip;]<\/p>\n","protected":false},"author":23,"featured_media":74200,"comment_status":"closed","ping_status":"closed","sticky":false,"template":"","format":"standard","meta":{"limit_modified_date":"","last_modified_date":"","jnews-multi-image_gallery":[],"jnews_single_post":{"subtitle":"","format":"standard","video":"","gallery":"","source_name":"","source_url":"","via_name":"","via_url":"","override_template":"0","override":[{"template":"3","single_blog_custom":"","parallax":"1","fullscreen":"1","layout":"right-sidebar","sidebar":"default-sidebar","second_sidebar":"default-sidebar","sticky_sidebar":"1","share_position":"top","share_float_style":"share-monocrhome","show_share_counter":"0","show_view_counter":"0","show_featured":"1","show_post_meta":"1","show_post_author":"1","show_post_author_image":"1","show_post_date":"1","post_date_format":"default","post_date_format_custom":"Y\/m\/d","show_post_category":"1","show_post_reading_time":"1","post_reading_time_wpm":"300","post_calculate_word_method":"str_word_count","show_zoom_button":"0","zoom_button_out_step":"2","zoom_button_in_step":"3","show_post_tag":"1","show_prev_next_post":"0","show_popup_post":"1","number_popup_post":"1","show_author_box":"0","show_post_related":"1","show_inline_post_related":"0"}],"override_image_size":"0","image_override":[{"single_post_thumbnail_size":"crop-500","single_post_gallery_size":"crop-500"}],"trending_post":"0","trending_post_position":"meta","trending_post_label":"Trending","sponsored_post":"0","sponsored_post_label":"Sponsored by","sponsored_post_name":"","sponsored_post_url":"","sponsored_post_logo_enable":"0","sponsored_post_logo":"","sponsored_post_desc":"","disable_ad":"0"},"jnews_primary_category":{"id":"","hide":""},"jnews_override_counter":{"override_view_counter":"0","view_counter_number":"0","override_share_counter":"0","share_counter_number":"0","override_like_counter":"0","like_counter_number":"0","override_dislike_counter":"0","dislike_counter_number":"0"},"footnotes":""},"categories":[93],"tags":[],"class_list":["post-74199","post","type-post","status-publish","format-standard","has-post-thumbnail","hentry","category-crna-kronika"],"yoast_head":"<!-- This site is optimized with the Yoast SEO Premium plugin v27.4 (Yoast SEO v27.4) - https:\/\/yoast.com\/product\/yoast-seo-premium-wordpress\/ -->\n<title>Tragedija na jezeru Trstenik: Utopio se mu\u0161karac koji se do\u0161ao kupati - Gorica Info<\/title>\n<meta name=\"description\" content=\"Tragedija na jezeru Trstenik kod Dugog Sela: Utopio se mu\u0161karac koji se do\u0161ao kupati s prijateljima, objavila je policija\" \/>\n<meta name=\"robots\" content=\"index, follow, max-snippet:-1, max-image-preview:large, max-video-preview:-1\" \/>\n<link rel=\"canonical\" href=\"https:\/\/gorica.info\/en\/tragedija-na-jezeru-trstenik-utopio-se-muskarac-koji-se-dosao-kupati\/\" \/>\n<meta property=\"og:locale\" content=\"en_US\" \/>\n<meta property=\"og:type\" content=\"article\" \/>\n<meta property=\"og:title\" content=\"Tragedija na jezeru Trstenik: Utopio se mu\u0161karac koji se do\u0161ao kupati\" \/>\n<meta property=\"og:description\" content=\"Tragedija na jezeru Trstenik kod Dugog Sela: Utopio se mu\u0161karac koji se do\u0161ao kupati s prijateljima, objavila je policija\" \/>\n<meta property=\"og:url\" content=\"https:\/\/gorica.info\/en\/tragedija-na-jezeru-trstenik-utopio-se-muskarac-koji-se-dosao-kupati\/\" \/>\n<meta property=\"og:site_name\" content=\"Gorica Info\" \/>\n<meta property=\"article:publisher\" content=\"https:\/\/www.facebook.com\/Goricainfo-106005144489262\" \/>\n<meta property=\"article:published_time\" content=\"2024-07-26T08:53:53+00:00\" \/>\n<meta property=\"article:modified_time\" content=\"2024-07-26T15:05:31+00:00\" \/>\n<meta property=\"og:image\" content=\"https:\/\/gorica.info\/wp-content\/uploads\/2024\/07\/policija-jezero.jpg\" \/>\n\t<meta property=\"og:image:width\" content=\"750\" \/>\n\t<meta property=\"og:image:height\" content=\"500\" \/>\n\t<meta property=\"og:image:type\" content=\"image\/jpeg\" \/>\n<meta name=\"author\" content=\"Gorica. info\" \/>\n<meta name=\"twitter:card\" content=\"summary_large_image\" \/>\n<meta name=\"twitter:creator\" content=\"@GoricaInfo\" \/>\n<meta name=\"twitter:site\" content=\"@GoricaInfo\" \/>\n<meta name=\"twitter:label1\" content=\"Written by\" \/>\n\t<meta name=\"twitter:data1\" content=\"Gorica. info\" \/>\n\t<meta name=\"twitter:label2\" content=\"Est. reading time\" \/>\n\t<meta name=\"twitter:data2\" content=\"2 minutes\" \/>\n<meta name=\"geo.placename\" content=\"Velika Gorica\" \/>\n<meta name=\"geo.region\" content=\"Croatia\" \/>\n<!-- \/ Yoast SEO Premium plugin. -->","yoast_head_json":{"title":"Tragedija na jezeru Trstenik: Utopio se mu\u0161karac koji se do\u0161ao kupati - Gorica Info","description":"Tragedija na jezeru Trstenik kod Dugog Sela: Utopio se mu\u0161karac koji se do\u0161ao kupati s prijateljima, objavila je policija","robots":{"index":"index","follow":"follow","max-snippet":"max-snippet:-1","max-image-preview":"max-image-preview:large","max-video-preview":"max-video-preview:-1"},"canonical":"https:\/\/gorica.info\/en\/tragedija-na-jezeru-trstenik-utopio-se-muskarac-koji-se-dosao-kupati\/","og_locale":"en_US","og_type":"article","og_title":"Tragedija na jezeru Trstenik: Utopio se mu\u0161karac koji se do\u0161ao kupati","og_description":"Tragedija na jezeru Trstenik kod Dugog Sela: Utopio se mu\u0161karac koji se do\u0161ao kupati s prijateljima, objavila je policija","og_url":"https:\/\/gorica.info\/en\/tragedija-na-jezeru-trstenik-utopio-se-muskarac-koji-se-dosao-kupati\/","og_site_name":"Gorica Info","article_publisher":"https:\/\/www.facebook.com\/Goricainfo-106005144489262","article_published_time":"2024-07-26T08:53:53+00:00","article_modified_time":"2024-07-26T15:05:31+00:00","og_image":[{"width":750,"height":500,"url":"https:\/\/gorica.info\/wp-content\/uploads\/2024\/07\/policija-jezero.jpg","type":"image\/jpeg"}],"author":"Gorica. info","twitter_card":"summary_large_image","twitter_creator":"@GoricaInfo","twitter_site":"@GoricaInfo","twitter_misc":{"Written by":"Gorica. info","Est. reading time":"2 minutes"},"schema":{"@context":"https:\/\/schema.org","@graph":[{"@type":"NewsArticle","@id":"https:\/\/gorica.info\/tragedija-na-jezeru-trstenik-utopio-se-muskarac-koji-se-dosao-kupati\/#article","isPartOf":{"@id":"https:\/\/gorica.info\/tragedija-na-jezeru-trstenik-utopio-se-muskarac-koji-se-dosao-kupati\/"},"author":{"name":"Gorica. info","@id":"https:\/\/gorica.info\/#\/schema\/person\/4499af1f22f322670b9b5977ccc2e3de"},"headline":"Tragedija na jezeru Trstenik: Utopio se mu\u0161karac koji se do\u0161ao kupati","datePublished":"2024-07-26T08:53:53+00:00","dateModified":"2024-07-26T15:05:31+00:00","mainEntityOfPage":{"@id":"https:\/\/gorica.info\/tragedija-na-jezeru-trstenik-utopio-se-muskarac-koji-se-dosao-kupati\/"},"wordCount":302,"publisher":{"@id":"https:\/\/gorica.info\/#organization"},"image":{"@id":"https:\/\/gorica.info\/tragedija-na-jezeru-trstenik-utopio-se-muskarac-koji-se-dosao-kupati\/#primaryimage"},"thumbnailUrl":"https:\/\/gorica.info\/wp-content\/uploads\/2024\/07\/policija-jezero.jpg","articleSection":["CRNA KRONIKA"],"inLanguage":"en-US","copyrightYear":"2024","copyrightHolder":{"@id":"https:\/\/gorica.info\/en\/#organization"}},{"@type":"WebPage","@id":"https:\/\/gorica.info\/tragedija-na-jezeru-trstenik-utopio-se-muskarac-koji-se-dosao-kupati\/","url":"https:\/\/gorica.info\/tragedija-na-jezeru-trstenik-utopio-se-muskarac-koji-se-dosao-kupati\/","name":"Tragedija na jezeru Trstenik: Utopio se mu\u0161karac koji se do\u0161ao kupati - Gorica Info","isPartOf":{"@id":"https:\/\/gorica.info\/#website"},"primaryImageOfPage":{"@id":"https:\/\/gorica.info\/tragedija-na-jezeru-trstenik-utopio-se-muskarac-koji-se-dosao-kupati\/#primaryimage"},"image":{"@id":"https:\/\/gorica.info\/tragedija-na-jezeru-trstenik-utopio-se-muskarac-koji-se-dosao-kupati\/#primaryimage"},"thumbnailUrl":"https:\/\/gorica.info\/wp-content\/uploads\/2024\/07\/policija-jezero.jpg","datePublished":"2024-07-26T08:53:53+00:00","dateModified":"2024-07-26T15:05:31+00:00","description":"Tragedija na jezeru Trstenik kod Dugog Sela: Utopio se mu\u0161karac koji se do\u0161ao kupati s prijateljima, objavila je policija","breadcrumb":{"@id":"https:\/\/gorica.info\/tragedija-na-jezeru-trstenik-utopio-se-muskarac-koji-se-dosao-kupati\/#breadcrumb"},"inLanguage":"en-US","potentialAction":[{"@type":"ReadAction","target":["https:\/\/gorica.info\/tragedija-na-jezeru-trstenik-utopio-se-muskarac-koji-se-dosao-kupati\/"]}]},{"@type":"ImageObject","inLanguage":"en-US","@id":"https:\/\/gorica.info\/tragedija-na-jezeru-trstenik-utopio-se-muskarac-koji-se-dosao-kupati\/#primaryimage","url":"https:\/\/gorica.info\/wp-content\/uploads\/2024\/07\/policija-jezero.jpg","contentUrl":"https:\/\/gorica.info\/wp-content\/uploads\/2024\/07\/policija-jezero.jpg","width":750,"height":500,"caption":"Foto: Policija"},{"@type":"BreadcrumbList","@id":"https:\/\/gorica.info\/tragedija-na-jezeru-trstenik-utopio-se-muskarac-koji-se-dosao-kupati\/#breadcrumb","itemListElement":[{"@type":"ListItem","position":1,"name":"Po\u010detna stranica","item":"https:\/\/gorica.info\/"},{"@type":"ListItem","position":2,"name":"Tragedija na jezeru Trstenik: Utopio se mu\u0161karac koji se do\u0161ao kupati"}]},{"@type":"WebSite","@id":"https:\/\/gorica.info\/#website","url":"https:\/\/gorica.info\/","name":"Gorica Info","description":"Vijesti iz Velike Gorice i okolice.","publisher":{"@id":"https:\/\/gorica.info\/#organization"},"potentialAction":[{"@type":"SearchAction","target":{"@type":"EntryPoint","urlTemplate":"https:\/\/gorica.info\/?s={search_term_string}"},"query-input":{"@type":"PropertyValueSpecification","valueRequired":true,"valueName":"search_term_string"}}],"inLanguage":"en-US"},{"@type":["Organization","Place","NewsMediaOrganization"],"@id":"https:\/\/gorica.info\/#organization","name":"Gorica Info","url":"https:\/\/gorica.info\/","logo":{"@id":"https:\/\/gorica.info\/tragedija-na-jezeru-trstenik-utopio-se-muskarac-koji-se-dosao-kupati\/#local-main-organization-logo"},"image":{"@id":"https:\/\/gorica.info\/tragedija-na-jezeru-trstenik-utopio-se-muskarac-koji-se-dosao-kupati\/#local-main-organization-logo"},"sameAs":["https:\/\/www.facebook.com\/Goricainfo-106005144489262","https:\/\/x.com\/GoricaInfo","https:\/\/www.instagram.com\/gorica.info\/"],"address":{"@id":"https:\/\/gorica.info\/tragedija-na-jezeru-trstenik-utopio-se-muskarac-koji-se-dosao-kupati\/#local-main-place-address"},"telephone":[],"openingHoursSpecification":[{"@type":"OpeningHoursSpecification","dayOfWeek":["Monday","Tuesday","Wednesday","Thursday","Friday","Saturday","Sunday"],"opens":"09:00","closes":"17:00"}],"email":"redakcija@gorica.info"},{"@type":"Person","@id":"https:\/\/gorica.info\/#\/schema\/person\/4499af1f22f322670b9b5977ccc2e3de","name":"Gorica. info","description":"Gorica.info je lokalni portal koji prati Veliku Goricu i okolici, svakodnevno donosi najnovije vijesti i pri\u010de, kulturna doga\u0111anja i aktualnosti koje oblikuju \u017eivot gra\u0111ana.","url":"https:\/\/gorica.info\/en\/author\/gorica-info\/"},{"@type":"PostalAddress","@id":"https:\/\/gorica.info\/tragedija-na-jezeru-trstenik-utopio-se-muskarac-koji-se-dosao-kupati\/#local-main-place-address","streetAddress":"Horvatova 97","addressLocality":"Velika Gorica","postalCode":"10410","addressRegion":"Croatia","addressCountry":"HR"},{"@type":"ImageObject","inLanguage":"en-US","@id":"https:\/\/gorica.info\/tragedija-na-jezeru-trstenik-utopio-se-muskarac-koji-se-dosao-kupati\/#local-main-organization-logo","url":"https:\/\/gorica.info\/wp-content\/uploads\/2024\/07\/Gorica-Info-Logo-mali.png","contentUrl":"https:\/\/gorica.info\/wp-content\/uploads\/2024\/07\/Gorica-Info-Logo-mali.png","width":450,"height":85,"caption":"Gorica Info"}]},"geo.placename":"Velika Gorica","geo.region":"Croatia"},"_links":{"self":[{"href":"https:\/\/gorica.info\/en\/wp-json\/wp\/v2\/posts\/74199","targetHints":{"allow":["GET"]}}],"collection":[{"href":"https:\/\/gorica.info\/en\/wp-json\/wp\/v2\/posts"}],"about":[{"href":"https:\/\/gorica.info\/en\/wp-json\/wp\/v2\/types\/post"}],"author":[{"embeddable":true,"href":"https:\/\/gorica.info\/en\/wp-json\/wp\/v2\/users\/23"}],"replies":[{"embeddable":true,"href":"https:\/\/gorica.info\/en\/wp-json\/wp\/v2\/comments?post=74199"}],"version-history":[{"count":3,"href":"https:\/\/gorica.info\/en\/wp-json\/wp\/v2\/posts\/74199\/revisions"}],"predecessor-version":[{"id":74203,"href":"https:\/\/gorica.info\/en\/wp-json\/wp\/v2\/posts\/74199\/revisions\/74203"}],"wp:featuredmedia":[{"embeddable":true,"href":"https:\/\/gorica.info\/en\/wp-json\/wp\/v2\/media\/74200"}],"wp:attachment":[{"href":"https:\/\/gorica.info\/en\/wp-json\/wp\/v2\/media?parent=74199"}],"wp:term":[{"taxonomy":"category","embeddable":true,"href":"https:\/\/gorica.info\/en\/wp-json\/wp\/v2\/categories?post=74199"},{"taxonomy":"post_tag","embeddable":true,"href":"https:\/\/gorica.info\/en\/wp-json\/wp\/v2\/tags?post=74199"}],"curies":[{"name":"wp","href":"https:\/\/api.w.org\/{rel}","templated":true}]}}