{"id":74558,"date":"2024-08-02T17:01:20","date_gmt":"2024-08-02T15:01:20","guid":{"rendered":"https:\/\/gorica.info\/?p=74558"},"modified":"2024-08-03T14:03:40","modified_gmt":"2024-08-03T12:03:40","slug":"u-zagrebackom-zoo-u-prvi-put-na-svijet-dosli-veliki-dlakavi-pasanci","status":"publish","type":"post","link":"https:\/\/gorica.info\/en\/u-zagrebackom-zoo-u-prvi-put-na-svijet-dosli-veliki-dlakavi-pasanci\/","title":{"rendered":"U zagreba\u010dkom ZOO-u prvi put na svijet do\u0161li veliki dlakavi pasanci"},"content":{"rendered":"<p class=\"has-medium-font-size\">U zagreba\u010dkom <strong>Zoolo\u0161kom vrtu<\/strong> oko\u0107ena su dva <strong>velika dlakava pasanca<\/strong>. Veliki dlakavi pasanci Mateo i Milagros postali su roditelji, objavili su iz <a href=\"https:\/\/zoo.hr\/\">Zoolo\u0161kog vrta.<\/a><\/p>\n\n\n\n<p class=\"has-medium-font-size\">\u0160estogodi\u0161nji Mateo, koji je u Zagreb stigao iz nizozemskog Leeuwardena, i Milagros, ro\u0111ena prije godinu i pol u njema\u010dkom Rostocku, sjajno se sla\u017eu od prvog dana zajedni\u010dkog \u017eivota.<\/p>\n\n\n\n<figure class=\"wp-block-image size-large\"><img fetchpriority=\"high\" decoding=\"async\" width=\"1024\" height=\"766\" src=\"https:\/\/gorica.info\/wp-content\/uploads\/2024\/08\/mladunci-veliki-dlakavi-pasanci-1024x766.jpg\" alt=\"pasanci\" class=\"wp-image-74559\" srcset=\"https:\/\/gorica.info\/wp-content\/uploads\/2024\/08\/mladunci-veliki-dlakavi-pasanci-1024x766.jpg 1024w, https:\/\/gorica.info\/wp-content\/uploads\/2024\/08\/mladunci-veliki-dlakavi-pasanci-300x224.jpg 300w, https:\/\/gorica.info\/wp-content\/uploads\/2024\/08\/mladunci-veliki-dlakavi-pasanci-768x574.jpg 768w, https:\/\/gorica.info\/wp-content\/uploads\/2024\/08\/mladunci-veliki-dlakavi-pasanci-16x12.jpg 16w, https:\/\/gorica.info\/wp-content\/uploads\/2024\/08\/mladunci-veliki-dlakavi-pasanci-750x561.jpg 750w, https:\/\/gorica.info\/wp-content\/uploads\/2024\/08\/mladunci-veliki-dlakavi-pasanci.jpg 1070w\" sizes=\"(max-width: 1024px) 100vw, 1024px\" \/><figcaption class=\"wp-element-caption\">Foto: Promo \/ Zoolo\u0161ki vrt<\/figcaption><\/figure>\n\n\n\n<p class=\"has-medium-font-size\">Njihove neskrivene <strong>me\u0111usobne simpatije<\/strong> djelatnicima Zoolo\u0161kog vrta Grada Zagreba koji se o njima brinu, ulijevale su nadu da bi predivan latino par mogao dobiti <strong>potomstvo.<\/strong> Njihove su se \u017eelje i ostvarile.<\/p>\n\n\n\n<blockquote class=\"wp-block-quote is-layout-flow wp-block-quote-is-layout-flow\">\n<p class=\"has-medium-font-size\">Prvi veliki dlakavi pasanci koji su na svijet do\u0161li u Zoolo\u0161kom vrtu Grada Zagreba, oko\u0107eni su <strong>10. srpnja<\/strong>.<\/p>\n<\/blockquote>\n\n\n\n<p class=\"has-medium-font-size\">&#8211; Rije\u010d je o dva mu\u017ejaka. Nazvali smo ih Pedro i Diego.&nbsp;Mama se o njima lijepo brine i oni se uredno razvijaju. Plo\u010de koje su dio njihova oklopa, a po kojima su pasanci prepoznatljivi, jo\u0161 su meke i nje\u017ene. Kako \u0107e pasanci rasti, tako \u0107e te plo\u010de postajati sve \u010dvr\u0161\u0107e. Mladunci se trenuta\u010dno isklju\u010divo hrane maj\u010dinim mlijekom. Krutu hranu ku\u0161aju tek s dva mjeseca<em> &#8211;<\/em> kazala je <strong>Dijana Beneta<\/strong>, kuratorica za sisavce u Zoolo\u0161kom vrtu Grada Zagreba.<\/p>\n\n\n\n<figure class=\"wp-block-image size-large\"><img decoding=\"async\" width=\"1024\" height=\"766\" src=\"https:\/\/gorica.info\/wp-content\/uploads\/2024\/08\/Mladunci-velikog-dlakavog-pasanca2-1024x766.jpg\" alt=\"pasanci\" class=\"wp-image-74561\" srcset=\"https:\/\/gorica.info\/wp-content\/uploads\/2024\/08\/Mladunci-velikog-dlakavog-pasanca2-1024x766.jpg 1024w, https:\/\/gorica.info\/wp-content\/uploads\/2024\/08\/Mladunci-velikog-dlakavog-pasanca2-300x224.jpg 300w, https:\/\/gorica.info\/wp-content\/uploads\/2024\/08\/Mladunci-velikog-dlakavog-pasanca2-768x574.jpg 768w, https:\/\/gorica.info\/wp-content\/uploads\/2024\/08\/Mladunci-velikog-dlakavog-pasanca2-16x12.jpg 16w, https:\/\/gorica.info\/wp-content\/uploads\/2024\/08\/Mladunci-velikog-dlakavog-pasanca2-750x561.jpg 750w, https:\/\/gorica.info\/wp-content\/uploads\/2024\/08\/Mladunci-velikog-dlakavog-pasanca2.jpg 1070w\" sizes=\"(max-width: 1024px) 100vw, 1024px\" \/><figcaption class=\"wp-element-caption\">Foto: Promo \/ Zoolo\u0161ki vrt<\/figcaption><\/figure>\n\n\n\n<p class=\"has-medium-font-size\">\u017denka velikog dlakavog pasanca gravidna je izme\u0111u 60 i 75 dana, a za okot si sama izra\u0111uje gnijezdo. Na svijet naj\u010de\u0161\u0107e donosi dva potomka. Svaki te\u017ei oko 100 grama.<\/p>\n\n\n\n<p class=\"has-medium-font-size\">U prirodi veliki dlakavi pasanci \u017eive u<strong> suhim \u0161ikarama<\/strong>, polupustinjama i pustinjama <strong>Ju\u017ene Amerik<\/strong>e. No\u0107ne su \u017eivotinje &#8211; aktivne od sumraka do zore. Za za\u0161titu koriste jednostavne rupe u zemlji, a za spavanje, odmaranje i podizanje mladunaca slo\u017eene jazbine. Hrane se beskralje\u0161njacima, malim kralje\u0161njacima i vo\u0107em, a u zoolo\u0161kim vrtovima jelovnik im se dopunjava mljevenim mesom, povr\u0107em, medom i zobenim pahuljicama. Pasanci su u divljini plijen pticama i zvijerima.<\/p>\n\n\n\n<blockquote class=\"wp-block-quote is-layout-flow wp-block-quote-is-layout-flow\">\n<p class=\"has-medium-font-size\">Veliki dlakavi pasanci na ve\u0107em dijelu le\u0111a imaju <a href=\"https:\/\/hr.wikipedia.org\/wiki\/Armadili\">za\u0161titni oklop<\/a> sastavljen od plo\u010da okru\u017eenih elasti\u010dnom ko\u017eom. Trbu\u0161na strana tijela im je pokrivena mekom ko\u017eom sme\u0111e ili ru\u017ei\u010daste boje. Dlaka im je sivkasto sme\u0111a do bijela.<\/p>\n<\/blockquote>\n\n\n\n<p class=\"has-medium-font-size\">Veliki dlakavi pasanci nastambu u Zoolo\u0161kom vrtu Grada Zagreba imaju u no\u0107nom dijelu<strong> Tropske ku\u0107e<\/strong>. Posjetitelji koji \u017eele vidjeti mladun\u010dad, ne smiju ih ometati i trebaju biti strpljivi. Naime, mali\u0161ani su tek po\u010deli izlaziti iz jazbine u kojoj su se okotili, isti\u010du iz <a href=\"https:\/\/gorica.info\/en\/svratite-s-klincima-do-zooloskog-vrta-doznajte-sve-o-ocuvanju-zavicajnih-vrsta-biljaka-i-zivotinja\/\">Zoolo\u0161kog vrta<\/a>.<\/p>","protected":false},"excerpt":{"rendered":"<p>U zagreba\u010dkom Zoolo\u0161kom vrtu oko\u0107ena su dva velika dlakava pasanca. Veliki dlakavi pasanci Mateo i Milagros postali su roditelji, objavili su iz Zoolo\u0161kog vrta. \u0160estogodi\u0161nji Mateo, koji je u Zagreb stigao iz nizozemskog Leeuwardena, i Milagros, ro\u0111ena prije godinu i pol u njema\u010dkom Rostocku, sjajno se sla\u017eu od prvog dana zajedni\u010dkog \u017eivota. Njihove neskrivene me\u0111usobne [&hellip;]<\/p>\n","protected":false},"author":24,"featured_media":74561,"comment_status":"closed","ping_status":"closed","sticky":false,"template":"","format":"standard","meta":{"limit_modified_date":"","last_modified_date":"","jnews-multi-image_gallery":[],"jnews_single_post":{"subtitle":"","format":"standard","video":"","gallery":"","source_name":"","source_url":"","via_name":"","via_url":"","override_template":"0","override":[{"template":"3","single_blog_custom":"","parallax":"1","fullscreen":"1","layout":"right-sidebar","sidebar":"default-sidebar","second_sidebar":"default-sidebar","sticky_sidebar":"1","share_position":"top","share_float_style":"share-monocrhome","show_share_counter":"0","show_view_counter":"0","show_featured":"1","show_post_meta":"1","show_post_author":"1","show_post_author_image":"1","show_post_date":"1","post_date_format":"default","post_date_format_custom":"Y\/m\/d","show_post_category":"1","show_post_reading_time":"1","post_reading_time_wpm":"300","post_calculate_word_method":"str_word_count","show_zoom_button":"0","zoom_button_out_step":"2","zoom_button_in_step":"3","show_post_tag":"1","show_prev_next_post":"0","show_popup_post":"1","number_popup_post":"1","show_author_box":"0","show_post_related":"1","show_inline_post_related":"0"}],"override_image_size":"0","image_override":[{"single_post_thumbnail_size":"crop-500","single_post_gallery_size":"crop-500"}],"trending_post":"0","trending_post_position":"meta","trending_post_label":"Trending","sponsored_post":"0","sponsored_post_label":"Sponsored by","sponsored_post_name":"","sponsored_post_url":"","sponsored_post_logo_enable":"0","sponsored_post_logo":"","sponsored_post_desc":"","disable_ad":"0"},"jnews_primary_category":{"id":"","hide":""},"jnews_override_counter":{"override_view_counter":"0","view_counter_number":"0","override_share_counter":"0","share_counter_number":"0","override_like_counter":"0","like_counter_number":"0","override_dislike_counter":"0","dislike_counter_number":"0"},"footnotes":""},"categories":[107],"tags":[13706,13707,13705,13703,13701,288,13704,3892],"class_list":["post-74558","post","type-post","status-publish","format-standard","has-post-thumbnail","hentry","category-zagreb","tag-dijana-beneta","tag-nocne-zivotinje","tag-potomstvo","tag-prinove","tag-veliki-dlakavi-pasanci","tag-zagreb","tag-zastitni-oklop","tag-zooloski-vrt"],"yoast_head":"<!-- This site is optimized with the Yoast SEO Premium plugin v27.5 (Yoast SEO v27.5) - https:\/\/yoast.com\/product\/yoast-seo-premium-wordpress\/ -->\n<title>U zagreba\u010dkom ZOO-u prvi put na svijet do\u0161li veliki dlakavi pasanci - Gorica Info<\/title>\n<meta name=\"description\" content=\"U zagreba\u010dkom ZOO-u prvi put na svijet do\u0161li veliki dlakavi pasanci i to dva mu\u0161ka maldunca, javili su iz Zoolo\u0161kog vrta.\" \/>\n<meta name=\"robots\" content=\"index, follow, max-snippet:-1, max-image-preview:large, max-video-preview:-1\" \/>\n<link rel=\"canonical\" href=\"https:\/\/gorica.info\/en\/u-zagrebackom-zoo-u-prvi-put-na-svijet-dosli-veliki-dlakavi-pasanci\/\" \/>\n<meta property=\"og:locale\" content=\"en_US\" \/>\n<meta property=\"og:type\" content=\"article\" \/>\n<meta property=\"og:title\" content=\"U zagreba\u010dkom ZOO-u prvi put na svijet do\u0161li veliki dlakavi pasanci\" \/>\n<meta property=\"og:description\" content=\"U zagreba\u010dkom ZOO-u prvi put na svijet do\u0161li veliki dlakavi pasanci i to dva mu\u0161ka maldunca, javili su iz Zoolo\u0161kog vrta.\" \/>\n<meta property=\"og:url\" content=\"https:\/\/gorica.info\/en\/u-zagrebackom-zoo-u-prvi-put-na-svijet-dosli-veliki-dlakavi-pasanci\/\" \/>\n<meta property=\"og:site_name\" content=\"Gorica Info\" \/>\n<meta property=\"article:publisher\" content=\"https:\/\/www.facebook.com\/Goricainfo-106005144489262\" \/>\n<meta property=\"article:published_time\" content=\"2024-08-02T15:01:20+00:00\" \/>\n<meta property=\"article:modified_time\" content=\"2024-08-03T12:03:40+00:00\" \/>\n<meta property=\"og:image\" content=\"https:\/\/gorica.info\/wp-content\/uploads\/2024\/08\/Mladunci-velikog-dlakavog-pasanca2.jpg\" \/>\n\t<meta property=\"og:image:width\" content=\"1070\" \/>\n\t<meta property=\"og:image:height\" content=\"800\" \/>\n\t<meta property=\"og:image:type\" content=\"image\/jpeg\" \/>\n<meta name=\"author\" content=\"Marija Stip\u010di\u0107\" \/>\n<meta name=\"twitter:card\" content=\"summary_large_image\" \/>\n<meta name=\"twitter:creator\" content=\"@GoricaInfo\" \/>\n<meta name=\"twitter:site\" content=\"@GoricaInfo\" \/>\n<meta name=\"twitter:label1\" content=\"Written by\" \/>\n\t<meta name=\"twitter:data1\" content=\"Marija Stip\u010di\u0107\" \/>\n\t<meta name=\"twitter:label2\" content=\"Est. reading time\" \/>\n\t<meta name=\"twitter:data2\" content=\"3 minutes\" \/>\n<meta name=\"geo.placename\" content=\"Velika Gorica\" \/>\n<meta name=\"geo.region\" content=\"Croatia\" \/>\n<!-- \/ Yoast SEO Premium plugin. -->","yoast_head_json":{"title":"U zagreba\u010dkom ZOO-u prvi put na svijet do\u0161li veliki dlakavi pasanci - Gorica Info","description":"U zagreba\u010dkom ZOO-u prvi put na svijet do\u0161li veliki dlakavi pasanci i to dva mu\u0161ka maldunca, javili su iz Zoolo\u0161kog vrta.","robots":{"index":"index","follow":"follow","max-snippet":"max-snippet:-1","max-image-preview":"max-image-preview:large","max-video-preview":"max-video-preview:-1"},"canonical":"https:\/\/gorica.info\/en\/u-zagrebackom-zoo-u-prvi-put-na-svijet-dosli-veliki-dlakavi-pasanci\/","og_locale":"en_US","og_type":"article","og_title":"U zagreba\u010dkom ZOO-u prvi put na svijet do\u0161li veliki dlakavi pasanci","og_description":"U zagreba\u010dkom ZOO-u prvi put na svijet do\u0161li veliki dlakavi pasanci i to dva mu\u0161ka maldunca, javili su iz Zoolo\u0161kog vrta.","og_url":"https:\/\/gorica.info\/en\/u-zagrebackom-zoo-u-prvi-put-na-svijet-dosli-veliki-dlakavi-pasanci\/","og_site_name":"Gorica Info","article_publisher":"https:\/\/www.facebook.com\/Goricainfo-106005144489262","article_published_time":"2024-08-02T15:01:20+00:00","article_modified_time":"2024-08-03T12:03:40+00:00","og_image":[{"width":1070,"height":800,"url":"https:\/\/gorica.info\/wp-content\/uploads\/2024\/08\/Mladunci-velikog-dlakavog-pasanca2.jpg","type":"image\/jpeg"}],"author":"Marija Stip\u010di\u0107","twitter_card":"summary_large_image","twitter_creator":"@GoricaInfo","twitter_site":"@GoricaInfo","twitter_misc":{"Written by":"Marija Stip\u010di\u0107","Est. reading time":"3 minutes"},"schema":{"@context":"https:\/\/schema.org","@graph":[{"@type":"NewsArticle","@id":"https:\/\/gorica.info\/u-zagrebackom-zoo-u-prvi-put-na-svijet-dosli-veliki-dlakavi-pasanci\/#article","isPartOf":{"@id":"https:\/\/gorica.info\/u-zagrebackom-zoo-u-prvi-put-na-svijet-dosli-veliki-dlakavi-pasanci\/"},"author":{"name":"Marija Stip\u010di\u0107","@id":"https:\/\/gorica.info\/#\/schema\/person\/9333bbb1dc58fe60ed05834f4e88dc63"},"headline":"U zagreba\u010dkom ZOO-u prvi put na svijet do\u0161li veliki dlakavi pasanci","datePublished":"2024-08-02T15:01:20+00:00","dateModified":"2024-08-03T12:03:40+00:00","mainEntityOfPage":{"@id":"https:\/\/gorica.info\/u-zagrebackom-zoo-u-prvi-put-na-svijet-dosli-veliki-dlakavi-pasanci\/"},"wordCount":436,"publisher":{"@id":"https:\/\/gorica.info\/#organization"},"image":{"@id":"https:\/\/gorica.info\/u-zagrebackom-zoo-u-prvi-put-na-svijet-dosli-veliki-dlakavi-pasanci\/#primaryimage"},"thumbnailUrl":"https:\/\/gorica.info\/wp-content\/uploads\/2024\/08\/Mladunci-velikog-dlakavog-pasanca2.jpg","keywords":["dijana beneta","no\u0107ne \u017eivotinje","potomstvo","prinove","veliki dlakavi pasanci","Zagreb","za\u0161titni oklop","zoolo\u0161ki vrt"],"articleSection":["ZAGREB"],"inLanguage":"en-US","copyrightYear":"2024","copyrightHolder":{"@id":"https:\/\/gorica.info\/en\/#organization"}},{"@type":"WebPage","@id":"https:\/\/gorica.info\/u-zagrebackom-zoo-u-prvi-put-na-svijet-dosli-veliki-dlakavi-pasanci\/","url":"https:\/\/gorica.info\/u-zagrebackom-zoo-u-prvi-put-na-svijet-dosli-veliki-dlakavi-pasanci\/","name":"U zagreba\u010dkom ZOO-u prvi put na svijet do\u0161li veliki dlakavi pasanci - Gorica Info","isPartOf":{"@id":"https:\/\/gorica.info\/#website"},"primaryImageOfPage":{"@id":"https:\/\/gorica.info\/u-zagrebackom-zoo-u-prvi-put-na-svijet-dosli-veliki-dlakavi-pasanci\/#primaryimage"},"image":{"@id":"https:\/\/gorica.info\/u-zagrebackom-zoo-u-prvi-put-na-svijet-dosli-veliki-dlakavi-pasanci\/#primaryimage"},"thumbnailUrl":"https:\/\/gorica.info\/wp-content\/uploads\/2024\/08\/Mladunci-velikog-dlakavog-pasanca2.jpg","datePublished":"2024-08-02T15:01:20+00:00","dateModified":"2024-08-03T12:03:40+00:00","description":"U zagreba\u010dkom ZOO-u prvi put na svijet do\u0161li veliki dlakavi pasanci i to dva mu\u0161ka maldunca, javili su iz Zoolo\u0161kog vrta.","breadcrumb":{"@id":"https:\/\/gorica.info\/u-zagrebackom-zoo-u-prvi-put-na-svijet-dosli-veliki-dlakavi-pasanci\/#breadcrumb"},"inLanguage":"en-US","potentialAction":[{"@type":"ReadAction","target":["https:\/\/gorica.info\/u-zagrebackom-zoo-u-prvi-put-na-svijet-dosli-veliki-dlakavi-pasanci\/"]}]},{"@type":"ImageObject","inLanguage":"en-US","@id":"https:\/\/gorica.info\/u-zagrebackom-zoo-u-prvi-put-na-svijet-dosli-veliki-dlakavi-pasanci\/#primaryimage","url":"https:\/\/gorica.info\/wp-content\/uploads\/2024\/08\/Mladunci-velikog-dlakavog-pasanca2.jpg","contentUrl":"https:\/\/gorica.info\/wp-content\/uploads\/2024\/08\/Mladunci-velikog-dlakavog-pasanca2.jpg","width":1070,"height":800,"caption":"Foto: Promo \/ Zoolo\u0161ki vrt"},{"@type":"BreadcrumbList","@id":"https:\/\/gorica.info\/u-zagrebackom-zoo-u-prvi-put-na-svijet-dosli-veliki-dlakavi-pasanci\/#breadcrumb","itemListElement":[{"@type":"ListItem","position":1,"name":"Po\u010detna stranica","item":"https:\/\/gorica.info\/"},{"@type":"ListItem","position":2,"name":"U zagreba\u010dkom ZOO-u prvi put na svijet do\u0161li veliki dlakavi pasanci"}]},{"@type":"WebSite","@id":"https:\/\/gorica.info\/#website","url":"https:\/\/gorica.info\/","name":"Gorica Info","description":"Vijesti iz Velike Gorice i okolice.","publisher":{"@id":"https:\/\/gorica.info\/#organization"},"potentialAction":[{"@type":"SearchAction","target":{"@type":"EntryPoint","urlTemplate":"https:\/\/gorica.info\/?s={search_term_string}"},"query-input":{"@type":"PropertyValueSpecification","valueRequired":true,"valueName":"search_term_string"}}],"inLanguage":"en-US"},{"@type":["Organization","Place","NewsMediaOrganization"],"@id":"https:\/\/gorica.info\/#organization","name":"Gorica Info","url":"https:\/\/gorica.info\/","logo":{"@id":"https:\/\/gorica.info\/u-zagrebackom-zoo-u-prvi-put-na-svijet-dosli-veliki-dlakavi-pasanci\/#local-main-organization-logo"},"image":{"@id":"https:\/\/gorica.info\/u-zagrebackom-zoo-u-prvi-put-na-svijet-dosli-veliki-dlakavi-pasanci\/#local-main-organization-logo"},"sameAs":["https:\/\/www.facebook.com\/Goricainfo-106005144489262","https:\/\/x.com\/GoricaInfo","https:\/\/www.instagram.com\/gorica.info\/"],"address":{"@id":"https:\/\/gorica.info\/u-zagrebackom-zoo-u-prvi-put-na-svijet-dosli-veliki-dlakavi-pasanci\/#local-main-place-address"},"telephone":[],"openingHoursSpecification":[{"@type":"OpeningHoursSpecification","dayOfWeek":["Monday","Tuesday","Wednesday","Thursday","Friday","Saturday","Sunday"],"opens":"09:00","closes":"17:00"}],"email":"redakcija@gorica.info"},{"@type":"Person","@id":"https:\/\/gorica.info\/#\/schema\/person\/9333bbb1dc58fe60ed05834f4e88dc63","name":"Marija Stip\u010di\u0107","description":"Marija Stip\u010di\u0107 novinarske vje\u0161tine brusila je na portalu Gorica.info. Redovito pi\u0161e za rubrike Info, Gorica, \u017divot, Danas kuham.","url":"https:\/\/gorica.info\/en\/author\/marija-stipcic\/"},{"@type":"PostalAddress","@id":"https:\/\/gorica.info\/u-zagrebackom-zoo-u-prvi-put-na-svijet-dosli-veliki-dlakavi-pasanci\/#local-main-place-address","streetAddress":"Horvatova 97","addressLocality":"Velika Gorica","postalCode":"10410","addressRegion":"Croatia","addressCountry":"HR"},{"@type":"ImageObject","inLanguage":"en-US","@id":"https:\/\/gorica.info\/u-zagrebackom-zoo-u-prvi-put-na-svijet-dosli-veliki-dlakavi-pasanci\/#local-main-organization-logo","url":"https:\/\/gorica.info\/wp-content\/uploads\/2024\/07\/Gorica-Info-Logo-mali.png","contentUrl":"https:\/\/gorica.info\/wp-content\/uploads\/2024\/07\/Gorica-Info-Logo-mali.png","width":450,"height":85,"caption":"Gorica Info"}]},"geo.placename":"Velika Gorica","geo.region":"Croatia"},"_links":{"self":[{"href":"https:\/\/gorica.info\/en\/wp-json\/wp\/v2\/posts\/74558","targetHints":{"allow":["GET"]}}],"collection":[{"href":"https:\/\/gorica.info\/en\/wp-json\/wp\/v2\/posts"}],"about":[{"href":"https:\/\/gorica.info\/en\/wp-json\/wp\/v2\/types\/post"}],"author":[{"embeddable":true,"href":"https:\/\/gorica.info\/en\/wp-json\/wp\/v2\/users\/24"}],"replies":[{"embeddable":true,"href":"https:\/\/gorica.info\/en\/wp-json\/wp\/v2\/comments?post=74558"}],"version-history":[{"count":4,"href":"https:\/\/gorica.info\/en\/wp-json\/wp\/v2\/posts\/74558\/revisions"}],"predecessor-version":[{"id":74565,"href":"https:\/\/gorica.info\/en\/wp-json\/wp\/v2\/posts\/74558\/revisions\/74565"}],"wp:featuredmedia":[{"embeddable":true,"href":"https:\/\/gorica.info\/en\/wp-json\/wp\/v2\/media\/74561"}],"wp:attachment":[{"href":"https:\/\/gorica.info\/en\/wp-json\/wp\/v2\/media?parent=74558"}],"wp:term":[{"taxonomy":"category","embeddable":true,"href":"https:\/\/gorica.info\/en\/wp-json\/wp\/v2\/categories?post=74558"},{"taxonomy":"post_tag","embeddable":true,"href":"https:\/\/gorica.info\/en\/wp-json\/wp\/v2\/tags?post=74558"}],"curies":[{"name":"wp","href":"https:\/\/api.w.org\/{rel}","templated":true}]}}