{"id":74587,"date":"2024-08-03T15:51:00","date_gmt":"2024-08-03T13:51:00","guid":{"rendered":"https:\/\/gorica.info\/?p=74587"},"modified":"2024-08-03T16:52:46","modified_gmt":"2024-08-03T14:52:46","slug":"helikopterom-hrz-a-prevezeno-srce-iz-osijeka-u-zagreb","status":"publish","type":"post","link":"https:\/\/gorica.info\/en\/helikopterom-hrz-a-prevezeno-srce-iz-osijeka-u-zagreb\/","title":{"rendered":"Spa\u0161avanje \u017eivota: Helikopterom HRZ-a prevezeno srce iz Osijeka u Zagreb"},"content":{"rendered":"<p class=\"has-medium-font-size\"><strong>Piloti vojnih helikoptera <\/strong>\u010desto sudjeluju u spa\u0161avanjima \u017eivota na\u0161ih gra\u0111ana. O jednoj takvoj akciji izvijestilo je u subotu Ministarstvo obrane. <strong>Posada helikoptera <\/strong>Hrvatskog ratnog zrakoplovstva prevezla je<strong> srce <\/strong>na relaciji Zagreb &#8211; Osijek &#8211; Zagreb<\/p>\n\n\n\n<p class=\"has-medium-font-size\">Helikopterom Mi-171 Sh 194. eskadrile vi\u0161enamjenskih helikoptera 91. krila Hrvatskog ratnog zrakoplovstva u subotu je izvr\u0161en hitni zra\u010dni medicinski prijevoz transplantacijskog tima od \u010detiri \u010dlana i transplantacijskog organa (srce) na relaciji Zagreb \u2013 Osijek \u2013 Zagreb.<\/p>\n\n\n\n<p class=\"has-medium-font-size\">Tri \u010dlana tima pripadnici su Hrvatskog ratnog zrakoplovstva, objavili su iz <a href=\"https:\/\/www.morh.hr\/helikopterom-mi-171-sh-po-srce-u-osijek\/\">MORH-a<\/a>.<\/p>\n\n\n\n<figure class=\"wp-block-image size-full\"><img fetchpriority=\"high\" decoding=\"async\" width=\"870\" height=\"600\" src=\"https:\/\/gorica.info\/wp-content\/uploads\/2024\/08\/helikopter-srce-foto-f-klen-morh.jpg\" alt=\"srce\" class=\"wp-image-74588\" srcset=\"https:\/\/gorica.info\/wp-content\/uploads\/2024\/08\/helikopter-srce-foto-f-klen-morh.jpg 870w, https:\/\/gorica.info\/wp-content\/uploads\/2024\/08\/helikopter-srce-foto-f-klen-morh-300x207.jpg 300w, https:\/\/gorica.info\/wp-content\/uploads\/2024\/08\/helikopter-srce-foto-f-klen-morh-768x530.jpg 768w, https:\/\/gorica.info\/wp-content\/uploads\/2024\/08\/helikopter-srce-foto-f-klen-morh-18x12.jpg 18w, https:\/\/gorica.info\/wp-content\/uploads\/2024\/08\/helikopter-srce-foto-f-klen-morh-750x517.jpg 750w\" sizes=\"(max-width: 870px) 100vw, 870px\" \/><figcaption class=\"wp-element-caption\">Foto: F. Klen \/ MORH<\/figcaption><\/figure>\n\n\n\n<p class=\"has-medium-font-size\">Naime, na poziv transplantacijskog koordinatora Ministarstva zdravstva, posada helikoptera Hrvatskog ratnog zrakoplovstva obavila je prijevoz <strong>transplantacijskog tima<\/strong> s polijetanjem u ranim jutarnjim satima iz vojarne Lu\u010dko s kirur\u0161kom opremom na helidrom kod KBC-a Osijek.<\/p>\n\n\n\n<p class=\"has-medium-font-size\">Nakon uspje\u0161ne medicinske operacije, odnosno eksplantacije transplantacijskog organa, transplantacijski tim je zajedno sa srcem za transplantaciju, poletio s helidroma u Osijeku nakon \u010dega je prevezen u KB Dubrava.<\/p>\n\n\n\n<p class=\"has-medium-font-size\">Pilot helikoptera Mi-171 Sh koji je prevezao transplantacijski organ, rekao je kako posebno cijeni zada\u0107e s na\u0161im medicinskim timovima.<\/p>\n\n\n\n<p class=\"has-medium-font-size\">&#8211; Ovim putem zahvalio bih im se \u0161to su stalno tu za nas. Svaka prilika sudjelovanja u jednoj takvoj plemenitoj zada\u0107i uporno me podsje\u0107a na va\u017enost i neprocjenjivost ljudskog \u017eivota, a nadam se da podsje\u0107a i na\u0161e gra\u0111ane da je i HRZ uvijek tu za njih &#8211; rekao je pilot helikoptera Mi-171 Sh.<\/p>\n\n\n\n<p class=\"has-medium-font-size\">Na kraju, pilot <a href=\"https:\/\/gorica.info\/en\/vojni-piloti-spasavali-zivot-djevojcici-iz-dubrovnika-helikopterima-je-prebacili-do-plesa\/\">Hrvatskog ratnog zrakoplovstva<\/a> poru\u010duje kako su sve njihove zada\u0107e za njih od posebne va\u017enosti i uvijek ih veseli njihov uspje\u0161an zavr\u0161etak.<\/p>","protected":false},"excerpt":{"rendered":"<p>Piloti vojnih helikoptera \u010desto sudjeluju u spa\u0161avanjima \u017eivota na\u0161ih gra\u0111ana. O jednoj takvoj akciji izvijestilo je u subotu Ministarstvo obrane. Posada helikoptera Hrvatskog ratnog zrakoplovstva prevezla je srce na relaciji Zagreb &#8211; Osijek &#8211; Zagreb Helikopterom Mi-171 Sh 194. eskadrile vi\u0161enamjenskih helikoptera 91. krila Hrvatskog ratnog zrakoplovstva u subotu je izvr\u0161en hitni zra\u010dni medicinski prijevoz [&hellip;]<\/p>\n","protected":false},"author":25,"featured_media":74590,"comment_status":"closed","ping_status":"closed","sticky":false,"template":"","format":"standard","meta":{"limit_modified_date":"","last_modified_date":"","jnews-multi-image_gallery":[],"jnews_single_post":{"subtitle":"","format":"standard","video":"","gallery":"","source_name":"","source_url":"","via_name":"","via_url":"","override_template":"0","override":[{"template":"3","single_blog_custom":"","parallax":"1","fullscreen":"1","layout":"right-sidebar","sidebar":"default-sidebar","second_sidebar":"default-sidebar","sticky_sidebar":"1","share_position":"top","share_float_style":"share-monocrhome","show_share_counter":"0","show_view_counter":"0","show_featured":"1","show_post_meta":"1","show_post_author":"1","show_post_author_image":"1","show_post_date":"1","post_date_format":"default","post_date_format_custom":"Y\/m\/d","show_post_category":"1","show_post_reading_time":"1","post_reading_time_wpm":"300","post_calculate_word_method":"str_word_count","show_zoom_button":"0","zoom_button_out_step":"2","zoom_button_in_step":"3","show_post_tag":"1","show_prev_next_post":"0","show_popup_post":"1","number_popup_post":"1","show_author_box":"0","show_post_related":"1","show_inline_post_related":"0"}],"override_image_size":"0","image_override":[{"single_post_thumbnail_size":"crop-500","single_post_gallery_size":"crop-500"}],"trending_post":"0","trending_post_position":"meta","trending_post_label":"Trending","sponsored_post":"0","sponsored_post_label":"Sponsored by","sponsored_post_name":"","sponsored_post_url":"","sponsored_post_logo_enable":"0","sponsored_post_logo":"","sponsored_post_desc":"","disable_ad":"0"},"jnews_primary_category":{"id":"","hide":""},"jnews_override_counter":{"override_view_counter":"0","view_counter_number":"0","override_share_counter":"0","share_counter_number":"0","override_like_counter":"0","like_counter_number":"0","override_dislike_counter":"0","dislike_counter_number":"0"},"footnotes":""},"categories":[83],"tags":[4834,1190,2608,13712,3990,13714],"class_list":["post-74587","post","type-post","status-publish","format-standard","has-post-thumbnail","hentry","category-drustvo","tag-hrvatsko-ratno-zrakoplovstvo","tag-osijek","tag-piloti","tag-posada-helikoptera","tag-srce","tag-transplantacija"],"yoast_head":"<!-- This site is optimized with the Yoast SEO Premium plugin v27.4 (Yoast SEO v27.4) - https:\/\/yoast.com\/product\/yoast-seo-premium-wordpress\/ -->\n<title>Spa\u0161avanje \u017eivota: Helikopterom HRZ-a prevezeno srce iz Osijeka u Zagreb - Gorica Info<\/title>\n<meta name=\"description\" content=\"Helikopterom Hrvatskog ratnog zrakoplovstva u subotu je prevezeno srce iz Osijeka u Zagreb i tako nekome spa\u0161en \u017eivot.\" \/>\n<meta name=\"robots\" content=\"index, follow, max-snippet:-1, max-image-preview:large, max-video-preview:-1\" \/>\n<link rel=\"canonical\" href=\"https:\/\/gorica.info\/en\/helikopterom-hrz-a-prevezeno-srce-iz-osijeka-u-zagreb\/\" \/>\n<meta property=\"og:locale\" content=\"en_US\" \/>\n<meta property=\"og:type\" content=\"article\" \/>\n<meta property=\"og:title\" content=\"Spa\u0161avanje \u017eivota: Helikopterom HRZ-a prevezeno srce iz Osijeka u Zagreb\" \/>\n<meta property=\"og:description\" content=\"Helikopterom Hrvatskog ratnog zrakoplovstva u subotu je prevezeno srce iz Osijeka u Zagreb i tako nekome spa\u0161en \u017eivot.\" \/>\n<meta property=\"og:url\" content=\"https:\/\/gorica.info\/en\/helikopterom-hrz-a-prevezeno-srce-iz-osijeka-u-zagreb\/\" \/>\n<meta property=\"og:site_name\" content=\"Gorica Info\" \/>\n<meta property=\"article:publisher\" content=\"https:\/\/www.facebook.com\/Goricainfo-106005144489262\" \/>\n<meta property=\"article:published_time\" content=\"2024-08-03T13:51:00+00:00\" \/>\n<meta property=\"article:modified_time\" content=\"2024-08-03T14:52:46+00:00\" \/>\n<meta property=\"og:image\" content=\"https:\/\/gorica.info\/wp-content\/uploads\/2024\/08\/helikopter-akcija-srce-foto-morh.jpg\" \/>\n\t<meta property=\"og:image:width\" content=\"1000\" \/>\n\t<meta property=\"og:image:height\" content=\"665\" \/>\n\t<meta property=\"og:image:type\" content=\"image\/jpeg\" \/>\n<meta name=\"author\" content=\"Marta Horvat\" \/>\n<meta name=\"twitter:card\" content=\"summary_large_image\" \/>\n<meta name=\"twitter:creator\" content=\"@GoricaInfo\" \/>\n<meta name=\"twitter:site\" content=\"@GoricaInfo\" \/>\n<meta name=\"twitter:label1\" content=\"Written by\" \/>\n\t<meta name=\"twitter:data1\" content=\"Marta Horvat\" \/>\n\t<meta name=\"twitter:label2\" content=\"Est. reading time\" \/>\n\t<meta name=\"twitter:data2\" content=\"2 minutes\" \/>\n<meta name=\"geo.placename\" content=\"Velika Gorica\" \/>\n<meta name=\"geo.region\" content=\"Croatia\" \/>\n<!-- \/ Yoast SEO Premium plugin. -->","yoast_head_json":{"title":"Spa\u0161avanje \u017eivota: Helikopterom HRZ-a prevezeno srce iz Osijeka u Zagreb - Gorica Info","description":"Helikopterom Hrvatskog ratnog zrakoplovstva u subotu je prevezeno srce iz Osijeka u Zagreb i tako nekome spa\u0161en \u017eivot.","robots":{"index":"index","follow":"follow","max-snippet":"max-snippet:-1","max-image-preview":"max-image-preview:large","max-video-preview":"max-video-preview:-1"},"canonical":"https:\/\/gorica.info\/en\/helikopterom-hrz-a-prevezeno-srce-iz-osijeka-u-zagreb\/","og_locale":"en_US","og_type":"article","og_title":"Spa\u0161avanje \u017eivota: Helikopterom HRZ-a prevezeno srce iz Osijeka u Zagreb","og_description":"Helikopterom Hrvatskog ratnog zrakoplovstva u subotu je prevezeno srce iz Osijeka u Zagreb i tako nekome spa\u0161en \u017eivot.","og_url":"https:\/\/gorica.info\/en\/helikopterom-hrz-a-prevezeno-srce-iz-osijeka-u-zagreb\/","og_site_name":"Gorica Info","article_publisher":"https:\/\/www.facebook.com\/Goricainfo-106005144489262","article_published_time":"2024-08-03T13:51:00+00:00","article_modified_time":"2024-08-03T14:52:46+00:00","og_image":[{"width":1000,"height":665,"url":"https:\/\/gorica.info\/wp-content\/uploads\/2024\/08\/helikopter-akcija-srce-foto-morh.jpg","type":"image\/jpeg"}],"author":"Marta Horvat","twitter_card":"summary_large_image","twitter_creator":"@GoricaInfo","twitter_site":"@GoricaInfo","twitter_misc":{"Written by":"Marta Horvat","Est. reading time":"2 minutes"},"schema":{"@context":"https:\/\/schema.org","@graph":[{"@type":"NewsArticle","@id":"https:\/\/gorica.info\/helikopterom-hrz-a-prevezeno-srce-iz-osijeka-u-zagreb\/#article","isPartOf":{"@id":"https:\/\/gorica.info\/helikopterom-hrz-a-prevezeno-srce-iz-osijeka-u-zagreb\/"},"author":{"name":"Marta Horvat","@id":"https:\/\/gorica.info\/#\/schema\/person\/b2df2f6fb2a9073c0fa5af2672befd52"},"headline":"Spa\u0161avanje \u017eivota: Helikopterom HRZ-a prevezeno srce iz Osijeka u Zagreb","datePublished":"2024-08-03T13:51:00+00:00","dateModified":"2024-08-03T14:52:46+00:00","mainEntityOfPage":{"@id":"https:\/\/gorica.info\/helikopterom-hrz-a-prevezeno-srce-iz-osijeka-u-zagreb\/"},"wordCount":274,"publisher":{"@id":"https:\/\/gorica.info\/#organization"},"image":{"@id":"https:\/\/gorica.info\/helikopterom-hrz-a-prevezeno-srce-iz-osijeka-u-zagreb\/#primaryimage"},"thumbnailUrl":"https:\/\/gorica.info\/wp-content\/uploads\/2024\/08\/helikopter-akcija-srce-foto-morh.jpg","keywords":["hrvatsko ratno zrakoplovstvo","osijek","piloti","posada helikoptera","srce","transplantacija"],"articleSection":["DRU\u0160TVO"],"inLanguage":"en-US","copyrightYear":"2024","copyrightHolder":{"@id":"https:\/\/gorica.info\/en\/#organization"}},{"@type":"WebPage","@id":"https:\/\/gorica.info\/helikopterom-hrz-a-prevezeno-srce-iz-osijeka-u-zagreb\/","url":"https:\/\/gorica.info\/helikopterom-hrz-a-prevezeno-srce-iz-osijeka-u-zagreb\/","name":"Spa\u0161avanje \u017eivota: Helikopterom HRZ-a prevezeno srce iz Osijeka u Zagreb - Gorica Info","isPartOf":{"@id":"https:\/\/gorica.info\/#website"},"primaryImageOfPage":{"@id":"https:\/\/gorica.info\/helikopterom-hrz-a-prevezeno-srce-iz-osijeka-u-zagreb\/#primaryimage"},"image":{"@id":"https:\/\/gorica.info\/helikopterom-hrz-a-prevezeno-srce-iz-osijeka-u-zagreb\/#primaryimage"},"thumbnailUrl":"https:\/\/gorica.info\/wp-content\/uploads\/2024\/08\/helikopter-akcija-srce-foto-morh.jpg","datePublished":"2024-08-03T13:51:00+00:00","dateModified":"2024-08-03T14:52:46+00:00","description":"Helikopterom Hrvatskog ratnog zrakoplovstva u subotu je prevezeno srce iz Osijeka u Zagreb i tako nekome spa\u0161en \u017eivot.","breadcrumb":{"@id":"https:\/\/gorica.info\/helikopterom-hrz-a-prevezeno-srce-iz-osijeka-u-zagreb\/#breadcrumb"},"inLanguage":"en-US","potentialAction":[{"@type":"ReadAction","target":["https:\/\/gorica.info\/helikopterom-hrz-a-prevezeno-srce-iz-osijeka-u-zagreb\/"]}]},{"@type":"ImageObject","inLanguage":"en-US","@id":"https:\/\/gorica.info\/helikopterom-hrz-a-prevezeno-srce-iz-osijeka-u-zagreb\/#primaryimage","url":"https:\/\/gorica.info\/wp-content\/uploads\/2024\/08\/helikopter-akcija-srce-foto-morh.jpg","contentUrl":"https:\/\/gorica.info\/wp-content\/uploads\/2024\/08\/helikopter-akcija-srce-foto-morh.jpg","width":1000,"height":665,"caption":"Foto: F. Klen \/ MORH"},{"@type":"BreadcrumbList","@id":"https:\/\/gorica.info\/helikopterom-hrz-a-prevezeno-srce-iz-osijeka-u-zagreb\/#breadcrumb","itemListElement":[{"@type":"ListItem","position":1,"name":"Po\u010detna stranica","item":"https:\/\/gorica.info\/"},{"@type":"ListItem","position":2,"name":"Spa\u0161avanje \u017eivota: Helikopterom HRZ-a prevezeno srce iz Osijeka u Zagreb"}]},{"@type":"WebSite","@id":"https:\/\/gorica.info\/#website","url":"https:\/\/gorica.info\/","name":"Gorica Info","description":"Vijesti iz Velike Gorice i okolice.","publisher":{"@id":"https:\/\/gorica.info\/#organization"},"potentialAction":[{"@type":"SearchAction","target":{"@type":"EntryPoint","urlTemplate":"https:\/\/gorica.info\/?s={search_term_string}"},"query-input":{"@type":"PropertyValueSpecification","valueRequired":true,"valueName":"search_term_string"}}],"inLanguage":"en-US"},{"@type":["Organization","Place","NewsMediaOrganization"],"@id":"https:\/\/gorica.info\/#organization","name":"Gorica Info","url":"https:\/\/gorica.info\/","logo":{"@id":"https:\/\/gorica.info\/helikopterom-hrz-a-prevezeno-srce-iz-osijeka-u-zagreb\/#local-main-organization-logo"},"image":{"@id":"https:\/\/gorica.info\/helikopterom-hrz-a-prevezeno-srce-iz-osijeka-u-zagreb\/#local-main-organization-logo"},"sameAs":["https:\/\/www.facebook.com\/Goricainfo-106005144489262","https:\/\/x.com\/GoricaInfo","https:\/\/www.instagram.com\/gorica.info\/"],"address":{"@id":"https:\/\/gorica.info\/helikopterom-hrz-a-prevezeno-srce-iz-osijeka-u-zagreb\/#local-main-place-address"},"telephone":[],"openingHoursSpecification":[{"@type":"OpeningHoursSpecification","dayOfWeek":["Monday","Tuesday","Wednesday","Thursday","Friday","Saturday","Sunday"],"opens":"09:00","closes":"17:00"}],"email":"redakcija@gorica.info"},{"@type":"Person","@id":"https:\/\/gorica.info\/#\/schema\/person\/b2df2f6fb2a9073c0fa5af2672befd52","name":"Marta Horvat","description":"Marta Horvat je studentica koja redovito pi\u0161e za portal, prati sva gradska doga\u0111anja i u\u017eiva isprobavati nove recept koje dijeli s na\u0161im \u010ditateljima.","url":"https:\/\/gorica.info\/en\/author\/marta-horvat\/"},{"@type":"PostalAddress","@id":"https:\/\/gorica.info\/helikopterom-hrz-a-prevezeno-srce-iz-osijeka-u-zagreb\/#local-main-place-address","streetAddress":"Horvatova 97","addressLocality":"Velika Gorica","postalCode":"10410","addressRegion":"Croatia","addressCountry":"HR"},{"@type":"ImageObject","inLanguage":"en-US","@id":"https:\/\/gorica.info\/helikopterom-hrz-a-prevezeno-srce-iz-osijeka-u-zagreb\/#local-main-organization-logo","url":"https:\/\/gorica.info\/wp-content\/uploads\/2024\/07\/Gorica-Info-Logo-mali.png","contentUrl":"https:\/\/gorica.info\/wp-content\/uploads\/2024\/07\/Gorica-Info-Logo-mali.png","width":450,"height":85,"caption":"Gorica Info"}]},"geo.placename":"Velika Gorica","geo.region":"Croatia"},"_links":{"self":[{"href":"https:\/\/gorica.info\/en\/wp-json\/wp\/v2\/posts\/74587","targetHints":{"allow":["GET"]}}],"collection":[{"href":"https:\/\/gorica.info\/en\/wp-json\/wp\/v2\/posts"}],"about":[{"href":"https:\/\/gorica.info\/en\/wp-json\/wp\/v2\/types\/post"}],"author":[{"embeddable":true,"href":"https:\/\/gorica.info\/en\/wp-json\/wp\/v2\/users\/25"}],"replies":[{"embeddable":true,"href":"https:\/\/gorica.info\/en\/wp-json\/wp\/v2\/comments?post=74587"}],"version-history":[{"count":2,"href":"https:\/\/gorica.info\/en\/wp-json\/wp\/v2\/posts\/74587\/revisions"}],"predecessor-version":[{"id":74591,"href":"https:\/\/gorica.info\/en\/wp-json\/wp\/v2\/posts\/74587\/revisions\/74591"}],"wp:featuredmedia":[{"embeddable":true,"href":"https:\/\/gorica.info\/en\/wp-json\/wp\/v2\/media\/74590"}],"wp:attachment":[{"href":"https:\/\/gorica.info\/en\/wp-json\/wp\/v2\/media?parent=74587"}],"wp:term":[{"taxonomy":"category","embeddable":true,"href":"https:\/\/gorica.info\/en\/wp-json\/wp\/v2\/categories?post=74587"},{"taxonomy":"post_tag","embeddable":true,"href":"https:\/\/gorica.info\/en\/wp-json\/wp\/v2\/tags?post=74587"}],"curies":[{"name":"wp","href":"https:\/\/api.w.org\/{rel}","templated":true}]}}