{"id":75446,"date":"2024-08-29T07:31:00","date_gmt":"2024-08-29T05:31:00","guid":{"rendered":"https:\/\/gorica.info\/?p=75446"},"modified":"2024-08-29T08:08:27","modified_gmt":"2024-08-29T06:08:27","slug":"zet-najavio-do-nedjelje-se-obustavlja-tramvajski-promet-prema-crnomercu","status":"publish","type":"post","link":"https:\/\/gorica.info\/en\/zet-najavio-do-nedjelje-se-obustavlja-tramvajski-promet-prema-crnomercu\/","title":{"rendered":"Do nedjelje se obustavlja tramvajski promet prema \u010crnomercu"},"content":{"rendered":"<p class=\"has-medium-font-size\"><strong>Zbog asfaltiranja Ilice<\/strong>, na dijelu od Selske ceste do \u010crnomerca, <strong>od \u010detvrtka, 29. kolovoza<\/strong>, ujutro do <strong>nedjelje, 1. rujna<\/strong>, tramvajski promet prema \u010crnomercu bit \u0107e obustavljen, javili su iz <a href=\"https:\/\/www.zet.hr\/aktualnosti\/izmjene-u-prometu\/asfaltiranje-ilice-uvjetuje-izmjene-u-prometu-prema-crnomercu\/9481\">ZET-a<\/a>.<\/p>\n\n\n\n<p class=\"has-medium-font-size\"><strong>Tramvajske linije 2, 6 i 11 mijenjaju trase u oba smjera<\/strong>:<\/p>\n\n\n\n<p class=\"has-medium-font-size\">&nbsp;&#8211; linija 2 : Ljubljanica &#8211; Vodnikova &#8211; GIavni kolodvor &#8211; \u017ditnjak;<\/p>\n\n\n\n<p class=\"has-medium-font-size\">&#8211; linija 6 : Zapadni kolodvor &#8211; Juki\u0107eva &#8211; Savska &#8211; Frankopanska &#8211; Trg bana Jela\u010di\u0107a &#8211; Sopot;<\/p>\n\n\n\n<p class=\"has-medium-font-size\">&#8211; linija 11: Zapadni kolodvor &#8211; Ulica Republike Austrije &#8211; Trg bana Jela\u010di\u0107a &#8211; Dubec.<\/p>\n\n\n\n<p class=\"has-medium-font-size\"><strong>Od \u010crnomerca do Zapadnog kolodvora<\/strong> uspostavlja se<strong> izvanredna autobusna linija 621<\/strong>. Polazno stajali\u0161te bit \u0107e na izlaznom peronu terminala \u010crnomerec (kod objekta ZET-a). <\/p>\n\n\n\n<p class=\"has-medium-font-size\">U smjeru Zapadnog kolodvora prometovat \u0107e Prilazom baruna Filipovi\u0107a i Ulicom grada Mainza, a prema \u010crnomercu Ilicom (sukladno privremenoj regulaciji prometa), uz zaustavljanje na tramvajskim stajali\u0161tima.<\/p>\n\n\n\n<p class=\"has-medium-font-size\"><strong>Tramvajsko stajali\u0161te Sveti Duh<\/strong>, u smjeru \u010crnomerca, bit \u0107e izmje\u0161teno 150 metara isto\u010dnije, u zoni raskri\u017eja Ilice i Domobranske ulice.<\/p>\n\n\n\n<p class=\"has-medium-font-size\"><strong>Autobusi no\u0107ne linije 31<\/strong> u no\u0107ima 29.\/30., 30.\/31. 8. i 31.8.\/1.9., u smjeru Savskog mosta obilazit \u0107e zonu radova trasom: \u010crnomerec &#8211; Prilaz baruna Filipovi\u0107a &#8211; Ulica grada Mainza &#8211; Hanu\u0161eva &#8211; Ulica Republike Austrije i dalje redovitom trasom, rekli su iz <a href=\"https:\/\/gorica.info\/en\/na-mjesec-dana-zatvara-se-dio-avenije-veceslava-holjevca-zet-vozi-obilazno\/\">ZET-a<\/a>.<\/p>","protected":false},"excerpt":{"rendered":"<p>Zbog asfaltiranja Ilice, na dijelu od Selske ceste do \u010crnomerca, od \u010detvrtka, 29. kolovoza, ujutro do nedjelje, 1. rujna, tramvajski promet prema \u010crnomercu bit \u0107e obustavljen, javili su iz ZET-a. Tramvajske linije 2, 6 i 11 mijenjaju trase u oba smjera: &nbsp;&#8211; linija 2 : Ljubljanica &#8211; Vodnikova &#8211; GIavni kolodvor &#8211; \u017ditnjak; &#8211; linija [&hellip;]<\/p>\n","protected":false},"author":23,"featured_media":75447,"comment_status":"closed","ping_status":"closed","sticky":false,"template":"","format":"standard","meta":{"limit_modified_date":"","last_modified_date":"","jnews-multi-image_gallery":[],"jnews_single_post":{"subtitle":"","format":"standard","video":"","gallery":"","source_name":"","source_url":"","via_name":"","via_url":"","override_template":"0","override":[{"template":"3","single_blog_custom":"","parallax":"1","fullscreen":"1","layout":"right-sidebar","sidebar":"default-sidebar","second_sidebar":"default-sidebar","sticky_sidebar":"1","share_position":"top","share_float_style":"share-monocrhome","show_share_counter":"0","show_view_counter":"0","show_featured":"1","show_post_meta":"1","show_post_author":"1","show_post_author_image":"1","show_post_date":"1","post_date_format":"default","post_date_format_custom":"Y\/m\/d","show_post_category":"1","show_post_reading_time":"1","post_reading_time_wpm":"300","post_calculate_word_method":"str_word_count","show_zoom_button":"0","zoom_button_out_step":"2","zoom_button_in_step":"3","show_post_tag":"1","show_prev_next_post":"0","show_popup_post":"1","number_popup_post":"1","show_author_box":"0","show_post_related":"1","show_inline_post_related":"0"}],"override_image_size":"0","image_override":[{"single_post_thumbnail_size":"crop-500","single_post_gallery_size":"crop-500"}],"trending_post":"0","trending_post_position":"meta","trending_post_label":"Trending","sponsored_post":"0","sponsored_post_label":"Sponsored by","sponsored_post_name":"","sponsored_post_url":"","sponsored_post_logo_enable":"0","sponsored_post_logo":"","sponsored_post_desc":"","disable_ad":"0"},"jnews_primary_category":{"id":"","hide":""},"jnews_override_counter":{"override_view_counter":"0","view_counter_number":"0","override_share_counter":"0","share_counter_number":"0","override_like_counter":"0","like_counter_number":"0","override_dislike_counter":"0","dislike_counter_number":"0"},"footnotes":""},"categories":[107],"tags":[3035,5990,153,13969,370,288,284],"class_list":["post-75446","post","type-post","status-publish","format-standard","has-post-thumbnail","hentry","category-zagreb","tag-crnomerec","tag-ilica","tag-radovi","tag-selska-cesta-2","tag-tramvaji","tag-zagreb","tag-zet"],"yoast_head":"<!-- This site is optimized with the Yoast SEO Premium plugin v27.4 (Yoast SEO v27.4) - https:\/\/yoast.com\/product\/yoast-seo-premium-wordpress\/ -->\n<title>Do nedjelje se obustavlja tramvajski promet prema \u010crnomercu - Gorica Info<\/title>\n<meta name=\"description\" content=\"ZET najavio: Do nedjelje se obustavlja tramvajski promet prema \u010crnomercu zbog asfaltiranja Ilice od Selske do \u010crnomerca.\" \/>\n<meta name=\"robots\" content=\"index, follow, max-snippet:-1, max-image-preview:large, max-video-preview:-1\" \/>\n<link rel=\"canonical\" href=\"https:\/\/gorica.info\/en\/zet-najavio-do-nedjelje-se-obustavlja-tramvajski-promet-prema-crnomercu\/\" \/>\n<meta property=\"og:locale\" content=\"en_US\" \/>\n<meta property=\"og:type\" content=\"article\" \/>\n<meta property=\"og:title\" content=\"Do nedjelje se obustavlja tramvajski promet prema \u010crnomercu\" \/>\n<meta property=\"og:description\" content=\"ZET najavio: Do nedjelje se obustavlja tramvajski promet prema \u010crnomercu zbog asfaltiranja Ilice od Selske do \u010crnomerca.\" \/>\n<meta property=\"og:url\" content=\"https:\/\/gorica.info\/en\/zet-najavio-do-nedjelje-se-obustavlja-tramvajski-promet-prema-crnomercu\/\" \/>\n<meta property=\"og:site_name\" content=\"Gorica Info\" \/>\n<meta property=\"article:publisher\" content=\"https:\/\/www.facebook.com\/Goricainfo-106005144489262\" \/>\n<meta property=\"article:published_time\" content=\"2024-08-29T05:31:00+00:00\" \/>\n<meta property=\"article:modified_time\" content=\"2024-08-29T06:08:27+00:00\" \/>\n<meta property=\"og:image\" content=\"https:\/\/gorica.info\/wp-content\/uploads\/2024\/08\/tramvaj-linija6-foto-goricainfo.jpg\" \/>\n\t<meta property=\"og:image:width\" content=\"1200\" \/>\n\t<meta property=\"og:image:height\" content=\"647\" \/>\n\t<meta property=\"og:image:type\" content=\"image\/jpeg\" \/>\n<meta name=\"author\" content=\"Gorica. info\" \/>\n<meta name=\"twitter:card\" content=\"summary_large_image\" \/>\n<meta name=\"twitter:creator\" content=\"@GoricaInfo\" \/>\n<meta name=\"twitter:site\" content=\"@GoricaInfo\" \/>\n<meta name=\"twitter:label1\" content=\"Written by\" \/>\n\t<meta name=\"twitter:data1\" content=\"Gorica. info\" \/>\n\t<meta name=\"twitter:label2\" content=\"Est. reading time\" \/>\n\t<meta name=\"twitter:data2\" content=\"2 minutes\" \/>\n<meta name=\"geo.placename\" content=\"Velika Gorica\" \/>\n<meta name=\"geo.region\" content=\"Croatia\" \/>\n<!-- \/ Yoast SEO Premium plugin. -->","yoast_head_json":{"title":"Do nedjelje se obustavlja tramvajski promet prema \u010crnomercu - Gorica Info","description":"ZET najavio: Do nedjelje se obustavlja tramvajski promet prema \u010crnomercu zbog asfaltiranja Ilice od Selske do \u010crnomerca.","robots":{"index":"index","follow":"follow","max-snippet":"max-snippet:-1","max-image-preview":"max-image-preview:large","max-video-preview":"max-video-preview:-1"},"canonical":"https:\/\/gorica.info\/en\/zet-najavio-do-nedjelje-se-obustavlja-tramvajski-promet-prema-crnomercu\/","og_locale":"en_US","og_type":"article","og_title":"Do nedjelje se obustavlja tramvajski promet prema \u010crnomercu","og_description":"ZET najavio: Do nedjelje se obustavlja tramvajski promet prema \u010crnomercu zbog asfaltiranja Ilice od Selske do \u010crnomerca.","og_url":"https:\/\/gorica.info\/en\/zet-najavio-do-nedjelje-se-obustavlja-tramvajski-promet-prema-crnomercu\/","og_site_name":"Gorica Info","article_publisher":"https:\/\/www.facebook.com\/Goricainfo-106005144489262","article_published_time":"2024-08-29T05:31:00+00:00","article_modified_time":"2024-08-29T06:08:27+00:00","og_image":[{"width":1200,"height":647,"url":"https:\/\/gorica.info\/wp-content\/uploads\/2024\/08\/tramvaj-linija6-foto-goricainfo.jpg","type":"image\/jpeg"}],"author":"Gorica. info","twitter_card":"summary_large_image","twitter_creator":"@GoricaInfo","twitter_site":"@GoricaInfo","twitter_misc":{"Written by":"Gorica. info","Est. reading time":"2 minutes"},"schema":{"@context":"https:\/\/schema.org","@graph":[{"@type":"NewsArticle","@id":"https:\/\/gorica.info\/zet-najavio-do-nedjelje-se-obustavlja-tramvajski-promet-prema-crnomercu\/#article","isPartOf":{"@id":"https:\/\/gorica.info\/zet-najavio-do-nedjelje-se-obustavlja-tramvajski-promet-prema-crnomercu\/"},"author":{"name":"Gorica. info","@id":"https:\/\/gorica.info\/#\/schema\/person\/4499af1f22f322670b9b5977ccc2e3de"},"headline":"Do nedjelje se obustavlja tramvajski promet prema \u010crnomercu","datePublished":"2024-08-29T05:31:00+00:00","dateModified":"2024-08-29T06:08:27+00:00","mainEntityOfPage":{"@id":"https:\/\/gorica.info\/zet-najavio-do-nedjelje-se-obustavlja-tramvajski-promet-prema-crnomercu\/"},"wordCount":206,"publisher":{"@id":"https:\/\/gorica.info\/#organization"},"image":{"@id":"https:\/\/gorica.info\/zet-najavio-do-nedjelje-se-obustavlja-tramvajski-promet-prema-crnomercu\/#primaryimage"},"thumbnailUrl":"https:\/\/gorica.info\/wp-content\/uploads\/2024\/08\/tramvaj-linija6-foto-goricainfo.jpg","keywords":["\u010drnomerec","ilica","radovi","selska cesta","tramvaji","Zagreb","ZET"],"articleSection":["ZAGREB"],"inLanguage":"en-US","copyrightYear":"2024","copyrightHolder":{"@id":"https:\/\/gorica.info\/en\/#organization"}},{"@type":"WebPage","@id":"https:\/\/gorica.info\/zet-najavio-do-nedjelje-se-obustavlja-tramvajski-promet-prema-crnomercu\/","url":"https:\/\/gorica.info\/zet-najavio-do-nedjelje-se-obustavlja-tramvajski-promet-prema-crnomercu\/","name":"Do nedjelje se obustavlja tramvajski promet prema \u010crnomercu - Gorica Info","isPartOf":{"@id":"https:\/\/gorica.info\/#website"},"primaryImageOfPage":{"@id":"https:\/\/gorica.info\/zet-najavio-do-nedjelje-se-obustavlja-tramvajski-promet-prema-crnomercu\/#primaryimage"},"image":{"@id":"https:\/\/gorica.info\/zet-najavio-do-nedjelje-se-obustavlja-tramvajski-promet-prema-crnomercu\/#primaryimage"},"thumbnailUrl":"https:\/\/gorica.info\/wp-content\/uploads\/2024\/08\/tramvaj-linija6-foto-goricainfo.jpg","datePublished":"2024-08-29T05:31:00+00:00","dateModified":"2024-08-29T06:08:27+00:00","description":"ZET najavio: Do nedjelje se obustavlja tramvajski promet prema \u010crnomercu zbog asfaltiranja Ilice od Selske do \u010crnomerca.","breadcrumb":{"@id":"https:\/\/gorica.info\/zet-najavio-do-nedjelje-se-obustavlja-tramvajski-promet-prema-crnomercu\/#breadcrumb"},"inLanguage":"en-US","potentialAction":[{"@type":"ReadAction","target":["https:\/\/gorica.info\/zet-najavio-do-nedjelje-se-obustavlja-tramvajski-promet-prema-crnomercu\/"]}]},{"@type":"ImageObject","inLanguage":"en-US","@id":"https:\/\/gorica.info\/zet-najavio-do-nedjelje-se-obustavlja-tramvajski-promet-prema-crnomercu\/#primaryimage","url":"https:\/\/gorica.info\/wp-content\/uploads\/2024\/08\/tramvaj-linija6-foto-goricainfo.jpg","contentUrl":"https:\/\/gorica.info\/wp-content\/uploads\/2024\/08\/tramvaj-linija6-foto-goricainfo.jpg","width":1100,"height":593,"caption":"Arhivska fotografija: Gorica.info"},{"@type":"BreadcrumbList","@id":"https:\/\/gorica.info\/zet-najavio-do-nedjelje-se-obustavlja-tramvajski-promet-prema-crnomercu\/#breadcrumb","itemListElement":[{"@type":"ListItem","position":1,"name":"Po\u010detna stranica","item":"https:\/\/gorica.info\/"},{"@type":"ListItem","position":2,"name":"Do nedjelje se obustavlja tramvajski promet prema \u010crnomercu"}]},{"@type":"WebSite","@id":"https:\/\/gorica.info\/#website","url":"https:\/\/gorica.info\/","name":"Gorica Info","description":"Vijesti iz Velike Gorice i okolice.","publisher":{"@id":"https:\/\/gorica.info\/#organization"},"potentialAction":[{"@type":"SearchAction","target":{"@type":"EntryPoint","urlTemplate":"https:\/\/gorica.info\/?s={search_term_string}"},"query-input":{"@type":"PropertyValueSpecification","valueRequired":true,"valueName":"search_term_string"}}],"inLanguage":"en-US"},{"@type":["Organization","Place","NewsMediaOrganization"],"@id":"https:\/\/gorica.info\/#organization","name":"Gorica Info","url":"https:\/\/gorica.info\/","logo":{"@id":"https:\/\/gorica.info\/zet-najavio-do-nedjelje-se-obustavlja-tramvajski-promet-prema-crnomercu\/#local-main-organization-logo"},"image":{"@id":"https:\/\/gorica.info\/zet-najavio-do-nedjelje-se-obustavlja-tramvajski-promet-prema-crnomercu\/#local-main-organization-logo"},"sameAs":["https:\/\/www.facebook.com\/Goricainfo-106005144489262","https:\/\/x.com\/GoricaInfo","https:\/\/www.instagram.com\/gorica.info\/"],"address":{"@id":"https:\/\/gorica.info\/zet-najavio-do-nedjelje-se-obustavlja-tramvajski-promet-prema-crnomercu\/#local-main-place-address"},"telephone":[],"openingHoursSpecification":[{"@type":"OpeningHoursSpecification","dayOfWeek":["Monday","Tuesday","Wednesday","Thursday","Friday","Saturday","Sunday"],"opens":"09:00","closes":"17:00"}],"email":"redakcija@gorica.info"},{"@type":"Person","@id":"https:\/\/gorica.info\/#\/schema\/person\/4499af1f22f322670b9b5977ccc2e3de","name":"Gorica. info","description":"Gorica.info je lokalni portal koji prati Veliku Goricu i okolici, svakodnevno donosi najnovije vijesti i pri\u010de, kulturna doga\u0111anja i aktualnosti koje oblikuju \u017eivot gra\u0111ana.","url":"https:\/\/gorica.info\/en\/author\/gorica-info\/"},{"@type":"PostalAddress","@id":"https:\/\/gorica.info\/zet-najavio-do-nedjelje-se-obustavlja-tramvajski-promet-prema-crnomercu\/#local-main-place-address","streetAddress":"Horvatova 97","addressLocality":"Velika Gorica","postalCode":"10410","addressRegion":"Croatia","addressCountry":"HR"},{"@type":"ImageObject","inLanguage":"en-US","@id":"https:\/\/gorica.info\/zet-najavio-do-nedjelje-se-obustavlja-tramvajski-promet-prema-crnomercu\/#local-main-organization-logo","url":"https:\/\/gorica.info\/wp-content\/uploads\/2024\/07\/Gorica-Info-Logo-mali.png","contentUrl":"https:\/\/gorica.info\/wp-content\/uploads\/2024\/07\/Gorica-Info-Logo-mali.png","width":450,"height":85,"caption":"Gorica Info"}]},"geo.placename":"Velika Gorica","geo.region":"Croatia"},"_links":{"self":[{"href":"https:\/\/gorica.info\/en\/wp-json\/wp\/v2\/posts\/75446","targetHints":{"allow":["GET"]}}],"collection":[{"href":"https:\/\/gorica.info\/en\/wp-json\/wp\/v2\/posts"}],"about":[{"href":"https:\/\/gorica.info\/en\/wp-json\/wp\/v2\/types\/post"}],"author":[{"embeddable":true,"href":"https:\/\/gorica.info\/en\/wp-json\/wp\/v2\/users\/23"}],"replies":[{"embeddable":true,"href":"https:\/\/gorica.info\/en\/wp-json\/wp\/v2\/comments?post=75446"}],"version-history":[{"count":2,"href":"https:\/\/gorica.info\/en\/wp-json\/wp\/v2\/posts\/75446\/revisions"}],"predecessor-version":[{"id":75449,"href":"https:\/\/gorica.info\/en\/wp-json\/wp\/v2\/posts\/75446\/revisions\/75449"}],"wp:featuredmedia":[{"embeddable":true,"href":"https:\/\/gorica.info\/en\/wp-json\/wp\/v2\/media\/75447"}],"wp:attachment":[{"href":"https:\/\/gorica.info\/en\/wp-json\/wp\/v2\/media?parent=75446"}],"wp:term":[{"taxonomy":"category","embeddable":true,"href":"https:\/\/gorica.info\/en\/wp-json\/wp\/v2\/categories?post=75446"},{"taxonomy":"post_tag","embeddable":true,"href":"https:\/\/gorica.info\/en\/wp-json\/wp\/v2\/tags?post=75446"}],"curies":[{"name":"wp","href":"https:\/\/api.w.org\/{rel}","templated":true}]}}