{"id":75499,"date":"2024-08-30T11:03:00","date_gmt":"2024-08-30T09:03:00","guid":{"rendered":"https:\/\/gorica.info\/?p=75499"},"modified":"2024-08-30T09:46:19","modified_gmt":"2024-08-30T07:46:19","slug":"utakmica-istine-gorica-sibenik","status":"publish","type":"post","link":"https:\/\/gorica.info\/en\/utakmica-istine-gorica-sibenik\/","title":{"rendered":"Utakmica istine: Do\u0111ite podr\u017eati Goricu ve\u010deras protiv \u0160ibenika"},"content":{"rendered":"<p class=\"has-medium-font-size\">Na gori\u010dki Gradski stadion ve\u010deras sti\u017ee<strong> \u0160ibenik<\/strong>. Bit \u0107e to za <strong>HNK Goricu<\/strong> svojevrsna utakmica istine budu\u0107i u prva \u010detiri kola nije osjetila slast pobjede nego je skupila mr\u0161ava dva boda iz dva remija (<strong><a href=\"https:\/\/gorica.info\/en\/gorica-varazdin-0-0\/\">Vara\u017edin<\/a><\/strong> i <strong>Osijek<\/strong>) uz dva poraza (<strong><a href=\"https:\/\/gorica.info\/en\/istra-gorica-2-1-dvojben-penal-za-domace-ali-i-nova-bilijeda-predstava-gostiju\/\">Istra<\/a><\/strong> i <strong>Dinamo<\/strong>).<\/p>\n\n\n\n<p class=\"has-medium-font-size\">Ipak \u010dini se da Gorica mo\u017ee puno vi\u0161e nego to pokazuje trenuta\u010dni bodovni saldo. Nakon prva dva kola i poprili\u010dno neuvjerljivih predstava, tim <strong>Rajka Vidovi\u0107a<\/strong> kao da u posljednje dvije utakmice raste. Stoga je ba\u0161 ova dana\u0161nja utakmica prilika da se gori\u010dki nogometa\u0161i doka\u017eu.<\/p>\n\n\n\n<h2 class=\"wp-block-heading\">\u0160ibenik &#8211; najugodnije iznena\u0111enje po\u010detka sezone<\/h2>\n\n\n\n<p class=\"has-medium-font-size\">\u0160ibenik, me\u0111utim, nije ma\u010dji ka\u0161alj iako je pro\u0161lu sezonu proveo u drugoj ligi. Mom\u010dad je to koja je najugodnije iznena\u0111enje dosada\u0161njeg dijela <strong>HNL-a<\/strong>, mom\u010dad je to koja je pobijedila Osijek i Lokomotivu u gostima, a kod ku\u0107e nadvisila Slaven Belupo. Pora\u017eena je samo od Dinama koji je ove sezone stvarno ekstra klasa za sve ostale \u010dlanove najelitnijeg doma\u0107eg nogometnog razreda. <\/p>\n\n\n\n<p class=\"has-medium-font-size\">\u0160ibenik igra zatvoreno i \u010dvrsto, igra ne pretjerano lijep ni atraktivan nogomet, ali nogomet koji definitivno daje rezultate. Njihov trener <strong>Mario Carevi\u0107<\/strong> \u010dini sve da ne krene euforija zbog tih odli\u010dnih rezultata, budu\u0107i je svjestan da je daleko kraj prvenstva i da se sve mo\u017ee promijeniti za kolo-dva.<\/p>\n\n\n\n<blockquote class=\"wp-block-quote is-layout-flow wp-block-quote-is-layout-flow\">\n<p class=\"has-medium-font-size\">&#8211; Zadovoljan sam kako smo izgledali posljednje dvije utakmice, mislim da smo na dobrom putu, ali trebaju nam tri boda i nadam se tome ve\u0107 u petak &#8211; kazao je trener Gorice Rajko Vidovi\u0107.<\/p>\n<\/blockquote>\n\n\n\n<p class=\"has-medium-font-size\">Utakmice Gorice i \u0160ibenika uvijek su bile zanimljive, pa je pravi trenutak da gori\u010dki ljubitelji nogometa ve\u010deras do\u0111u na Gradski stadion u\u017eivaju u predstavi i podr\u017ee na\u0161u Goricu. Utakmica po\u010dinje u 20 sati. <\/p>\n\n\n\n<h2 class=\"wp-block-heading\">Kako kupiti ulaznice za utakmicu Gorica &#8211; \u0160ibenik?<\/h2>\n\n\n\n<p class=\"has-medium-font-size\">Cijene ulaznica<strong>:<\/strong><br>Sektori A1, B1 &#8211; 10 eura<br>Sektori A2, B2 &#8211; 8 eura<br>Sektori A3, B3 &#8211; 6 eura<\/p>\n\n\n\n<p class=\"has-medium-font-size\">Online prodaja:<br>ulaznice.hr &#8211; klikni\u00a0<a href=\"https:\/\/www.ulaznice.hr\/web\/event\/100\/178\">ovdje.<\/a><\/p>\n\n\n\n<p class=\"has-medium-font-size\">Prodajna mjesta:<br>Fan point Gorica &#8211; radno vrijeme je radnim danom od 14 do 18 sati<br>Blagajna Zapad na stadionu otvara se u 18:30 sati.<\/p>\n\n\n\n<h2 class=\"wp-block-heading\"><\/h2>","protected":false},"excerpt":{"rendered":"<p>Na gori\u010dki Gradski stadion ve\u010deras sti\u017ee \u0160ibenik. Bit \u0107e to za HNK Goricu svojevrsna utakmica istine budu\u0107i u prva \u010detiri kola nije osjetila slast pobjede nego je skupila mr\u0161ava dva boda iz dva remija (Vara\u017edin i Osijek) uz dva poraza (Istra i Dinamo). Ipak \u010dini se da Gorica mo\u017ee puno vi\u0161e nego to pokazuje trenuta\u010dni [&hellip;]<\/p>\n","protected":false},"author":23,"featured_media":37070,"comment_status":"closed","ping_status":"closed","sticky":false,"template":"","format":"standard","meta":{"limit_modified_date":"","last_modified_date":"","jnews-multi-image_gallery":[],"jnews_single_post":{"subtitle":"","format":"standard","video":"","gallery":"","source_name":"","source_url":"","via_name":"","via_url":"","override_template":"0","override":[{"template":"3","single_blog_custom":"","parallax":"1","fullscreen":"1","layout":"right-sidebar","sidebar":"default-sidebar","second_sidebar":"default-sidebar","sticky_sidebar":"1","share_position":"top","share_float_style":"share-monocrhome","show_share_counter":"0","show_view_counter":"0","show_featured":"1","show_post_meta":"1","show_post_author":"1","show_post_author_image":"1","show_post_date":"1","post_date_format":"default","post_date_format_custom":"Y\/m\/d","show_post_category":"1","show_post_reading_time":"1","post_reading_time_wpm":"300","post_calculate_word_method":"str_word_count","show_zoom_button":"0","zoom_button_out_step":"2","zoom_button_in_step":"3","show_post_tag":"1","show_prev_next_post":"0","show_popup_post":"1","number_popup_post":"1","show_author_box":"0","show_post_related":"1","show_inline_post_related":"0"}],"override_image_size":"0","image_override":[{"single_post_thumbnail_size":"crop-500","single_post_gallery_size":"crop-500"}],"trending_post":"0","trending_post_position":"meta","trending_post_label":"Trending","sponsored_post":"0","sponsored_post_label":"Sponsored by","sponsored_post_name":"","sponsored_post_url":"","sponsored_post_logo_enable":"0","sponsored_post_logo":"","sponsored_post_desc":"","disable_ad":"0"},"jnews_primary_category":{"id":"","hide":""},"jnews_override_counter":{"override_view_counter":"0","view_counter_number":"0","override_share_counter":"0","share_counter_number":"0","override_like_counter":"0","like_counter_number":"0","override_dislike_counter":"0","dislike_counter_number":"0"},"footnotes":""},"categories":[101],"tags":[131,13628,13985,3584],"class_list":["post-75499","post","type-post","status-publish","format-standard","has-post-thumbnail","hentry","category-nogomet","tag-hnk-gorica","tag-hnl-2","tag-mario-carevic","tag-rajko-vidovic"],"yoast_head":"<!-- This site is optimized with the Yoast SEO Premium plugin v27.5 (Yoast SEO v27.5) - https:\/\/yoast.com\/product\/yoast-seo-premium-wordpress\/ -->\n<title>Utakmica istine: Do\u0111ite podr\u017eati Goricu ve\u010deras protiv \u0160ibenika - Gorica Info<\/title>\n<meta name=\"description\" content=\"Svojevrsna utakmica istine o\u010dekuje u petak nave\u010der Goricu kojoj u goste dolazi najugodnije iznena\u0111enje ove sezone HNL-a - \u0160ibenk\" \/>\n<meta name=\"robots\" content=\"index, follow, max-snippet:-1, max-image-preview:large, max-video-preview:-1\" \/>\n<link rel=\"canonical\" href=\"https:\/\/gorica.info\/en\/utakmica-istine-gorica-sibenik\/\" \/>\n<meta property=\"og:locale\" content=\"en_US\" \/>\n<meta property=\"og:type\" content=\"article\" \/>\n<meta property=\"og:title\" content=\"Utakmica istine: Do\u0111ite podr\u017eati Goricu ve\u010deras protiv \u0160ibenika\" \/>\n<meta property=\"og:description\" content=\"Svojevrsna utakmica istine o\u010dekuje u petak nave\u010der Goricu kojoj u goste dolazi najugodnije iznena\u0111enje ove sezone HNL-a - \u0160ibenk\" \/>\n<meta property=\"og:url\" content=\"https:\/\/gorica.info\/en\/utakmica-istine-gorica-sibenik\/\" \/>\n<meta property=\"og:site_name\" content=\"Gorica Info\" \/>\n<meta property=\"article:publisher\" content=\"https:\/\/www.facebook.com\/Goricainfo-106005144489262\" \/>\n<meta property=\"article:published_time\" content=\"2024-08-30T09:03:00+00:00\" \/>\n<meta property=\"og:image\" content=\"https:\/\/gorica.info\/wp-content\/uploads\/2022\/10\/navijac.jpg\" \/>\n\t<meta property=\"og:image:width\" content=\"1067\" \/>\n\t<meta property=\"og:image:height\" content=\"800\" \/>\n\t<meta property=\"og:image:type\" content=\"image\/jpeg\" \/>\n<meta name=\"author\" content=\"Gorica. info\" \/>\n<meta name=\"twitter:card\" content=\"summary_large_image\" \/>\n<meta name=\"twitter:creator\" content=\"@GoricaInfo\" \/>\n<meta name=\"twitter:site\" content=\"@GoricaInfo\" \/>\n<meta name=\"twitter:label1\" content=\"Written by\" \/>\n\t<meta name=\"twitter:data1\" content=\"Gorica. info\" \/>\n\t<meta name=\"twitter:label2\" content=\"Est. reading time\" \/>\n\t<meta name=\"twitter:data2\" content=\"2 minutes\" \/>\n<meta name=\"geo.placename\" content=\"Velika Gorica\" \/>\n<meta name=\"geo.region\" content=\"Croatia\" \/>\n<!-- \/ Yoast SEO Premium plugin. -->","yoast_head_json":{"title":"Utakmica istine: Do\u0111ite podr\u017eati Goricu ve\u010deras protiv \u0160ibenika - Gorica Info","description":"Svojevrsna utakmica istine o\u010dekuje u petak nave\u010der Goricu kojoj u goste dolazi najugodnije iznena\u0111enje ove sezone HNL-a - \u0160ibenk","robots":{"index":"index","follow":"follow","max-snippet":"max-snippet:-1","max-image-preview":"max-image-preview:large","max-video-preview":"max-video-preview:-1"},"canonical":"https:\/\/gorica.info\/en\/utakmica-istine-gorica-sibenik\/","og_locale":"en_US","og_type":"article","og_title":"Utakmica istine: Do\u0111ite podr\u017eati Goricu ve\u010deras protiv \u0160ibenika","og_description":"Svojevrsna utakmica istine o\u010dekuje u petak nave\u010der Goricu kojoj u goste dolazi najugodnije iznena\u0111enje ove sezone HNL-a - \u0160ibenk","og_url":"https:\/\/gorica.info\/en\/utakmica-istine-gorica-sibenik\/","og_site_name":"Gorica Info","article_publisher":"https:\/\/www.facebook.com\/Goricainfo-106005144489262","article_published_time":"2024-08-30T09:03:00+00:00","og_image":[{"width":1067,"height":800,"url":"https:\/\/gorica.info\/wp-content\/uploads\/2022\/10\/navijac.jpg","type":"image\/jpeg"}],"author":"Gorica. info","twitter_card":"summary_large_image","twitter_creator":"@GoricaInfo","twitter_site":"@GoricaInfo","twitter_misc":{"Written by":"Gorica. info","Est. reading time":"2 minutes"},"schema":{"@context":"https:\/\/schema.org","@graph":[{"@type":"NewsArticle","@id":"https:\/\/gorica.info\/utakmica-istine-gorica-sibenik\/#article","isPartOf":{"@id":"https:\/\/gorica.info\/utakmica-istine-gorica-sibenik\/"},"author":{"name":"Gorica. info","@id":"https:\/\/gorica.info\/#\/schema\/person\/4499af1f22f322670b9b5977ccc2e3de"},"headline":"Utakmica istine: Do\u0111ite podr\u017eati Goricu ve\u010deras protiv \u0160ibenika","datePublished":"2024-08-30T09:03:00+00:00","mainEntityOfPage":{"@id":"https:\/\/gorica.info\/utakmica-istine-gorica-sibenik\/"},"wordCount":367,"publisher":{"@id":"https:\/\/gorica.info\/#organization"},"image":{"@id":"https:\/\/gorica.info\/utakmica-istine-gorica-sibenik\/#primaryimage"},"thumbnailUrl":"https:\/\/gorica.info\/wp-content\/uploads\/2022\/10\/navijac.jpg","keywords":["HNK Gorica","hnl","mario carevi\u0107","rajko vidovi\u0107"],"articleSection":["NOGOMET"],"inLanguage":"en-US","copyrightYear":"2024","copyrightHolder":{"@id":"https:\/\/gorica.info\/en\/#organization"}},{"@type":"WebPage","@id":"https:\/\/gorica.info\/utakmica-istine-gorica-sibenik\/","url":"https:\/\/gorica.info\/utakmica-istine-gorica-sibenik\/","name":"Utakmica istine: Do\u0111ite podr\u017eati Goricu ve\u010deras protiv \u0160ibenika - Gorica Info","isPartOf":{"@id":"https:\/\/gorica.info\/#website"},"primaryImageOfPage":{"@id":"https:\/\/gorica.info\/utakmica-istine-gorica-sibenik\/#primaryimage"},"image":{"@id":"https:\/\/gorica.info\/utakmica-istine-gorica-sibenik\/#primaryimage"},"thumbnailUrl":"https:\/\/gorica.info\/wp-content\/uploads\/2022\/10\/navijac.jpg","datePublished":"2024-08-30T09:03:00+00:00","description":"Svojevrsna utakmica istine o\u010dekuje u petak nave\u010der Goricu kojoj u goste dolazi najugodnije iznena\u0111enje ove sezone HNL-a - \u0160ibenk","breadcrumb":{"@id":"https:\/\/gorica.info\/utakmica-istine-gorica-sibenik\/#breadcrumb"},"inLanguage":"en-US","potentialAction":[{"@type":"ReadAction","target":["https:\/\/gorica.info\/utakmica-istine-gorica-sibenik\/"]}]},{"@type":"ImageObject","inLanguage":"en-US","@id":"https:\/\/gorica.info\/utakmica-istine-gorica-sibenik\/#primaryimage","url":"https:\/\/gorica.info\/wp-content\/uploads\/2022\/10\/navijac.jpg","contentUrl":"https:\/\/gorica.info\/wp-content\/uploads\/2022\/10\/navijac.jpg","width":1067,"height":800,"caption":"Foto: Gorica.info"},{"@type":"BreadcrumbList","@id":"https:\/\/gorica.info\/utakmica-istine-gorica-sibenik\/#breadcrumb","itemListElement":[{"@type":"ListItem","position":1,"name":"Po\u010detna stranica","item":"https:\/\/gorica.info\/"},{"@type":"ListItem","position":2,"name":"Utakmica istine: Do\u0111ite podr\u017eati Goricu ve\u010deras protiv \u0160ibenika"}]},{"@type":"WebSite","@id":"https:\/\/gorica.info\/#website","url":"https:\/\/gorica.info\/","name":"Gorica Info","description":"Vijesti iz Velike Gorice i okolice.","publisher":{"@id":"https:\/\/gorica.info\/#organization"},"potentialAction":[{"@type":"SearchAction","target":{"@type":"EntryPoint","urlTemplate":"https:\/\/gorica.info\/?s={search_term_string}"},"query-input":{"@type":"PropertyValueSpecification","valueRequired":true,"valueName":"search_term_string"}}],"inLanguage":"en-US"},{"@type":["Organization","Place","NewsMediaOrganization"],"@id":"https:\/\/gorica.info\/#organization","name":"Gorica Info","url":"https:\/\/gorica.info\/","logo":{"@id":"https:\/\/gorica.info\/utakmica-istine-gorica-sibenik\/#local-main-organization-logo"},"image":{"@id":"https:\/\/gorica.info\/utakmica-istine-gorica-sibenik\/#local-main-organization-logo"},"sameAs":["https:\/\/www.facebook.com\/Goricainfo-106005144489262","https:\/\/x.com\/GoricaInfo","https:\/\/www.instagram.com\/gorica.info\/"],"address":{"@id":"https:\/\/gorica.info\/utakmica-istine-gorica-sibenik\/#local-main-place-address"},"telephone":[],"openingHoursSpecification":[{"@type":"OpeningHoursSpecification","dayOfWeek":["Monday","Tuesday","Wednesday","Thursday","Friday","Saturday","Sunday"],"opens":"09:00","closes":"17:00"}],"email":"redakcija@gorica.info"},{"@type":"Person","@id":"https:\/\/gorica.info\/#\/schema\/person\/4499af1f22f322670b9b5977ccc2e3de","name":"Gorica. info","description":"Gorica.info je lokalni portal koji prati Veliku Goricu i okolici, svakodnevno donosi najnovije vijesti i pri\u010de, kulturna doga\u0111anja i aktualnosti koje oblikuju \u017eivot gra\u0111ana.","url":"https:\/\/gorica.info\/en\/author\/gorica-info\/"},{"@type":"PostalAddress","@id":"https:\/\/gorica.info\/utakmica-istine-gorica-sibenik\/#local-main-place-address","streetAddress":"Horvatova 97","addressLocality":"Velika Gorica","postalCode":"10410","addressRegion":"Croatia","addressCountry":"HR"},{"@type":"ImageObject","inLanguage":"en-US","@id":"https:\/\/gorica.info\/utakmica-istine-gorica-sibenik\/#local-main-organization-logo","url":"https:\/\/gorica.info\/wp-content\/uploads\/2024\/07\/Gorica-Info-Logo-mali.png","contentUrl":"https:\/\/gorica.info\/wp-content\/uploads\/2024\/07\/Gorica-Info-Logo-mali.png","width":450,"height":85,"caption":"Gorica Info"}]},"geo.placename":"Velika Gorica","geo.region":"Croatia"},"_links":{"self":[{"href":"https:\/\/gorica.info\/en\/wp-json\/wp\/v2\/posts\/75499","targetHints":{"allow":["GET"]}}],"collection":[{"href":"https:\/\/gorica.info\/en\/wp-json\/wp\/v2\/posts"}],"about":[{"href":"https:\/\/gorica.info\/en\/wp-json\/wp\/v2\/types\/post"}],"author":[{"embeddable":true,"href":"https:\/\/gorica.info\/en\/wp-json\/wp\/v2\/users\/23"}],"replies":[{"embeddable":true,"href":"https:\/\/gorica.info\/en\/wp-json\/wp\/v2\/comments?post=75499"}],"version-history":[{"count":1,"href":"https:\/\/gorica.info\/en\/wp-json\/wp\/v2\/posts\/75499\/revisions"}],"predecessor-version":[{"id":75500,"href":"https:\/\/gorica.info\/en\/wp-json\/wp\/v2\/posts\/75499\/revisions\/75500"}],"wp:featuredmedia":[{"embeddable":true,"href":"https:\/\/gorica.info\/en\/wp-json\/wp\/v2\/media\/37070"}],"wp:attachment":[{"href":"https:\/\/gorica.info\/en\/wp-json\/wp\/v2\/media?parent=75499"}],"wp:term":[{"taxonomy":"category","embeddable":true,"href":"https:\/\/gorica.info\/en\/wp-json\/wp\/v2\/categories?post=75499"},{"taxonomy":"post_tag","embeddable":true,"href":"https:\/\/gorica.info\/en\/wp-json\/wp\/v2\/tags?post=75499"}],"curies":[{"name":"wp","href":"https:\/\/api.w.org\/{rel}","templated":true}]}}