{"id":75517,"date":"2024-08-30T13:50:12","date_gmt":"2024-08-30T11:50:12","guid":{"rendered":"https:\/\/gorica.info\/?p=75517"},"modified":"2024-08-30T13:54:40","modified_gmt":"2024-08-30T11:54:40","slug":"pronadjena-bezivotna-tijela-trojice-muskaraca","status":"publish","type":"post","link":"https:\/\/gorica.info\/en\/pronadjena-bezivotna-tijela-trojice-muskaraca\/","title":{"rendered":"U\u017eas: U kleti prona\u0161li trojicu mrtvih mu\u0161karaca"},"content":{"rendered":"<p class=\"has-medium-font-size\">Be\u017eivotna tijela trojice mu\u0161karaca prona\u0111ena su u petak ujutro u klijeti pokraj <a href=\"https:\/\/gorica.info\/en\/puknuta-guma-na-prikolici-prouzrocila-pozar-u-kojem-je-izgorio-kamion-s-devet-automobila-2\/\">Popova\u010de<\/a>. O tome je izvijestila <a href=\"https:\/\/sisacko-moslavacka-policija.gov.hr\/vijesti-8\/na-podrucju-velike-ludine-pronadjena-tri-bezivotna-tijela\/41765\">Policijska uprava sisa\u010dko-moslava\u010dka<\/a>.<\/p>\n\n\n\n<h2 class=\"wp-block-heading\">Policija o pronalasku mrtvih mu\u0161karaca:<\/h2>\n\n\n\n<p class=\"has-medium-font-size\">\u201cDanas, 30. kolovoza oko 6.30 sati, policija je zaprimila dojavu da se u vikendici na podru\u010dju <strong>Velike Ludine<\/strong> nalaze trojica mu\u0161karaca koji se ne osje\u0107aju dobro.<br><br>Izlaskom na mjesto doga\u0111aja, policijski su slu\u017ebenici zatekli <strong>tri be\u017eivotna tijela<\/strong>, dok na tijelima nisu uo\u010dene vanjske ozljede.<br><br>Na mjestu doga\u0111aja obavlja se o\u010devid kojim rukovodi zamjenica \u017eupanijske dr\u017eavne odvjetnice u \u017dupanijskom dr\u017eavnom odvjetni\u0161tvu u Sisku u suradnji s vje\u0161tacima <strong>Centra za forenzi\u010dna ispitivanja, istra\u017eivanja i vje\u0161ta\u010denja \u201eIvan Vu\u010deti\u0107\u201c<\/strong>.<\/p>\n\n\n\n<p class=\"has-medium-font-size\">Tijela su prevezena na odjel patologije sisa\u010dke Op\u0107e bolnice gdje \u0107e se obaviti obdukcija kako bi se utvrdio to\u010dan uzrok smrti.<\/p>\n\n\n\n<p class=\"has-medium-font-size\">U tijeku je kriminalisti\u010dko istra\u017eivanje kojim \u0107e se utvrditi sve okolnosti ovog doga\u0111aja.\u201c<\/p>\n\n\n\n<blockquote class=\"wp-block-quote is-layout-flow wp-block-quote-is-layout-flow\">\n<p class=\"has-medium-font-size\">Kriminalisti\u010dko istra\u017eivanje kojim \u0107e se utvrditi sve okolnosti ovog doga\u0111aja je u tijeku, navode u PU sisa\u010dko moslava\u010dkoj<\/p>\n<\/blockquote>","protected":false},"excerpt":{"rendered":"<p>Be\u017eivotna tijela trojice mu\u0161karaca prona\u0111ena su u petak ujutro u klijeti pokraj Popova\u010de. O tome je izvijestila Policijska uprava sisa\u010dko-moslava\u010dka. Policija o pronalasku mrtvih mu\u0161karaca: \u201cDanas, 30. kolovoza oko 6.30 sati, policija je zaprimila dojavu da se u vikendici na podru\u010dju Velike Ludine nalaze trojica mu\u0161karaca koji se ne osje\u0107aju dobro. Izlaskom na mjesto doga\u0111aja, [&hellip;]<\/p>\n","protected":false},"author":23,"featured_media":66013,"comment_status":"closed","ping_status":"closed","sticky":false,"template":"","format":"standard","meta":{"limit_modified_date":"","last_modified_date":"","jnews-multi-image_gallery":[],"jnews_single_post":{"subtitle":"","format":"standard","video":"","gallery":"","source_name":"","source_url":"","via_name":"","via_url":"","override_template":"0","override":[{"template":"3","single_blog_custom":"","parallax":"1","fullscreen":"1","layout":"right-sidebar","sidebar":"default-sidebar","second_sidebar":"default-sidebar","sticky_sidebar":"1","share_position":"top","share_float_style":"share-monocrhome","show_share_counter":"0","show_view_counter":"0","show_featured":"1","show_post_meta":"1","show_post_author":"1","show_post_author_image":"1","show_post_date":"1","post_date_format":"default","post_date_format_custom":"Y\/m\/d","show_post_category":"1","show_post_reading_time":"1","post_reading_time_wpm":"300","post_calculate_word_method":"str_word_count","show_zoom_button":"0","zoom_button_out_step":"2","zoom_button_in_step":"3","show_post_tag":"1","show_prev_next_post":"0","show_popup_post":"1","number_popup_post":"1","show_author_box":"0","show_post_related":"1","show_inline_post_related":"0"}],"override_image_size":"0","image_override":[{"single_post_thumbnail_size":"crop-500","single_post_gallery_size":"crop-500"}],"trending_post":"0","trending_post_position":"meta","trending_post_label":"Trending","sponsored_post":"0","sponsored_post_label":"Sponsored by","sponsored_post_name":"","sponsored_post_url":"","sponsored_post_logo_enable":"0","sponsored_post_logo":"","sponsored_post_desc":"","disable_ad":"0"},"jnews_primary_category":{"id":"","hide":""},"jnews_override_counter":{"override_view_counter":"0","view_counter_number":"0","override_share_counter":"0","share_counter_number":"0","override_like_counter":"0","like_counter_number":"0","override_dislike_counter":"0","dislike_counter_number":"0"},"footnotes":""},"categories":[93],"tags":[],"class_list":["post-75517","post","type-post","status-publish","format-standard","has-post-thumbnail","hentry","category-crna-kronika"],"yoast_head":"<!-- This site is optimized with the Yoast SEO Premium plugin v27.4 (Yoast SEO v27.4) - https:\/\/yoast.com\/product\/yoast-seo-premium-wordpress\/ -->\n<title>U\u017eas: U kleti prona\u0161li trojicu mrtvih mu\u0161karaca - Gorica Info<\/title>\n<meta name=\"description\" content=\"Be\u017eivotna tijela trojice mu\u0161karaca prona\u0111ena su u petak ujutro u klijeti pokraj Popova\u010de. O tome je izvijestila PU sisa\u010dko-moslava\u010dka.\" \/>\n<meta name=\"robots\" content=\"index, follow, max-snippet:-1, max-image-preview:large, max-video-preview:-1\" \/>\n<link rel=\"canonical\" href=\"https:\/\/gorica.info\/en\/pronadjena-bezivotna-tijela-trojice-muskaraca\/\" \/>\n<meta property=\"og:locale\" content=\"en_US\" \/>\n<meta property=\"og:type\" content=\"article\" \/>\n<meta property=\"og:title\" content=\"U\u017eas: U kleti prona\u0161li trojicu mrtvih mu\u0161karaca\" \/>\n<meta property=\"og:description\" content=\"Be\u017eivotna tijela trojice mu\u0161karaca prona\u0111ena su u petak ujutro u klijeti pokraj Popova\u010de. O tome je izvijestila PU sisa\u010dko-moslava\u010dka.\" \/>\n<meta property=\"og:url\" content=\"https:\/\/gorica.info\/en\/pronadjena-bezivotna-tijela-trojice-muskaraca\/\" \/>\n<meta property=\"og:site_name\" content=\"Gorica Info\" \/>\n<meta property=\"article:publisher\" content=\"https:\/\/www.facebook.com\/Goricainfo-106005144489262\" \/>\n<meta property=\"article:published_time\" content=\"2024-08-30T11:50:12+00:00\" \/>\n<meta property=\"article:modified_time\" content=\"2024-08-30T11:54:40+00:00\" \/>\n<meta property=\"og:image\" content=\"https:\/\/gorica.info\/wp-content\/uploads\/2024\/06\/udarna-vijest-novo.jpg\" \/>\n\t<meta property=\"og:image:width\" content=\"1118\" \/>\n\t<meta property=\"og:image:height\" content=\"800\" \/>\n\t<meta property=\"og:image:type\" content=\"image\/jpeg\" \/>\n<meta name=\"author\" content=\"Gorica. info\" \/>\n<meta name=\"twitter:card\" content=\"summary_large_image\" \/>\n<meta name=\"twitter:creator\" content=\"@GoricaInfo\" \/>\n<meta name=\"twitter:site\" content=\"@GoricaInfo\" \/>\n<meta name=\"twitter:label1\" content=\"Written by\" \/>\n\t<meta name=\"twitter:data1\" content=\"Gorica. info\" \/>\n\t<meta name=\"twitter:label2\" content=\"Est. reading time\" \/>\n\t<meta name=\"twitter:data2\" content=\"1 minute\" \/>\n<meta name=\"geo.placename\" content=\"Velika Gorica\" \/>\n<meta name=\"geo.region\" content=\"Croatia\" \/>\n<!-- \/ Yoast SEO Premium plugin. -->","yoast_head_json":{"title":"U\u017eas: U kleti prona\u0161li trojicu mrtvih mu\u0161karaca - Gorica Info","description":"Be\u017eivotna tijela trojice mu\u0161karaca prona\u0111ena su u petak ujutro u klijeti pokraj Popova\u010de. O tome je izvijestila PU sisa\u010dko-moslava\u010dka.","robots":{"index":"index","follow":"follow","max-snippet":"max-snippet:-1","max-image-preview":"max-image-preview:large","max-video-preview":"max-video-preview:-1"},"canonical":"https:\/\/gorica.info\/en\/pronadjena-bezivotna-tijela-trojice-muskaraca\/","og_locale":"en_US","og_type":"article","og_title":"U\u017eas: U kleti prona\u0161li trojicu mrtvih mu\u0161karaca","og_description":"Be\u017eivotna tijela trojice mu\u0161karaca prona\u0111ena su u petak ujutro u klijeti pokraj Popova\u010de. O tome je izvijestila PU sisa\u010dko-moslava\u010dka.","og_url":"https:\/\/gorica.info\/en\/pronadjena-bezivotna-tijela-trojice-muskaraca\/","og_site_name":"Gorica Info","article_publisher":"https:\/\/www.facebook.com\/Goricainfo-106005144489262","article_published_time":"2024-08-30T11:50:12+00:00","article_modified_time":"2024-08-30T11:54:40+00:00","og_image":[{"width":1118,"height":800,"url":"https:\/\/gorica.info\/wp-content\/uploads\/2024\/06\/udarna-vijest-novo.jpg","type":"image\/jpeg"}],"author":"Gorica. info","twitter_card":"summary_large_image","twitter_creator":"@GoricaInfo","twitter_site":"@GoricaInfo","twitter_misc":{"Written by":"Gorica. info","Est. reading time":"1 minute"},"schema":{"@context":"https:\/\/schema.org","@graph":[{"@type":"NewsArticle","@id":"https:\/\/gorica.info\/pronadjena-bezivotna-tijela-trojice-muskaraca\/#article","isPartOf":{"@id":"https:\/\/gorica.info\/pronadjena-bezivotna-tijela-trojice-muskaraca\/"},"author":{"name":"Gorica. info","@id":"https:\/\/gorica.info\/#\/schema\/person\/4499af1f22f322670b9b5977ccc2e3de"},"headline":"U\u017eas: U kleti prona\u0161li trojicu mrtvih mu\u0161karaca","datePublished":"2024-08-30T11:50:12+00:00","dateModified":"2024-08-30T11:54:40+00:00","mainEntityOfPage":{"@id":"https:\/\/gorica.info\/pronadjena-bezivotna-tijela-trojice-muskaraca\/"},"wordCount":196,"publisher":{"@id":"https:\/\/gorica.info\/#organization"},"image":{"@id":"https:\/\/gorica.info\/pronadjena-bezivotna-tijela-trojice-muskaraca\/#primaryimage"},"thumbnailUrl":"https:\/\/gorica.info\/wp-content\/uploads\/2024\/06\/udarna-vijest-novo.jpg","articleSection":["CRNA KRONIKA"],"inLanguage":"en-US","copyrightYear":"2024","copyrightHolder":{"@id":"https:\/\/gorica.info\/en\/#organization"}},{"@type":"WebPage","@id":"https:\/\/gorica.info\/pronadjena-bezivotna-tijela-trojice-muskaraca\/","url":"https:\/\/gorica.info\/pronadjena-bezivotna-tijela-trojice-muskaraca\/","name":"U\u017eas: U kleti prona\u0161li trojicu mrtvih mu\u0161karaca - Gorica Info","isPartOf":{"@id":"https:\/\/gorica.info\/#website"},"primaryImageOfPage":{"@id":"https:\/\/gorica.info\/pronadjena-bezivotna-tijela-trojice-muskaraca\/#primaryimage"},"image":{"@id":"https:\/\/gorica.info\/pronadjena-bezivotna-tijela-trojice-muskaraca\/#primaryimage"},"thumbnailUrl":"https:\/\/gorica.info\/wp-content\/uploads\/2024\/06\/udarna-vijest-novo.jpg","datePublished":"2024-08-30T11:50:12+00:00","dateModified":"2024-08-30T11:54:40+00:00","description":"Be\u017eivotna tijela trojice mu\u0161karaca prona\u0111ena su u petak ujutro u klijeti pokraj Popova\u010de. O tome je izvijestila PU sisa\u010dko-moslava\u010dka.","breadcrumb":{"@id":"https:\/\/gorica.info\/pronadjena-bezivotna-tijela-trojice-muskaraca\/#breadcrumb"},"inLanguage":"en-US","potentialAction":[{"@type":"ReadAction","target":["https:\/\/gorica.info\/pronadjena-bezivotna-tijela-trojice-muskaraca\/"]}]},{"@type":"ImageObject","inLanguage":"en-US","@id":"https:\/\/gorica.info\/pronadjena-bezivotna-tijela-trojice-muskaraca\/#primaryimage","url":"https:\/\/gorica.info\/wp-content\/uploads\/2024\/06\/udarna-vijest-novo.jpg","contentUrl":"https:\/\/gorica.info\/wp-content\/uploads\/2024\/06\/udarna-vijest-novo.jpg","width":1100,"height":787,"caption":"sjekirom mu\u0161karaca potraga"},{"@type":"BreadcrumbList","@id":"https:\/\/gorica.info\/pronadjena-bezivotna-tijela-trojice-muskaraca\/#breadcrumb","itemListElement":[{"@type":"ListItem","position":1,"name":"Po\u010detna stranica","item":"https:\/\/gorica.info\/"},{"@type":"ListItem","position":2,"name":"U\u017eas: U kleti prona\u0161li trojicu mrtvih mu\u0161karaca"}]},{"@type":"WebSite","@id":"https:\/\/gorica.info\/#website","url":"https:\/\/gorica.info\/","name":"Gorica Info","description":"Vijesti iz Velike Gorice i okolice.","publisher":{"@id":"https:\/\/gorica.info\/#organization"},"potentialAction":[{"@type":"SearchAction","target":{"@type":"EntryPoint","urlTemplate":"https:\/\/gorica.info\/?s={search_term_string}"},"query-input":{"@type":"PropertyValueSpecification","valueRequired":true,"valueName":"search_term_string"}}],"inLanguage":"en-US"},{"@type":["Organization","Place","NewsMediaOrganization"],"@id":"https:\/\/gorica.info\/#organization","name":"Gorica Info","url":"https:\/\/gorica.info\/","logo":{"@id":"https:\/\/gorica.info\/pronadjena-bezivotna-tijela-trojice-muskaraca\/#local-main-organization-logo"},"image":{"@id":"https:\/\/gorica.info\/pronadjena-bezivotna-tijela-trojice-muskaraca\/#local-main-organization-logo"},"sameAs":["https:\/\/www.facebook.com\/Goricainfo-106005144489262","https:\/\/x.com\/GoricaInfo","https:\/\/www.instagram.com\/gorica.info\/"],"address":{"@id":"https:\/\/gorica.info\/pronadjena-bezivotna-tijela-trojice-muskaraca\/#local-main-place-address"},"telephone":[],"openingHoursSpecification":[{"@type":"OpeningHoursSpecification","dayOfWeek":["Monday","Tuesday","Wednesday","Thursday","Friday","Saturday","Sunday"],"opens":"09:00","closes":"17:00"}],"email":"redakcija@gorica.info"},{"@type":"Person","@id":"https:\/\/gorica.info\/#\/schema\/person\/4499af1f22f322670b9b5977ccc2e3de","name":"Gorica. info","description":"Gorica.info je lokalni portal koji prati Veliku Goricu i okolici, svakodnevno donosi najnovije vijesti i pri\u010de, kulturna doga\u0111anja i aktualnosti koje oblikuju \u017eivot gra\u0111ana.","url":"https:\/\/gorica.info\/en\/author\/gorica-info\/"},{"@type":"PostalAddress","@id":"https:\/\/gorica.info\/pronadjena-bezivotna-tijela-trojice-muskaraca\/#local-main-place-address","streetAddress":"Horvatova 97","addressLocality":"Velika Gorica","postalCode":"10410","addressRegion":"Croatia","addressCountry":"HR"},{"@type":"ImageObject","inLanguage":"en-US","@id":"https:\/\/gorica.info\/pronadjena-bezivotna-tijela-trojice-muskaraca\/#local-main-organization-logo","url":"https:\/\/gorica.info\/wp-content\/uploads\/2024\/07\/Gorica-Info-Logo-mali.png","contentUrl":"https:\/\/gorica.info\/wp-content\/uploads\/2024\/07\/Gorica-Info-Logo-mali.png","width":450,"height":85,"caption":"Gorica Info"}]},"geo.placename":"Velika Gorica","geo.region":"Croatia"},"_links":{"self":[{"href":"https:\/\/gorica.info\/en\/wp-json\/wp\/v2\/posts\/75517","targetHints":{"allow":["GET"]}}],"collection":[{"href":"https:\/\/gorica.info\/en\/wp-json\/wp\/v2\/posts"}],"about":[{"href":"https:\/\/gorica.info\/en\/wp-json\/wp\/v2\/types\/post"}],"author":[{"embeddable":true,"href":"https:\/\/gorica.info\/en\/wp-json\/wp\/v2\/users\/23"}],"replies":[{"embeddable":true,"href":"https:\/\/gorica.info\/en\/wp-json\/wp\/v2\/comments?post=75517"}],"version-history":[{"count":2,"href":"https:\/\/gorica.info\/en\/wp-json\/wp\/v2\/posts\/75517\/revisions"}],"predecessor-version":[{"id":75519,"href":"https:\/\/gorica.info\/en\/wp-json\/wp\/v2\/posts\/75517\/revisions\/75519"}],"wp:featuredmedia":[{"embeddable":true,"href":"https:\/\/gorica.info\/en\/wp-json\/wp\/v2\/media\/66013"}],"wp:attachment":[{"href":"https:\/\/gorica.info\/en\/wp-json\/wp\/v2\/media?parent=75517"}],"wp:term":[{"taxonomy":"category","embeddable":true,"href":"https:\/\/gorica.info\/en\/wp-json\/wp\/v2\/categories?post=75517"},{"taxonomy":"post_tag","embeddable":true,"href":"https:\/\/gorica.info\/en\/wp-json\/wp\/v2\/tags?post=75517"}],"curies":[{"name":"wp","href":"https:\/\/api.w.org\/{rel}","templated":true}]}}