{"id":75792,"date":"2024-09-05T11:02:00","date_gmt":"2024-09-05T09:02:00","guid":{"rendered":"https:\/\/gorica.info\/?p=75792"},"modified":"2024-09-05T08:03:36","modified_gmt":"2024-09-05T06:03:36","slug":"ako-prepoznajete-ovog-muskarca-javite-se-policiji-traze-ga-zbog-prijevare","status":"publish","type":"post","link":"https:\/\/gorica.info\/en\/ako-prepoznajete-ovog-muskarca-javite-se-policiji-traze-ga-zbog-prijevare\/","title":{"rendered":"Ako prepoznajete ovog mu\u0161karca: Javite se policiji, tra\u017ee ga zbog prijevare\u00a0"},"content":{"rendered":"<p class=\"has-medium-font-size\"><strong>Policija<\/strong> poziva da se javite ako <strong>prepoznajete <\/strong>mu\u0161karca s fotografija. Tra\u017ee ga vi\u0161e od sedam mjeseci zbog<strong> ra\u010dunalne prijevare<\/strong> koju je po\u010dinio 27. sije\u010dnja u ranim ve\u010dernjim satima u<strong> Zagrebu na Trgu Petra Preradovi\u0107a<\/strong>.<\/p>\n\n\n\n<p class=\"has-medium-font-size\"><a href=\"https:\/\/gorica.info\/en\/?s=policija+tra%C5%BEi+mu%C5%A1karca\">Gra\u0111ane<\/a> koji ga prepoznaju pozivaju da se jave na broj 192 ili na i.pp.zagreb@mup.hr i zagrebacka@policija.hr.\u00a0<\/p>\n\n\n<div class=\"wp-block-image\">\n<figure class=\"aligncenter size-full\"><img fetchpriority=\"high\" decoding=\"async\" width=\"750\" height=\"422\" src=\"https:\/\/gorica.info\/wp-content\/uploads\/2024\/09\/foto-03.png\" alt=\"\" class=\"wp-image-75793\" srcset=\"https:\/\/gorica.info\/wp-content\/uploads\/2024\/09\/foto-03.png 750w, https:\/\/gorica.info\/wp-content\/uploads\/2024\/09\/foto-03-300x169.png 300w, https:\/\/gorica.info\/wp-content\/uploads\/2024\/09\/foto-03-18x10.png 18w\" sizes=\"(max-width: 750px) 100vw, 750px\" \/><figcaption class=\"wp-element-caption\">Foto: Policija<\/figcaption><\/figure>\n<\/div>\n\n\n<p class=\"has-medium-font-size\">Mu\u0161karac je tada bio odjevenom u tamniju jaknu, crne hla\u010de, crne tenisice s bijelim \u0111onom, a na glavi je nosi tamniju \u0161ilt kapu sa slovom \u201eD\u201c na prednjoj strani, izvijestili su iz<a href=\"https:\/\/zagrebacka-policija.gov.hr\/vijesti\/prepoznajete-li-osobu-s-fotografija-98721\/98721\"> Policijske uprave zagreba\u010dke.<\/a><\/p>","protected":false},"excerpt":{"rendered":"<p>Policija poziva da se javite ako prepoznajete mu\u0161karca s fotografija. Tra\u017ee ga vi\u0161e od sedam mjeseci zbog ra\u010dunalne prijevare koju je po\u010dinio 27. sije\u010dnja u ranim ve\u010dernjim satima u Zagrebu na Trgu Petra Preradovi\u0107a. Gra\u0111ane koji ga prepoznaju pozivaju da se jave na broj 192 ili na i.pp.zagreb@mup.hr i zagrebacka@policija.hr.\u00a0 Mu\u0161karac je tada bio odjevenom [&hellip;]<\/p>\n","protected":false},"author":23,"featured_media":75794,"comment_status":"closed","ping_status":"closed","sticky":false,"template":"","format":"standard","meta":{"limit_modified_date":"","last_modified_date":"","jnews-multi-image_gallery":[],"jnews_single_post":{"format":"standard","override":[{"template":"3","parallax":"1","fullscreen":"1","layout":"right-sidebar","sidebar":"default-sidebar","second_sidebar":"default-sidebar","sticky_sidebar":"1","share_position":"top","share_float_style":"share-monocrhome","show_featured":"1","show_post_meta":"1","show_post_author":"1","show_post_author_image":"1","show_post_date":"1","post_date_format":"default","post_date_format_custom":"Y\/m\/d","show_post_category":"1","show_post_reading_time":"1","post_reading_time_wpm":"300","post_calculate_word_method":"str_word_count","zoom_button_out_step":"2","zoom_button_in_step":"3","show_post_tag":"1","show_popup_post":"1","number_popup_post":"1","show_post_related":"1"}],"image_override":[{"single_post_thumbnail_size":"crop-500","single_post_gallery_size":"crop-500"}],"trending_post_position":"meta","trending_post_label":"Trending","sponsored_post_label":"Sponsored by","disable_ad":"0"},"jnews_primary_category":[],"jnews_override_counter":{"view_counter_number":"0","share_counter_number":"0","like_counter_number":"0","dislike_counter_number":"0"},"footnotes":""},"categories":[96],"tags":[266,2487,14071,14070,288],"class_list":["post-75792","post","type-post","status-publish","format-standard","has-post-thumbnail","hentry","category-vijesti","tag-policija","tag-potraga","tag-preradovicev-trg","tag-traze-muskarca","tag-zagreb"],"yoast_head":"<!-- This site is optimized with the Yoast SEO Premium plugin v27.5 (Yoast SEO v27.5) - https:\/\/yoast.com\/product\/yoast-seo-premium-wordpress\/ -->\n<title>Ako prepoznajete ovog mu\u0161karca: Javite se policiji, tra\u017ee ga zbog prijevare\u00a0 - Gorica Info<\/title>\n<meta name=\"description\" content=\"Ako prepoznajete ovog mu\u0161karca: Javite se policiji, tra\u017ee ga zbog ra\u010dunalne prijevare koju je po\u010dinio u Zagrebu prije vi\u0161e od sedam mjeseci.\u00a0\" \/>\n<meta name=\"robots\" content=\"index, follow, max-snippet:-1, max-image-preview:large, max-video-preview:-1\" \/>\n<link rel=\"canonical\" href=\"https:\/\/gorica.info\/en\/ako-prepoznajete-ovog-muskarca-javite-se-policiji-traze-ga-zbog-prijevare\/\" \/>\n<meta property=\"og:locale\" content=\"en_US\" \/>\n<meta property=\"og:type\" content=\"article\" \/>\n<meta property=\"og:title\" content=\"Ako prepoznajete ovog mu\u0161karca: Javite se policiji, tra\u017ee ga zbog prijevare\u00a0\" \/>\n<meta property=\"og:description\" content=\"Ako prepoznajete ovog mu\u0161karca: Javite se policiji, tra\u017ee ga zbog ra\u010dunalne prijevare koju je po\u010dinio u Zagrebu prije vi\u0161e od sedam mjeseci.\u00a0\" \/>\n<meta property=\"og:url\" content=\"https:\/\/gorica.info\/en\/ako-prepoznajete-ovog-muskarca-javite-se-policiji-traze-ga-zbog-prijevare\/\" \/>\n<meta property=\"og:site_name\" content=\"Gorica Info\" \/>\n<meta property=\"article:publisher\" content=\"https:\/\/www.facebook.com\/Goricainfo-106005144489262\" \/>\n<meta property=\"article:published_time\" content=\"2024-09-05T09:02:00+00:00\" \/>\n<meta property=\"og:image\" content=\"https:\/\/gorica.info\/wp-content\/uploads\/2024\/09\/naslovna-01.png\" \/>\n\t<meta property=\"og:image:width\" content=\"750\" \/>\n\t<meta property=\"og:image:height\" content=\"500\" \/>\n\t<meta property=\"og:image:type\" content=\"image\/png\" \/>\n<meta name=\"author\" content=\"Gorica. info\" \/>\n<meta name=\"twitter:card\" content=\"summary_large_image\" \/>\n<meta name=\"twitter:creator\" content=\"@GoricaInfo\" \/>\n<meta name=\"twitter:site\" content=\"@GoricaInfo\" \/>\n<meta name=\"twitter:label1\" content=\"Written by\" \/>\n\t<meta name=\"twitter:data1\" content=\"Gorica. info\" \/>\n\t<meta name=\"twitter:label2\" content=\"Est. reading time\" \/>\n\t<meta name=\"twitter:data2\" content=\"1 minute\" \/>\n<meta name=\"geo.placename\" content=\"Velika Gorica\" \/>\n<meta name=\"geo.region\" content=\"Croatia\" \/>\n<!-- \/ Yoast SEO Premium plugin. -->","yoast_head_json":{"title":"Ako prepoznajete ovog mu\u0161karca: Javite se policiji, tra\u017ee ga zbog prijevare\u00a0 - Gorica Info","description":"Ako prepoznajete ovog mu\u0161karca: Javite se policiji, tra\u017ee ga zbog ra\u010dunalne prijevare koju je po\u010dinio u Zagrebu prije vi\u0161e od sedam mjeseci.\u00a0","robots":{"index":"index","follow":"follow","max-snippet":"max-snippet:-1","max-image-preview":"max-image-preview:large","max-video-preview":"max-video-preview:-1"},"canonical":"https:\/\/gorica.info\/en\/ako-prepoznajete-ovog-muskarca-javite-se-policiji-traze-ga-zbog-prijevare\/","og_locale":"en_US","og_type":"article","og_title":"Ako prepoznajete ovog mu\u0161karca: Javite se policiji, tra\u017ee ga zbog prijevare\u00a0","og_description":"Ako prepoznajete ovog mu\u0161karca: Javite se policiji, tra\u017ee ga zbog ra\u010dunalne prijevare koju je po\u010dinio u Zagrebu prije vi\u0161e od sedam mjeseci.\u00a0","og_url":"https:\/\/gorica.info\/en\/ako-prepoznajete-ovog-muskarca-javite-se-policiji-traze-ga-zbog-prijevare\/","og_site_name":"Gorica Info","article_publisher":"https:\/\/www.facebook.com\/Goricainfo-106005144489262","article_published_time":"2024-09-05T09:02:00+00:00","og_image":[{"width":750,"height":500,"url":"https:\/\/gorica.info\/wp-content\/uploads\/2024\/09\/naslovna-01.png","type":"image\/png"}],"author":"Gorica. info","twitter_card":"summary_large_image","twitter_creator":"@GoricaInfo","twitter_site":"@GoricaInfo","twitter_misc":{"Written by":"Gorica. info","Est. reading time":"1 minute"},"schema":{"@context":"https:\/\/schema.org","@graph":[{"@type":"NewsArticle","@id":"https:\/\/gorica.info\/ako-prepoznajete-ovog-muskarca-javite-se-policiji-traze-ga-zbog-prijevare\/#article","isPartOf":{"@id":"https:\/\/gorica.info\/ako-prepoznajete-ovog-muskarca-javite-se-policiji-traze-ga-zbog-prijevare\/"},"author":{"name":"Gorica. info","@id":"https:\/\/gorica.info\/#\/schema\/person\/4499af1f22f322670b9b5977ccc2e3de"},"headline":"Ako prepoznajete ovog mu\u0161karca: Javite se policiji, tra\u017ee ga zbog prijevare\u00a0","datePublished":"2024-09-05T09:02:00+00:00","mainEntityOfPage":{"@id":"https:\/\/gorica.info\/ako-prepoznajete-ovog-muskarca-javite-se-policiji-traze-ga-zbog-prijevare\/"},"wordCount":116,"publisher":{"@id":"https:\/\/gorica.info\/#organization"},"image":{"@id":"https:\/\/gorica.info\/ako-prepoznajete-ovog-muskarca-javite-se-policiji-traze-ga-zbog-prijevare\/#primaryimage"},"thumbnailUrl":"https:\/\/gorica.info\/wp-content\/uploads\/2024\/09\/naslovna-01.png","keywords":["policija","potraga","preradovi\u0107ev trg","tra\u017ee mu\u0161karca","Zagreb"],"articleSection":["VIJESTI"],"inLanguage":"en-US","copyrightYear":"2024","copyrightHolder":{"@id":"https:\/\/gorica.info\/en\/#organization"}},{"@type":"WebPage","@id":"https:\/\/gorica.info\/ako-prepoznajete-ovog-muskarca-javite-se-policiji-traze-ga-zbog-prijevare\/","url":"https:\/\/gorica.info\/ako-prepoznajete-ovog-muskarca-javite-se-policiji-traze-ga-zbog-prijevare\/","name":"Ako prepoznajete ovog mu\u0161karca: Javite se policiji, tra\u017ee ga zbog prijevare\u00a0 - Gorica Info","isPartOf":{"@id":"https:\/\/gorica.info\/#website"},"primaryImageOfPage":{"@id":"https:\/\/gorica.info\/ako-prepoznajete-ovog-muskarca-javite-se-policiji-traze-ga-zbog-prijevare\/#primaryimage"},"image":{"@id":"https:\/\/gorica.info\/ako-prepoznajete-ovog-muskarca-javite-se-policiji-traze-ga-zbog-prijevare\/#primaryimage"},"thumbnailUrl":"https:\/\/gorica.info\/wp-content\/uploads\/2024\/09\/naslovna-01.png","datePublished":"2024-09-05T09:02:00+00:00","description":"Ako prepoznajete ovog mu\u0161karca: Javite se policiji, tra\u017ee ga zbog ra\u010dunalne prijevare koju je po\u010dinio u Zagrebu prije vi\u0161e od sedam mjeseci.\u00a0","breadcrumb":{"@id":"https:\/\/gorica.info\/ako-prepoznajete-ovog-muskarca-javite-se-policiji-traze-ga-zbog-prijevare\/#breadcrumb"},"inLanguage":"en-US","potentialAction":[{"@type":"ReadAction","target":["https:\/\/gorica.info\/ako-prepoznajete-ovog-muskarca-javite-se-policiji-traze-ga-zbog-prijevare\/"]}]},{"@type":"ImageObject","inLanguage":"en-US","@id":"https:\/\/gorica.info\/ako-prepoznajete-ovog-muskarca-javite-se-policiji-traze-ga-zbog-prijevare\/#primaryimage","url":"https:\/\/gorica.info\/wp-content\/uploads\/2024\/09\/naslovna-01.png","contentUrl":"https:\/\/gorica.info\/wp-content\/uploads\/2024\/09\/naslovna-01.png","width":750,"height":500,"caption":"Foto: Policija"},{"@type":"BreadcrumbList","@id":"https:\/\/gorica.info\/ako-prepoznajete-ovog-muskarca-javite-se-policiji-traze-ga-zbog-prijevare\/#breadcrumb","itemListElement":[{"@type":"ListItem","position":1,"name":"Po\u010detna stranica","item":"https:\/\/gorica.info\/"},{"@type":"ListItem","position":2,"name":"Ako prepoznajete ovog mu\u0161karca: Javite se policiji, tra\u017ee ga zbog prijevare\u00a0"}]},{"@type":"WebSite","@id":"https:\/\/gorica.info\/#website","url":"https:\/\/gorica.info\/","name":"Gorica Info","description":"Vijesti iz Velike Gorice i okolice.","publisher":{"@id":"https:\/\/gorica.info\/#organization"},"potentialAction":[{"@type":"SearchAction","target":{"@type":"EntryPoint","urlTemplate":"https:\/\/gorica.info\/?s={search_term_string}"},"query-input":{"@type":"PropertyValueSpecification","valueRequired":true,"valueName":"search_term_string"}}],"inLanguage":"en-US"},{"@type":["Organization","Place","NewsMediaOrganization"],"@id":"https:\/\/gorica.info\/#organization","name":"Gorica Info","url":"https:\/\/gorica.info\/","logo":{"@id":"https:\/\/gorica.info\/ako-prepoznajete-ovog-muskarca-javite-se-policiji-traze-ga-zbog-prijevare\/#local-main-organization-logo"},"image":{"@id":"https:\/\/gorica.info\/ako-prepoznajete-ovog-muskarca-javite-se-policiji-traze-ga-zbog-prijevare\/#local-main-organization-logo"},"sameAs":["https:\/\/www.facebook.com\/Goricainfo-106005144489262","https:\/\/x.com\/GoricaInfo","https:\/\/www.instagram.com\/gorica.info\/"],"address":{"@id":"https:\/\/gorica.info\/ako-prepoznajete-ovog-muskarca-javite-se-policiji-traze-ga-zbog-prijevare\/#local-main-place-address"},"telephone":[],"openingHoursSpecification":[{"@type":"OpeningHoursSpecification","dayOfWeek":["Monday","Tuesday","Wednesday","Thursday","Friday","Saturday","Sunday"],"opens":"09:00","closes":"17:00"}],"email":"redakcija@gorica.info"},{"@type":"Person","@id":"https:\/\/gorica.info\/#\/schema\/person\/4499af1f22f322670b9b5977ccc2e3de","name":"Gorica. info","description":"Gorica.info je lokalni portal koji prati Veliku Goricu i okolici, svakodnevno donosi najnovije vijesti i pri\u010de, kulturna doga\u0111anja i aktualnosti koje oblikuju \u017eivot gra\u0111ana.","url":"https:\/\/gorica.info\/en\/author\/gorica-info\/"},{"@type":"PostalAddress","@id":"https:\/\/gorica.info\/ako-prepoznajete-ovog-muskarca-javite-se-policiji-traze-ga-zbog-prijevare\/#local-main-place-address","streetAddress":"Horvatova 97","addressLocality":"Velika Gorica","postalCode":"10410","addressRegion":"Croatia","addressCountry":"HR"},{"@type":"ImageObject","inLanguage":"en-US","@id":"https:\/\/gorica.info\/ako-prepoznajete-ovog-muskarca-javite-se-policiji-traze-ga-zbog-prijevare\/#local-main-organization-logo","url":"https:\/\/gorica.info\/wp-content\/uploads\/2024\/07\/Gorica-Info-Logo-mali.png","contentUrl":"https:\/\/gorica.info\/wp-content\/uploads\/2024\/07\/Gorica-Info-Logo-mali.png","width":450,"height":85,"caption":"Gorica Info"}]},"geo.placename":"Velika Gorica","geo.region":"Croatia"},"_links":{"self":[{"href":"https:\/\/gorica.info\/en\/wp-json\/wp\/v2\/posts\/75792","targetHints":{"allow":["GET"]}}],"collection":[{"href":"https:\/\/gorica.info\/en\/wp-json\/wp\/v2\/posts"}],"about":[{"href":"https:\/\/gorica.info\/en\/wp-json\/wp\/v2\/types\/post"}],"author":[{"embeddable":true,"href":"https:\/\/gorica.info\/en\/wp-json\/wp\/v2\/users\/23"}],"replies":[{"embeddable":true,"href":"https:\/\/gorica.info\/en\/wp-json\/wp\/v2\/comments?post=75792"}],"version-history":[{"count":3,"href":"https:\/\/gorica.info\/en\/wp-json\/wp\/v2\/posts\/75792\/revisions"}],"predecessor-version":[{"id":75799,"href":"https:\/\/gorica.info\/en\/wp-json\/wp\/v2\/posts\/75792\/revisions\/75799"}],"wp:featuredmedia":[{"embeddable":true,"href":"https:\/\/gorica.info\/en\/wp-json\/wp\/v2\/media\/75794"}],"wp:attachment":[{"href":"https:\/\/gorica.info\/en\/wp-json\/wp\/v2\/media?parent=75792"}],"wp:term":[{"taxonomy":"category","embeddable":true,"href":"https:\/\/gorica.info\/en\/wp-json\/wp\/v2\/categories?post=75792"},{"taxonomy":"post_tag","embeddable":true,"href":"https:\/\/gorica.info\/en\/wp-json\/wp\/v2\/tags?post=75792"}],"curies":[{"name":"wp","href":"https:\/\/api.w.org\/{rel}","templated":true}]}}