{"id":75897,"date":"2024-09-07T06:05:00","date_gmt":"2024-09-07T04:05:00","guid":{"rendered":"https:\/\/gorica.info\/?p=75897"},"modified":"2024-09-13T11:06:57","modified_gmt":"2024-09-13T09:06:57","slug":"goricke-muke-sa-zet-om","status":"publish","type":"post","link":"https:\/\/gorica.info\/en\/goricke-muke-sa-zet-om\/","title":{"rendered":"Muke sa ZET-om: Zbog manjka voza\u010da \u010dekali  268-icu \u010ditav sat"},"content":{"rendered":"<p class=\"has-medium-font-size\">Petak popodne pretvorio se u pravi kaos za <strong>Gori\u010dane<\/strong> koji se koriste<strong> ZET-ovim autobusima<\/strong>. Naime, ju\u010der oko 17 sati ZET-ove <strong>268-ice<\/strong> za Veliku Goricu nije bilo <strong>\u010ditavih sat vremena<\/strong>.<\/p>\n\n\n\n<h2 class=\"wp-block-heading\">ZET-ovi autobusi zvani \u010de\u017enja<\/h2>\n\n\n\n<p class=\"has-medium-font-size\">Svoju ju\u010dera\u0161nju kalvariju na <strong>povratku s posla<\/strong> prepri\u010dala nam je \u010ditateljica Gorice.info.<\/p>\n\n\n\n<p class=\"has-medium-font-size\">&#8211; Kada sam stigla, na stanici je ve\u0107 bilo puno ljudi koji su \u010dekali liniju 268. Vrijeme je prolazilo, nervoza je rasla. Odlu\u010dila sam nazvati korisni\u010dki centar ZET-a. Javio mi se neki ljubazni mladi \u010dovjek &#8211; po\u010dinje svoju pri\u010du Velikogori\u010danka.<\/p>\n\n\n\n<p class=\"has-medium-font-size\">On je provjerio, dodaje na\u0161a \u010ditateljica, stanje u prometu i utvrdio da nema problema. Nakon toga nazvao je prometnika.<\/p>\n\n\n\n<p class=\"has-medium-font-size\">&#8211; Prometnik mu je rekao kako su u tehni\u010dkim problemima, odnosno da nemaju dovoljno voza\u010da. Zbog tog manjka voza\u010da ukinuli su ju\u010der dvije linije 268 za Veliku Goricu &#8211; nastavlja \u010ditateljica. <\/p>\n\n\n\n<p class=\"has-medium-font-size\">I nije novost da na \u010ditavom hrvatskom tr\u017ei\u0161tu nedostaje voza\u010da autobusa. U ZET-u o\u010dito nije pomoglo ni <a href=\"https:\/\/gorica.info\/en\/radnicima-zet-a-stize-povecanje-place-povecani-su-im-i-dodaci-za-prehranu-mjesecna-nagrada-jubilarna\/\">nedavno pove\u0107anje pla\u0107a i ostalih dodataka<\/a>. Voza\u010da jednostavno nema.<\/p>\n\n\n\n<h2 class=\"wp-block-heading\">Mo\u017eemo! ne mo\u017ee rije\u0161iti ni svoje probleme<\/h2>\n\n\n\n<p class=\"has-medium-font-size\">&#8211; I nama putnicima je jasno da nema voza\u010da. Ali za\u0161to onda i dalje u voznom redu stoji da 268-ica za Veliku Goricu u petak popodne ide svakih 15 minuta, a odgovorni u ZET-u znaju da taj vozni red ne mogu ispuniti jer im nedostaje voza\u010da? Pa neka sastave pravi vozni red za koji imaju kapacitete, pa \u0107emo si i mi mo\u0107i organizirati vrijeme i ne\u0107emo tro\u0161iti vrijeme uzaludno \u010dekaju\u0107i na stanici &#8211; pita na\u0161a \u010ditateljica. <\/p>\n\n\n\n<p class=\"has-medium-font-size\">U <a href=\"https:\/\/www.zet.hr\">zagreba\u010dkom gradskom prijevozniku <\/a>o\u010dito ne razbijaju previ\u0161e glavu s gori\u010dkim problemima. Iluzorno je tako\u0111er da \u0107e o tome voditi ra\u010duna zagreba\u010dka gradska vlast koja se ne mo\u017ee nositi ni sa svojim puno ve\u0107im problemima. Mo\u017ee li ne\u0161to poduzeti gori\u010dka gradska vlast koja djelomi\u010dno i financira taj prijevoz? Barem da se sastave vozni redovi koje plavi autobusi za Veliku Goricu mogu ispo\u0161tovati&#8230; <\/p>","protected":false},"excerpt":{"rendered":"<p>Petak popodne pretvorio se u pravi kaos za Gori\u010dane koji se koriste ZET-ovim autobusima. Naime, ju\u010der oko 17 sati ZET-ove 268-ice za Veliku Goricu nije bilo \u010ditavih sat vremena. ZET-ovi autobusi zvani \u010de\u017enja Svoju ju\u010dera\u0161nju kalvariju na povratku s posla prepri\u010dala nam je \u010ditateljica Gorice.info. &#8211; Kada sam stigla, na stanici je ve\u0107 bilo puno [&hellip;]<\/p>\n","protected":false},"author":23,"featured_media":63579,"comment_status":"closed","ping_status":"closed","sticky":false,"template":"","format":"standard","meta":{"limit_modified_date":"","last_modified_date":"","jnews-multi-image_gallery":[],"jnews_single_post":{"format":"standard"},"jnews_primary_category":[],"jnews_override_counter":[],"footnotes":""},"categories":[87],"tags":[936,1162,1754,14110,122,545,5557,284],"class_list":["post-75897","post","type-post","status-publish","format-standard","has-post-thumbnail","hentry","category-gorica","tag-autobus","tag-linija-268","tag-putnici","tag-red-voznje","tag-velika-gorica","tag-vozaci","tag-vozni-red","tag-zet"],"yoast_head":"<!-- This site is optimized with the Yoast SEO Premium plugin v27.4 (Yoast SEO v27.4) - https:\/\/yoast.com\/product\/yoast-seo-premium-wordpress\/ -->\n<title>Muke sa ZET-om: Zbog manjka voza\u010da \u010dekali 268-icu \u010ditav sat - Gorica Info<\/title>\n<meta name=\"description\" content=\"ZET-ovi autobusi na liniji 268 zvani \u010de\u017enja: Putnici u petak poslijepodne autobuse na liniji Zagreb-Velika Gorica \u010dekali sat vremena\" \/>\n<meta name=\"robots\" content=\"index, follow, max-snippet:-1, max-image-preview:large, max-video-preview:-1\" \/>\n<link rel=\"canonical\" href=\"https:\/\/gorica.info\/en\/goricke-muke-sa-zet-om\/\" \/>\n<meta property=\"og:locale\" content=\"en_US\" \/>\n<meta property=\"og:type\" content=\"article\" \/>\n<meta property=\"og:title\" content=\"Muke sa ZET-om: Zbog manjka voza\u010da \u010dekali 268-icu \u010ditav sat\" \/>\n<meta property=\"og:description\" content=\"ZET-ovi autobusi na liniji 268 zvani \u010de\u017enja: Putnici u petak poslijepodne autobuse na liniji Zagreb-Velika Gorica \u010dekali sat vremena\" \/>\n<meta property=\"og:url\" content=\"https:\/\/gorica.info\/en\/goricke-muke-sa-zet-om\/\" \/>\n<meta property=\"og:site_name\" content=\"Gorica Info\" \/>\n<meta property=\"article:publisher\" content=\"https:\/\/www.facebook.com\/Goricainfo-106005144489262\" \/>\n<meta property=\"article:published_time\" content=\"2024-09-07T04:05:00+00:00\" \/>\n<meta property=\"article:modified_time\" content=\"2024-09-13T09:06:57+00:00\" \/>\n<meta property=\"og:image\" content=\"https:\/\/gorica.info\/wp-content\/uploads\/2024\/04\/ZET-Glavni-kolodvor-Linija-268-Foto-Goricainfo.jpg\" \/>\n\t<meta property=\"og:image:width\" content=\"1067\" \/>\n\t<meta property=\"og:image:height\" content=\"800\" \/>\n\t<meta property=\"og:image:type\" content=\"image\/jpeg\" \/>\n<meta name=\"author\" content=\"Gorica. info\" \/>\n<meta name=\"twitter:card\" content=\"summary_large_image\" \/>\n<meta name=\"twitter:creator\" content=\"@GoricaInfo\" \/>\n<meta name=\"twitter:site\" content=\"@GoricaInfo\" \/>\n<meta name=\"twitter:label1\" content=\"Written by\" \/>\n\t<meta name=\"twitter:data1\" content=\"Gorica. info\" \/>\n\t<meta name=\"twitter:label2\" content=\"Est. reading time\" \/>\n\t<meta name=\"twitter:data2\" content=\"2 minutes\" \/>\n<meta name=\"geo.placename\" content=\"Velika Gorica\" \/>\n<meta name=\"geo.region\" content=\"Croatia\" \/>\n<!-- \/ Yoast SEO Premium plugin. -->","yoast_head_json":{"title":"Muke sa ZET-om: Zbog manjka voza\u010da \u010dekali 268-icu \u010ditav sat - Gorica Info","description":"ZET-ovi autobusi na liniji 268 zvani \u010de\u017enja: Putnici u petak poslijepodne autobuse na liniji Zagreb-Velika Gorica \u010dekali sat vremena","robots":{"index":"index","follow":"follow","max-snippet":"max-snippet:-1","max-image-preview":"max-image-preview:large","max-video-preview":"max-video-preview:-1"},"canonical":"https:\/\/gorica.info\/en\/goricke-muke-sa-zet-om\/","og_locale":"en_US","og_type":"article","og_title":"Muke sa ZET-om: Zbog manjka voza\u010da \u010dekali 268-icu \u010ditav sat","og_description":"ZET-ovi autobusi na liniji 268 zvani \u010de\u017enja: Putnici u petak poslijepodne autobuse na liniji Zagreb-Velika Gorica \u010dekali sat vremena","og_url":"https:\/\/gorica.info\/en\/goricke-muke-sa-zet-om\/","og_site_name":"Gorica Info","article_publisher":"https:\/\/www.facebook.com\/Goricainfo-106005144489262","article_published_time":"2024-09-07T04:05:00+00:00","article_modified_time":"2024-09-13T09:06:57+00:00","og_image":[{"width":1067,"height":800,"url":"https:\/\/gorica.info\/wp-content\/uploads\/2024\/04\/ZET-Glavni-kolodvor-Linija-268-Foto-Goricainfo.jpg","type":"image\/jpeg"}],"author":"Gorica. info","twitter_card":"summary_large_image","twitter_creator":"@GoricaInfo","twitter_site":"@GoricaInfo","twitter_misc":{"Written by":"Gorica. info","Est. reading time":"2 minutes"},"schema":{"@context":"https:\/\/schema.org","@graph":[{"@type":"NewsArticle","@id":"https:\/\/gorica.info\/goricke-muke-sa-zet-om\/#article","isPartOf":{"@id":"https:\/\/gorica.info\/goricke-muke-sa-zet-om\/"},"author":{"name":"Gorica. info","@id":"https:\/\/gorica.info\/#\/schema\/person\/4499af1f22f322670b9b5977ccc2e3de"},"headline":"Muke sa ZET-om: Zbog manjka voza\u010da \u010dekali 268-icu \u010ditav sat","datePublished":"2024-09-07T04:05:00+00:00","dateModified":"2024-09-13T09:06:57+00:00","mainEntityOfPage":{"@id":"https:\/\/gorica.info\/goricke-muke-sa-zet-om\/"},"wordCount":362,"publisher":{"@id":"https:\/\/gorica.info\/#organization"},"image":{"@id":"https:\/\/gorica.info\/goricke-muke-sa-zet-om\/#primaryimage"},"thumbnailUrl":"https:\/\/gorica.info\/wp-content\/uploads\/2024\/04\/ZET-Glavni-kolodvor-Linija-268-Foto-Goricainfo.jpg","keywords":["autobus","linija 268","putnici","red vo\u017enje","Velika Gorica","voza\u010di","vozni red","ZET"],"articleSection":["GORICA"],"inLanguage":"en-US","copyrightYear":"2024","copyrightHolder":{"@id":"https:\/\/gorica.info\/en\/#organization"}},{"@type":"WebPage","@id":"https:\/\/gorica.info\/goricke-muke-sa-zet-om\/","url":"https:\/\/gorica.info\/goricke-muke-sa-zet-om\/","name":"Muke sa ZET-om: Zbog manjka voza\u010da \u010dekali 268-icu \u010ditav sat - Gorica Info","isPartOf":{"@id":"https:\/\/gorica.info\/#website"},"primaryImageOfPage":{"@id":"https:\/\/gorica.info\/goricke-muke-sa-zet-om\/#primaryimage"},"image":{"@id":"https:\/\/gorica.info\/goricke-muke-sa-zet-om\/#primaryimage"},"thumbnailUrl":"https:\/\/gorica.info\/wp-content\/uploads\/2024\/04\/ZET-Glavni-kolodvor-Linija-268-Foto-Goricainfo.jpg","datePublished":"2024-09-07T04:05:00+00:00","dateModified":"2024-09-13T09:06:57+00:00","description":"ZET-ovi autobusi na liniji 268 zvani \u010de\u017enja: Putnici u petak poslijepodne autobuse na liniji Zagreb-Velika Gorica \u010dekali sat vremena","breadcrumb":{"@id":"https:\/\/gorica.info\/goricke-muke-sa-zet-om\/#breadcrumb"},"inLanguage":"en-US","potentialAction":[{"@type":"ReadAction","target":["https:\/\/gorica.info\/goricke-muke-sa-zet-om\/"]}]},{"@type":"ImageObject","inLanguage":"en-US","@id":"https:\/\/gorica.info\/goricke-muke-sa-zet-om\/#primaryimage","url":"https:\/\/gorica.info\/wp-content\/uploads\/2024\/04\/ZET-Glavni-kolodvor-Linija-268-Foto-Goricainfo.jpg","contentUrl":"https:\/\/gorica.info\/wp-content\/uploads\/2024\/04\/ZET-Glavni-kolodvor-Linija-268-Foto-Goricainfo.jpg","width":1067,"height":800,"caption":"Foto: Gorica.info"},{"@type":"BreadcrumbList","@id":"https:\/\/gorica.info\/goricke-muke-sa-zet-om\/#breadcrumb","itemListElement":[{"@type":"ListItem","position":1,"name":"Po\u010detna stranica","item":"https:\/\/gorica.info\/"},{"@type":"ListItem","position":2,"name":"Muke sa ZET-om: Zbog manjka voza\u010da \u010dekali 268-icu \u010ditav sat"}]},{"@type":"WebSite","@id":"https:\/\/gorica.info\/#website","url":"https:\/\/gorica.info\/","name":"Gorica Info","description":"Vijesti iz Velike Gorice i okolice.","publisher":{"@id":"https:\/\/gorica.info\/#organization"},"potentialAction":[{"@type":"SearchAction","target":{"@type":"EntryPoint","urlTemplate":"https:\/\/gorica.info\/?s={search_term_string}"},"query-input":{"@type":"PropertyValueSpecification","valueRequired":true,"valueName":"search_term_string"}}],"inLanguage":"en-US"},{"@type":["Organization","Place","NewsMediaOrganization"],"@id":"https:\/\/gorica.info\/#organization","name":"Gorica Info","url":"https:\/\/gorica.info\/","logo":{"@id":"https:\/\/gorica.info\/goricke-muke-sa-zet-om\/#local-main-organization-logo"},"image":{"@id":"https:\/\/gorica.info\/goricke-muke-sa-zet-om\/#local-main-organization-logo"},"sameAs":["https:\/\/www.facebook.com\/Goricainfo-106005144489262","https:\/\/x.com\/GoricaInfo","https:\/\/www.instagram.com\/gorica.info\/"],"address":{"@id":"https:\/\/gorica.info\/goricke-muke-sa-zet-om\/#local-main-place-address"},"telephone":[],"openingHoursSpecification":[{"@type":"OpeningHoursSpecification","dayOfWeek":["Monday","Tuesday","Wednesday","Thursday","Friday","Saturday","Sunday"],"opens":"09:00","closes":"17:00"}],"email":"redakcija@gorica.info"},{"@type":"Person","@id":"https:\/\/gorica.info\/#\/schema\/person\/4499af1f22f322670b9b5977ccc2e3de","name":"Gorica. info","description":"Gorica.info je lokalni portal koji prati Veliku Goricu i okolici, svakodnevno donosi najnovije vijesti i pri\u010de, kulturna doga\u0111anja i aktualnosti koje oblikuju \u017eivot gra\u0111ana.","url":"https:\/\/gorica.info\/en\/author\/gorica-info\/"},{"@type":"PostalAddress","@id":"https:\/\/gorica.info\/goricke-muke-sa-zet-om\/#local-main-place-address","streetAddress":"Horvatova 97","addressLocality":"Velika Gorica","postalCode":"10410","addressRegion":"Croatia","addressCountry":"HR"},{"@type":"ImageObject","inLanguage":"en-US","@id":"https:\/\/gorica.info\/goricke-muke-sa-zet-om\/#local-main-organization-logo","url":"https:\/\/gorica.info\/wp-content\/uploads\/2024\/07\/Gorica-Info-Logo-mali.png","contentUrl":"https:\/\/gorica.info\/wp-content\/uploads\/2024\/07\/Gorica-Info-Logo-mali.png","width":450,"height":85,"caption":"Gorica Info"}]},"geo.placename":"Velika Gorica","geo.region":"Croatia"},"_links":{"self":[{"href":"https:\/\/gorica.info\/en\/wp-json\/wp\/v2\/posts\/75897","targetHints":{"allow":["GET"]}}],"collection":[{"href":"https:\/\/gorica.info\/en\/wp-json\/wp\/v2\/posts"}],"about":[{"href":"https:\/\/gorica.info\/en\/wp-json\/wp\/v2\/types\/post"}],"author":[{"embeddable":true,"href":"https:\/\/gorica.info\/en\/wp-json\/wp\/v2\/users\/23"}],"replies":[{"embeddable":true,"href":"https:\/\/gorica.info\/en\/wp-json\/wp\/v2\/comments?post=75897"}],"version-history":[{"count":6,"href":"https:\/\/gorica.info\/en\/wp-json\/wp\/v2\/posts\/75897\/revisions"}],"predecessor-version":[{"id":75905,"href":"https:\/\/gorica.info\/en\/wp-json\/wp\/v2\/posts\/75897\/revisions\/75905"}],"wp:featuredmedia":[{"embeddable":true,"href":"https:\/\/gorica.info\/en\/wp-json\/wp\/v2\/media\/63579"}],"wp:attachment":[{"href":"https:\/\/gorica.info\/en\/wp-json\/wp\/v2\/media?parent=75897"}],"wp:term":[{"taxonomy":"category","embeddable":true,"href":"https:\/\/gorica.info\/en\/wp-json\/wp\/v2\/categories?post=75897"},{"taxonomy":"post_tag","embeddable":true,"href":"https:\/\/gorica.info\/en\/wp-json\/wp\/v2\/tags?post=75897"}],"curies":[{"name":"wp","href":"https:\/\/api.w.org\/{rel}","templated":true}]}}