{"id":76130,"date":"2024-09-11T08:43:59","date_gmt":"2024-09-11T06:43:59","guid":{"rendered":"https:\/\/gorica.info\/?p=76130"},"modified":"2024-09-11T13:18:31","modified_gmt":"2024-09-11T11:18:31","slug":"musko-odjeljenje-dvd-a-ribnica-ide-na-drzavno-natjecanje","status":"publish","type":"post","link":"https:\/\/gorica.info\/en\/musko-odjeljenje-dvd-a-ribnica-ide-na-drzavno-natjecanje\/","title":{"rendered":"Mu\u0161ko odjeljenje DVD-a Ribnica ide na Dr\u017eavno natjecanje"},"content":{"rendered":"<p class=\"has-medium-font-size\">Na <strong>\u017dupanijskom vatrogasnom natjecanju<\/strong> za djecu i mlade\u017e sudjelovali su gori\u010dki DVD-ovi. Odlazak na Dr\u017eavno natjecanje uspjelo je izboriti <strong>mu\u0161ko odjeljenje<\/strong> mlade\u017ei <strong>DVD-a Ribnica<\/strong>.<\/p>\n\n\n\n<p class=\"has-medium-font-size\">Vatrogasna odjeljenja DVD-a Gornji Desinec u \u017eenskoj konkurenciji i DVD-a Ostrna&nbsp; u mu\u0161koj osvojila su prvo mjesto na \u017eupanijskom natjecanju vatrogasne mlade\u017ei odr\u017eanom u Rugvici.<\/p>\n\n\n\n<figure class=\"wp-block-image size-large\"><img fetchpriority=\"high\" decoding=\"async\" width=\"1024\" height=\"768\" src=\"https:\/\/gorica.info\/wp-content\/uploads\/2024\/09\/dvd-ribnica-mladez1-1024x768.jpg\" alt=\"mu\u0161ka odjeljenja \" class=\"wp-image-76133\" srcset=\"https:\/\/gorica.info\/wp-content\/uploads\/2024\/09\/dvd-ribnica-mladez1-1024x768.jpg 1024w, https:\/\/gorica.info\/wp-content\/uploads\/2024\/09\/dvd-ribnica-mladez1-300x225.jpg 300w, https:\/\/gorica.info\/wp-content\/uploads\/2024\/09\/dvd-ribnica-mladez1-768x576.jpg 768w, https:\/\/gorica.info\/wp-content\/uploads\/2024\/09\/dvd-ribnica-mladez1-16x12.jpg 16w, https:\/\/gorica.info\/wp-content\/uploads\/2024\/09\/dvd-ribnica-mladez1-750x562.jpg 750w, https:\/\/gorica.info\/wp-content\/uploads\/2024\/09\/dvd-ribnica-mladez1.jpg 1067w\" sizes=\"(max-width: 1024px) 100vw, 1024px\" \/><\/figure>\n\n\n\n<p class=\"has-medium-font-size\">Uz njih, na dr\u017eavno natjecanje plasirale su se i \u017eenska odjeljenja vatrogasne mlade\u017ei DVD-a Ostrna i Rakitje te mu\u0161ka odjeljenja <strong>DVD-a Petrovina<\/strong> i <a href=\"https:\/\/www.facebook.com\/DVDPetrovina?locale=hr_HR\">DVD-a Ribnica<\/a>.<\/p>\n\n\n\n<p class=\"has-medium-font-size\">Najbolji u kategoriji djece, uzrasta od 6 do 12 godina, bili su \u017eenska odjeljenja DVD-a Pavu\u010dnjak, <strong><a href=\"https:\/\/gorica.info\/en\/mladi-vatrogasci-iz-dvd-a-ribnica-idu-na-vatrogasnu-olimpijadu\/\">DVD-a Ribnica<\/a><\/strong> i <strong>DVD-a Bu\u0161evec&nbsp;<\/strong>te mu\u0161ka odjeljenja <strong>DVD-a Velika Buna 1<\/strong>,&nbsp; DVD-a Tu\u010denik i DVD-a Volavje.<\/p>\n\n\n\n<figure class=\"wp-block-image size-full\"><img decoding=\"async\" width=\"994\" height=\"800\" src=\"https:\/\/gorica.info\/wp-content\/uploads\/2024\/09\/dvd-busevec-mladez-trece-mjesto.jpg\" alt=\"mu\u0161ka odjeljenja \" class=\"wp-image-76132\" srcset=\"https:\/\/gorica.info\/wp-content\/uploads\/2024\/09\/dvd-busevec-mladez-trece-mjesto.jpg 994w, https:\/\/gorica.info\/wp-content\/uploads\/2024\/09\/dvd-busevec-mladez-trece-mjesto-300x241.jpg 300w, https:\/\/gorica.info\/wp-content\/uploads\/2024\/09\/dvd-busevec-mladez-trece-mjesto-768x618.jpg 768w, https:\/\/gorica.info\/wp-content\/uploads\/2024\/09\/dvd-busevec-mladez-trece-mjesto-15x12.jpg 15w, https:\/\/gorica.info\/wp-content\/uploads\/2024\/09\/dvd-busevec-mladez-trece-mjesto-750x604.jpg 750w\" sizes=\"(max-width: 994px) 100vw, 994px\" \/><\/figure>\n\n\n\n<p class=\"has-medium-font-size\"><\/p>\n\n\n\n<p class=\"has-medium-font-size\"><\/p>\n\n\n\n<p class=\"has-medium-font-size\">Za nas je ovo vrlo va\u017eno natjecanje, jer na razini Hrvatske u ovom uzrastu na\u0161e ekipe su me\u0111u najboljima u Hrvatskoj &#8211; istaknuo je zapovjednik Vatrogasne zajednice Zagreba\u010dke \u017eupanije<strong> Dario Kezeri\u0107<\/strong>.<\/p>\n\n\n\n<figure class=\"wp-block-image size-large\"><img decoding=\"async\" width=\"1024\" height=\"766\" src=\"https:\/\/gorica.info\/wp-content\/uploads\/2024\/09\/dvd-velika-buna-djeca-prvo-mjesto-1024x766.jpg\" alt=\"mu\u0161ka odjeljenja \" class=\"wp-image-76134\" srcset=\"https:\/\/gorica.info\/wp-content\/uploads\/2024\/09\/dvd-velika-buna-djeca-prvo-mjesto-1024x766.jpg 1024w, https:\/\/gorica.info\/wp-content\/uploads\/2024\/09\/dvd-velika-buna-djeca-prvo-mjesto-300x224.jpg 300w, https:\/\/gorica.info\/wp-content\/uploads\/2024\/09\/dvd-velika-buna-djeca-prvo-mjesto-768x575.jpg 768w, https:\/\/gorica.info\/wp-content\/uploads\/2024\/09\/dvd-velika-buna-djeca-prvo-mjesto-16x12.jpg 16w, https:\/\/gorica.info\/wp-content\/uploads\/2024\/09\/dvd-velika-buna-djeca-prvo-mjesto-750x561.jpg 750w, https:\/\/gorica.info\/wp-content\/uploads\/2024\/09\/dvd-velika-buna-djeca-prvo-mjesto.jpg 1069w\" sizes=\"(max-width: 1024px) 100vw, 1024px\" \/><\/figure>\n\n\n\n<figure class=\"wp-block-image size-large\"><img loading=\"lazy\" decoding=\"async\" width=\"1024\" height=\"768\" src=\"https:\/\/gorica.info\/wp-content\/uploads\/2024\/09\/dvd-ribnica-djeca-drugo-mjesto-1024x768.jpg\" alt=\"mu\u0161ka odjeljenja \" class=\"wp-image-76136\" srcset=\"https:\/\/gorica.info\/wp-content\/uploads\/2024\/09\/dvd-ribnica-djeca-drugo-mjesto-1024x768.jpg 1024w, https:\/\/gorica.info\/wp-content\/uploads\/2024\/09\/dvd-ribnica-djeca-drugo-mjesto-300x225.jpg 300w, https:\/\/gorica.info\/wp-content\/uploads\/2024\/09\/dvd-ribnica-djeca-drugo-mjesto-768x576.jpg 768w, https:\/\/gorica.info\/wp-content\/uploads\/2024\/09\/dvd-ribnica-djeca-drugo-mjesto-16x12.jpg 16w, https:\/\/gorica.info\/wp-content\/uploads\/2024\/09\/dvd-ribnica-djeca-drugo-mjesto-750x562.jpg 750w, https:\/\/gorica.info\/wp-content\/uploads\/2024\/09\/dvd-ribnica-djeca-drugo-mjesto.jpg 1067w\" sizes=\"(max-width: 1024px) 100vw, 1024px\" \/><\/figure>","protected":false},"excerpt":{"rendered":"<p>Na \u017dupanijskom vatrogasnom natjecanju za djecu i mlade\u017e sudjelovali su gori\u010dki DVD-ovi. Odlazak na Dr\u017eavno natjecanje uspjelo je izboriti mu\u0161ko odjeljenje mlade\u017ei DVD-a Ribnica. Vatrogasna odjeljenja DVD-a Gornji Desinec u \u017eenskoj konkurenciji i DVD-a Ostrna&nbsp; u mu\u0161koj osvojila su prvo mjesto na \u017eupanijskom natjecanju vatrogasne mlade\u017ei odr\u017eanom u Rugvici. Uz njih, na dr\u017eavno natjecanje plasirale [&hellip;]<\/p>\n","protected":false},"author":25,"featured_media":76133,"comment_status":"closed","ping_status":"closed","sticky":false,"template":"","format":"standard","meta":{"limit_modified_date":"","last_modified_date":"","jnews-multi-image_gallery":[],"jnews_single_post":{"format":"standard"},"jnews_primary_category":[],"jnews_override_counter":[],"footnotes":""},"categories":[87],"tags":[4755,14198,14197,6407,10073],"class_list":["post-76130","post","type-post","status-publish","format-standard","has-post-thumbnail","hentry","category-gorica","tag-drzavno-natjecanje","tag-dvd-busevec","tag-dvd-petrovina","tag-dvd-ribnica","tag-zupanijsko-vatrogasno-natjecanje"],"yoast_head":"<!-- This site is optimized with the Yoast SEO Premium plugin v27.4 (Yoast SEO v27.4) - https:\/\/yoast.com\/product\/yoast-seo-premium-wordpress\/ -->\n<title>Mu\u0161ko odjeljenje DVD-a Ribnica ide na Dr\u017eavno natjecanje - Gorica Info<\/title>\n<meta name=\"description\" content=\"Mu\u0161ka odjeljenja DVD-a Petrovina i Ribnica osigurala odlazak na dr\u017eavno natjecanje koje \u0107e se odr\u017eati sljede\u0107e godine.\" \/>\n<meta name=\"robots\" content=\"index, follow, max-snippet:-1, max-image-preview:large, max-video-preview:-1\" \/>\n<link rel=\"canonical\" href=\"https:\/\/gorica.info\/en\/musko-odjeljenje-dvd-a-ribnica-ide-na-drzavno-natjecanje\/\" \/>\n<meta property=\"og:locale\" content=\"en_US\" \/>\n<meta property=\"og:type\" content=\"article\" \/>\n<meta property=\"og:title\" content=\"Mu\u0161ko odjeljenje DVD-a Ribnica ide na Dr\u017eavno natjecanje\" \/>\n<meta property=\"og:description\" content=\"Mu\u0161ka odjeljenja DVD-a Petrovina i Ribnica osigurala odlazak na dr\u017eavno natjecanje koje \u0107e se odr\u017eati sljede\u0107e godine.\" \/>\n<meta property=\"og:url\" content=\"https:\/\/gorica.info\/en\/musko-odjeljenje-dvd-a-ribnica-ide-na-drzavno-natjecanje\/\" \/>\n<meta property=\"og:site_name\" content=\"Gorica Info\" \/>\n<meta property=\"article:publisher\" content=\"https:\/\/www.facebook.com\/Goricainfo-106005144489262\" \/>\n<meta property=\"article:published_time\" content=\"2024-09-11T06:43:59+00:00\" \/>\n<meta property=\"article:modified_time\" content=\"2024-09-11T11:18:31+00:00\" \/>\n<meta property=\"og:image\" content=\"https:\/\/gorica.info\/wp-content\/uploads\/2024\/09\/dvd-ribnica-mladez1.jpg\" \/>\n\t<meta property=\"og:image:width\" content=\"1067\" \/>\n\t<meta property=\"og:image:height\" content=\"800\" \/>\n\t<meta property=\"og:image:type\" content=\"image\/jpeg\" \/>\n<meta name=\"author\" content=\"Marta Horvat\" \/>\n<meta name=\"twitter:card\" content=\"summary_large_image\" \/>\n<meta name=\"twitter:creator\" content=\"@GoricaInfo\" \/>\n<meta name=\"twitter:site\" content=\"@GoricaInfo\" \/>\n<meta name=\"twitter:label1\" content=\"Written by\" \/>\n\t<meta name=\"twitter:data1\" content=\"Marta Horvat\" \/>\n\t<meta name=\"twitter:label2\" content=\"Est. reading time\" \/>\n\t<meta name=\"twitter:data2\" content=\"2 minutes\" \/>\n<meta name=\"geo.placename\" content=\"Velika Gorica\" \/>\n<meta name=\"geo.region\" content=\"Croatia\" \/>\n<!-- \/ Yoast SEO Premium plugin. -->","yoast_head_json":{"title":"Mu\u0161ko odjeljenje DVD-a Ribnica ide na Dr\u017eavno natjecanje - Gorica Info","description":"Mu\u0161ka odjeljenja DVD-a Petrovina i Ribnica osigurala odlazak na dr\u017eavno natjecanje koje \u0107e se odr\u017eati sljede\u0107e godine.","robots":{"index":"index","follow":"follow","max-snippet":"max-snippet:-1","max-image-preview":"max-image-preview:large","max-video-preview":"max-video-preview:-1"},"canonical":"https:\/\/gorica.info\/en\/musko-odjeljenje-dvd-a-ribnica-ide-na-drzavno-natjecanje\/","og_locale":"en_US","og_type":"article","og_title":"Mu\u0161ko odjeljenje DVD-a Ribnica ide na Dr\u017eavno natjecanje","og_description":"Mu\u0161ka odjeljenja DVD-a Petrovina i Ribnica osigurala odlazak na dr\u017eavno natjecanje koje \u0107e se odr\u017eati sljede\u0107e godine.","og_url":"https:\/\/gorica.info\/en\/musko-odjeljenje-dvd-a-ribnica-ide-na-drzavno-natjecanje\/","og_site_name":"Gorica Info","article_publisher":"https:\/\/www.facebook.com\/Goricainfo-106005144489262","article_published_time":"2024-09-11T06:43:59+00:00","article_modified_time":"2024-09-11T11:18:31+00:00","og_image":[{"width":1067,"height":800,"url":"https:\/\/gorica.info\/wp-content\/uploads\/2024\/09\/dvd-ribnica-mladez1.jpg","type":"image\/jpeg"}],"author":"Marta Horvat","twitter_card":"summary_large_image","twitter_creator":"@GoricaInfo","twitter_site":"@GoricaInfo","twitter_misc":{"Written by":"Marta Horvat","Est. reading time":"2 minutes"},"schema":{"@context":"https:\/\/schema.org","@graph":[{"@type":"NewsArticle","@id":"https:\/\/gorica.info\/musko-odjeljenje-dvd-a-ribnica-ide-na-drzavno-natjecanje\/#article","isPartOf":{"@id":"https:\/\/gorica.info\/musko-odjeljenje-dvd-a-ribnica-ide-na-drzavno-natjecanje\/"},"author":{"name":"Marta Horvat","@id":"https:\/\/gorica.info\/#\/schema\/person\/b2df2f6fb2a9073c0fa5af2672befd52"},"headline":"Mu\u0161ko odjeljenje DVD-a Ribnica ide na Dr\u017eavno natjecanje","datePublished":"2024-09-11T06:43:59+00:00","dateModified":"2024-09-11T11:18:31+00:00","mainEntityOfPage":{"@id":"https:\/\/gorica.info\/musko-odjeljenje-dvd-a-ribnica-ide-na-drzavno-natjecanje\/"},"wordCount":166,"publisher":{"@id":"https:\/\/gorica.info\/#organization"},"image":{"@id":"https:\/\/gorica.info\/musko-odjeljenje-dvd-a-ribnica-ide-na-drzavno-natjecanje\/#primaryimage"},"thumbnailUrl":"https:\/\/gorica.info\/wp-content\/uploads\/2024\/09\/dvd-ribnica-mladez1.jpg","keywords":["dr\u017eavno natjecanje","dvd bu\u0161evec","dvd petrovina","dvd ribnica","\u017eupanijsko vatrogasno natjecanje"],"articleSection":["GORICA"],"inLanguage":"en-US","copyrightYear":"2024","copyrightHolder":{"@id":"https:\/\/gorica.info\/en\/#organization"}},{"@type":"WebPage","@id":"https:\/\/gorica.info\/musko-odjeljenje-dvd-a-ribnica-ide-na-drzavno-natjecanje\/","url":"https:\/\/gorica.info\/musko-odjeljenje-dvd-a-ribnica-ide-na-drzavno-natjecanje\/","name":"Mu\u0161ko odjeljenje DVD-a Ribnica ide na Dr\u017eavno natjecanje - Gorica Info","isPartOf":{"@id":"https:\/\/gorica.info\/#website"},"primaryImageOfPage":{"@id":"https:\/\/gorica.info\/musko-odjeljenje-dvd-a-ribnica-ide-na-drzavno-natjecanje\/#primaryimage"},"image":{"@id":"https:\/\/gorica.info\/musko-odjeljenje-dvd-a-ribnica-ide-na-drzavno-natjecanje\/#primaryimage"},"thumbnailUrl":"https:\/\/gorica.info\/wp-content\/uploads\/2024\/09\/dvd-ribnica-mladez1.jpg","datePublished":"2024-09-11T06:43:59+00:00","dateModified":"2024-09-11T11:18:31+00:00","description":"Mu\u0161ka odjeljenja DVD-a Petrovina i Ribnica osigurala odlazak na dr\u017eavno natjecanje koje \u0107e se odr\u017eati sljede\u0107e godine.","breadcrumb":{"@id":"https:\/\/gorica.info\/musko-odjeljenje-dvd-a-ribnica-ide-na-drzavno-natjecanje\/#breadcrumb"},"inLanguage":"en-US","potentialAction":[{"@type":"ReadAction","target":["https:\/\/gorica.info\/musko-odjeljenje-dvd-a-ribnica-ide-na-drzavno-natjecanje\/"]}]},{"@type":"ImageObject","inLanguage":"en-US","@id":"https:\/\/gorica.info\/musko-odjeljenje-dvd-a-ribnica-ide-na-drzavno-natjecanje\/#primaryimage","url":"https:\/\/gorica.info\/wp-content\/uploads\/2024\/09\/dvd-ribnica-mladez1.jpg","contentUrl":"https:\/\/gorica.info\/wp-content\/uploads\/2024\/09\/dvd-ribnica-mladez1.jpg","width":1067,"height":800,"caption":"odjeljenje"},{"@type":"BreadcrumbList","@id":"https:\/\/gorica.info\/musko-odjeljenje-dvd-a-ribnica-ide-na-drzavno-natjecanje\/#breadcrumb","itemListElement":[{"@type":"ListItem","position":1,"name":"Po\u010detna stranica","item":"https:\/\/gorica.info\/"},{"@type":"ListItem","position":2,"name":"Mu\u0161ko odjeljenje DVD-a Ribnica ide na Dr\u017eavno natjecanje"}]},{"@type":"WebSite","@id":"https:\/\/gorica.info\/#website","url":"https:\/\/gorica.info\/","name":"Gorica Info","description":"Vijesti iz Velike Gorice i okolice.","publisher":{"@id":"https:\/\/gorica.info\/#organization"},"potentialAction":[{"@type":"SearchAction","target":{"@type":"EntryPoint","urlTemplate":"https:\/\/gorica.info\/?s={search_term_string}"},"query-input":{"@type":"PropertyValueSpecification","valueRequired":true,"valueName":"search_term_string"}}],"inLanguage":"en-US"},{"@type":["Organization","Place","NewsMediaOrganization"],"@id":"https:\/\/gorica.info\/#organization","name":"Gorica Info","url":"https:\/\/gorica.info\/","logo":{"@id":"https:\/\/gorica.info\/musko-odjeljenje-dvd-a-ribnica-ide-na-drzavno-natjecanje\/#local-main-organization-logo"},"image":{"@id":"https:\/\/gorica.info\/musko-odjeljenje-dvd-a-ribnica-ide-na-drzavno-natjecanje\/#local-main-organization-logo"},"sameAs":["https:\/\/www.facebook.com\/Goricainfo-106005144489262","https:\/\/x.com\/GoricaInfo","https:\/\/www.instagram.com\/gorica.info\/"],"address":{"@id":"https:\/\/gorica.info\/musko-odjeljenje-dvd-a-ribnica-ide-na-drzavno-natjecanje\/#local-main-place-address"},"telephone":[],"openingHoursSpecification":[{"@type":"OpeningHoursSpecification","dayOfWeek":["Monday","Tuesday","Wednesday","Thursday","Friday","Saturday","Sunday"],"opens":"09:00","closes":"17:00"}],"email":"redakcija@gorica.info"},{"@type":"Person","@id":"https:\/\/gorica.info\/#\/schema\/person\/b2df2f6fb2a9073c0fa5af2672befd52","name":"Marta Horvat","description":"Marta Horvat je studentica koja redovito pi\u0161e za portal, prati sva gradska doga\u0111anja i u\u017eiva isprobavati nove recept koje dijeli s na\u0161im \u010ditateljima.","url":"https:\/\/gorica.info\/en\/author\/marta-horvat\/"},{"@type":"PostalAddress","@id":"https:\/\/gorica.info\/musko-odjeljenje-dvd-a-ribnica-ide-na-drzavno-natjecanje\/#local-main-place-address","streetAddress":"Horvatova 97","addressLocality":"Velika Gorica","postalCode":"10410","addressRegion":"Croatia","addressCountry":"HR"},{"@type":"ImageObject","inLanguage":"en-US","@id":"https:\/\/gorica.info\/musko-odjeljenje-dvd-a-ribnica-ide-na-drzavno-natjecanje\/#local-main-organization-logo","url":"https:\/\/gorica.info\/wp-content\/uploads\/2024\/07\/Gorica-Info-Logo-mali.png","contentUrl":"https:\/\/gorica.info\/wp-content\/uploads\/2024\/07\/Gorica-Info-Logo-mali.png","width":450,"height":85,"caption":"Gorica Info"}]},"geo.placename":"Velika Gorica","geo.region":"Croatia"},"_links":{"self":[{"href":"https:\/\/gorica.info\/en\/wp-json\/wp\/v2\/posts\/76130","targetHints":{"allow":["GET"]}}],"collection":[{"href":"https:\/\/gorica.info\/en\/wp-json\/wp\/v2\/posts"}],"about":[{"href":"https:\/\/gorica.info\/en\/wp-json\/wp\/v2\/types\/post"}],"author":[{"embeddable":true,"href":"https:\/\/gorica.info\/en\/wp-json\/wp\/v2\/users\/25"}],"replies":[{"embeddable":true,"href":"https:\/\/gorica.info\/en\/wp-json\/wp\/v2\/comments?post=76130"}],"version-history":[{"count":7,"href":"https:\/\/gorica.info\/en\/wp-json\/wp\/v2\/posts\/76130\/revisions"}],"predecessor-version":[{"id":76153,"href":"https:\/\/gorica.info\/en\/wp-json\/wp\/v2\/posts\/76130\/revisions\/76153"}],"wp:featuredmedia":[{"embeddable":true,"href":"https:\/\/gorica.info\/en\/wp-json\/wp\/v2\/media\/76133"}],"wp:attachment":[{"href":"https:\/\/gorica.info\/en\/wp-json\/wp\/v2\/media?parent=76130"}],"wp:term":[{"taxonomy":"category","embeddable":true,"href":"https:\/\/gorica.info\/en\/wp-json\/wp\/v2\/categories?post=76130"},{"taxonomy":"post_tag","embeddable":true,"href":"https:\/\/gorica.info\/en\/wp-json\/wp\/v2\/tags?post=76130"}],"curies":[{"name":"wp","href":"https:\/\/api.w.org\/{rel}","templated":true}]}}