{"id":76227,"date":"2024-09-13T07:52:21","date_gmt":"2024-09-13T05:52:21","guid":{"rendered":"https:\/\/gorica.info\/?p=76227"},"modified":"2024-09-13T07:52:52","modified_gmt":"2024-09-13T05:52:52","slug":"upravo-se-dogodila-nesreca-na-starom-aerodromu-auto-udario-u-stup","status":"publish","type":"post","link":"https:\/\/gorica.info\/en\/upravo-se-dogodila-nesreca-na-starom-aerodromu-auto-udario-u-stup\/","title":{"rendered":"Upravo se dogodila nesre\u0107a na starom aerodromu: Auto udario u stup"},"content":{"rendered":"<p class=\"has-medium-font-size\"><strong>Skliska cesta<\/strong>, ki\u0161a i brzina, vjerojatno su uzrok prometne nesre\u0107e koja se jutros dogodila na starom dijelu aerodroma kod ulaza s<strong> Plesa<\/strong>. Kako nam je javio \u010ditatelj <strong>osobni automobil<\/strong> udario je u <strong>stup<\/strong>.<\/p>\n\n\n\n<p class=\"has-medium-font-size\">Stigla je <a href=\"https:\/\/gorica.info\/en\/na-starom-aerodromu-izletio-s-ceste-i-udario-u-dva-parkirana-automobila\/\">policija<\/a>, u tijeku je o\u010devid. Kako se \u010dini sre\u0107om nitko nije ozlije\u0111en.<\/p>\n\n\n\n<figure class=\"wp-block-image size-large\"><img fetchpriority=\"high\" decoding=\"async\" width=\"1024\" height=\"777\" src=\"https:\/\/gorica.info\/wp-content\/uploads\/2024\/09\/prometna-nesreca-pleso-stup-1024x777.jpg\" alt=\"\" class=\"wp-image-76228\" srcset=\"https:\/\/gorica.info\/wp-content\/uploads\/2024\/09\/prometna-nesreca-pleso-stup-1024x777.jpg 1024w, https:\/\/gorica.info\/wp-content\/uploads\/2024\/09\/prometna-nesreca-pleso-stup-300x228.jpg 300w, https:\/\/gorica.info\/wp-content\/uploads\/2024\/09\/prometna-nesreca-pleso-stup-768x583.jpg 768w, https:\/\/gorica.info\/wp-content\/uploads\/2024\/09\/prometna-nesreca-pleso-stup-16x12.jpg 16w, https:\/\/gorica.info\/wp-content\/uploads\/2024\/09\/prometna-nesreca-pleso-stup-750x569.jpg 750w, https:\/\/gorica.info\/wp-content\/uploads\/2024\/09\/prometna-nesreca-pleso-stup.jpg 1054w\" sizes=\"(max-width: 1024px) 100vw, 1024px\" \/><\/figure>\n\n\n\n<p class=\"has-medium-font-size\">Iz Hrvatskog autokluba upozoravaju voza\u010de da <strong>oprezno i polako voze<\/strong>.<\/p>\n\n\n\n<p class=\"has-medium-font-size\">Kolnici su mokri ili samo vla\u017eni i skliski u ve\u0107em dijelu zemlje. Mogu\u0107i su odroni. Zbog povremeno jakih pljuskova ki\u0161e mogu\u0107e je nai\u0107i na ve\u0107u koli\u010dinu vode koja se zadr\u017eava na kolniku, ka\u017eu iz <a href=\"https:\/\/www.hak.hr\/info\/stanje-na-cestama\/#prohodnost-cesta\">HAK-a<\/a>.<\/p>","protected":false},"excerpt":{"rendered":"<p>Skliska cesta, ki\u0161a i brzina, vjerojatno su uzrok prometne nesre\u0107e koja se jutros dogodila na starom dijelu aerodroma kod ulaza s Plesa. Kako nam je javio \u010ditatelj osobni automobil udario je u stup. Stigla je policija, u tijeku je o\u010devid. Kako se \u010dini sre\u0107om nitko nije ozlije\u0111en. Iz Hrvatskog autokluba upozoravaju voza\u010de da oprezno i [&hellip;]<\/p>\n","protected":false},"author":23,"featured_media":76229,"comment_status":"closed","ping_status":"closed","sticky":false,"template":"","format":"standard","meta":{"limit_modified_date":"","last_modified_date":"","jnews-multi-image_gallery":[],"jnews_single_post":{"format":"standard"},"jnews_primary_category":[],"jnews_override_counter":[],"footnotes":""},"categories":[96],"tags":[519,1017,2986,266,14239,14240,13719,545],"class_list":["post-76227","post","type-post","status-publish","format-standard","has-post-thumbnail","hentry","category-vijesti","tag-nesreca","tag-ocevid","tag-pleso","tag-policija","tag-skliska-cesta","tag-stari-aerodrom","tag-udario-u-stup","tag-vozaci"],"yoast_head":"<!-- This site is optimized with the Yoast SEO Premium plugin v27.4 (Yoast SEO v27.4) - https:\/\/yoast.com\/product\/yoast-seo-premium-wordpress\/ -->\n<title>Upravo se dogodila nesre\u0107a na starom aerodromu: Auto udario u stup - Gorica Info<\/title>\n<meta name=\"description\" content=\"Upravo se dogodila nesre\u0107a na starom aerodromu: Auto udario u stup. Iz HAK-a pozivaju voza\u010de da pa\u017eljivo voze zbog ki\u0161e i skliskih cesta.\" \/>\n<meta name=\"robots\" content=\"index, follow, max-snippet:-1, max-image-preview:large, max-video-preview:-1\" \/>\n<link rel=\"canonical\" href=\"https:\/\/gorica.info\/en\/upravo-se-dogodila-nesreca-na-starom-aerodromu-auto-udario-u-stup\/\" \/>\n<meta property=\"og:locale\" content=\"en_US\" \/>\n<meta property=\"og:type\" content=\"article\" \/>\n<meta property=\"og:title\" content=\"Upravo se dogodila nesre\u0107a na starom aerodromu: Auto udario u stup\" \/>\n<meta property=\"og:description\" content=\"Upravo se dogodila nesre\u0107a na starom aerodromu: Auto udario u stup. Iz HAK-a pozivaju voza\u010de da pa\u017eljivo voze zbog ki\u0161e i skliskih cesta.\" \/>\n<meta property=\"og:url\" content=\"https:\/\/gorica.info\/en\/upravo-se-dogodila-nesreca-na-starom-aerodromu-auto-udario-u-stup\/\" \/>\n<meta property=\"og:site_name\" content=\"Gorica Info\" \/>\n<meta property=\"article:publisher\" content=\"https:\/\/www.facebook.com\/Goricainfo-106005144489262\" \/>\n<meta property=\"article:published_time\" content=\"2024-09-13T05:52:21+00:00\" \/>\n<meta property=\"article:modified_time\" content=\"2024-09-13T05:52:52+00:00\" \/>\n<meta property=\"og:image\" content=\"https:\/\/gorica.info\/wp-content\/uploads\/2024\/09\/prometna-nesreca-stup-foto-citatelj.jpg\" \/>\n\t<meta property=\"og:image:width\" content=\"1200\" \/>\n\t<meta property=\"og:image:height\" content=\"710\" \/>\n\t<meta property=\"og:image:type\" content=\"image\/jpeg\" \/>\n<meta name=\"author\" content=\"Gorica. info\" \/>\n<meta name=\"twitter:card\" content=\"summary_large_image\" \/>\n<meta name=\"twitter:creator\" content=\"@GoricaInfo\" \/>\n<meta name=\"twitter:site\" content=\"@GoricaInfo\" \/>\n<meta name=\"twitter:label1\" content=\"Written by\" \/>\n\t<meta name=\"twitter:data1\" content=\"Gorica. info\" \/>\n\t<meta name=\"twitter:label2\" content=\"Est. reading time\" \/>\n\t<meta name=\"twitter:data2\" content=\"1 minute\" \/>\n<meta name=\"geo.placename\" content=\"Velika Gorica\" \/>\n<meta name=\"geo.region\" content=\"Croatia\" \/>\n<!-- \/ Yoast SEO Premium plugin. -->","yoast_head_json":{"title":"Upravo se dogodila nesre\u0107a na starom aerodromu: Auto udario u stup - Gorica Info","description":"Upravo se dogodila nesre\u0107a na starom aerodromu: Auto udario u stup. Iz HAK-a pozivaju voza\u010de da pa\u017eljivo voze zbog ki\u0161e i skliskih cesta.","robots":{"index":"index","follow":"follow","max-snippet":"max-snippet:-1","max-image-preview":"max-image-preview:large","max-video-preview":"max-video-preview:-1"},"canonical":"https:\/\/gorica.info\/en\/upravo-se-dogodila-nesreca-na-starom-aerodromu-auto-udario-u-stup\/","og_locale":"en_US","og_type":"article","og_title":"Upravo se dogodila nesre\u0107a na starom aerodromu: Auto udario u stup","og_description":"Upravo se dogodila nesre\u0107a na starom aerodromu: Auto udario u stup. Iz HAK-a pozivaju voza\u010de da pa\u017eljivo voze zbog ki\u0161e i skliskih cesta.","og_url":"https:\/\/gorica.info\/en\/upravo-se-dogodila-nesreca-na-starom-aerodromu-auto-udario-u-stup\/","og_site_name":"Gorica Info","article_publisher":"https:\/\/www.facebook.com\/Goricainfo-106005144489262","article_published_time":"2024-09-13T05:52:21+00:00","article_modified_time":"2024-09-13T05:52:52+00:00","og_image":[{"width":1200,"height":710,"url":"https:\/\/gorica.info\/wp-content\/uploads\/2024\/09\/prometna-nesreca-stup-foto-citatelj.jpg","type":"image\/jpeg"}],"author":"Gorica. info","twitter_card":"summary_large_image","twitter_creator":"@GoricaInfo","twitter_site":"@GoricaInfo","twitter_misc":{"Written by":"Gorica. info","Est. reading time":"1 minute"},"schema":{"@context":"https:\/\/schema.org","@graph":[{"@type":"NewsArticle","@id":"https:\/\/gorica.info\/upravo-se-dogodila-nesreca-na-starom-aerodromu-auto-udario-u-stup\/#article","isPartOf":{"@id":"https:\/\/gorica.info\/upravo-se-dogodila-nesreca-na-starom-aerodromu-auto-udario-u-stup\/"},"author":{"name":"Gorica. info","@id":"https:\/\/gorica.info\/#\/schema\/person\/4499af1f22f322670b9b5977ccc2e3de"},"headline":"Upravo se dogodila nesre\u0107a na starom aerodromu: Auto udario u stup","datePublished":"2024-09-13T05:52:21+00:00","dateModified":"2024-09-13T05:52:52+00:00","mainEntityOfPage":{"@id":"https:\/\/gorica.info\/upravo-se-dogodila-nesreca-na-starom-aerodromu-auto-udario-u-stup\/"},"wordCount":120,"publisher":{"@id":"https:\/\/gorica.info\/#organization"},"image":{"@id":"https:\/\/gorica.info\/upravo-se-dogodila-nesreca-na-starom-aerodromu-auto-udario-u-stup\/#primaryimage"},"thumbnailUrl":"https:\/\/gorica.info\/wp-content\/uploads\/2024\/09\/prometna-nesreca-stup-foto-citatelj.jpg","keywords":["nesre\u0107a","o\u010devid","pleso","policija","skliska cesta","stari aerodrom","udario u stup","voza\u010di"],"articleSection":["VIJESTI"],"inLanguage":"en-US","copyrightYear":"2024","copyrightHolder":{"@id":"https:\/\/gorica.info\/en\/#organization"}},{"@type":"WebPage","@id":"https:\/\/gorica.info\/upravo-se-dogodila-nesreca-na-starom-aerodromu-auto-udario-u-stup\/","url":"https:\/\/gorica.info\/upravo-se-dogodila-nesreca-na-starom-aerodromu-auto-udario-u-stup\/","name":"Upravo se dogodila nesre\u0107a na starom aerodromu: Auto udario u stup - Gorica Info","isPartOf":{"@id":"https:\/\/gorica.info\/#website"},"primaryImageOfPage":{"@id":"https:\/\/gorica.info\/upravo-se-dogodila-nesreca-na-starom-aerodromu-auto-udario-u-stup\/#primaryimage"},"image":{"@id":"https:\/\/gorica.info\/upravo-se-dogodila-nesreca-na-starom-aerodromu-auto-udario-u-stup\/#primaryimage"},"thumbnailUrl":"https:\/\/gorica.info\/wp-content\/uploads\/2024\/09\/prometna-nesreca-stup-foto-citatelj.jpg","datePublished":"2024-09-13T05:52:21+00:00","dateModified":"2024-09-13T05:52:52+00:00","description":"Upravo se dogodila nesre\u0107a na starom aerodromu: Auto udario u stup. Iz HAK-a pozivaju voza\u010de da pa\u017eljivo voze zbog ki\u0161e i skliskih cesta.","breadcrumb":{"@id":"https:\/\/gorica.info\/upravo-se-dogodila-nesreca-na-starom-aerodromu-auto-udario-u-stup\/#breadcrumb"},"inLanguage":"en-US","potentialAction":[{"@type":"ReadAction","target":["https:\/\/gorica.info\/upravo-se-dogodila-nesreca-na-starom-aerodromu-auto-udario-u-stup\/"]}]},{"@type":"ImageObject","inLanguage":"en-US","@id":"https:\/\/gorica.info\/upravo-se-dogodila-nesreca-na-starom-aerodromu-auto-udario-u-stup\/#primaryimage","url":"https:\/\/gorica.info\/wp-content\/uploads\/2024\/09\/prometna-nesreca-stup-foto-citatelj.jpg","contentUrl":"https:\/\/gorica.info\/wp-content\/uploads\/2024\/09\/prometna-nesreca-stup-foto-citatelj.jpg","width":1100,"height":651,"caption":"Foto: \u010citatelj"},{"@type":"BreadcrumbList","@id":"https:\/\/gorica.info\/upravo-se-dogodila-nesreca-na-starom-aerodromu-auto-udario-u-stup\/#breadcrumb","itemListElement":[{"@type":"ListItem","position":1,"name":"Po\u010detna stranica","item":"https:\/\/gorica.info\/"},{"@type":"ListItem","position":2,"name":"Upravo se dogodila nesre\u0107a na starom aerodromu: Auto udario u stup"}]},{"@type":"WebSite","@id":"https:\/\/gorica.info\/#website","url":"https:\/\/gorica.info\/","name":"Gorica Info","description":"Vijesti iz Velike Gorice i okolice.","publisher":{"@id":"https:\/\/gorica.info\/#organization"},"potentialAction":[{"@type":"SearchAction","target":{"@type":"EntryPoint","urlTemplate":"https:\/\/gorica.info\/?s={search_term_string}"},"query-input":{"@type":"PropertyValueSpecification","valueRequired":true,"valueName":"search_term_string"}}],"inLanguage":"en-US"},{"@type":["Organization","Place","NewsMediaOrganization"],"@id":"https:\/\/gorica.info\/#organization","name":"Gorica Info","url":"https:\/\/gorica.info\/","logo":{"@id":"https:\/\/gorica.info\/upravo-se-dogodila-nesreca-na-starom-aerodromu-auto-udario-u-stup\/#local-main-organization-logo"},"image":{"@id":"https:\/\/gorica.info\/upravo-se-dogodila-nesreca-na-starom-aerodromu-auto-udario-u-stup\/#local-main-organization-logo"},"sameAs":["https:\/\/www.facebook.com\/Goricainfo-106005144489262","https:\/\/x.com\/GoricaInfo","https:\/\/www.instagram.com\/gorica.info\/"],"address":{"@id":"https:\/\/gorica.info\/upravo-se-dogodila-nesreca-na-starom-aerodromu-auto-udario-u-stup\/#local-main-place-address"},"telephone":[],"openingHoursSpecification":[{"@type":"OpeningHoursSpecification","dayOfWeek":["Monday","Tuesday","Wednesday","Thursday","Friday","Saturday","Sunday"],"opens":"09:00","closes":"17:00"}],"email":"redakcija@gorica.info"},{"@type":"Person","@id":"https:\/\/gorica.info\/#\/schema\/person\/4499af1f22f322670b9b5977ccc2e3de","name":"Gorica. info","description":"Gorica.info je lokalni portal koji prati Veliku Goricu i okolici, svakodnevno donosi najnovije vijesti i pri\u010de, kulturna doga\u0111anja i aktualnosti koje oblikuju \u017eivot gra\u0111ana.","url":"https:\/\/gorica.info\/en\/author\/gorica-info\/"},{"@type":"PostalAddress","@id":"https:\/\/gorica.info\/upravo-se-dogodila-nesreca-na-starom-aerodromu-auto-udario-u-stup\/#local-main-place-address","streetAddress":"Horvatova 97","addressLocality":"Velika Gorica","postalCode":"10410","addressRegion":"Croatia","addressCountry":"HR"},{"@type":"ImageObject","inLanguage":"en-US","@id":"https:\/\/gorica.info\/upravo-se-dogodila-nesreca-na-starom-aerodromu-auto-udario-u-stup\/#local-main-organization-logo","url":"https:\/\/gorica.info\/wp-content\/uploads\/2024\/07\/Gorica-Info-Logo-mali.png","contentUrl":"https:\/\/gorica.info\/wp-content\/uploads\/2024\/07\/Gorica-Info-Logo-mali.png","width":450,"height":85,"caption":"Gorica Info"}]},"geo.placename":"Velika Gorica","geo.region":"Croatia"},"_links":{"self":[{"href":"https:\/\/gorica.info\/en\/wp-json\/wp\/v2\/posts\/76227","targetHints":{"allow":["GET"]}}],"collection":[{"href":"https:\/\/gorica.info\/en\/wp-json\/wp\/v2\/posts"}],"about":[{"href":"https:\/\/gorica.info\/en\/wp-json\/wp\/v2\/types\/post"}],"author":[{"embeddable":true,"href":"https:\/\/gorica.info\/en\/wp-json\/wp\/v2\/users\/23"}],"replies":[{"embeddable":true,"href":"https:\/\/gorica.info\/en\/wp-json\/wp\/v2\/comments?post=76227"}],"version-history":[{"count":1,"href":"https:\/\/gorica.info\/en\/wp-json\/wp\/v2\/posts\/76227\/revisions"}],"predecessor-version":[{"id":76230,"href":"https:\/\/gorica.info\/en\/wp-json\/wp\/v2\/posts\/76227\/revisions\/76230"}],"wp:featuredmedia":[{"embeddable":true,"href":"https:\/\/gorica.info\/en\/wp-json\/wp\/v2\/media\/76229"}],"wp:attachment":[{"href":"https:\/\/gorica.info\/en\/wp-json\/wp\/v2\/media?parent=76227"}],"wp:term":[{"taxonomy":"category","embeddable":true,"href":"https:\/\/gorica.info\/en\/wp-json\/wp\/v2\/categories?post=76227"},{"taxonomy":"post_tag","embeddable":true,"href":"https:\/\/gorica.info\/en\/wp-json\/wp\/v2\/tags?post=76227"}],"curies":[{"name":"wp","href":"https:\/\/api.w.org\/{rel}","templated":true}]}}