{"id":76384,"date":"2024-09-17T13:39:33","date_gmt":"2024-09-17T11:39:33","guid":{"rendered":"https:\/\/gorica.info\/?p=76384"},"modified":"2024-09-17T13:40:34","modified_gmt":"2024-09-17T11:40:34","slug":"nadbiskupija-razrijesila-svecenika-koji-je-uhicen-sumnjice-ga-za-seksualno-uznemiravanje","status":"publish","type":"post","link":"https:\/\/gorica.info\/en\/nadbiskupija-razrijesila-svecenika-koji-je-uhicen-sumnjice-ga-za-seksualno-uznemiravanje\/","title":{"rendered":"Nadbiskupija razrije\u0161ila sve\u0107enika koji je uhi\u0107en"},"content":{"rendered":"<p class=\"has-medium-font-size\"><strong>Zadarska nadbiskupija<\/strong> razrije\u0161ila je svih slu\u017ebi sve\u0107enika <strong>Darka Maru\u0161i\u0107a<\/strong> nakon \u0161to ga je <strong>policija pritvorila<\/strong> zbog sumnji za <strong>seksualno uznemiravanje<\/strong> jedne <strong>16-godi\u0161njakinje.<\/strong><\/p>\n\n\n\n<p class=\"has-medium-font-size\">Nadle\u017ena policijska uprava obavijestila je <a href=\"https:\/\/gorica.info\/en\/poznati-svecenik-otpusten-iz-klerickog-staleza-nema-se-pravo-zaliti-na-odluku-nadbiskupije\/\">Zadarsku nadbiskupiju<\/a> da provodi izvide nad don Darkom Maru\u0161i\u0107em iz \u017eupe Peru\u0161i\u0107 Benkova\u010dki. Zbog delikatnosti situacije, spomenuti sve\u0107enik razrije\u0161en je svih slu\u017ebi u Nadbiskupiji.<\/p>\n\n\n\n<p class=\"has-medium-font-size\">Da bi se osigurala daljnja pastoralna slu\u017eba za vjernike u \u017eupi Peru\u0161i\u0107, Nadbiskupija je poslala trenutno slobodnog sve\u0107enika da nedjeljom slu\u017ei svetu misu, dok se ne prona\u0111e trajnije rje\u0161enje, izvijestila je Zadarska nadbiskupija. Isti\u010du da <strong>podupiru sve istra\u017ene radnje <\/strong>nadle\u017enih institucija.<\/p>\n\n\n\n<h2 class=\"wp-block-heading\">Zadarska nadbiskupija izra\u017eava suosje\u0107anje i \u017ealjenje<\/h2>\n\n\n\n<p class=\"has-medium-font-size\">&#8211; Svjesni da je i s\u00e2ma osnovana sumnja u po\u010dinjenje kaznenog djela na \u0161tetu maloljetnika od strane sve\u0107enika uvijek te\u017eak udarac mogu\u0107im \u017ertvama, zajednici vjernika i cjelokupnoj Crkvi, ovim putem izra\u017eavamo svoje suosje\u0107anje i \u017ealjenje.<\/p>\n\n\n\n<blockquote class=\"wp-block-quote is-layout-flow wp-block-quote-is-layout-flow\">\n<p class=\"has-medium-font-size\">Poti\u010demo sve osobe koje su ikada pretrpjele bilo kakav <strong>oblik zlostavljanja<\/strong> da se jave nadle\u017enim vlastima \u2013 navodi se u priop\u0107enju <a href=\"https:\/\/www.zadarskanadbiskupija.hr\/priopcenje-zadarske-nadbiskupije\/\">Zadarske nadbiskupije<\/a>.<\/p>\n<\/blockquote>\n\n\n\n<p class=\"has-medium-font-size\">Cijelu pri\u010du otkrio je tjednik<a href=\"https:\/\/www.nacional.hr\/otkrice-davor-bozinovic-okrece-novu-stranicu-u-odnosu-policije-prema-seksualnim-krimenima-svecenika-policija-vise-nece-pomagati-crkvi-da-na-vrijeme-upozori-krivca-i-prikrije-dokaze\/\"> Nacional<\/a> koji je objavio da je pro\u0161lu srijedu, 11. rujna, u ranim poslijepodnevnim satima, Peru\u0161i\u0107 Benkova\u010dki, stigla policija.<\/p>\n\n\n\n<p class=\"has-medium-font-size\">Potom su \u0161estorica policajaca, trojica iz Zadra i trojica iz \u0160ibenika, <strong>pretresla crkvu Uznesenja Bla\u017eene Djevice Marije<\/strong> i \u017eupni ured don Darka Maru\u0161i\u0107a, sve\u0107enika u \u017eupi Peru\u0161i\u0107 Benkova\u010dki. Sve se to dogodilo pred o\u010dima nekoliko mje\u0161tana koji su do\u0161li pred crkvu jer je don Darko, kako ga svi ondje znaju, trebao predvoditi ispra\u0107aj jednog pokojnika, pi\u0161e Nacional.<\/p>\n\n\n\n<p class=\"has-medium-font-size\">Pretresli su crkvu i \u017eupni ured, oduzeli dva kompjutora, laptop, mobitele i USB-ove, a potom ga, pred o\u010dima \u0161okiranih \u017eupljana, odveli u pritvor.<\/p>","protected":false},"excerpt":{"rendered":"<p>Zadarska nadbiskupija razrije\u0161ila je svih slu\u017ebi sve\u0107enika Darka Maru\u0161i\u0107a nakon \u0161to ga je policija pritvorila zbog sumnji za seksualno uznemiravanje jedne 16-godi\u0161njakinje. Nadle\u017ena policijska uprava obavijestila je Zadarsku nadbiskupiju da provodi izvide nad don Darkom Maru\u0161i\u0107em iz \u017eupe Peru\u0161i\u0107 Benkova\u010dki. Zbog delikatnosti situacije, spomenuti sve\u0107enik razrije\u0161en je svih slu\u017ebi u Nadbiskupiji. Da bi se osigurala [&hellip;]<\/p>\n","protected":false},"author":23,"featured_media":76385,"comment_status":"closed","ping_status":"closed","sticky":false,"template":"","format":"standard","meta":{"limit_modified_date":"","last_modified_date":"","jnews-multi-image_gallery":[],"jnews_single_post":{"format":"standard"},"jnews_primary_category":[],"jnews_override_counter":[],"footnotes":""},"categories":[83],"tags":[14288,14287,14285,14286,12848],"class_list":["post-76384","post","type-post","status-publish","format-standard","has-post-thumbnail","hentry","category-drustvo","tag-don-darko-marusic","tag-perusic-benkovacki","tag-razrijesen-svecenik","tag-svecenik-u-pritvoru","tag-zadarska-nadbiskupija"],"yoast_head":"<!-- This site is optimized with the Yoast SEO Premium plugin v27.4 (Yoast SEO v27.4) - https:\/\/yoast.com\/product\/yoast-seo-premium-wordpress\/ -->\n<title>Nadbiskupija razrije\u0161ila sve\u0107enika koji je uhi\u0107en - Gorica Info<\/title>\n<meta name=\"description\" content=\"Zadarska nadbiskupija razrije\u0161ila sve\u0107enika don Darka Maru\u0161i\u0107a koji je uhi\u0107en pro\u0161li tjedan. Policija ga sumnji\u010di za seksualno uznemiravanje\" \/>\n<meta name=\"robots\" content=\"index, follow, max-snippet:-1, max-image-preview:large, max-video-preview:-1\" \/>\n<link rel=\"canonical\" href=\"https:\/\/gorica.info\/en\/nadbiskupija-razrijesila-svecenika-koji-je-uhicen-sumnjice-ga-za-seksualno-uznemiravanje\/\" \/>\n<meta property=\"og:locale\" content=\"en_US\" \/>\n<meta property=\"og:type\" content=\"article\" \/>\n<meta property=\"og:title\" content=\"Nadbiskupija razrije\u0161ila sve\u0107enika koji je uhi\u0107en\" \/>\n<meta property=\"og:description\" content=\"Zadarska nadbiskupija razrije\u0161ila sve\u0107enika don Darka Maru\u0161i\u0107a koji je uhi\u0107en pro\u0161li tjedan. Policija ga sumnji\u010di za seksualno uznemiravanje\" \/>\n<meta property=\"og:url\" content=\"https:\/\/gorica.info\/en\/nadbiskupija-razrijesila-svecenika-koji-je-uhicen-sumnjice-ga-za-seksualno-uznemiravanje\/\" \/>\n<meta property=\"og:site_name\" content=\"Gorica Info\" \/>\n<meta property=\"article:publisher\" content=\"https:\/\/www.facebook.com\/Goricainfo-106005144489262\" \/>\n<meta property=\"article:published_time\" content=\"2024-09-17T11:39:33+00:00\" \/>\n<meta property=\"article:modified_time\" content=\"2024-09-17T11:40:34+00:00\" \/>\n<meta property=\"og:image\" content=\"https:\/\/gorica.info\/wp-content\/uploads\/2024\/09\/policija-vozilo3.jpg\" \/>\n\t<meta property=\"og:image:width\" content=\"750\" \/>\n\t<meta property=\"og:image:height\" content=\"500\" \/>\n\t<meta property=\"og:image:type\" content=\"image\/jpeg\" \/>\n<meta name=\"author\" content=\"Gorica. info\" \/>\n<meta name=\"twitter:card\" content=\"summary_large_image\" \/>\n<meta name=\"twitter:creator\" content=\"@GoricaInfo\" \/>\n<meta name=\"twitter:site\" content=\"@GoricaInfo\" \/>\n<meta name=\"twitter:label1\" content=\"Written by\" \/>\n\t<meta name=\"twitter:data1\" content=\"Gorica. info\" \/>\n\t<meta name=\"twitter:label2\" content=\"Est. reading time\" \/>\n\t<meta name=\"twitter:data2\" content=\"2 minutes\" \/>\n<meta name=\"geo.placename\" content=\"Velika Gorica\" \/>\n<meta name=\"geo.region\" content=\"Croatia\" \/>\n<!-- \/ Yoast SEO Premium plugin. -->","yoast_head_json":{"title":"Nadbiskupija razrije\u0161ila sve\u0107enika koji je uhi\u0107en - Gorica Info","description":"Zadarska nadbiskupija razrije\u0161ila sve\u0107enika don Darka Maru\u0161i\u0107a koji je uhi\u0107en pro\u0161li tjedan. Policija ga sumnji\u010di za seksualno uznemiravanje","robots":{"index":"index","follow":"follow","max-snippet":"max-snippet:-1","max-image-preview":"max-image-preview:large","max-video-preview":"max-video-preview:-1"},"canonical":"https:\/\/gorica.info\/en\/nadbiskupija-razrijesila-svecenika-koji-je-uhicen-sumnjice-ga-za-seksualno-uznemiravanje\/","og_locale":"en_US","og_type":"article","og_title":"Nadbiskupija razrije\u0161ila sve\u0107enika koji je uhi\u0107en","og_description":"Zadarska nadbiskupija razrije\u0161ila sve\u0107enika don Darka Maru\u0161i\u0107a koji je uhi\u0107en pro\u0161li tjedan. Policija ga sumnji\u010di za seksualno uznemiravanje","og_url":"https:\/\/gorica.info\/en\/nadbiskupija-razrijesila-svecenika-koji-je-uhicen-sumnjice-ga-za-seksualno-uznemiravanje\/","og_site_name":"Gorica Info","article_publisher":"https:\/\/www.facebook.com\/Goricainfo-106005144489262","article_published_time":"2024-09-17T11:39:33+00:00","article_modified_time":"2024-09-17T11:40:34+00:00","og_image":[{"width":750,"height":500,"url":"https:\/\/gorica.info\/wp-content\/uploads\/2024\/09\/policija-vozilo3.jpg","type":"image\/jpeg"}],"author":"Gorica. info","twitter_card":"summary_large_image","twitter_creator":"@GoricaInfo","twitter_site":"@GoricaInfo","twitter_misc":{"Written by":"Gorica. info","Est. reading time":"2 minutes"},"schema":{"@context":"https:\/\/schema.org","@graph":[{"@type":"NewsArticle","@id":"https:\/\/gorica.info\/nadbiskupija-razrijesila-svecenika-koji-je-uhicen-sumnjice-ga-za-seksualno-uznemiravanje\/#article","isPartOf":{"@id":"https:\/\/gorica.info\/nadbiskupija-razrijesila-svecenika-koji-je-uhicen-sumnjice-ga-za-seksualno-uznemiravanje\/"},"author":{"name":"Gorica. info","@id":"https:\/\/gorica.info\/#\/schema\/person\/4499af1f22f322670b9b5977ccc2e3de"},"headline":"Nadbiskupija razrije\u0161ila sve\u0107enika koji je uhi\u0107en","datePublished":"2024-09-17T11:39:33+00:00","dateModified":"2024-09-17T11:40:34+00:00","mainEntityOfPage":{"@id":"https:\/\/gorica.info\/nadbiskupija-razrijesila-svecenika-koji-je-uhicen-sumnjice-ga-za-seksualno-uznemiravanje\/"},"wordCount":317,"publisher":{"@id":"https:\/\/gorica.info\/#organization"},"image":{"@id":"https:\/\/gorica.info\/nadbiskupija-razrijesila-svecenika-koji-je-uhicen-sumnjice-ga-za-seksualno-uznemiravanje\/#primaryimage"},"thumbnailUrl":"https:\/\/gorica.info\/wp-content\/uploads\/2024\/09\/policija-vozilo3.jpg","keywords":["don darko maru\u0161i\u0107","peru\u0161i\u0107 benkova\u010dki","razrije\u0161en sve\u0107enik","sve\u0107enik u pritvoru","zadarska nadbiskupija"],"articleSection":["DRU\u0160TVO"],"inLanguage":"en-US","copyrightYear":"2024","copyrightHolder":{"@id":"https:\/\/gorica.info\/en\/#organization"}},{"@type":"WebPage","@id":"https:\/\/gorica.info\/nadbiskupija-razrijesila-svecenika-koji-je-uhicen-sumnjice-ga-za-seksualno-uznemiravanje\/","url":"https:\/\/gorica.info\/nadbiskupija-razrijesila-svecenika-koji-je-uhicen-sumnjice-ga-za-seksualno-uznemiravanje\/","name":"Nadbiskupija razrije\u0161ila sve\u0107enika koji je uhi\u0107en - Gorica Info","isPartOf":{"@id":"https:\/\/gorica.info\/#website"},"primaryImageOfPage":{"@id":"https:\/\/gorica.info\/nadbiskupija-razrijesila-svecenika-koji-je-uhicen-sumnjice-ga-za-seksualno-uznemiravanje\/#primaryimage"},"image":{"@id":"https:\/\/gorica.info\/nadbiskupija-razrijesila-svecenika-koji-je-uhicen-sumnjice-ga-za-seksualno-uznemiravanje\/#primaryimage"},"thumbnailUrl":"https:\/\/gorica.info\/wp-content\/uploads\/2024\/09\/policija-vozilo3.jpg","datePublished":"2024-09-17T11:39:33+00:00","dateModified":"2024-09-17T11:40:34+00:00","description":"Zadarska nadbiskupija razrije\u0161ila sve\u0107enika don Darka Maru\u0161i\u0107a koji je uhi\u0107en pro\u0161li tjedan. Policija ga sumnji\u010di za seksualno uznemiravanje","breadcrumb":{"@id":"https:\/\/gorica.info\/nadbiskupija-razrijesila-svecenika-koji-je-uhicen-sumnjice-ga-za-seksualno-uznemiravanje\/#breadcrumb"},"inLanguage":"en-US","potentialAction":[{"@type":"ReadAction","target":["https:\/\/gorica.info\/nadbiskupija-razrijesila-svecenika-koji-je-uhicen-sumnjice-ga-za-seksualno-uznemiravanje\/"]}]},{"@type":"ImageObject","inLanguage":"en-US","@id":"https:\/\/gorica.info\/nadbiskupija-razrijesila-svecenika-koji-je-uhicen-sumnjice-ga-za-seksualno-uznemiravanje\/#primaryimage","url":"https:\/\/gorica.info\/wp-content\/uploads\/2024\/09\/policija-vozilo3.jpg","contentUrl":"https:\/\/gorica.info\/wp-content\/uploads\/2024\/09\/policija-vozilo3.jpg","width":750,"height":500,"caption":"Foto: Policija"},{"@type":"BreadcrumbList","@id":"https:\/\/gorica.info\/nadbiskupija-razrijesila-svecenika-koji-je-uhicen-sumnjice-ga-za-seksualno-uznemiravanje\/#breadcrumb","itemListElement":[{"@type":"ListItem","position":1,"name":"Po\u010detna stranica","item":"https:\/\/gorica.info\/"},{"@type":"ListItem","position":2,"name":"Nadbiskupija razrije\u0161ila sve\u0107enika koji je uhi\u0107en"}]},{"@type":"WebSite","@id":"https:\/\/gorica.info\/#website","url":"https:\/\/gorica.info\/","name":"Gorica Info","description":"Vijesti iz Velike Gorice i okolice.","publisher":{"@id":"https:\/\/gorica.info\/#organization"},"potentialAction":[{"@type":"SearchAction","target":{"@type":"EntryPoint","urlTemplate":"https:\/\/gorica.info\/?s={search_term_string}"},"query-input":{"@type":"PropertyValueSpecification","valueRequired":true,"valueName":"search_term_string"}}],"inLanguage":"en-US"},{"@type":["Organization","Place","NewsMediaOrganization"],"@id":"https:\/\/gorica.info\/#organization","name":"Gorica Info","url":"https:\/\/gorica.info\/","logo":{"@id":"https:\/\/gorica.info\/nadbiskupija-razrijesila-svecenika-koji-je-uhicen-sumnjice-ga-za-seksualno-uznemiravanje\/#local-main-organization-logo"},"image":{"@id":"https:\/\/gorica.info\/nadbiskupija-razrijesila-svecenika-koji-je-uhicen-sumnjice-ga-za-seksualno-uznemiravanje\/#local-main-organization-logo"},"sameAs":["https:\/\/www.facebook.com\/Goricainfo-106005144489262","https:\/\/x.com\/GoricaInfo","https:\/\/www.instagram.com\/gorica.info\/"],"address":{"@id":"https:\/\/gorica.info\/nadbiskupija-razrijesila-svecenika-koji-je-uhicen-sumnjice-ga-za-seksualno-uznemiravanje\/#local-main-place-address"},"telephone":[],"openingHoursSpecification":[{"@type":"OpeningHoursSpecification","dayOfWeek":["Monday","Tuesday","Wednesday","Thursday","Friday","Saturday","Sunday"],"opens":"09:00","closes":"17:00"}],"email":"redakcija@gorica.info"},{"@type":"Person","@id":"https:\/\/gorica.info\/#\/schema\/person\/4499af1f22f322670b9b5977ccc2e3de","name":"Gorica. info","description":"Gorica.info je lokalni portal koji prati Veliku Goricu i okolici, svakodnevno donosi najnovije vijesti i pri\u010de, kulturna doga\u0111anja i aktualnosti koje oblikuju \u017eivot gra\u0111ana.","url":"https:\/\/gorica.info\/en\/author\/gorica-info\/"},{"@type":"PostalAddress","@id":"https:\/\/gorica.info\/nadbiskupija-razrijesila-svecenika-koji-je-uhicen-sumnjice-ga-za-seksualno-uznemiravanje\/#local-main-place-address","streetAddress":"Horvatova 97","addressLocality":"Velika Gorica","postalCode":"10410","addressRegion":"Croatia","addressCountry":"HR"},{"@type":"ImageObject","inLanguage":"en-US","@id":"https:\/\/gorica.info\/nadbiskupija-razrijesila-svecenika-koji-je-uhicen-sumnjice-ga-za-seksualno-uznemiravanje\/#local-main-organization-logo","url":"https:\/\/gorica.info\/wp-content\/uploads\/2024\/07\/Gorica-Info-Logo-mali.png","contentUrl":"https:\/\/gorica.info\/wp-content\/uploads\/2024\/07\/Gorica-Info-Logo-mali.png","width":450,"height":85,"caption":"Gorica Info"}]},"geo.placename":"Velika Gorica","geo.region":"Croatia"},"_links":{"self":[{"href":"https:\/\/gorica.info\/en\/wp-json\/wp\/v2\/posts\/76384","targetHints":{"allow":["GET"]}}],"collection":[{"href":"https:\/\/gorica.info\/en\/wp-json\/wp\/v2\/posts"}],"about":[{"href":"https:\/\/gorica.info\/en\/wp-json\/wp\/v2\/types\/post"}],"author":[{"embeddable":true,"href":"https:\/\/gorica.info\/en\/wp-json\/wp\/v2\/users\/23"}],"replies":[{"embeddable":true,"href":"https:\/\/gorica.info\/en\/wp-json\/wp\/v2\/comments?post=76384"}],"version-history":[{"count":3,"href":"https:\/\/gorica.info\/en\/wp-json\/wp\/v2\/posts\/76384\/revisions"}],"predecessor-version":[{"id":76388,"href":"https:\/\/gorica.info\/en\/wp-json\/wp\/v2\/posts\/76384\/revisions\/76388"}],"wp:featuredmedia":[{"embeddable":true,"href":"https:\/\/gorica.info\/en\/wp-json\/wp\/v2\/media\/76385"}],"wp:attachment":[{"href":"https:\/\/gorica.info\/en\/wp-json\/wp\/v2\/media?parent=76384"}],"wp:term":[{"taxonomy":"category","embeddable":true,"href":"https:\/\/gorica.info\/en\/wp-json\/wp\/v2\/categories?post=76384"},{"taxonomy":"post_tag","embeddable":true,"href":"https:\/\/gorica.info\/en\/wp-json\/wp\/v2\/tags?post=76384"}],"curies":[{"name":"wp","href":"https:\/\/api.w.org\/{rel}","templated":true}]}}