{"id":76500,"date":"2024-09-20T08:40:44","date_gmt":"2024-09-20T06:40:44","guid":{"rendered":"https:\/\/gorica.info\/?p=76500"},"modified":"2024-09-20T08:41:06","modified_gmt":"2024-09-20T06:41:06","slug":"u-mraclinu-pukla-vodovodna-cijev-jedna-ulica-bez-vode-sanira-se-kvar","status":"publish","type":"post","link":"https:\/\/gorica.info\/en\/u-mraclinu-pukla-vodovodna-cijev-jedna-ulica-bez-vode-sanira-se-kvar\/","title":{"rendered":"U Mraclinu pukla vodovodna cijev: Jedna ulica bez vode, sanira se kvar"},"content":{"rendered":"<p class=\"has-medium-font-size\">Stanovnici mraclinske <strong>Ulice Bra\u0107e Radi\u0107<\/strong> jutros su bez vode. Kako su izvijestili iz<a href=\"https:\/\/www.vgvodoopskrba.hr\/aktualno\/obavijest-20-09-2024\/\"> VG Vodoopskrbe<\/a>, do\u0161lo je do puknu\u0107a <strong>cjevovoda <\/strong>u Mraclinu i u tijeku je sanacija.<\/p>\n\n\n\n<p class=\"has-medium-font-size\">Do kvara je do\u0161lo u ulici Bra\u0107e Radi\u0107a kod ku\u0107nog broja 74. Do\u0161lo je do puknu\u0107a cjevovoda te su <a href=\"https:\/\/gorica.info\/en\/nastavljaju-se-radovi-tri-goricke-ulice-u-petak-bez-vode\/\">korisnici<\/a> te ulice trenutno bez vode.<\/p>\n\n\n\n<p class=\"has-medium-font-size\">\u010cim se otkloni kvar, bit \u0107e pu\u0161tena voda, poru\u010dili su iz VG Vodoopskrbe.<\/p>","protected":false},"excerpt":{"rendered":"<p>Stanovnici mraclinske Ulice Bra\u0107e Radi\u0107 jutros su bez vode. Kako su izvijestili iz VG Vodoopskrbe, do\u0161lo je do puknu\u0107a cjevovoda u Mraclinu i u tijeku je sanacija. Do kvara je do\u0161lo u ulici Bra\u0107e Radi\u0107a kod ku\u0107nog broja 74. Do\u0161lo je do puknu\u0107a cjevovoda te su korisnici te ulice trenutno bez vode. \u010cim se otkloni [&hellip;]<\/p>\n","protected":false},"author":23,"featured_media":76501,"comment_status":"closed","ping_status":"closed","sticky":false,"template":"","format":"standard","meta":{"limit_modified_date":"","last_modified_date":"","jnews-multi-image_gallery":[],"jnews_single_post":{"format":"standard"},"jnews_primary_category":[],"jnews_override_counter":[],"footnotes":""},"categories":[87],"tags":[3342,1505,14337,9269,13971,878],"class_list":["post-76500","post","type-post","status-publish","format-standard","has-post-thumbnail","hentry","category-gorica","tag-bez-vode","tag-mraclin","tag-pukla-vodovodna-cijev","tag-puknuce","tag-sanacija-kvara","tag-vg-vodoopskrba"],"yoast_head":"<!-- This site is optimized with the Yoast SEO Premium plugin v27.5 (Yoast SEO v27.5) - https:\/\/yoast.com\/product\/yoast-seo-premium-wordpress\/ -->\n<title>U Mraclinu pukla vodovodna cijev: Jedna ulica bez vode, sanira se kvar - Gorica Info<\/title>\n<meta name=\"description\" content=\"U Mraclinu pukla vodovodna cijev. Jedna ulica bez vode, sanira se kvar, poru\u010dili su iz Vg Vodoopskrbe jutros.\" \/>\n<meta name=\"robots\" content=\"index, follow, max-snippet:-1, max-image-preview:large, max-video-preview:-1\" \/>\n<link rel=\"canonical\" href=\"https:\/\/gorica.info\/en\/u-mraclinu-pukla-vodovodna-cijev-jedna-ulica-bez-vode-sanira-se-kvar\/\" \/>\n<meta property=\"og:locale\" content=\"en_US\" \/>\n<meta property=\"og:type\" content=\"article\" \/>\n<meta property=\"og:title\" content=\"U Mraclinu pukla vodovodna cijev: Jedna ulica bez vode, sanira se kvar\" \/>\n<meta property=\"og:description\" content=\"U Mraclinu pukla vodovodna cijev. Jedna ulica bez vode, sanira se kvar, poru\u010dili su iz Vg Vodoopskrbe jutros.\" \/>\n<meta property=\"og:url\" content=\"https:\/\/gorica.info\/en\/u-mraclinu-pukla-vodovodna-cijev-jedna-ulica-bez-vode-sanira-se-kvar\/\" \/>\n<meta property=\"og:site_name\" content=\"Gorica Info\" \/>\n<meta property=\"article:publisher\" content=\"https:\/\/www.facebook.com\/Goricainfo-106005144489262\" \/>\n<meta property=\"article:published_time\" content=\"2024-09-20T06:40:44+00:00\" \/>\n<meta property=\"article:modified_time\" content=\"2024-09-20T06:41:06+00:00\" \/>\n<meta property=\"og:image\" content=\"https:\/\/gorica.info\/wp-content\/uploads\/2024\/09\/voda-cijev-pukla-vodovod-foto-vg-vodoopskrba.jpg\" \/>\n\t<meta property=\"og:image:width\" content=\"570\" \/>\n\t<meta property=\"og:image:height\" content=\"492\" \/>\n\t<meta property=\"og:image:type\" content=\"image\/jpeg\" \/>\n<meta name=\"author\" content=\"Gorica. info\" \/>\n<meta name=\"twitter:card\" content=\"summary_large_image\" \/>\n<meta name=\"twitter:creator\" content=\"@GoricaInfo\" \/>\n<meta name=\"twitter:site\" content=\"@GoricaInfo\" \/>\n<meta name=\"twitter:label1\" content=\"Written by\" \/>\n\t<meta name=\"twitter:data1\" content=\"Gorica. info\" \/>\n\t<meta name=\"twitter:label2\" content=\"Est. reading time\" \/>\n\t<meta name=\"twitter:data2\" content=\"1 minute\" \/>\n<meta name=\"geo.placename\" content=\"Velika Gorica\" \/>\n<meta name=\"geo.region\" content=\"Croatia\" \/>\n<!-- \/ Yoast SEO Premium plugin. -->","yoast_head_json":{"title":"U Mraclinu pukla vodovodna cijev: Jedna ulica bez vode, sanira se kvar - Gorica Info","description":"U Mraclinu pukla vodovodna cijev. Jedna ulica bez vode, sanira se kvar, poru\u010dili su iz Vg Vodoopskrbe jutros.","robots":{"index":"index","follow":"follow","max-snippet":"max-snippet:-1","max-image-preview":"max-image-preview:large","max-video-preview":"max-video-preview:-1"},"canonical":"https:\/\/gorica.info\/en\/u-mraclinu-pukla-vodovodna-cijev-jedna-ulica-bez-vode-sanira-se-kvar\/","og_locale":"en_US","og_type":"article","og_title":"U Mraclinu pukla vodovodna cijev: Jedna ulica bez vode, sanira se kvar","og_description":"U Mraclinu pukla vodovodna cijev. Jedna ulica bez vode, sanira se kvar, poru\u010dili su iz Vg Vodoopskrbe jutros.","og_url":"https:\/\/gorica.info\/en\/u-mraclinu-pukla-vodovodna-cijev-jedna-ulica-bez-vode-sanira-se-kvar\/","og_site_name":"Gorica Info","article_publisher":"https:\/\/www.facebook.com\/Goricainfo-106005144489262","article_published_time":"2024-09-20T06:40:44+00:00","article_modified_time":"2024-09-20T06:41:06+00:00","og_image":[{"width":570,"height":492,"url":"https:\/\/gorica.info\/wp-content\/uploads\/2024\/09\/voda-cijev-pukla-vodovod-foto-vg-vodoopskrba.jpg","type":"image\/jpeg"}],"author":"Gorica. info","twitter_card":"summary_large_image","twitter_creator":"@GoricaInfo","twitter_site":"@GoricaInfo","twitter_misc":{"Written by":"Gorica. info","Est. reading time":"1 minute"},"schema":{"@context":"https:\/\/schema.org","@graph":[{"@type":"NewsArticle","@id":"https:\/\/gorica.info\/u-mraclinu-pukla-vodovodna-cijev-jedna-ulica-bez-vode-sanira-se-kvar\/#article","isPartOf":{"@id":"https:\/\/gorica.info\/u-mraclinu-pukla-vodovodna-cijev-jedna-ulica-bez-vode-sanira-se-kvar\/"},"author":{"name":"Gorica. info","@id":"https:\/\/gorica.info\/#\/schema\/person\/4499af1f22f322670b9b5977ccc2e3de"},"headline":"U Mraclinu pukla vodovodna cijev: Jedna ulica bez vode, sanira se kvar","datePublished":"2024-09-20T06:40:44+00:00","dateModified":"2024-09-20T06:41:06+00:00","mainEntityOfPage":{"@id":"https:\/\/gorica.info\/u-mraclinu-pukla-vodovodna-cijev-jedna-ulica-bez-vode-sanira-se-kvar\/"},"wordCount":87,"publisher":{"@id":"https:\/\/gorica.info\/#organization"},"image":{"@id":"https:\/\/gorica.info\/u-mraclinu-pukla-vodovodna-cijev-jedna-ulica-bez-vode-sanira-se-kvar\/#primaryimage"},"thumbnailUrl":"https:\/\/gorica.info\/wp-content\/uploads\/2024\/09\/voda-cijev-pukla-vodovod-foto-vg-vodoopskrba.jpg","keywords":["bez vode","mraclin","pukla vodovodna cijev","puknu\u0107e","sanacija kvara","vg vodoopskrba"],"articleSection":["GORICA"],"inLanguage":"en-US","copyrightYear":"2024","copyrightHolder":{"@id":"https:\/\/gorica.info\/en\/#organization"}},{"@type":"WebPage","@id":"https:\/\/gorica.info\/u-mraclinu-pukla-vodovodna-cijev-jedna-ulica-bez-vode-sanira-se-kvar\/","url":"https:\/\/gorica.info\/u-mraclinu-pukla-vodovodna-cijev-jedna-ulica-bez-vode-sanira-se-kvar\/","name":"U Mraclinu pukla vodovodna cijev: Jedna ulica bez vode, sanira se kvar - Gorica Info","isPartOf":{"@id":"https:\/\/gorica.info\/#website"},"primaryImageOfPage":{"@id":"https:\/\/gorica.info\/u-mraclinu-pukla-vodovodna-cijev-jedna-ulica-bez-vode-sanira-se-kvar\/#primaryimage"},"image":{"@id":"https:\/\/gorica.info\/u-mraclinu-pukla-vodovodna-cijev-jedna-ulica-bez-vode-sanira-se-kvar\/#primaryimage"},"thumbnailUrl":"https:\/\/gorica.info\/wp-content\/uploads\/2024\/09\/voda-cijev-pukla-vodovod-foto-vg-vodoopskrba.jpg","datePublished":"2024-09-20T06:40:44+00:00","dateModified":"2024-09-20T06:41:06+00:00","description":"U Mraclinu pukla vodovodna cijev. Jedna ulica bez vode, sanira se kvar, poru\u010dili su iz Vg Vodoopskrbe jutros.","breadcrumb":{"@id":"https:\/\/gorica.info\/u-mraclinu-pukla-vodovodna-cijev-jedna-ulica-bez-vode-sanira-se-kvar\/#breadcrumb"},"inLanguage":"en-US","potentialAction":[{"@type":"ReadAction","target":["https:\/\/gorica.info\/u-mraclinu-pukla-vodovodna-cijev-jedna-ulica-bez-vode-sanira-se-kvar\/"]}]},{"@type":"ImageObject","inLanguage":"en-US","@id":"https:\/\/gorica.info\/u-mraclinu-pukla-vodovodna-cijev-jedna-ulica-bez-vode-sanira-se-kvar\/#primaryimage","url":"https:\/\/gorica.info\/wp-content\/uploads\/2024\/09\/voda-cijev-pukla-vodovod-foto-vg-vodoopskrba.jpg","contentUrl":"https:\/\/gorica.info\/wp-content\/uploads\/2024\/09\/voda-cijev-pukla-vodovod-foto-vg-vodoopskrba.jpg","width":570,"height":492,"caption":"Arhivska fotografija: VG Vodoopskrba"},{"@type":"BreadcrumbList","@id":"https:\/\/gorica.info\/u-mraclinu-pukla-vodovodna-cijev-jedna-ulica-bez-vode-sanira-se-kvar\/#breadcrumb","itemListElement":[{"@type":"ListItem","position":1,"name":"Po\u010detna stranica","item":"https:\/\/gorica.info\/"},{"@type":"ListItem","position":2,"name":"U Mraclinu pukla vodovodna cijev: Jedna ulica bez vode, sanira se kvar"}]},{"@type":"WebSite","@id":"https:\/\/gorica.info\/#website","url":"https:\/\/gorica.info\/","name":"Gorica Info","description":"Vijesti iz Velike Gorice i okolice.","publisher":{"@id":"https:\/\/gorica.info\/#organization"},"potentialAction":[{"@type":"SearchAction","target":{"@type":"EntryPoint","urlTemplate":"https:\/\/gorica.info\/?s={search_term_string}"},"query-input":{"@type":"PropertyValueSpecification","valueRequired":true,"valueName":"search_term_string"}}],"inLanguage":"en-US"},{"@type":["Organization","Place","NewsMediaOrganization"],"@id":"https:\/\/gorica.info\/#organization","name":"Gorica Info","url":"https:\/\/gorica.info\/","logo":{"@id":"https:\/\/gorica.info\/u-mraclinu-pukla-vodovodna-cijev-jedna-ulica-bez-vode-sanira-se-kvar\/#local-main-organization-logo"},"image":{"@id":"https:\/\/gorica.info\/u-mraclinu-pukla-vodovodna-cijev-jedna-ulica-bez-vode-sanira-se-kvar\/#local-main-organization-logo"},"sameAs":["https:\/\/www.facebook.com\/Goricainfo-106005144489262","https:\/\/x.com\/GoricaInfo","https:\/\/www.instagram.com\/gorica.info\/"],"address":{"@id":"https:\/\/gorica.info\/u-mraclinu-pukla-vodovodna-cijev-jedna-ulica-bez-vode-sanira-se-kvar\/#local-main-place-address"},"telephone":[],"openingHoursSpecification":[{"@type":"OpeningHoursSpecification","dayOfWeek":["Monday","Tuesday","Wednesday","Thursday","Friday","Saturday","Sunday"],"opens":"09:00","closes":"17:00"}],"email":"redakcija@gorica.info"},{"@type":"Person","@id":"https:\/\/gorica.info\/#\/schema\/person\/4499af1f22f322670b9b5977ccc2e3de","name":"Gorica. info","description":"Gorica.info je lokalni portal koji prati Veliku Goricu i okolici, svakodnevno donosi najnovije vijesti i pri\u010de, kulturna doga\u0111anja i aktualnosti koje oblikuju \u017eivot gra\u0111ana.","url":"https:\/\/gorica.info\/en\/author\/gorica-info\/"},{"@type":"PostalAddress","@id":"https:\/\/gorica.info\/u-mraclinu-pukla-vodovodna-cijev-jedna-ulica-bez-vode-sanira-se-kvar\/#local-main-place-address","streetAddress":"Horvatova 97","addressLocality":"Velika Gorica","postalCode":"10410","addressRegion":"Croatia","addressCountry":"HR"},{"@type":"ImageObject","inLanguage":"en-US","@id":"https:\/\/gorica.info\/u-mraclinu-pukla-vodovodna-cijev-jedna-ulica-bez-vode-sanira-se-kvar\/#local-main-organization-logo","url":"https:\/\/gorica.info\/wp-content\/uploads\/2024\/07\/Gorica-Info-Logo-mali.png","contentUrl":"https:\/\/gorica.info\/wp-content\/uploads\/2024\/07\/Gorica-Info-Logo-mali.png","width":450,"height":85,"caption":"Gorica Info"}]},"geo.placename":"Velika Gorica","geo.region":"Croatia"},"_links":{"self":[{"href":"https:\/\/gorica.info\/en\/wp-json\/wp\/v2\/posts\/76500","targetHints":{"allow":["GET"]}}],"collection":[{"href":"https:\/\/gorica.info\/en\/wp-json\/wp\/v2\/posts"}],"about":[{"href":"https:\/\/gorica.info\/en\/wp-json\/wp\/v2\/types\/post"}],"author":[{"embeddable":true,"href":"https:\/\/gorica.info\/en\/wp-json\/wp\/v2\/users\/23"}],"replies":[{"embeddable":true,"href":"https:\/\/gorica.info\/en\/wp-json\/wp\/v2\/comments?post=76500"}],"version-history":[{"count":2,"href":"https:\/\/gorica.info\/en\/wp-json\/wp\/v2\/posts\/76500\/revisions"}],"predecessor-version":[{"id":76503,"href":"https:\/\/gorica.info\/en\/wp-json\/wp\/v2\/posts\/76500\/revisions\/76503"}],"wp:featuredmedia":[{"embeddable":true,"href":"https:\/\/gorica.info\/en\/wp-json\/wp\/v2\/media\/76501"}],"wp:attachment":[{"href":"https:\/\/gorica.info\/en\/wp-json\/wp\/v2\/media?parent=76500"}],"wp:term":[{"taxonomy":"category","embeddable":true,"href":"https:\/\/gorica.info\/en\/wp-json\/wp\/v2\/categories?post=76500"},{"taxonomy":"post_tag","embeddable":true,"href":"https:\/\/gorica.info\/en\/wp-json\/wp\/v2\/tags?post=76500"}],"curies":[{"name":"wp","href":"https:\/\/api.w.org\/{rel}","templated":true}]}}