{"id":76551,"date":"2024-09-21T09:56:00","date_gmt":"2024-09-21T07:56:00","guid":{"rendered":"https:\/\/gorica.info\/?p=76551"},"modified":"2024-09-21T09:43:01","modified_gmt":"2024-09-21T07:43:01","slug":"gastro-manifestacija-u-starom-cicu-dodite-i-uzivajte-u-domacim-jelima-iz-kotlica","status":"publish","type":"post","link":"https:\/\/gorica.info\/en\/gastro-manifestacija-u-starom-cicu-dodite-i-uzivajte-u-domacim-jelima-iz-kotlica\/","title":{"rendered":"Gastro manifestacija u Starom \u010ci\u010du: Do\u0111ite i u\u017eivajte u doma\u0107im jelima iz kotli\u0107a"},"content":{"rendered":"<p class=\"has-medium-font-size\">Iz <strong>Mjesnog odbora Staro \u010ci\u010de<\/strong> pozivaju na gastro manifestaciju <strong>\u201eKotli\u0107\u201c<\/strong> na kojoj \u0107e posjetitelji imati prilike degustirati fina doma\u0107a jela iz kotli\u0107a.<\/p>\n\n\n\n<p class=\"has-medium-font-size\">Majstori kotli\u0107a i kuha\u010de pripremili su se za natjecanje koje po\u010dinje u <strong>subotu u 13 sati<\/strong>, a 11 ekipa borit \u0107e se za titulu najboljeg jela, ali i najveselije ekipe.<\/p>\n\n\n\n<p class=\"has-medium-font-size\">Sunce, suho vrijeme i ukusna jela na \u017elicu \u2013 \u0161to vi\u0161e trebamo za savr\u0161en subotnji izlet? Ove subote, 21. rujna, do\u0111ite u Staro \u010ci\u010de na drugo izdanje manifestacije &#8220;Kaj to fino di\u0161i v Starom \u010ci\u010du&#8221;, koja \u0107e kona\u010dno zasjati u svom punom sjaju, poru\u010duju iz <a href=\"https:\/\/www.facebook.com\/profile.php?id=100010322372668&amp;locale=hr_HR\">Starog \u010ci\u010da<\/a>.<\/p>\n\n\n\n<p class=\"has-medium-font-size\"><a href=\"https:\/\/gorica.info\/en\/pocele-prijave-za-gastro-turopolja-skupi-ekipu-i-pokazi-kako-pripremate-kotlovinu\/\">Gastro manifestacija o<\/a>dr\u017eava se <strong>na livadi kod vatrogasnog doma<\/strong>. Svakako povedite i djecu jer su organizatori pripremili razne radionice i napuhance za najmla\u0111e. Po promotivnim cijenama mo\u0107i \u0107ete kupiti kola\u010de i gula\u0161, a za zabavu je zadu\u017een <strong>Tambura\u0161ki sastav Fristajl. <\/strong><\/p>","protected":false},"excerpt":{"rendered":"<p>Iz Mjesnog odbora Staro \u010ci\u010de pozivaju na gastro manifestaciju \u201eKotli\u0107\u201c na kojoj \u0107e posjetitelji imati prilike degustirati fina doma\u0107a jela iz kotli\u0107a. Majstori kotli\u0107a i kuha\u010de pripremili su se za natjecanje koje po\u010dinje u subotu u 13 sati, a 11 ekipa borit \u0107e se za titulu najboljeg jela, ali i najveselije ekipe. Sunce, suho vrijeme [&hellip;]<\/p>\n","protected":false},"author":23,"featured_media":76552,"comment_status":"closed","ping_status":"closed","sticky":false,"template":"","format":"standard","meta":{"limit_modified_date":"","last_modified_date":"","jnews-multi-image_gallery":[],"jnews_single_post":{"format":"standard"},"jnews_primary_category":[],"jnews_override_counter":[],"footnotes":""},"categories":[87],"tags":[14352,5028,14350,14354,14355,8202],"class_list":["post-76551","post","type-post","status-publish","format-standard","has-post-thumbnail","hentry","category-gorica","tag-dobra-zabava","tag-gastro-manifestacija","tag-jela-iz-kotlica","tag-kotlic","tag-natjecanje-u-kuhanju","tag-staro-cice"],"yoast_head":"<!-- This site is optimized with the Yoast SEO Premium plugin v27.4 (Yoast SEO v27.4) - https:\/\/yoast.com\/product\/yoast-seo-premium-wordpress\/ -->\n<title>Gastro manifestacija u Starom \u010ci\u010du: Do\u0111ite i u\u017eivajte u doma\u0107im jelima iz kotli\u0107a - Gorica Info<\/title>\n<meta name=\"description\" content=\"Gastro manifestacija u Starom \u010ci\u010du: Do\u0111ite danas i u\u017eivajte u doma\u0107im jelima na \u017elicu iz kotli\u0107a, pozivaju organizatori.\" \/>\n<meta name=\"robots\" content=\"index, follow, max-snippet:-1, max-image-preview:large, max-video-preview:-1\" \/>\n<link rel=\"canonical\" href=\"https:\/\/gorica.info\/en\/gastro-manifestacija-u-starom-cicu-dodite-i-uzivajte-u-domacim-jelima-iz-kotlica\/\" \/>\n<meta property=\"og:locale\" content=\"en_US\" \/>\n<meta property=\"og:type\" content=\"article\" \/>\n<meta property=\"og:title\" content=\"Gastro manifestacija u Starom \u010ci\u010du: Do\u0111ite i u\u017eivajte u doma\u0107im jelima iz kotli\u0107a\" \/>\n<meta property=\"og:description\" content=\"Gastro manifestacija u Starom \u010ci\u010du: Do\u0111ite danas i u\u017eivajte u doma\u0107im jelima na \u017elicu iz kotli\u0107a, pozivaju organizatori.\" \/>\n<meta property=\"og:url\" content=\"https:\/\/gorica.info\/en\/gastro-manifestacija-u-starom-cicu-dodite-i-uzivajte-u-domacim-jelima-iz-kotlica\/\" \/>\n<meta property=\"og:site_name\" content=\"Gorica Info\" \/>\n<meta property=\"article:publisher\" content=\"https:\/\/www.facebook.com\/Goricainfo-106005144489262\" \/>\n<meta property=\"article:published_time\" content=\"2024-09-21T07:56:00+00:00\" \/>\n<meta property=\"og:image\" content=\"https:\/\/gorica.info\/wp-content\/uploads\/2024\/09\/kotlic-foto-stipo-duvnjak.jpg\" \/>\n\t<meta property=\"og:image:width\" content=\"598\" \/>\n\t<meta property=\"og:image:height\" content=\"800\" \/>\n\t<meta property=\"og:image:type\" content=\"image\/jpeg\" \/>\n<meta name=\"author\" content=\"Gorica. info\" \/>\n<meta name=\"twitter:card\" content=\"summary_large_image\" \/>\n<meta name=\"twitter:creator\" content=\"@GoricaInfo\" \/>\n<meta name=\"twitter:site\" content=\"@GoricaInfo\" \/>\n<meta name=\"twitter:label1\" content=\"Written by\" \/>\n\t<meta name=\"twitter:data1\" content=\"Gorica. info\" \/>\n\t<meta name=\"twitter:label2\" content=\"Est. reading time\" \/>\n\t<meta name=\"twitter:data2\" content=\"1 minute\" \/>\n<meta name=\"geo.placename\" content=\"Velika Gorica\" \/>\n<meta name=\"geo.region\" content=\"Croatia\" \/>\n<!-- \/ Yoast SEO Premium plugin. -->","yoast_head_json":{"title":"Gastro manifestacija u Starom \u010ci\u010du: Do\u0111ite i u\u017eivajte u doma\u0107im jelima iz kotli\u0107a - Gorica Info","description":"Gastro manifestacija u Starom \u010ci\u010du: Do\u0111ite danas i u\u017eivajte u doma\u0107im jelima na \u017elicu iz kotli\u0107a, pozivaju organizatori.","robots":{"index":"index","follow":"follow","max-snippet":"max-snippet:-1","max-image-preview":"max-image-preview:large","max-video-preview":"max-video-preview:-1"},"canonical":"https:\/\/gorica.info\/en\/gastro-manifestacija-u-starom-cicu-dodite-i-uzivajte-u-domacim-jelima-iz-kotlica\/","og_locale":"en_US","og_type":"article","og_title":"Gastro manifestacija u Starom \u010ci\u010du: Do\u0111ite i u\u017eivajte u doma\u0107im jelima iz kotli\u0107a","og_description":"Gastro manifestacija u Starom \u010ci\u010du: Do\u0111ite danas i u\u017eivajte u doma\u0107im jelima na \u017elicu iz kotli\u0107a, pozivaju organizatori.","og_url":"https:\/\/gorica.info\/en\/gastro-manifestacija-u-starom-cicu-dodite-i-uzivajte-u-domacim-jelima-iz-kotlica\/","og_site_name":"Gorica Info","article_publisher":"https:\/\/www.facebook.com\/Goricainfo-106005144489262","article_published_time":"2024-09-21T07:56:00+00:00","og_image":[{"width":598,"height":800,"url":"https:\/\/gorica.info\/wp-content\/uploads\/2024\/09\/kotlic-foto-stipo-duvnjak.jpg","type":"image\/jpeg"}],"author":"Gorica. info","twitter_card":"summary_large_image","twitter_creator":"@GoricaInfo","twitter_site":"@GoricaInfo","twitter_misc":{"Written by":"Gorica. info","Est. reading time":"1 minute"},"schema":{"@context":"https:\/\/schema.org","@graph":[{"@type":"NewsArticle","@id":"https:\/\/gorica.info\/gastro-manifestacija-u-starom-cicu-dodite-i-uzivajte-u-domacim-jelima-iz-kotlica\/#article","isPartOf":{"@id":"https:\/\/gorica.info\/gastro-manifestacija-u-starom-cicu-dodite-i-uzivajte-u-domacim-jelima-iz-kotlica\/"},"author":{"name":"Gorica. info","@id":"https:\/\/gorica.info\/#\/schema\/person\/4499af1f22f322670b9b5977ccc2e3de"},"headline":"Gastro manifestacija u Starom \u010ci\u010du: Do\u0111ite i u\u017eivajte u doma\u0107im jelima iz kotli\u0107a","datePublished":"2024-09-21T07:56:00+00:00","mainEntityOfPage":{"@id":"https:\/\/gorica.info\/gastro-manifestacija-u-starom-cicu-dodite-i-uzivajte-u-domacim-jelima-iz-kotlica\/"},"wordCount":174,"publisher":{"@id":"https:\/\/gorica.info\/#organization"},"image":{"@id":"https:\/\/gorica.info\/gastro-manifestacija-u-starom-cicu-dodite-i-uzivajte-u-domacim-jelima-iz-kotlica\/#primaryimage"},"thumbnailUrl":"https:\/\/gorica.info\/wp-content\/uploads\/2024\/09\/kotlic-foto-stipo-duvnjak.jpg","keywords":["dobra zabava","gastro manifestacija","jela iz kotli\u0107a","kotli\u0107","natjecanje u kuhanju","staro \u010di\u010de"],"articleSection":["GORICA"],"inLanguage":"en-US","copyrightYear":"2024","copyrightHolder":{"@id":"https:\/\/gorica.info\/en\/#organization"}},{"@type":"WebPage","@id":"https:\/\/gorica.info\/gastro-manifestacija-u-starom-cicu-dodite-i-uzivajte-u-domacim-jelima-iz-kotlica\/","url":"https:\/\/gorica.info\/gastro-manifestacija-u-starom-cicu-dodite-i-uzivajte-u-domacim-jelima-iz-kotlica\/","name":"Gastro manifestacija u Starom \u010ci\u010du: Do\u0111ite i u\u017eivajte u doma\u0107im jelima iz kotli\u0107a - Gorica Info","isPartOf":{"@id":"https:\/\/gorica.info\/#website"},"primaryImageOfPage":{"@id":"https:\/\/gorica.info\/gastro-manifestacija-u-starom-cicu-dodite-i-uzivajte-u-domacim-jelima-iz-kotlica\/#primaryimage"},"image":{"@id":"https:\/\/gorica.info\/gastro-manifestacija-u-starom-cicu-dodite-i-uzivajte-u-domacim-jelima-iz-kotlica\/#primaryimage"},"thumbnailUrl":"https:\/\/gorica.info\/wp-content\/uploads\/2024\/09\/kotlic-foto-stipo-duvnjak.jpg","datePublished":"2024-09-21T07:56:00+00:00","description":"Gastro manifestacija u Starom \u010ci\u010du: Do\u0111ite danas i u\u017eivajte u doma\u0107im jelima na \u017elicu iz kotli\u0107a, pozivaju organizatori.","breadcrumb":{"@id":"https:\/\/gorica.info\/gastro-manifestacija-u-starom-cicu-dodite-i-uzivajte-u-domacim-jelima-iz-kotlica\/#breadcrumb"},"inLanguage":"en-US","potentialAction":[{"@type":"ReadAction","target":["https:\/\/gorica.info\/gastro-manifestacija-u-starom-cicu-dodite-i-uzivajte-u-domacim-jelima-iz-kotlica\/"]}]},{"@type":"ImageObject","inLanguage":"en-US","@id":"https:\/\/gorica.info\/gastro-manifestacija-u-starom-cicu-dodite-i-uzivajte-u-domacim-jelima-iz-kotlica\/#primaryimage","url":"https:\/\/gorica.info\/wp-content\/uploads\/2024\/09\/kotlic-foto-stipo-duvnjak.jpg","contentUrl":"https:\/\/gorica.info\/wp-content\/uploads\/2024\/09\/kotlic-foto-stipo-duvnjak.jpg","width":598,"height":800,"caption":"Foto: FB Stipo Duvnjak"},{"@type":"BreadcrumbList","@id":"https:\/\/gorica.info\/gastro-manifestacija-u-starom-cicu-dodite-i-uzivajte-u-domacim-jelima-iz-kotlica\/#breadcrumb","itemListElement":[{"@type":"ListItem","position":1,"name":"Po\u010detna stranica","item":"https:\/\/gorica.info\/"},{"@type":"ListItem","position":2,"name":"Gastro manifestacija u Starom \u010ci\u010du: Do\u0111ite i u\u017eivajte u doma\u0107im jelima iz kotli\u0107a"}]},{"@type":"WebSite","@id":"https:\/\/gorica.info\/#website","url":"https:\/\/gorica.info\/","name":"Gorica Info","description":"Vijesti iz Velike Gorice i okolice.","publisher":{"@id":"https:\/\/gorica.info\/#organization"},"potentialAction":[{"@type":"SearchAction","target":{"@type":"EntryPoint","urlTemplate":"https:\/\/gorica.info\/?s={search_term_string}"},"query-input":{"@type":"PropertyValueSpecification","valueRequired":true,"valueName":"search_term_string"}}],"inLanguage":"en-US"},{"@type":["Organization","Place","NewsMediaOrganization"],"@id":"https:\/\/gorica.info\/#organization","name":"Gorica Info","url":"https:\/\/gorica.info\/","logo":{"@id":"https:\/\/gorica.info\/gastro-manifestacija-u-starom-cicu-dodite-i-uzivajte-u-domacim-jelima-iz-kotlica\/#local-main-organization-logo"},"image":{"@id":"https:\/\/gorica.info\/gastro-manifestacija-u-starom-cicu-dodite-i-uzivajte-u-domacim-jelima-iz-kotlica\/#local-main-organization-logo"},"sameAs":["https:\/\/www.facebook.com\/Goricainfo-106005144489262","https:\/\/x.com\/GoricaInfo","https:\/\/www.instagram.com\/gorica.info\/"],"address":{"@id":"https:\/\/gorica.info\/gastro-manifestacija-u-starom-cicu-dodite-i-uzivajte-u-domacim-jelima-iz-kotlica\/#local-main-place-address"},"telephone":[],"openingHoursSpecification":[{"@type":"OpeningHoursSpecification","dayOfWeek":["Monday","Tuesday","Wednesday","Thursday","Friday","Saturday","Sunday"],"opens":"09:00","closes":"17:00"}],"email":"redakcija@gorica.info"},{"@type":"Person","@id":"https:\/\/gorica.info\/#\/schema\/person\/4499af1f22f322670b9b5977ccc2e3de","name":"Gorica. info","description":"Gorica.info je lokalni portal koji prati Veliku Goricu i okolici, svakodnevno donosi najnovije vijesti i pri\u010de, kulturna doga\u0111anja i aktualnosti koje oblikuju \u017eivot gra\u0111ana.","url":"https:\/\/gorica.info\/en\/author\/gorica-info\/"},{"@type":"PostalAddress","@id":"https:\/\/gorica.info\/gastro-manifestacija-u-starom-cicu-dodite-i-uzivajte-u-domacim-jelima-iz-kotlica\/#local-main-place-address","streetAddress":"Horvatova 97","addressLocality":"Velika Gorica","postalCode":"10410","addressRegion":"Croatia","addressCountry":"HR"},{"@type":"ImageObject","inLanguage":"en-US","@id":"https:\/\/gorica.info\/gastro-manifestacija-u-starom-cicu-dodite-i-uzivajte-u-domacim-jelima-iz-kotlica\/#local-main-organization-logo","url":"https:\/\/gorica.info\/wp-content\/uploads\/2024\/07\/Gorica-Info-Logo-mali.png","contentUrl":"https:\/\/gorica.info\/wp-content\/uploads\/2024\/07\/Gorica-Info-Logo-mali.png","width":450,"height":85,"caption":"Gorica Info"}]},"geo.placename":"Velika Gorica","geo.region":"Croatia"},"_links":{"self":[{"href":"https:\/\/gorica.info\/en\/wp-json\/wp\/v2\/posts\/76551","targetHints":{"allow":["GET"]}}],"collection":[{"href":"https:\/\/gorica.info\/en\/wp-json\/wp\/v2\/posts"}],"about":[{"href":"https:\/\/gorica.info\/en\/wp-json\/wp\/v2\/types\/post"}],"author":[{"embeddable":true,"href":"https:\/\/gorica.info\/en\/wp-json\/wp\/v2\/users\/23"}],"replies":[{"embeddable":true,"href":"https:\/\/gorica.info\/en\/wp-json\/wp\/v2\/comments?post=76551"}],"version-history":[{"count":2,"href":"https:\/\/gorica.info\/en\/wp-json\/wp\/v2\/posts\/76551\/revisions"}],"predecessor-version":[{"id":76557,"href":"https:\/\/gorica.info\/en\/wp-json\/wp\/v2\/posts\/76551\/revisions\/76557"}],"wp:featuredmedia":[{"embeddable":true,"href":"https:\/\/gorica.info\/en\/wp-json\/wp\/v2\/media\/76552"}],"wp:attachment":[{"href":"https:\/\/gorica.info\/en\/wp-json\/wp\/v2\/media?parent=76551"}],"wp:term":[{"taxonomy":"category","embeddable":true,"href":"https:\/\/gorica.info\/en\/wp-json\/wp\/v2\/categories?post=76551"},{"taxonomy":"post_tag","embeddable":true,"href":"https:\/\/gorica.info\/en\/wp-json\/wp\/v2\/tags?post=76551"}],"curies":[{"name":"wp","href":"https:\/\/api.w.org\/{rel}","templated":true}]}}