{"id":76682,"date":"2024-09-24T10:37:00","date_gmt":"2024-09-24T08:37:00","guid":{"rendered":"https:\/\/gorica.info\/?p=76682"},"modified":"2024-09-24T10:42:47","modified_gmt":"2024-09-24T08:42:47","slug":"trojica-pijanih-mladica-vozali-se-traktorom-zavrsili-su-u-kanalu-jedan-tesko-ozlijeden","status":"publish","type":"post","link":"https:\/\/gorica.info\/en\/trojica-pijanih-mladica-vozali-se-traktorom-zavrsili-su-u-kanalu-jedan-tesko-ozlijeden\/","title":{"rendered":"Trojica pijanih mladi\u0107a vozali se traktorom: Zavr\u0161ili su u kanalu"},"content":{"rendered":"<p class=\"has-medium-font-size\">No\u0107no ludiranje<strong> trojice pijanih mladi\u0107a<\/strong> (18, 19 i 20 godina) nije dobro zavr\u0161ilo. U nedjeljno rano jutro odlu\u010dili su se <strong>provozati traktorom<\/strong>, a onda su se prevrnuli u<strong> odvodni kanal<\/strong>. Jedan je mladi\u0107 te\u0161ko ozlije\u0111en, zavr\u0161io je na bolni\u010dkom lije\u010denju.<\/p>\n\n\n\n<p class=\"has-medium-font-size\">Policija je dojavu o nesre\u0107i dobila oko 4:10 sati, na teren su odmah izi\u0161li policijski slu\u017ebenici i ekipa hitne pomo\u0107i.<\/p>\n\n\n\n<p class=\"has-medium-font-size\">Provedenim kriminalisti\u010dkim istra\u017eivanjem, utvr\u0111eno je kako je traktorom upravljao<strong> 18-godi\u0161njak <\/strong>koji <strong>nema polo\u017een voza\u010dki ispit,<\/strong> dok su se u traktoru nalazila dva putnika u dobi <strong>od 19 i 20 godina<\/strong>.<\/p>\n\n\n\n<p class=\"has-medium-font-size\"><a href=\"https:\/\/gorica.info\/en\/u-bolnici-preminuo-mladi-motociklist-ozljede-su-bile-preteske\/\">Policija<\/a> je utvrdila kako je<strong> 19-godi\u0161njak u jednom trenutku uhvatio za volan<\/strong> i naglo skrenuo u lijevo nakon \u010dega se traktor <strong>prevrnuo u odvodni kanal<\/strong>.<\/p>\n\n\n\n<p class=\"has-medium-font-size\">Sva trojica su alkotestirana te je utvr\u0111eno da je 18-godi\u0161njak bio pod utjecajem alkohola<strong> od 1,25 promila<\/strong>, 19-godi\u0161njak od<strong> 1,5 promila<\/strong> i 20-godi\u0161njak od <strong>1,35 promila<\/strong>.<\/p>\n\n\n\n<p class=\"has-medium-font-size\">Te\u0161ke ozlijede je zadobio 20-godi\u0161njak koji je zadr\u017ean u bolnici na daljnjem lije\u010denju.<\/p>\n\n\n\n<p class=\"has-medium-font-size\">Policija je protiv 19-godi\u0161njaka podnijela <strong>kaznenu prijavu <\/strong>zbog kaznenog djela \u201eDovo\u0111enje u opasnost \u017eivota i imovine op\u0107eopasnom radnjom ili sredstvom\u201c.<\/p>\n\n\n\n<p class=\"has-medium-font-size\">Protiv 18-godi\u0161njaka je podnesen optu\u017eni prijedlog zbog <strong>po\u010dinjenih prekr\u0161aja<\/strong> iz Zakona o sigurnosti prometa na cestama, dok je protiv <strong>44-godi\u0161njeg vlasnika traktora<\/strong> podnesen prekr\u0161ajni nalog jer je dao na upravljanje radni stroj osobi koja nema polo\u017eeno za tu kategoriju vozila.<\/p>\n\n\n\n<p class=\"has-medium-font-size\">Nesre\u0107a se dogodila u Lazama kod Nove Gradi\u0161ke, izvijestila je <a href=\"https:\/\/brodsko-posavska-policija.gov.hr\/vijesti\/tesko-ozlijedjen-20-godisnji-putnik-iz-radnog-stroja\/22623\">policija<\/a>.<\/p>","protected":false},"excerpt":{"rendered":"<p>No\u0107no ludiranje trojice pijanih mladi\u0107a (18, 19 i 20 godina) nije dobro zavr\u0161ilo. U nedjeljno rano jutro odlu\u010dili su se provozati traktorom, a onda su se prevrnuli u odvodni kanal. Jedan je mladi\u0107 te\u0161ko ozlije\u0111en, zavr\u0161io je na bolni\u010dkom lije\u010denju. Policija je dojavu o nesre\u0107i dobila oko 4:10 sati, na teren su odmah izi\u0161li policijski [&hellip;]<\/p>\n","protected":false},"author":23,"featured_media":76685,"comment_status":"closed","ping_status":"closed","sticky":false,"template":"","format":"standard","meta":{"limit_modified_date":"","last_modified_date":"","jnews-multi-image_gallery":[],"jnews_single_post":{"format":"standard"},"jnews_primary_category":[],"jnews_override_counter":[],"footnotes":""},"categories":[92],"tags":[1706,14402,519,1017,1598,14399,14400],"class_list":["post-76682","post","type-post","status-publish","format-standard","has-post-thumbnail","hentry","category-info","tag-kaznena-prijava","tag-naglo-skrenuo","tag-nesreca","tag-ocevid","tag-teske-ozljede","tag-trojica-pijanih-mladica","tag-zavrsili-u-odvodnom-kanalu"],"yoast_head":"<!-- This site is optimized with the Yoast SEO Premium plugin v27.4 (Yoast SEO v27.4) - https:\/\/yoast.com\/product\/yoast-seo-premium-wordpress\/ -->\n<title>Trojica pijanih mladi\u0107a vozali se traktorom: Zavr\u0161ili su u kanalu - Gorica Info<\/title>\n<meta name=\"description\" content=\"Trojica pijanih mladi\u0107a vozali se traktorom: Zavr\u0161ili su u odvodnom kanalu, jedan je te\u0161ko ozlije\u0111en, izviejstila je policija.\" \/>\n<meta name=\"robots\" content=\"index, follow, max-snippet:-1, max-image-preview:large, max-video-preview:-1\" \/>\n<link rel=\"canonical\" href=\"https:\/\/gorica.info\/en\/trojica-pijanih-mladica-vozali-se-traktorom-zavrsili-su-u-kanalu-jedan-tesko-ozlijeden\/\" \/>\n<meta property=\"og:locale\" content=\"en_US\" \/>\n<meta property=\"og:type\" content=\"article\" \/>\n<meta property=\"og:title\" content=\"Trojica pijanih mladi\u0107a vozali se traktorom: Zavr\u0161ili su u kanalu\" \/>\n<meta property=\"og:description\" content=\"Trojica pijanih mladi\u0107a vozali se traktorom: Zavr\u0161ili su u odvodnom kanalu, jedan je te\u0161ko ozlije\u0111en, izviejstila je policija.\" \/>\n<meta property=\"og:url\" content=\"https:\/\/gorica.info\/en\/trojica-pijanih-mladica-vozali-se-traktorom-zavrsili-su-u-kanalu-jedan-tesko-ozlijeden\/\" \/>\n<meta property=\"og:site_name\" content=\"Gorica Info\" \/>\n<meta property=\"article:publisher\" content=\"https:\/\/www.facebook.com\/Goricainfo-106005144489262\" \/>\n<meta property=\"article:published_time\" content=\"2024-09-24T08:37:00+00:00\" \/>\n<meta property=\"article:modified_time\" content=\"2024-09-24T08:42:47+00:00\" \/>\n<meta property=\"og:image\" content=\"https:\/\/gorica.info\/wp-content\/uploads\/2024\/09\/hitna-pomoc-nesreca-dvd-lobor-e1727161035239.jpg\" \/>\n\t<meta property=\"og:image:width\" content=\"825\" \/>\n\t<meta property=\"og:image:height\" content=\"610\" \/>\n\t<meta property=\"og:image:type\" content=\"image\/jpeg\" \/>\n<meta name=\"author\" content=\"Gorica. info\" \/>\n<meta name=\"twitter:card\" content=\"summary_large_image\" \/>\n<meta name=\"twitter:creator\" content=\"@GoricaInfo\" \/>\n<meta name=\"twitter:site\" content=\"@GoricaInfo\" \/>\n<meta name=\"twitter:label1\" content=\"Written by\" \/>\n\t<meta name=\"twitter:data1\" content=\"Gorica. info\" \/>\n\t<meta name=\"twitter:label2\" content=\"Est. reading time\" \/>\n\t<meta name=\"twitter:data2\" content=\"2 minutes\" \/>\n<meta name=\"geo.placename\" content=\"Velika Gorica\" \/>\n<meta name=\"geo.region\" content=\"Croatia\" \/>\n<!-- \/ Yoast SEO Premium plugin. -->","yoast_head_json":{"title":"Trojica pijanih mladi\u0107a vozali se traktorom: Zavr\u0161ili su u kanalu - Gorica Info","description":"Trojica pijanih mladi\u0107a vozali se traktorom: Zavr\u0161ili su u odvodnom kanalu, jedan je te\u0161ko ozlije\u0111en, izviejstila je policija.","robots":{"index":"index","follow":"follow","max-snippet":"max-snippet:-1","max-image-preview":"max-image-preview:large","max-video-preview":"max-video-preview:-1"},"canonical":"https:\/\/gorica.info\/en\/trojica-pijanih-mladica-vozali-se-traktorom-zavrsili-su-u-kanalu-jedan-tesko-ozlijeden\/","og_locale":"en_US","og_type":"article","og_title":"Trojica pijanih mladi\u0107a vozali se traktorom: Zavr\u0161ili su u kanalu","og_description":"Trojica pijanih mladi\u0107a vozali se traktorom: Zavr\u0161ili su u odvodnom kanalu, jedan je te\u0161ko ozlije\u0111en, izviejstila je policija.","og_url":"https:\/\/gorica.info\/en\/trojica-pijanih-mladica-vozali-se-traktorom-zavrsili-su-u-kanalu-jedan-tesko-ozlijeden\/","og_site_name":"Gorica Info","article_publisher":"https:\/\/www.facebook.com\/Goricainfo-106005144489262","article_published_time":"2024-09-24T08:37:00+00:00","article_modified_time":"2024-09-24T08:42:47+00:00","og_image":[{"width":825,"height":610,"url":"https:\/\/gorica.info\/wp-content\/uploads\/2024\/09\/hitna-pomoc-nesreca-dvd-lobor-e1727161035239.jpg","type":"image\/jpeg"}],"author":"Gorica. info","twitter_card":"summary_large_image","twitter_creator":"@GoricaInfo","twitter_site":"@GoricaInfo","twitter_misc":{"Written by":"Gorica. info","Est. reading time":"2 minutes"},"schema":{"@context":"https:\/\/schema.org","@graph":[{"@type":"NewsArticle","@id":"https:\/\/gorica.info\/trojica-pijanih-mladica-vozali-se-traktorom-zavrsili-su-u-kanalu-jedan-tesko-ozlijeden\/#article","isPartOf":{"@id":"https:\/\/gorica.info\/trojica-pijanih-mladica-vozali-se-traktorom-zavrsili-su-u-kanalu-jedan-tesko-ozlijeden\/"},"author":{"name":"Gorica. info","@id":"https:\/\/gorica.info\/#\/schema\/person\/4499af1f22f322670b9b5977ccc2e3de"},"headline":"Trojica pijanih mladi\u0107a vozali se traktorom: Zavr\u0161ili su u kanalu","datePublished":"2024-09-24T08:37:00+00:00","dateModified":"2024-09-24T08:42:47+00:00","mainEntityOfPage":{"@id":"https:\/\/gorica.info\/trojica-pijanih-mladica-vozali-se-traktorom-zavrsili-su-u-kanalu-jedan-tesko-ozlijeden\/"},"wordCount":268,"publisher":{"@id":"https:\/\/gorica.info\/#organization"},"image":{"@id":"https:\/\/gorica.info\/trojica-pijanih-mladica-vozali-se-traktorom-zavrsili-su-u-kanalu-jedan-tesko-ozlijeden\/#primaryimage"},"thumbnailUrl":"https:\/\/gorica.info\/wp-content\/uploads\/2024\/09\/hitna-pomoc-nesreca-dvd-lobor-e1727161035239.jpg","keywords":["kaznena prijava","naglo skrenuo","nesre\u0107a","o\u010devid","te\u0161ke ozljede","trojica pijanih mladi\u0107a","zavr\u0161ili u odvodnom kanalu"],"articleSection":["INFO"],"inLanguage":"en-US","copyrightYear":"2024","copyrightHolder":{"@id":"https:\/\/gorica.info\/en\/#organization"}},{"@type":"WebPage","@id":"https:\/\/gorica.info\/trojica-pijanih-mladica-vozali-se-traktorom-zavrsili-su-u-kanalu-jedan-tesko-ozlijeden\/","url":"https:\/\/gorica.info\/trojica-pijanih-mladica-vozali-se-traktorom-zavrsili-su-u-kanalu-jedan-tesko-ozlijeden\/","name":"Trojica pijanih mladi\u0107a vozali se traktorom: Zavr\u0161ili su u kanalu - Gorica Info","isPartOf":{"@id":"https:\/\/gorica.info\/#website"},"primaryImageOfPage":{"@id":"https:\/\/gorica.info\/trojica-pijanih-mladica-vozali-se-traktorom-zavrsili-su-u-kanalu-jedan-tesko-ozlijeden\/#primaryimage"},"image":{"@id":"https:\/\/gorica.info\/trojica-pijanih-mladica-vozali-se-traktorom-zavrsili-su-u-kanalu-jedan-tesko-ozlijeden\/#primaryimage"},"thumbnailUrl":"https:\/\/gorica.info\/wp-content\/uploads\/2024\/09\/hitna-pomoc-nesreca-dvd-lobor-e1727161035239.jpg","datePublished":"2024-09-24T08:37:00+00:00","dateModified":"2024-09-24T08:42:47+00:00","description":"Trojica pijanih mladi\u0107a vozali se traktorom: Zavr\u0161ili su u odvodnom kanalu, jedan je te\u0161ko ozlije\u0111en, izviejstila je policija.","breadcrumb":{"@id":"https:\/\/gorica.info\/trojica-pijanih-mladica-vozali-se-traktorom-zavrsili-su-u-kanalu-jedan-tesko-ozlijeden\/#breadcrumb"},"inLanguage":"en-US","potentialAction":[{"@type":"ReadAction","target":["https:\/\/gorica.info\/trojica-pijanih-mladica-vozali-se-traktorom-zavrsili-su-u-kanalu-jedan-tesko-ozlijeden\/"]}]},{"@type":"ImageObject","inLanguage":"en-US","@id":"https:\/\/gorica.info\/trojica-pijanih-mladica-vozali-se-traktorom-zavrsili-su-u-kanalu-jedan-tesko-ozlijeden\/#primaryimage","url":"https:\/\/gorica.info\/wp-content\/uploads\/2024\/09\/hitna-pomoc-nesreca-dvd-lobor-e1727161035239.jpg","contentUrl":"https:\/\/gorica.info\/wp-content\/uploads\/2024\/09\/hitna-pomoc-nesreca-dvd-lobor-e1727161035239.jpg","width":825,"height":610,"caption":"Arhivska fotografija: Vatrogasci"},{"@type":"BreadcrumbList","@id":"https:\/\/gorica.info\/trojica-pijanih-mladica-vozali-se-traktorom-zavrsili-su-u-kanalu-jedan-tesko-ozlijeden\/#breadcrumb","itemListElement":[{"@type":"ListItem","position":1,"name":"Po\u010detna stranica","item":"https:\/\/gorica.info\/"},{"@type":"ListItem","position":2,"name":"Trojica pijanih mladi\u0107a vozali se traktorom: Zavr\u0161ili su u kanalu"}]},{"@type":"WebSite","@id":"https:\/\/gorica.info\/#website","url":"https:\/\/gorica.info\/","name":"Gorica Info","description":"Vijesti iz Velike Gorice i okolice.","publisher":{"@id":"https:\/\/gorica.info\/#organization"},"potentialAction":[{"@type":"SearchAction","target":{"@type":"EntryPoint","urlTemplate":"https:\/\/gorica.info\/?s={search_term_string}"},"query-input":{"@type":"PropertyValueSpecification","valueRequired":true,"valueName":"search_term_string"}}],"inLanguage":"en-US"},{"@type":["Organization","Place","NewsMediaOrganization"],"@id":"https:\/\/gorica.info\/#organization","name":"Gorica Info","url":"https:\/\/gorica.info\/","logo":{"@id":"https:\/\/gorica.info\/trojica-pijanih-mladica-vozali-se-traktorom-zavrsili-su-u-kanalu-jedan-tesko-ozlijeden\/#local-main-organization-logo"},"image":{"@id":"https:\/\/gorica.info\/trojica-pijanih-mladica-vozali-se-traktorom-zavrsili-su-u-kanalu-jedan-tesko-ozlijeden\/#local-main-organization-logo"},"sameAs":["https:\/\/www.facebook.com\/Goricainfo-106005144489262","https:\/\/x.com\/GoricaInfo","https:\/\/www.instagram.com\/gorica.info\/"],"address":{"@id":"https:\/\/gorica.info\/trojica-pijanih-mladica-vozali-se-traktorom-zavrsili-su-u-kanalu-jedan-tesko-ozlijeden\/#local-main-place-address"},"telephone":[],"openingHoursSpecification":[{"@type":"OpeningHoursSpecification","dayOfWeek":["Monday","Tuesday","Wednesday","Thursday","Friday","Saturday","Sunday"],"opens":"09:00","closes":"17:00"}],"email":"redakcija@gorica.info"},{"@type":"Person","@id":"https:\/\/gorica.info\/#\/schema\/person\/4499af1f22f322670b9b5977ccc2e3de","name":"Gorica. info","description":"Gorica.info je lokalni portal koji prati Veliku Goricu i okolici, svakodnevno donosi najnovije vijesti i pri\u010de, kulturna doga\u0111anja i aktualnosti koje oblikuju \u017eivot gra\u0111ana.","url":"https:\/\/gorica.info\/en\/author\/gorica-info\/"},{"@type":"PostalAddress","@id":"https:\/\/gorica.info\/trojica-pijanih-mladica-vozali-se-traktorom-zavrsili-su-u-kanalu-jedan-tesko-ozlijeden\/#local-main-place-address","streetAddress":"Horvatova 97","addressLocality":"Velika Gorica","postalCode":"10410","addressRegion":"Croatia","addressCountry":"HR"},{"@type":"ImageObject","inLanguage":"en-US","@id":"https:\/\/gorica.info\/trojica-pijanih-mladica-vozali-se-traktorom-zavrsili-su-u-kanalu-jedan-tesko-ozlijeden\/#local-main-organization-logo","url":"https:\/\/gorica.info\/wp-content\/uploads\/2024\/07\/Gorica-Info-Logo-mali.png","contentUrl":"https:\/\/gorica.info\/wp-content\/uploads\/2024\/07\/Gorica-Info-Logo-mali.png","width":450,"height":85,"caption":"Gorica Info"}]},"geo.placename":"Velika Gorica","geo.region":"Croatia"},"_links":{"self":[{"href":"https:\/\/gorica.info\/en\/wp-json\/wp\/v2\/posts\/76682","targetHints":{"allow":["GET"]}}],"collection":[{"href":"https:\/\/gorica.info\/en\/wp-json\/wp\/v2\/posts"}],"about":[{"href":"https:\/\/gorica.info\/en\/wp-json\/wp\/v2\/types\/post"}],"author":[{"embeddable":true,"href":"https:\/\/gorica.info\/en\/wp-json\/wp\/v2\/users\/23"}],"replies":[{"embeddable":true,"href":"https:\/\/gorica.info\/en\/wp-json\/wp\/v2\/comments?post=76682"}],"version-history":[{"count":4,"href":"https:\/\/gorica.info\/en\/wp-json\/wp\/v2\/posts\/76682\/revisions"}],"predecessor-version":[{"id":76689,"href":"https:\/\/gorica.info\/en\/wp-json\/wp\/v2\/posts\/76682\/revisions\/76689"}],"wp:featuredmedia":[{"embeddable":true,"href":"https:\/\/gorica.info\/en\/wp-json\/wp\/v2\/media\/76685"}],"wp:attachment":[{"href":"https:\/\/gorica.info\/en\/wp-json\/wp\/v2\/media?parent=76682"}],"wp:term":[{"taxonomy":"category","embeddable":true,"href":"https:\/\/gorica.info\/en\/wp-json\/wp\/v2\/categories?post=76682"},{"taxonomy":"post_tag","embeddable":true,"href":"https:\/\/gorica.info\/en\/wp-json\/wp\/v2\/tags?post=76682"}],"curies":[{"name":"wp","href":"https:\/\/api.w.org\/{rel}","templated":true}]}}