{"id":76690,"date":"2024-09-24T10:40:58","date_gmt":"2024-09-24T08:40:58","guid":{"rendered":"https:\/\/gorica.info\/?p=76690"},"modified":"2024-09-24T10:41:43","modified_gmt":"2024-09-24T08:41:43","slug":"u-galeriji-galzenica-izlaze-renomirana-slikarica-dubravka-rakoci","status":"publish","type":"post","link":"https:\/\/gorica.info\/en\/u-galeriji-galzenica-izlaze-renomirana-slikarica-dubravka-rakoci\/","title":{"rendered":"U Galeriji Gal\u017eenica izla\u017ee renomirana slikarica Dubravka Rakoci"},"content":{"rendered":"<p class=\"has-medium-font-size\">U <strong>Galeriji Gal\u017eenica<\/strong> mo\u017eete razgledati radove renomirane hrvatske slikarice, <strong>Dubravke Rakoci<\/strong>. Izlo\u017ebeni postav zaokru\u017eio je umjetni\u010dku praksu Dubravke Rakoci od studentskih dana do danas, prate\u0107i istovjetnu nit, ideju i formu.<\/p>\n\n\n\n<p class=\"has-medium-font-size\">&#8211; Za ovaj postav, autorica je odlu\u010dila u bijelom kubusu galerije izlo\u017eiti i <strong>pet prostornih instalacija<\/strong> kreiraju\u0107i specifi\u010dni crno-crveni slikarski ambijent na bijeloj podlozi, koji sasvim slu\u010dajno korespondira sa slu\u017ebenim bojama Velike Gorice (crna-crvena-bijela), koje \u010dine dio vizualnog identiteta ovog grada. <\/p>\n\n\n\n<p class=\"has-medium-font-size\">Kru\u017ena monokromna platna Rakoci prilago\u0111ava novim prostornim zadatostima, istovremeno upisuju\u0107i te zadatosti u samu prostornu instalaciju \u2013 isti\u010de <a href=\"https:\/\/gorica.info\/en\/samostalna-izlozba-dubravke-rakoci-u-galeriji-galzenica\/\">kustosica izlo\u017ebe <\/a><strong>Antonia Vodanovi\u0107<\/strong>.<\/p>\n\n\n\n<figure class=\"wp-block-image size-full\"><img fetchpriority=\"high\" decoding=\"async\" width=\"1024\" height=\"683\" src=\"https:\/\/gorica.info\/wp-content\/uploads\/2024\/09\/image-21.png\" alt=\"\" class=\"wp-image-76695\" srcset=\"https:\/\/gorica.info\/wp-content\/uploads\/2024\/09\/image-21.png 1024w, https:\/\/gorica.info\/wp-content\/uploads\/2024\/09\/image-21-300x200.png 300w, https:\/\/gorica.info\/wp-content\/uploads\/2024\/09\/image-21-768x512.png 768w, https:\/\/gorica.info\/wp-content\/uploads\/2024\/09\/image-21-18x12.png 18w, https:\/\/gorica.info\/wp-content\/uploads\/2024\/09\/image-21-750x500.png 750w\" sizes=\"(max-width: 1024px) 100vw, 1024px\" \/><figcaption class=\"wp-element-caption\">Foto: Ana Vuko \/ Galerija Gal\u017eenica<\/figcaption><\/figure>\n\n\n\n<p class=\"has-medium-font-size\">Budu\u0107i da je Galerija Gal\u017eenica gradska galerija Velike Gorice, jedan dio na\u0161eg izlo\u017ebenog programa posve\u0107en je izlo\u017ebama umjetnika koji su ro\u0111enjem, \u017eivotom ili porijeklom vezani za Veliku Goricu i Turopolje. U tom ciklusu ove godine odlu\u010dili smo postaviti samostalnu izlo\u017ebu hrvatske slikarice Dubravke Rakoci, vezane porijeklom uz Veliku Goricu i Pokupsko, a \u010diji su radovi prvi put u ovom prostoru bili postavljeni 2022. godine u sklopu 1. Velikogori\u010dkog salona \u2013 kazala je Antonia Vodanovi\u0107.<\/p>\n\n\n\n<p class=\"has-medium-font-size\">Dubravka Rakoci diplomirala je slikarstvo na zagreba\u010dkoj Akademiji likovnih umjetnosti u klasi profesora Raula Goldonija 1979. godine. Izlagala je na<strong> brojnim izlo\u017ebama<\/strong> u zemlji i inozemstvu, a njezini se radovi nalaze u fundusima brojnih muzeja i galerija<\/p>\n\n\n\n<p class=\"has-medium-font-size\"><a href=\"https:\/\/www.facebook.com\/galerija.galzenica?locale=hr_HR\">Izlo\u017eba<\/a> \u0107e biti otvorena za posjetitelje<strong> do 25. listopada<\/strong>, nakon \u010dega slijedi samostalna izlo\u017eba mladog i nagra\u0111ivanog kipara <strong>Mateja Vukovi\u0107a<\/strong>, \u010diji je kiparski atelje smje\u0161ten u Velikoj Gorici.<\/p>\n\n\n\n<figure class=\"wp-block-gallery has-nested-images columns-default is-cropped wp-block-gallery-1 is-layout-flex wp-block-gallery-is-layout-flex\">\n<figure class=\"wp-block-image size-large\"><img decoding=\"async\" width=\"1000\" height=\"666\" data-id=\"76694\" src=\"https:\/\/gorica.info\/wp-content\/uploads\/2024\/09\/Galzenica_Rakoci-Foto-Ana-Vuko.jpg\" alt=\"rakoci\" class=\"wp-image-76694\" srcset=\"https:\/\/gorica.info\/wp-content\/uploads\/2024\/09\/Galzenica_Rakoci-Foto-Ana-Vuko.jpg 1000w, https:\/\/gorica.info\/wp-content\/uploads\/2024\/09\/Galzenica_Rakoci-Foto-Ana-Vuko-300x200.jpg 300w, https:\/\/gorica.info\/wp-content\/uploads\/2024\/09\/Galzenica_Rakoci-Foto-Ana-Vuko-768x511.jpg 768w, https:\/\/gorica.info\/wp-content\/uploads\/2024\/09\/Galzenica_Rakoci-Foto-Ana-Vuko-18x12.jpg 18w, https:\/\/gorica.info\/wp-content\/uploads\/2024\/09\/Galzenica_Rakoci-Foto-Ana-Vuko-750x500.jpg 750w\" sizes=\"(max-width: 1000px) 100vw, 1000px\" \/><figcaption class=\"wp-element-caption\">Foto: Ana Vuko \/ Galerija Gal\u017eenica<\/figcaption><\/figure>\n\n\n\n<figure class=\"wp-block-image size-large\"><img decoding=\"async\" width=\"1024\" height=\"683\" data-id=\"76693\" src=\"https:\/\/gorica.info\/wp-content\/uploads\/2024\/09\/Galzenica_Rakoci-14-1024x683.jpg\" alt=\"rakoci\" class=\"wp-image-76693\" srcset=\"https:\/\/gorica.info\/wp-content\/uploads\/2024\/09\/Galzenica_Rakoci-14-1024x683.jpg 1024w, https:\/\/gorica.info\/wp-content\/uploads\/2024\/09\/Galzenica_Rakoci-14-300x200.jpg 300w, https:\/\/gorica.info\/wp-content\/uploads\/2024\/09\/Galzenica_Rakoci-14-768x512.jpg 768w, https:\/\/gorica.info\/wp-content\/uploads\/2024\/09\/Galzenica_Rakoci-14-18x12.jpg 18w, https:\/\/gorica.info\/wp-content\/uploads\/2024\/09\/Galzenica_Rakoci-14-750x500.jpg 750w, https:\/\/gorica.info\/wp-content\/uploads\/2024\/09\/Galzenica_Rakoci-14-1140x760.jpg 1140w, https:\/\/gorica.info\/wp-content\/uploads\/2024\/09\/Galzenica_Rakoci-14.jpg 1100w\" sizes=\"(max-width: 1024px) 100vw, 1024px\" \/><figcaption class=\"wp-element-caption\">Foto: Ana Vuko \/ Galerija Gal\u017eenica<\/figcaption><\/figure>\n<\/figure>\n\n\n\n<p><\/p>","protected":false},"excerpt":{"rendered":"<p>U Galeriji Gal\u017eenica mo\u017eete razgledati radove renomirane hrvatske slikarice, Dubravke Rakoci. Izlo\u017ebeni postav zaokru\u017eio je umjetni\u010dku praksu Dubravke Rakoci od studentskih dana do danas, prate\u0107i istovjetnu nit, ideju i formu. &#8211; Za ovaj postav, autorica je odlu\u010dila u bijelom kubusu galerije izlo\u017eiti i pet prostornih instalacija kreiraju\u0107i specifi\u010dni crno-crveni slikarski ambijent na bijeloj podlozi, koji [&hellip;]<\/p>\n","protected":false},"author":25,"featured_media":76691,"comment_status":"closed","ping_status":"closed","sticky":false,"template":"","format":"standard","meta":{"limit_modified_date":"","last_modified_date":"","jnews-multi-image_gallery":[],"jnews_single_post":{"format":"standard"},"jnews_primary_category":[],"jnews_override_counter":[],"footnotes":""},"categories":[84],"tags":[14317,2959,14405,14407,14403],"class_list":["post-76690","post","type-post","status-publish","format-standard","has-post-thumbnail","hentry","category-kultura","tag-dubravka-rakoci","tag-galerija-galzenica","tag-izlozba-antonia-vodanovic","tag-monokromna-platna","tag-slikarica"],"yoast_head":"<!-- This site is optimized with the Yoast SEO Premium plugin v27.4 (Yoast SEO v27.4) - https:\/\/yoast.com\/product\/yoast-seo-premium-wordpress\/ -->\n<title>U Galeriji Gal\u017eenica izla\u017ee renomirana slikarica Dubravka Rakoci - Gorica Info<\/title>\n<meta name=\"description\" content=\"U Galeriji Gal\u017eenica izla\u017ee renomirana slikarica Dubravka Rakoci. Izlo\u017ebu mo\u017eete razgledati do 25. listopada.\" \/>\n<meta name=\"robots\" content=\"index, follow, max-snippet:-1, max-image-preview:large, max-video-preview:-1\" \/>\n<link rel=\"canonical\" href=\"https:\/\/gorica.info\/en\/u-galeriji-galzenica-izlaze-renomirana-slikarica-dubravka-rakoci\/\" \/>\n<meta property=\"og:locale\" content=\"en_US\" \/>\n<meta property=\"og:type\" content=\"article\" \/>\n<meta property=\"og:title\" content=\"U Galeriji Gal\u017eenica izla\u017ee renomirana slikarica Dubravka Rakoci\" \/>\n<meta property=\"og:description\" content=\"U Galeriji Gal\u017eenica izla\u017ee renomirana slikarica Dubravka Rakoci. Izlo\u017ebu mo\u017eete razgledati do 25. listopada.\" \/>\n<meta property=\"og:url\" content=\"https:\/\/gorica.info\/en\/u-galeriji-galzenica-izlaze-renomirana-slikarica-dubravka-rakoci\/\" \/>\n<meta property=\"og:site_name\" content=\"Gorica Info\" \/>\n<meta property=\"article:publisher\" content=\"https:\/\/www.facebook.com\/Goricainfo-106005144489262\" \/>\n<meta property=\"article:published_time\" content=\"2024-09-24T08:40:58+00:00\" \/>\n<meta property=\"article:modified_time\" content=\"2024-09-24T08:41:43+00:00\" \/>\n<meta property=\"og:image\" content=\"https:\/\/gorica.info\/wp-content\/uploads\/2024\/09\/Galzenica_Rakoci-35.jpg\" \/>\n\t<meta property=\"og:image:width\" content=\"601\" \/>\n\t<meta property=\"og:image:height\" content=\"800\" \/>\n\t<meta property=\"og:image:type\" content=\"image\/jpeg\" \/>\n<meta name=\"author\" content=\"Marta Horvat\" \/>\n<meta name=\"twitter:card\" content=\"summary_large_image\" \/>\n<meta name=\"twitter:creator\" content=\"@GoricaInfo\" \/>\n<meta name=\"twitter:site\" content=\"@GoricaInfo\" \/>\n<meta name=\"twitter:label1\" content=\"Written by\" \/>\n\t<meta name=\"twitter:data1\" content=\"Marta Horvat\" \/>\n\t<meta name=\"twitter:label2\" content=\"Est. reading time\" \/>\n\t<meta name=\"twitter:data2\" content=\"3 minutes\" \/>\n<meta name=\"geo.placename\" content=\"Velika Gorica\" \/>\n<meta name=\"geo.region\" content=\"Croatia\" \/>\n<!-- \/ Yoast SEO Premium plugin. -->","yoast_head_json":{"title":"U Galeriji Gal\u017eenica izla\u017ee renomirana slikarica Dubravka Rakoci - Gorica Info","description":"U Galeriji Gal\u017eenica izla\u017ee renomirana slikarica Dubravka Rakoci. Izlo\u017ebu mo\u017eete razgledati do 25. listopada.","robots":{"index":"index","follow":"follow","max-snippet":"max-snippet:-1","max-image-preview":"max-image-preview:large","max-video-preview":"max-video-preview:-1"},"canonical":"https:\/\/gorica.info\/en\/u-galeriji-galzenica-izlaze-renomirana-slikarica-dubravka-rakoci\/","og_locale":"en_US","og_type":"article","og_title":"U Galeriji Gal\u017eenica izla\u017ee renomirana slikarica Dubravka Rakoci","og_description":"U Galeriji Gal\u017eenica izla\u017ee renomirana slikarica Dubravka Rakoci. Izlo\u017ebu mo\u017eete razgledati do 25. listopada.","og_url":"https:\/\/gorica.info\/en\/u-galeriji-galzenica-izlaze-renomirana-slikarica-dubravka-rakoci\/","og_site_name":"Gorica Info","article_publisher":"https:\/\/www.facebook.com\/Goricainfo-106005144489262","article_published_time":"2024-09-24T08:40:58+00:00","article_modified_time":"2024-09-24T08:41:43+00:00","og_image":[{"width":601,"height":800,"url":"https:\/\/gorica.info\/wp-content\/uploads\/2024\/09\/Galzenica_Rakoci-35.jpg","type":"image\/jpeg"}],"author":"Marta Horvat","twitter_card":"summary_large_image","twitter_creator":"@GoricaInfo","twitter_site":"@GoricaInfo","twitter_misc":{"Written by":"Marta Horvat","Est. reading time":"3 minutes"},"schema":{"@context":"https:\/\/schema.org","@graph":[{"@type":"NewsArticle","@id":"https:\/\/gorica.info\/u-galeriji-galzenica-izlaze-renomirana-slikarica-dubravka-rakoci\/#article","isPartOf":{"@id":"https:\/\/gorica.info\/u-galeriji-galzenica-izlaze-renomirana-slikarica-dubravka-rakoci\/"},"author":{"name":"Marta Horvat","@id":"https:\/\/gorica.info\/#\/schema\/person\/b2df2f6fb2a9073c0fa5af2672befd52"},"headline":"U Galeriji Gal\u017eenica izla\u017ee renomirana slikarica Dubravka Rakoci","datePublished":"2024-09-24T08:40:58+00:00","dateModified":"2024-09-24T08:41:43+00:00","mainEntityOfPage":{"@id":"https:\/\/gorica.info\/u-galeriji-galzenica-izlaze-renomirana-slikarica-dubravka-rakoci\/"},"wordCount":288,"publisher":{"@id":"https:\/\/gorica.info\/#organization"},"image":{"@id":"https:\/\/gorica.info\/u-galeriji-galzenica-izlaze-renomirana-slikarica-dubravka-rakoci\/#primaryimage"},"thumbnailUrl":"https:\/\/gorica.info\/wp-content\/uploads\/2024\/09\/Galzenica_Rakoci-35.jpg","keywords":["dubravka rakoci","galerija gal\u017eenica","izlo\u017eba antonia vodanovi\u0107","monokromna platna","slikarica"],"articleSection":["KULTURA"],"inLanguage":"en-US","copyrightYear":"2024","copyrightHolder":{"@id":"https:\/\/gorica.info\/en\/#organization"}},{"@type":"WebPage","@id":"https:\/\/gorica.info\/u-galeriji-galzenica-izlaze-renomirana-slikarica-dubravka-rakoci\/","url":"https:\/\/gorica.info\/u-galeriji-galzenica-izlaze-renomirana-slikarica-dubravka-rakoci\/","name":"U Galeriji Gal\u017eenica izla\u017ee renomirana slikarica Dubravka Rakoci - Gorica Info","isPartOf":{"@id":"https:\/\/gorica.info\/#website"},"primaryImageOfPage":{"@id":"https:\/\/gorica.info\/u-galeriji-galzenica-izlaze-renomirana-slikarica-dubravka-rakoci\/#primaryimage"},"image":{"@id":"https:\/\/gorica.info\/u-galeriji-galzenica-izlaze-renomirana-slikarica-dubravka-rakoci\/#primaryimage"},"thumbnailUrl":"https:\/\/gorica.info\/wp-content\/uploads\/2024\/09\/Galzenica_Rakoci-35.jpg","datePublished":"2024-09-24T08:40:58+00:00","dateModified":"2024-09-24T08:41:43+00:00","description":"U Galeriji Gal\u017eenica izla\u017ee renomirana slikarica Dubravka Rakoci. Izlo\u017ebu mo\u017eete razgledati do 25. listopada.","breadcrumb":{"@id":"https:\/\/gorica.info\/u-galeriji-galzenica-izlaze-renomirana-slikarica-dubravka-rakoci\/#breadcrumb"},"inLanguage":"en-US","potentialAction":[{"@type":"ReadAction","target":["https:\/\/gorica.info\/u-galeriji-galzenica-izlaze-renomirana-slikarica-dubravka-rakoci\/"]}]},{"@type":"ImageObject","inLanguage":"en-US","@id":"https:\/\/gorica.info\/u-galeriji-galzenica-izlaze-renomirana-slikarica-dubravka-rakoci\/#primaryimage","url":"https:\/\/gorica.info\/wp-content\/uploads\/2024\/09\/Galzenica_Rakoci-35.jpg","contentUrl":"https:\/\/gorica.info\/wp-content\/uploads\/2024\/09\/Galzenica_Rakoci-35.jpg","width":601,"height":800,"caption":"Foto: Ana Vuko \/ Galerija Gal\u017eenica"},{"@type":"BreadcrumbList","@id":"https:\/\/gorica.info\/u-galeriji-galzenica-izlaze-renomirana-slikarica-dubravka-rakoci\/#breadcrumb","itemListElement":[{"@type":"ListItem","position":1,"name":"Po\u010detna stranica","item":"https:\/\/gorica.info\/"},{"@type":"ListItem","position":2,"name":"U Galeriji Gal\u017eenica izla\u017ee renomirana slikarica Dubravka Rakoci"}]},{"@type":"WebSite","@id":"https:\/\/gorica.info\/#website","url":"https:\/\/gorica.info\/","name":"Gorica Info","description":"Vijesti iz Velike Gorice i okolice.","publisher":{"@id":"https:\/\/gorica.info\/#organization"},"potentialAction":[{"@type":"SearchAction","target":{"@type":"EntryPoint","urlTemplate":"https:\/\/gorica.info\/?s={search_term_string}"},"query-input":{"@type":"PropertyValueSpecification","valueRequired":true,"valueName":"search_term_string"}}],"inLanguage":"en-US"},{"@type":["Organization","Place","NewsMediaOrganization"],"@id":"https:\/\/gorica.info\/#organization","name":"Gorica Info","url":"https:\/\/gorica.info\/","logo":{"@id":"https:\/\/gorica.info\/u-galeriji-galzenica-izlaze-renomirana-slikarica-dubravka-rakoci\/#local-main-organization-logo"},"image":{"@id":"https:\/\/gorica.info\/u-galeriji-galzenica-izlaze-renomirana-slikarica-dubravka-rakoci\/#local-main-organization-logo"},"sameAs":["https:\/\/www.facebook.com\/Goricainfo-106005144489262","https:\/\/x.com\/GoricaInfo","https:\/\/www.instagram.com\/gorica.info\/"],"address":{"@id":"https:\/\/gorica.info\/u-galeriji-galzenica-izlaze-renomirana-slikarica-dubravka-rakoci\/#local-main-place-address"},"telephone":[],"openingHoursSpecification":[{"@type":"OpeningHoursSpecification","dayOfWeek":["Monday","Tuesday","Wednesday","Thursday","Friday","Saturday","Sunday"],"opens":"09:00","closes":"17:00"}],"email":"redakcija@gorica.info"},{"@type":"Person","@id":"https:\/\/gorica.info\/#\/schema\/person\/b2df2f6fb2a9073c0fa5af2672befd52","name":"Marta Horvat","description":"Marta Horvat je studentica koja redovito pi\u0161e za portal, prati sva gradska doga\u0111anja i u\u017eiva isprobavati nove recept koje dijeli s na\u0161im \u010ditateljima.","url":"https:\/\/gorica.info\/en\/author\/marta-horvat\/"},{"@type":"PostalAddress","@id":"https:\/\/gorica.info\/u-galeriji-galzenica-izlaze-renomirana-slikarica-dubravka-rakoci\/#local-main-place-address","streetAddress":"Horvatova 97","addressLocality":"Velika Gorica","postalCode":"10410","addressRegion":"Croatia","addressCountry":"HR"},{"@type":"ImageObject","inLanguage":"en-US","@id":"https:\/\/gorica.info\/u-galeriji-galzenica-izlaze-renomirana-slikarica-dubravka-rakoci\/#local-main-organization-logo","url":"https:\/\/gorica.info\/wp-content\/uploads\/2024\/07\/Gorica-Info-Logo-mali.png","contentUrl":"https:\/\/gorica.info\/wp-content\/uploads\/2024\/07\/Gorica-Info-Logo-mali.png","width":450,"height":85,"caption":"Gorica Info"}]},"geo.placename":"Velika Gorica","geo.region":"Croatia"},"_links":{"self":[{"href":"https:\/\/gorica.info\/en\/wp-json\/wp\/v2\/posts\/76690","targetHints":{"allow":["GET"]}}],"collection":[{"href":"https:\/\/gorica.info\/en\/wp-json\/wp\/v2\/posts"}],"about":[{"href":"https:\/\/gorica.info\/en\/wp-json\/wp\/v2\/types\/post"}],"author":[{"embeddable":true,"href":"https:\/\/gorica.info\/en\/wp-json\/wp\/v2\/users\/25"}],"replies":[{"embeddable":true,"href":"https:\/\/gorica.info\/en\/wp-json\/wp\/v2\/comments?post=76690"}],"version-history":[{"count":1,"href":"https:\/\/gorica.info\/en\/wp-json\/wp\/v2\/posts\/76690\/revisions"}],"predecessor-version":[{"id":76696,"href":"https:\/\/gorica.info\/en\/wp-json\/wp\/v2\/posts\/76690\/revisions\/76696"}],"wp:featuredmedia":[{"embeddable":true,"href":"https:\/\/gorica.info\/en\/wp-json\/wp\/v2\/media\/76691"}],"wp:attachment":[{"href":"https:\/\/gorica.info\/en\/wp-json\/wp\/v2\/media?parent=76690"}],"wp:term":[{"taxonomy":"category","embeddable":true,"href":"https:\/\/gorica.info\/en\/wp-json\/wp\/v2\/categories?post=76690"},{"taxonomy":"post_tag","embeddable":true,"href":"https:\/\/gorica.info\/en\/wp-json\/wp\/v2\/tags?post=76690"}],"curies":[{"name":"wp","href":"https:\/\/api.w.org\/{rel}","templated":true}]}}