{"id":76749,"date":"2024-09-24T18:26:42","date_gmt":"2024-09-24T16:26:42","guid":{"rendered":"https:\/\/gorica.info\/?p=76749"},"modified":"2024-09-24T18:28:07","modified_gmt":"2024-09-24T16:28:07","slug":"opet-opljackana-starica-na-ulici-razbojnik-joj-strgnuo-lancic-s-vrata","status":"publish","type":"post","link":"https:\/\/gorica.info\/en\/opet-opljackana-starica-na-ulici-razbojnik-joj-strgnuo-lancic-s-vrata\/","title":{"rendered":"Opet oplja\u010dkana starica na ulici: Razbojnik joj strgnuo lan\u010di\u0107 s vrata"},"content":{"rendered":"<p class=\"has-medium-font-size\">Posljednjih dana zaredala su razbojni\u0161tva nad <strong>starijim \u017eenama<\/strong>. <a href=\"https:\/\/gorica.info\/en\/napad-na-ulici-manijak-zeni-otrgnuo-vrijedan-lancic-s-vrata-tesko-je-ozlijedena\/\">Plja\u010dka\u0161i<\/a> im<strong> prilaze na ulici i trgaju nakit s vrata<\/strong>. U ponedjeljak oko 14.50 sati na Maksimirskoj cesti u Zagrebu oplja\u010dkana je <strong>87-godi\u0161nja \u017eena<\/strong>. <\/p>\n\n\n\n<p class=\"has-medium-font-size\"><a href=\"https:\/\/gorica.info\/en\/opljackana-81-godisnja-baka-u-busevcu-lopov-joj-ukrao-nakit\/\">Nepoznati po\u010dinitelj <\/a>na ulici je pri\u0161ao 87-godi\u0161njakinji te joj ukrao nakit, objavila je <a href=\"https:\/\/zagrebacka-policija.gov.hr\/vijesti\/teska-kradja-na-maksimiru-98927\/98927\">Policijska uprava zagreba\u010dka<\/a>.<\/p>\n\n\n\n<p class=\"has-medium-font-size\">Materijalna \u0161teta\u00a0 iznosi <strong>nekoliko stotina eura.<\/strong><\/p>\n\n\n\n<p><\/p>","protected":false},"excerpt":{"rendered":"<p>Posljednjih dana zaredala su razbojni\u0161tva nad starijim \u017eenama. Plja\u010dka\u0161i im prilaze na ulici i trgaju nakit s vrata. U ponedjeljak oko 14.50 sati na Maksimirskoj cesti u Zagrebu oplja\u010dkana je 87-godi\u0161nja \u017eena. Nepoznati po\u010dinitelj na ulici je pri\u0161ao 87-godi\u0161njakinji te joj ukrao nakit, objavila je Policijska uprava zagreba\u010dka. Materijalna \u0161teta\u00a0 iznosi nekoliko stotina eura.<\/p>","protected":false},"author":23,"featured_media":76751,"comment_status":"closed","ping_status":"closed","sticky":false,"template":"","format":"standard","meta":{"limit_modified_date":"","last_modified_date":"","jnews-multi-image_gallery":[],"jnews_single_post":{"format":"standard"},"jnews_primary_category":[],"jnews_override_counter":[],"footnotes":""},"categories":[96],"tags":[1098,3543,14423,14431,266,2920,14425,288],"class_list":["post-76749","post","type-post","status-publish","format-standard","has-post-thumbnail","hentry","category-vijesti","tag-istraga","tag-maksimir","tag-opljackana-starica","tag-pljacka-usred-dana","tag-policija","tag-razbojnik","tag-ukrao-lancic","tag-zagreb"],"yoast_head":"<!-- This site is optimized with the Yoast SEO Premium plugin v27.4 (Yoast SEO v27.4) - https:\/\/yoast.com\/product\/yoast-seo-premium-wordpress\/ -->\n<title>Opet oplja\u010dkana starica na ulici: Razbojnik joj strgnuo lan\u010di\u0107 s vrata - Gorica Info<\/title>\n<meta name=\"description\" content=\"Opet oplja\u010dkana starica na ulici: Razbojnik joj strgnuo lan\u010di\u0107 s vrata, \u0161teta iznosi nekoliko stotina eura, objavila je policija.\" \/>\n<meta name=\"robots\" content=\"index, follow, max-snippet:-1, max-image-preview:large, max-video-preview:-1\" \/>\n<link rel=\"canonical\" href=\"https:\/\/gorica.info\/en\/opet-opljackana-starica-na-ulici-razbojnik-joj-strgnuo-lancic-s-vrata\/\" \/>\n<meta property=\"og:locale\" content=\"en_US\" \/>\n<meta property=\"og:type\" content=\"article\" \/>\n<meta property=\"og:title\" content=\"Opet oplja\u010dkana starica na ulici: Razbojnik joj strgnuo lan\u010di\u0107 s vrata\" \/>\n<meta property=\"og:description\" content=\"Opet oplja\u010dkana starica na ulici: Razbojnik joj strgnuo lan\u010di\u0107 s vrata, \u0161teta iznosi nekoliko stotina eura, objavila je policija.\" \/>\n<meta property=\"og:url\" content=\"https:\/\/gorica.info\/en\/opet-opljackana-starica-na-ulici-razbojnik-joj-strgnuo-lancic-s-vrata\/\" \/>\n<meta property=\"og:site_name\" content=\"Gorica Info\" \/>\n<meta property=\"article:publisher\" content=\"https:\/\/www.facebook.com\/Goricainfo-106005144489262\" \/>\n<meta property=\"article:published_time\" content=\"2024-09-24T16:26:42+00:00\" \/>\n<meta property=\"article:modified_time\" content=\"2024-09-24T16:28:07+00:00\" \/>\n<meta property=\"og:image\" content=\"https:\/\/gorica.info\/wp-content\/uploads\/2024\/09\/baka-foto-unsplash.jpg\" \/>\n\t<meta property=\"og:image:width\" content=\"1200\" \/>\n\t<meta property=\"og:image:height\" content=\"800\" \/>\n\t<meta property=\"og:image:type\" content=\"image\/jpeg\" \/>\n<meta name=\"author\" content=\"Gorica. info\" \/>\n<meta name=\"twitter:card\" content=\"summary_large_image\" \/>\n<meta name=\"twitter:creator\" content=\"@GoricaInfo\" \/>\n<meta name=\"twitter:site\" content=\"@GoricaInfo\" \/>\n<meta name=\"twitter:label1\" content=\"Written by\" \/>\n\t<meta name=\"twitter:data1\" content=\"Gorica. info\" \/>\n\t<meta name=\"twitter:label2\" content=\"Est. reading time\" \/>\n\t<meta name=\"twitter:data2\" content=\"1 minute\" \/>\n<meta name=\"geo.placename\" content=\"Velika Gorica\" \/>\n<meta name=\"geo.region\" content=\"Croatia\" \/>\n<!-- \/ Yoast SEO Premium plugin. -->","yoast_head_json":{"title":"Opet oplja\u010dkana starica na ulici: Razbojnik joj strgnuo lan\u010di\u0107 s vrata - Gorica Info","description":"Opet oplja\u010dkana starica na ulici: Razbojnik joj strgnuo lan\u010di\u0107 s vrata, \u0161teta iznosi nekoliko stotina eura, objavila je policija.","robots":{"index":"index","follow":"follow","max-snippet":"max-snippet:-1","max-image-preview":"max-image-preview:large","max-video-preview":"max-video-preview:-1"},"canonical":"https:\/\/gorica.info\/en\/opet-opljackana-starica-na-ulici-razbojnik-joj-strgnuo-lancic-s-vrata\/","og_locale":"en_US","og_type":"article","og_title":"Opet oplja\u010dkana starica na ulici: Razbojnik joj strgnuo lan\u010di\u0107 s vrata","og_description":"Opet oplja\u010dkana starica na ulici: Razbojnik joj strgnuo lan\u010di\u0107 s vrata, \u0161teta iznosi nekoliko stotina eura, objavila je policija.","og_url":"https:\/\/gorica.info\/en\/opet-opljackana-starica-na-ulici-razbojnik-joj-strgnuo-lancic-s-vrata\/","og_site_name":"Gorica Info","article_publisher":"https:\/\/www.facebook.com\/Goricainfo-106005144489262","article_published_time":"2024-09-24T16:26:42+00:00","article_modified_time":"2024-09-24T16:28:07+00:00","og_image":[{"width":1200,"height":800,"url":"https:\/\/gorica.info\/wp-content\/uploads\/2024\/09\/baka-foto-unsplash.jpg","type":"image\/jpeg"}],"author":"Gorica. info","twitter_card":"summary_large_image","twitter_creator":"@GoricaInfo","twitter_site":"@GoricaInfo","twitter_misc":{"Written by":"Gorica. info","Est. reading time":"1 minute"},"schema":{"@context":"https:\/\/schema.org","@graph":[{"@type":"NewsArticle","@id":"https:\/\/gorica.info\/opet-opljackana-starica-na-ulici-razbojnik-joj-strgnuo-lancic-s-vrata\/#article","isPartOf":{"@id":"https:\/\/gorica.info\/opet-opljackana-starica-na-ulici-razbojnik-joj-strgnuo-lancic-s-vrata\/"},"author":{"name":"Gorica. info","@id":"https:\/\/gorica.info\/#\/schema\/person\/4499af1f22f322670b9b5977ccc2e3de"},"headline":"Opet oplja\u010dkana starica na ulici: Razbojnik joj strgnuo lan\u010di\u0107 s vrata","datePublished":"2024-09-24T16:26:42+00:00","dateModified":"2024-09-24T16:28:07+00:00","mainEntityOfPage":{"@id":"https:\/\/gorica.info\/opet-opljackana-starica-na-ulici-razbojnik-joj-strgnuo-lancic-s-vrata\/"},"wordCount":75,"publisher":{"@id":"https:\/\/gorica.info\/#organization"},"image":{"@id":"https:\/\/gorica.info\/opet-opljackana-starica-na-ulici-razbojnik-joj-strgnuo-lancic-s-vrata\/#primaryimage"},"thumbnailUrl":"https:\/\/gorica.info\/wp-content\/uploads\/2024\/09\/baka-foto-unsplash.jpg","keywords":["istraga","maksimir","oplja\u010dkana starica","plja\u010dka usred dana","policija","razbojnik","ukrao lan\u010di\u0107","Zagreb"],"articleSection":["VIJESTI"],"inLanguage":"en-US","copyrightYear":"2024","copyrightHolder":{"@id":"https:\/\/gorica.info\/en\/#organization"}},{"@type":"WebPage","@id":"https:\/\/gorica.info\/opet-opljackana-starica-na-ulici-razbojnik-joj-strgnuo-lancic-s-vrata\/","url":"https:\/\/gorica.info\/opet-opljackana-starica-na-ulici-razbojnik-joj-strgnuo-lancic-s-vrata\/","name":"Opet oplja\u010dkana starica na ulici: Razbojnik joj strgnuo lan\u010di\u0107 s vrata - Gorica Info","isPartOf":{"@id":"https:\/\/gorica.info\/#website"},"primaryImageOfPage":{"@id":"https:\/\/gorica.info\/opet-opljackana-starica-na-ulici-razbojnik-joj-strgnuo-lancic-s-vrata\/#primaryimage"},"image":{"@id":"https:\/\/gorica.info\/opet-opljackana-starica-na-ulici-razbojnik-joj-strgnuo-lancic-s-vrata\/#primaryimage"},"thumbnailUrl":"https:\/\/gorica.info\/wp-content\/uploads\/2024\/09\/baka-foto-unsplash.jpg","datePublished":"2024-09-24T16:26:42+00:00","dateModified":"2024-09-24T16:28:07+00:00","description":"Opet oplja\u010dkana starica na ulici: Razbojnik joj strgnuo lan\u010di\u0107 s vrata, \u0161teta iznosi nekoliko stotina eura, objavila je policija.","breadcrumb":{"@id":"https:\/\/gorica.info\/opet-opljackana-starica-na-ulici-razbojnik-joj-strgnuo-lancic-s-vrata\/#breadcrumb"},"inLanguage":"en-US","potentialAction":[{"@type":"ReadAction","target":["https:\/\/gorica.info\/opet-opljackana-starica-na-ulici-razbojnik-joj-strgnuo-lancic-s-vrata\/"]}]},{"@type":"ImageObject","inLanguage":"en-US","@id":"https:\/\/gorica.info\/opet-opljackana-starica-na-ulici-razbojnik-joj-strgnuo-lancic-s-vrata\/#primaryimage","url":"https:\/\/gorica.info\/wp-content\/uploads\/2024\/09\/baka-foto-unsplash.jpg","contentUrl":"https:\/\/gorica.info\/wp-content\/uploads\/2024\/09\/baka-foto-unsplash.jpg","width":1100,"height":733,"caption":"Ilustracija: Unsplah"},{"@type":"BreadcrumbList","@id":"https:\/\/gorica.info\/opet-opljackana-starica-na-ulici-razbojnik-joj-strgnuo-lancic-s-vrata\/#breadcrumb","itemListElement":[{"@type":"ListItem","position":1,"name":"Po\u010detna stranica","item":"https:\/\/gorica.info\/"},{"@type":"ListItem","position":2,"name":"Opet oplja\u010dkana starica na ulici: Razbojnik joj strgnuo lan\u010di\u0107 s vrata"}]},{"@type":"WebSite","@id":"https:\/\/gorica.info\/#website","url":"https:\/\/gorica.info\/","name":"Gorica Info","description":"Vijesti iz Velike Gorice i okolice.","publisher":{"@id":"https:\/\/gorica.info\/#organization"},"potentialAction":[{"@type":"SearchAction","target":{"@type":"EntryPoint","urlTemplate":"https:\/\/gorica.info\/?s={search_term_string}"},"query-input":{"@type":"PropertyValueSpecification","valueRequired":true,"valueName":"search_term_string"}}],"inLanguage":"en-US"},{"@type":["Organization","Place","NewsMediaOrganization"],"@id":"https:\/\/gorica.info\/#organization","name":"Gorica Info","url":"https:\/\/gorica.info\/","logo":{"@id":"https:\/\/gorica.info\/opet-opljackana-starica-na-ulici-razbojnik-joj-strgnuo-lancic-s-vrata\/#local-main-organization-logo"},"image":{"@id":"https:\/\/gorica.info\/opet-opljackana-starica-na-ulici-razbojnik-joj-strgnuo-lancic-s-vrata\/#local-main-organization-logo"},"sameAs":["https:\/\/www.facebook.com\/Goricainfo-106005144489262","https:\/\/x.com\/GoricaInfo","https:\/\/www.instagram.com\/gorica.info\/"],"address":{"@id":"https:\/\/gorica.info\/opet-opljackana-starica-na-ulici-razbojnik-joj-strgnuo-lancic-s-vrata\/#local-main-place-address"},"telephone":[],"openingHoursSpecification":[{"@type":"OpeningHoursSpecification","dayOfWeek":["Monday","Tuesday","Wednesday","Thursday","Friday","Saturday","Sunday"],"opens":"09:00","closes":"17:00"}],"email":"redakcija@gorica.info"},{"@type":"Person","@id":"https:\/\/gorica.info\/#\/schema\/person\/4499af1f22f322670b9b5977ccc2e3de","name":"Gorica. info","description":"Gorica.info je lokalni portal koji prati Veliku Goricu i okolici, svakodnevno donosi najnovije vijesti i pri\u010de, kulturna doga\u0111anja i aktualnosti koje oblikuju \u017eivot gra\u0111ana.","url":"https:\/\/gorica.info\/en\/author\/gorica-info\/"},{"@type":"PostalAddress","@id":"https:\/\/gorica.info\/opet-opljackana-starica-na-ulici-razbojnik-joj-strgnuo-lancic-s-vrata\/#local-main-place-address","streetAddress":"Horvatova 97","addressLocality":"Velika Gorica","postalCode":"10410","addressRegion":"Croatia","addressCountry":"HR"},{"@type":"ImageObject","inLanguage":"en-US","@id":"https:\/\/gorica.info\/opet-opljackana-starica-na-ulici-razbojnik-joj-strgnuo-lancic-s-vrata\/#local-main-organization-logo","url":"https:\/\/gorica.info\/wp-content\/uploads\/2024\/07\/Gorica-Info-Logo-mali.png","contentUrl":"https:\/\/gorica.info\/wp-content\/uploads\/2024\/07\/Gorica-Info-Logo-mali.png","width":450,"height":85,"caption":"Gorica Info"}]},"geo.placename":"Velika Gorica","geo.region":"Croatia"},"_links":{"self":[{"href":"https:\/\/gorica.info\/en\/wp-json\/wp\/v2\/posts\/76749","targetHints":{"allow":["GET"]}}],"collection":[{"href":"https:\/\/gorica.info\/en\/wp-json\/wp\/v2\/posts"}],"about":[{"href":"https:\/\/gorica.info\/en\/wp-json\/wp\/v2\/types\/post"}],"author":[{"embeddable":true,"href":"https:\/\/gorica.info\/en\/wp-json\/wp\/v2\/users\/23"}],"replies":[{"embeddable":true,"href":"https:\/\/gorica.info\/en\/wp-json\/wp\/v2\/comments?post=76749"}],"version-history":[{"count":2,"href":"https:\/\/gorica.info\/en\/wp-json\/wp\/v2\/posts\/76749\/revisions"}],"predecessor-version":[{"id":76753,"href":"https:\/\/gorica.info\/en\/wp-json\/wp\/v2\/posts\/76749\/revisions\/76753"}],"wp:featuredmedia":[{"embeddable":true,"href":"https:\/\/gorica.info\/en\/wp-json\/wp\/v2\/media\/76751"}],"wp:attachment":[{"href":"https:\/\/gorica.info\/en\/wp-json\/wp\/v2\/media?parent=76749"}],"wp:term":[{"taxonomy":"category","embeddable":true,"href":"https:\/\/gorica.info\/en\/wp-json\/wp\/v2\/categories?post=76749"},{"taxonomy":"post_tag","embeddable":true,"href":"https:\/\/gorica.info\/en\/wp-json\/wp\/v2\/tags?post=76749"}],"curies":[{"name":"wp","href":"https:\/\/api.w.org\/{rel}","templated":true}]}}