{"id":76836,"date":"2024-09-26T13:16:19","date_gmt":"2024-09-26T11:16:19","guid":{"rendered":"https:\/\/gorica.info\/?p=76836"},"modified":"2024-09-30T09:46:02","modified_gmt":"2024-09-30T07:46:02","slug":"radovi-dobro-napreduju-do-kraja-listopada-bit-ce-zavrsen-most-u-cickoj-poljani","status":"publish","type":"post","link":"https:\/\/gorica.info\/en\/radovi-dobro-napreduju-do-kraja-listopada-bit-ce-zavrsen-most-u-cickoj-poljani\/","title":{"rendered":"Radovi dobro napreduju: Do kraja listopada bit \u0107e zavr\u0161en most u \u010ci\u010dkoj Poljani"},"content":{"rendered":"<p class=\"has-medium-font-size\"><strong>Novi betonski most<\/strong> u \u010ci\u010dkoj Poljani trebao bi biti zavr\u0161en <strong>do kraja listopada<\/strong>. Radovi napreduju prema planu, a ovih dana kre\u0107e i betoniranje. Most bi trebao biti pu\u0161ten u promet uo\u010di <strong>Dana grada<\/strong> nakon \u0161to dobije <strong>sve potrebne dozvole<\/strong>, najavio je gradona\u010delnik<strong> Kre\u0161imir Ak\u010dar <\/strong>prilikom dana\u0161njeg obilaska.<\/p>\n\n\n\n<figure class=\"wp-block-image size-full\"><img fetchpriority=\"high\" decoding=\"async\" width=\"1024\" height=\"596\" src=\"https:\/\/gorica.info\/wp-content\/uploads\/2024\/09\/image-26.png\" alt=\"\" class=\"wp-image-76844\" srcset=\"https:\/\/gorica.info\/wp-content\/uploads\/2024\/09\/image-26.png 1024w, https:\/\/gorica.info\/wp-content\/uploads\/2024\/09\/image-26-300x175.png 300w, https:\/\/gorica.info\/wp-content\/uploads\/2024\/09\/image-26-768x447.png 768w, https:\/\/gorica.info\/wp-content\/uploads\/2024\/09\/image-26-18x10.png 18w, https:\/\/gorica.info\/wp-content\/uploads\/2024\/09\/image-26-750x437.png 750w\" sizes=\"(max-width: 1024px) 100vw, 1024px\" \/><\/figure>\n\n\n\n<p class=\"has-medium-font-size\">&#8211; Most preko rijeke Odre izuzetno je va\u017ean za stanovnike Ku\u010da i \u010ci\u010dke Poljane jer \u0107e zna\u010dajno unaprijediti prometnu povezanost i sigurnost prometa. Most \u0107e biti klju\u010dna infrastruktura koja povezuje ove zajednice i olak\u0161ava svakodnevne aktivnosti i kvalitetu \u017eivota \u2013 rekao je gradona\u010delnik.<\/p>\n\n\n\n<p class=\"has-medium-font-size\">Zahvalio je predsjednicima Mjesnih odbora \u010ci\u010dka Poljana i Ku\u010de, <strong>Darinku Gu\u010di\u0107<\/strong>u i <strong>Stjepanu Fabijan\u010di\u0107u<\/strong> na suradnji tijekom izgradnje mosta.<\/p>\n\n\n\n<figure class=\"wp-block-image size-full\"><img decoding=\"async\" width=\"1024\" height=\"767\" src=\"https:\/\/gorica.info\/wp-content\/uploads\/2024\/09\/image-25.png\" alt=\"\" class=\"wp-image-76843\" srcset=\"https:\/\/gorica.info\/wp-content\/uploads\/2024\/09\/image-25.png 1024w, https:\/\/gorica.info\/wp-content\/uploads\/2024\/09\/image-25-300x225.png 300w, https:\/\/gorica.info\/wp-content\/uploads\/2024\/09\/image-25-768x575.png 768w, https:\/\/gorica.info\/wp-content\/uploads\/2024\/09\/image-25-16x12.png 16w, https:\/\/gorica.info\/wp-content\/uploads\/2024\/09\/image-25-750x562.png 750w\" sizes=\"(max-width: 1024px) 100vw, 1024px\" \/><\/figure>\n\n\n\n<p class=\"has-medium-font-size\">Darinko Gu\u010di\u0107 cijelo vrijeme je isticao va\u017enost ovog projekta, a bez dobre suradnje ovakvi projekti ne bi bili mogu\u0107i. Zahvaljujem u ime Grada na profesionalnoj suradnji za dobrobit svih mje\u0161tana ovoga kraja \u2013 rekao je A\u010dkar.<\/p>\n\n\n\n<p class=\"has-medium-font-size\">Gu\u010di\u0107 je kazao kako su novi most \u010dekali 14 godina. Radovi napreduju dobro. I\u0161\u010dekujemo otvorenje mosta koji \u0107e mnogo zna\u010diti na\u0161oj zajednici, kazao je Gu\u010di\u0107 i najavio daljnje radove u mjestu. Cilj je o\u010distiti <a href=\"https:\/\/gorica.info\/en\/mjesni-odbor-cicka-poljana-trazi-od-hrvatskih-voda-uredenje-rijeke-odre-i-obale\/\">rijeku Odru<\/a> i urediti obalu jer ure\u0111ena rijeka ima veliki potencijal.<\/p>\n\n\n\n<p class=\"has-medium-font-size\">S novim mostom zadovoljan je i predsjednik Vije\u0107a Mjesnog odbora Ku\u010de, <strong>Stjepan Fabijan\u010di\u0107<\/strong>.<\/p>\n\n\n\n<figure class=\"wp-block-image size-full\"><img decoding=\"async\" width=\"1024\" height=\"768\" src=\"https:\/\/gorica.info\/wp-content\/uploads\/2024\/09\/image-27.png\" alt=\"\" class=\"wp-image-76845\" srcset=\"https:\/\/gorica.info\/wp-content\/uploads\/2024\/09\/image-27.png 1024w, https:\/\/gorica.info\/wp-content\/uploads\/2024\/09\/image-27-300x225.png 300w, https:\/\/gorica.info\/wp-content\/uploads\/2024\/09\/image-27-768x576.png 768w, https:\/\/gorica.info\/wp-content\/uploads\/2024\/09\/image-27-16x12.png 16w, https:\/\/gorica.info\/wp-content\/uploads\/2024\/09\/image-27-750x563.png 750w\" sizes=\"(max-width: 1024px) 100vw, 1024px\" \/><\/figure>\n\n\n\n<p class=\"has-medium-font-size\">&#8211; Koliko je ovaj most va\u017ean mje\u0161tanima \u010ci\u010dke Poljane, toliko je va\u017ean i Ku\u010dama jer \u0107e povezati Posavinu i Turopolje \u2013 rekao je Fabijan\u010di\u0107.<\/p>\n\n\n\n<p class=\"has-medium-font-size\"><a href=\"https:\/\/www.facebook.com\/profile.php?id=100069019020687&amp;locale=hr_HR\">Izgradnja<\/a> novog mosta zapo\u010dela je u velja\u010di ove godine. Most \u0107e biti dug 54 metra i \u0161irok 7,5 metara, a imat \u0107e dva kolnika i pje\u0161a\u010dke staze te drvenu ogradu kako bi se dijelom vratila njegova izvornost. Vrijednost projekta je ne\u0161to vi\u0161e od <strong>1,3 milijuna eura,<\/strong> a radove izvodi tvrtka \u201cCiglenica\u201d iz Zapre\u0161i\u0107a.<\/p>\n\n\n\n<figure class=\"wp-block-gallery has-nested-images columns-default is-cropped wp-block-gallery-1 is-layout-flex wp-block-gallery-is-layout-flex\">\n<figure class=\"wp-block-image size-large\"><img loading=\"lazy\" decoding=\"async\" width=\"1024\" height=\"596\" data-id=\"76837\" src=\"https:\/\/gorica.info\/wp-content\/uploads\/2024\/09\/cicka-poljana-novi-most3-1024x596.jpg\" alt=\"\u010di\u010dkoj poljani\" class=\"wp-image-76837\" srcset=\"https:\/\/gorica.info\/wp-content\/uploads\/2024\/09\/cicka-poljana-novi-most3-1024x596.jpg 1024w, https:\/\/gorica.info\/wp-content\/uploads\/2024\/09\/cicka-poljana-novi-most3-300x175.jpg 300w, https:\/\/gorica.info\/wp-content\/uploads\/2024\/09\/cicka-poljana-novi-most3-768x447.jpg 768w, https:\/\/gorica.info\/wp-content\/uploads\/2024\/09\/cicka-poljana-novi-most3-18x10.jpg 18w, https:\/\/gorica.info\/wp-content\/uploads\/2024\/09\/cicka-poljana-novi-most3-750x437.jpg 750w, https:\/\/gorica.info\/wp-content\/uploads\/2024\/09\/cicka-poljana-novi-most3-1140x664.jpg 1140w, https:\/\/gorica.info\/wp-content\/uploads\/2024\/09\/cicka-poljana-novi-most3.jpg 1100w\" sizes=\"(max-width: 1024px) 100vw, 1024px\" \/><\/figure>\n<\/figure>\n\n\n\n<figure class=\"wp-block-gallery has-nested-images columns-default is-cropped wp-block-gallery-2 is-layout-flex wp-block-gallery-is-layout-flex\">\n<figure class=\"wp-block-image size-large\"><img loading=\"lazy\" decoding=\"async\" width=\"1024\" height=\"768\" data-id=\"76840\" src=\"https:\/\/gorica.info\/wp-content\/uploads\/2024\/09\/cicka-poljana-novi-most8-1024x768.jpg\" alt=\"\" class=\"wp-image-76840\" srcset=\"https:\/\/gorica.info\/wp-content\/uploads\/2024\/09\/cicka-poljana-novi-most8-1024x768.jpg 1024w, https:\/\/gorica.info\/wp-content\/uploads\/2024\/09\/cicka-poljana-novi-most8-300x225.jpg 300w, https:\/\/gorica.info\/wp-content\/uploads\/2024\/09\/cicka-poljana-novi-most8-768x576.jpg 768w, https:\/\/gorica.info\/wp-content\/uploads\/2024\/09\/cicka-poljana-novi-most8-16x12.jpg 16w, https:\/\/gorica.info\/wp-content\/uploads\/2024\/09\/cicka-poljana-novi-most8-750x562.jpg 750w, https:\/\/gorica.info\/wp-content\/uploads\/2024\/09\/cicka-poljana-novi-most8.jpg 1067w\" sizes=\"(max-width: 1024px) 100vw, 1024px\" \/><\/figure>\n\n\n\n<figure class=\"wp-block-image size-large\"><img loading=\"lazy\" decoding=\"async\" width=\"1024\" height=\"768\" data-id=\"76841\" src=\"https:\/\/gorica.info\/wp-content\/uploads\/2024\/09\/cicka-poljana-novi-most5-1024x768.jpg\" alt=\"\u010di\u010dkoj poljani\" class=\"wp-image-76841\" srcset=\"https:\/\/gorica.info\/wp-content\/uploads\/2024\/09\/cicka-poljana-novi-most5-1024x768.jpg 1024w, https:\/\/gorica.info\/wp-content\/uploads\/2024\/09\/cicka-poljana-novi-most5-300x225.jpg 300w, https:\/\/gorica.info\/wp-content\/uploads\/2024\/09\/cicka-poljana-novi-most5-768x576.jpg 768w, https:\/\/gorica.info\/wp-content\/uploads\/2024\/09\/cicka-poljana-novi-most5-16x12.jpg 16w, https:\/\/gorica.info\/wp-content\/uploads\/2024\/09\/cicka-poljana-novi-most5-750x562.jpg 750w, https:\/\/gorica.info\/wp-content\/uploads\/2024\/09\/cicka-poljana-novi-most5.jpg 1067w\" sizes=\"(max-width: 1024px) 100vw, 1024px\" \/><\/figure>\n\n\n\n<figure class=\"wp-block-image size-large\"><img loading=\"lazy\" decoding=\"async\" width=\"1024\" height=\"768\" data-id=\"76842\" src=\"https:\/\/gorica.info\/wp-content\/uploads\/2024\/09\/cicka-poljana-novi-most4-foto-goricainfo-1024x768.jpg\" alt=\"\u010di\u010dkoj poljani\" class=\"wp-image-76842\" srcset=\"https:\/\/gorica.info\/wp-content\/uploads\/2024\/09\/cicka-poljana-novi-most4-foto-goricainfo-1024x768.jpg 1024w, https:\/\/gorica.info\/wp-content\/uploads\/2024\/09\/cicka-poljana-novi-most4-foto-goricainfo-300x225.jpg 300w, https:\/\/gorica.info\/wp-content\/uploads\/2024\/09\/cicka-poljana-novi-most4-foto-goricainfo-768x576.jpg 768w, https:\/\/gorica.info\/wp-content\/uploads\/2024\/09\/cicka-poljana-novi-most4-foto-goricainfo-16x12.jpg 16w, https:\/\/gorica.info\/wp-content\/uploads\/2024\/09\/cicka-poljana-novi-most4-foto-goricainfo-750x562.jpg 750w, https:\/\/gorica.info\/wp-content\/uploads\/2024\/09\/cicka-poljana-novi-most4-foto-goricainfo.jpg 1067w\" sizes=\"(max-width: 1024px) 100vw, 1024px\" \/><\/figure>\n<\/figure>","protected":false},"excerpt":{"rendered":"<p>Novi betonski most u \u010ci\u010dkoj Poljani trebao bi biti zavr\u0161en do kraja listopada. Radovi napreduju prema planu, a ovih dana kre\u0107e i betoniranje. Most bi trebao biti pu\u0161ten u promet uo\u010di Dana grada nakon \u0161to dobije sve potrebne dozvole, najavio je gradona\u010delnik Kre\u0161imir Ak\u010dar prilikom dana\u0161njeg obilaska. &#8211; Most preko rijeke Odre izuzetno je va\u017ean [&hellip;]<\/p>\n","protected":false},"author":23,"featured_media":76842,"comment_status":"closed","ping_status":"closed","sticky":false,"template":"","format":"standard","meta":{"limit_modified_date":"","last_modified_date":"","jnews-multi-image_gallery":[],"jnews_single_post":{"format":"standard"},"jnews_primary_category":[],"jnews_override_counter":[],"footnotes":""},"categories":[87],"tags":[3849,253,2620,153,3604,14474],"class_list":["post-76836","post","type-post","status-publish","format-standard","has-post-thumbnail","hentry","category-gorica","tag-darinko-gucic","tag-kresimir-ackar","tag-novi-most","tag-radovi","tag-rijeka-odra","tag-stjepan-fabijancic"],"yoast_head":"<!-- This site is optimized with the Yoast SEO Premium plugin v27.4 (Yoast SEO v27.4) - https:\/\/yoast.com\/product\/yoast-seo-premium-wordpress\/ -->\n<title>Radovi dobro napreduju: Do kraja listopada bit \u0107e zavr\u0161en most u \u010ci\u010dkoj Poljani - Gorica Info<\/title>\n<meta name=\"description\" content=\"Radovi dobro napreduju: Do kraja listopada bit \u0107e zavr\u0161en most u \u010ci\u010dkoj Poljani, a trebao bi biti pu\u0161ten u promet u prosincu.\" \/>\n<meta name=\"robots\" content=\"index, follow, max-snippet:-1, max-image-preview:large, max-video-preview:-1\" \/>\n<link rel=\"canonical\" href=\"https:\/\/gorica.info\/en\/radovi-dobro-napreduju-do-kraja-listopada-bit-ce-zavrsen-most-u-cickoj-poljani\/\" \/>\n<meta property=\"og:locale\" content=\"en_US\" \/>\n<meta property=\"og:type\" content=\"article\" \/>\n<meta property=\"og:title\" content=\"Radovi dobro napreduju: Do kraja listopada bit \u0107e zavr\u0161en most u \u010ci\u010dkoj Poljani\" \/>\n<meta property=\"og:description\" content=\"Radovi dobro napreduju: Do kraja listopada bit \u0107e zavr\u0161en most u \u010ci\u010dkoj Poljani, a trebao bi biti pu\u0161ten u promet u prosincu.\" \/>\n<meta property=\"og:url\" content=\"https:\/\/gorica.info\/en\/radovi-dobro-napreduju-do-kraja-listopada-bit-ce-zavrsen-most-u-cickoj-poljani\/\" \/>\n<meta property=\"og:site_name\" content=\"Gorica Info\" \/>\n<meta property=\"article:publisher\" content=\"https:\/\/www.facebook.com\/Goricainfo-106005144489262\" \/>\n<meta property=\"article:published_time\" content=\"2024-09-26T11:16:19+00:00\" \/>\n<meta property=\"article:modified_time\" content=\"2024-09-30T07:46:02+00:00\" \/>\n<meta property=\"og:image\" content=\"https:\/\/gorica.info\/wp-content\/uploads\/2024\/09\/cicka-poljana-novi-most4-foto-goricainfo.jpg\" \/>\n\t<meta property=\"og:image:width\" content=\"1067\" \/>\n\t<meta property=\"og:image:height\" content=\"800\" \/>\n\t<meta property=\"og:image:type\" content=\"image\/jpeg\" \/>\n<meta name=\"author\" content=\"Gorica. info\" \/>\n<meta name=\"twitter:card\" content=\"summary_large_image\" \/>\n<meta name=\"twitter:creator\" content=\"@GoricaInfo\" \/>\n<meta name=\"twitter:site\" content=\"@GoricaInfo\" \/>\n<meta name=\"twitter:label1\" content=\"Written by\" \/>\n\t<meta name=\"twitter:data1\" content=\"Gorica. info\" \/>\n\t<meta name=\"twitter:label2\" content=\"Est. reading time\" \/>\n\t<meta name=\"twitter:data2\" content=\"4 minutes\" \/>\n<meta name=\"geo.placename\" content=\"Velika Gorica\" \/>\n<meta name=\"geo.region\" content=\"Croatia\" \/>\n<!-- \/ Yoast SEO Premium plugin. -->","yoast_head_json":{"title":"Radovi dobro napreduju: Do kraja listopada bit \u0107e zavr\u0161en most u \u010ci\u010dkoj Poljani - Gorica Info","description":"Radovi dobro napreduju: Do kraja listopada bit \u0107e zavr\u0161en most u \u010ci\u010dkoj Poljani, a trebao bi biti pu\u0161ten u promet u prosincu.","robots":{"index":"index","follow":"follow","max-snippet":"max-snippet:-1","max-image-preview":"max-image-preview:large","max-video-preview":"max-video-preview:-1"},"canonical":"https:\/\/gorica.info\/en\/radovi-dobro-napreduju-do-kraja-listopada-bit-ce-zavrsen-most-u-cickoj-poljani\/","og_locale":"en_US","og_type":"article","og_title":"Radovi dobro napreduju: Do kraja listopada bit \u0107e zavr\u0161en most u \u010ci\u010dkoj Poljani","og_description":"Radovi dobro napreduju: Do kraja listopada bit \u0107e zavr\u0161en most u \u010ci\u010dkoj Poljani, a trebao bi biti pu\u0161ten u promet u prosincu.","og_url":"https:\/\/gorica.info\/en\/radovi-dobro-napreduju-do-kraja-listopada-bit-ce-zavrsen-most-u-cickoj-poljani\/","og_site_name":"Gorica Info","article_publisher":"https:\/\/www.facebook.com\/Goricainfo-106005144489262","article_published_time":"2024-09-26T11:16:19+00:00","article_modified_time":"2024-09-30T07:46:02+00:00","og_image":[{"width":1067,"height":800,"url":"https:\/\/gorica.info\/wp-content\/uploads\/2024\/09\/cicka-poljana-novi-most4-foto-goricainfo.jpg","type":"image\/jpeg"}],"author":"Gorica. info","twitter_card":"summary_large_image","twitter_creator":"@GoricaInfo","twitter_site":"@GoricaInfo","twitter_misc":{"Written by":"Gorica. info","Est. reading time":"4 minutes"},"schema":{"@context":"https:\/\/schema.org","@graph":[{"@type":"NewsArticle","@id":"https:\/\/gorica.info\/radovi-dobro-napreduju-do-kraja-listopada-bit-ce-zavrsen-most-u-cickoj-poljani\/#article","isPartOf":{"@id":"https:\/\/gorica.info\/radovi-dobro-napreduju-do-kraja-listopada-bit-ce-zavrsen-most-u-cickoj-poljani\/"},"author":{"name":"Gorica. info","@id":"https:\/\/gorica.info\/#\/schema\/person\/4499af1f22f322670b9b5977ccc2e3de"},"headline":"Radovi dobro napreduju: Do kraja listopada bit \u0107e zavr\u0161en most u \u010ci\u010dkoj Poljani","datePublished":"2024-09-26T11:16:19+00:00","dateModified":"2024-09-30T07:46:02+00:00","mainEntityOfPage":{"@id":"https:\/\/gorica.info\/radovi-dobro-napreduju-do-kraja-listopada-bit-ce-zavrsen-most-u-cickoj-poljani\/"},"wordCount":339,"publisher":{"@id":"https:\/\/gorica.info\/#organization"},"image":{"@id":"https:\/\/gorica.info\/radovi-dobro-napreduju-do-kraja-listopada-bit-ce-zavrsen-most-u-cickoj-poljani\/#primaryimage"},"thumbnailUrl":"https:\/\/gorica.info\/wp-content\/uploads\/2024\/09\/cicka-poljana-novi-most4-foto-goricainfo.jpg","keywords":["darinko gu\u010di\u0107","Kre\u0161imir A\u010dkar","novi most","radovi","rijeka odra","stjepan fabijan\u010di\u0107"],"articleSection":["GORICA"],"inLanguage":"en-US","copyrightYear":"2024","copyrightHolder":{"@id":"https:\/\/gorica.info\/en\/#organization"}},{"@type":"WebPage","@id":"https:\/\/gorica.info\/radovi-dobro-napreduju-do-kraja-listopada-bit-ce-zavrsen-most-u-cickoj-poljani\/","url":"https:\/\/gorica.info\/radovi-dobro-napreduju-do-kraja-listopada-bit-ce-zavrsen-most-u-cickoj-poljani\/","name":"Radovi dobro napreduju: Do kraja listopada bit \u0107e zavr\u0161en most u \u010ci\u010dkoj Poljani - Gorica Info","isPartOf":{"@id":"https:\/\/gorica.info\/#website"},"primaryImageOfPage":{"@id":"https:\/\/gorica.info\/radovi-dobro-napreduju-do-kraja-listopada-bit-ce-zavrsen-most-u-cickoj-poljani\/#primaryimage"},"image":{"@id":"https:\/\/gorica.info\/radovi-dobro-napreduju-do-kraja-listopada-bit-ce-zavrsen-most-u-cickoj-poljani\/#primaryimage"},"thumbnailUrl":"https:\/\/gorica.info\/wp-content\/uploads\/2024\/09\/cicka-poljana-novi-most4-foto-goricainfo.jpg","datePublished":"2024-09-26T11:16:19+00:00","dateModified":"2024-09-30T07:46:02+00:00","description":"Radovi dobro napreduju: Do kraja listopada bit \u0107e zavr\u0161en most u \u010ci\u010dkoj Poljani, a trebao bi biti pu\u0161ten u promet u prosincu.","breadcrumb":{"@id":"https:\/\/gorica.info\/radovi-dobro-napreduju-do-kraja-listopada-bit-ce-zavrsen-most-u-cickoj-poljani\/#breadcrumb"},"inLanguage":"en-US","potentialAction":[{"@type":"ReadAction","target":["https:\/\/gorica.info\/radovi-dobro-napreduju-do-kraja-listopada-bit-ce-zavrsen-most-u-cickoj-poljani\/"]}]},{"@type":"ImageObject","inLanguage":"en-US","@id":"https:\/\/gorica.info\/radovi-dobro-napreduju-do-kraja-listopada-bit-ce-zavrsen-most-u-cickoj-poljani\/#primaryimage","url":"https:\/\/gorica.info\/wp-content\/uploads\/2024\/09\/cicka-poljana-novi-most4-foto-goricainfo.jpg","contentUrl":"https:\/\/gorica.info\/wp-content\/uploads\/2024\/09\/cicka-poljana-novi-most4-foto-goricainfo.jpg","width":1067,"height":800,"caption":"\u010di\u010dkoj poljani"},{"@type":"BreadcrumbList","@id":"https:\/\/gorica.info\/radovi-dobro-napreduju-do-kraja-listopada-bit-ce-zavrsen-most-u-cickoj-poljani\/#breadcrumb","itemListElement":[{"@type":"ListItem","position":1,"name":"Po\u010detna stranica","item":"https:\/\/gorica.info\/"},{"@type":"ListItem","position":2,"name":"Radovi dobro napreduju: Do kraja listopada bit \u0107e zavr\u0161en most u \u010ci\u010dkoj Poljani"}]},{"@type":"WebSite","@id":"https:\/\/gorica.info\/#website","url":"https:\/\/gorica.info\/","name":"Gorica Info","description":"Vijesti iz Velike Gorice i okolice.","publisher":{"@id":"https:\/\/gorica.info\/#organization"},"potentialAction":[{"@type":"SearchAction","target":{"@type":"EntryPoint","urlTemplate":"https:\/\/gorica.info\/?s={search_term_string}"},"query-input":{"@type":"PropertyValueSpecification","valueRequired":true,"valueName":"search_term_string"}}],"inLanguage":"en-US"},{"@type":["Organization","Place","NewsMediaOrganization"],"@id":"https:\/\/gorica.info\/#organization","name":"Gorica Info","url":"https:\/\/gorica.info\/","logo":{"@id":"https:\/\/gorica.info\/radovi-dobro-napreduju-do-kraja-listopada-bit-ce-zavrsen-most-u-cickoj-poljani\/#local-main-organization-logo"},"image":{"@id":"https:\/\/gorica.info\/radovi-dobro-napreduju-do-kraja-listopada-bit-ce-zavrsen-most-u-cickoj-poljani\/#local-main-organization-logo"},"sameAs":["https:\/\/www.facebook.com\/Goricainfo-106005144489262","https:\/\/x.com\/GoricaInfo","https:\/\/www.instagram.com\/gorica.info\/"],"address":{"@id":"https:\/\/gorica.info\/radovi-dobro-napreduju-do-kraja-listopada-bit-ce-zavrsen-most-u-cickoj-poljani\/#local-main-place-address"},"telephone":[],"openingHoursSpecification":[{"@type":"OpeningHoursSpecification","dayOfWeek":["Monday","Tuesday","Wednesday","Thursday","Friday","Saturday","Sunday"],"opens":"09:00","closes":"17:00"}],"email":"redakcija@gorica.info"},{"@type":"Person","@id":"https:\/\/gorica.info\/#\/schema\/person\/4499af1f22f322670b9b5977ccc2e3de","name":"Gorica. info","description":"Gorica.info je lokalni portal koji prati Veliku Goricu i okolici, svakodnevno donosi najnovije vijesti i pri\u010de, kulturna doga\u0111anja i aktualnosti koje oblikuju \u017eivot gra\u0111ana.","url":"https:\/\/gorica.info\/en\/author\/gorica-info\/"},{"@type":"PostalAddress","@id":"https:\/\/gorica.info\/radovi-dobro-napreduju-do-kraja-listopada-bit-ce-zavrsen-most-u-cickoj-poljani\/#local-main-place-address","streetAddress":"Horvatova 97","addressLocality":"Velika Gorica","postalCode":"10410","addressRegion":"Croatia","addressCountry":"HR"},{"@type":"ImageObject","inLanguage":"en-US","@id":"https:\/\/gorica.info\/radovi-dobro-napreduju-do-kraja-listopada-bit-ce-zavrsen-most-u-cickoj-poljani\/#local-main-organization-logo","url":"https:\/\/gorica.info\/wp-content\/uploads\/2024\/07\/Gorica-Info-Logo-mali.png","contentUrl":"https:\/\/gorica.info\/wp-content\/uploads\/2024\/07\/Gorica-Info-Logo-mali.png","width":450,"height":85,"caption":"Gorica Info"}]},"geo.placename":"Velika Gorica","geo.region":"Croatia"},"_links":{"self":[{"href":"https:\/\/gorica.info\/en\/wp-json\/wp\/v2\/posts\/76836","targetHints":{"allow":["GET"]}}],"collection":[{"href":"https:\/\/gorica.info\/en\/wp-json\/wp\/v2\/posts"}],"about":[{"href":"https:\/\/gorica.info\/en\/wp-json\/wp\/v2\/types\/post"}],"author":[{"embeddable":true,"href":"https:\/\/gorica.info\/en\/wp-json\/wp\/v2\/users\/23"}],"replies":[{"embeddable":true,"href":"https:\/\/gorica.info\/en\/wp-json\/wp\/v2\/comments?post=76836"}],"version-history":[{"count":1,"href":"https:\/\/gorica.info\/en\/wp-json\/wp\/v2\/posts\/76836\/revisions"}],"predecessor-version":[{"id":76846,"href":"https:\/\/gorica.info\/en\/wp-json\/wp\/v2\/posts\/76836\/revisions\/76846"}],"wp:featuredmedia":[{"embeddable":true,"href":"https:\/\/gorica.info\/en\/wp-json\/wp\/v2\/media\/76842"}],"wp:attachment":[{"href":"https:\/\/gorica.info\/en\/wp-json\/wp\/v2\/media?parent=76836"}],"wp:term":[{"taxonomy":"category","embeddable":true,"href":"https:\/\/gorica.info\/en\/wp-json\/wp\/v2\/categories?post=76836"},{"taxonomy":"post_tag","embeddable":true,"href":"https:\/\/gorica.info\/en\/wp-json\/wp\/v2\/tags?post=76836"}],"curies":[{"name":"wp","href":"https:\/\/api.w.org\/{rel}","templated":true}]}}