{"id":76916,"date":"2024-09-27T14:34:58","date_gmt":"2024-09-27T12:34:58","guid":{"rendered":"https:\/\/gorica.info\/?p=76916"},"modified":"2024-09-27T14:35:23","modified_gmt":"2024-09-27T12:35:23","slug":"nesreca-u-velikoj-gorici-pijani-vozac-teretnjaka-zabio-se-u-zastitnu-ogradu","status":"publish","type":"post","link":"https:\/\/gorica.info\/en\/nesreca-u-velikoj-gorici-pijani-vozac-teretnjaka-zabio-se-u-zastitnu-ogradu\/","title":{"rendered":"Nesre\u0107a u Velikoj Gorici: Pijani voza\u010d teretnjaka zabio se u za\u0161titnu ogradu"},"content":{"rendered":"<p class=\"has-medium-font-size\">Voza\u010d (49) skrivio je u Velikoj Gorici prometnu nesre\u0107u u kojoj je nastala materijala \u0161teta. Zbog vo\u017enje u <strong>pijanom stanju<\/strong> zabio se u<strong> za\u0161titnu ogradu<\/strong>, a na sudu je ka\u017enjen nov\u010danom kaznom od <strong>1580 eura.<\/strong><\/p>\n\n\n\n<p class=\"has-medium-font-size\">Nesre\u0107a se dogodila u srijedu oko 18.20 sati u blizini \u010dvora Ku\u0161anec.<strong><a href=\"https:\/\/gorica.info\/en\/mrtav-pijan-skrivio-prometnu-nesrecu-imao-je-343-promila-alkohola-u-krvi\/\"> Pijani voza\u010d<\/a><\/strong> teretnog vozila zagreba\u010dkih registracija u krvi je imao <strong>1,59 promila alkohola u krvi<\/strong>.<\/p>\n\n\n\n<p class=\"has-medium-font-size\">Voza\u010d nije prilagodio brzinu kretanja, zbog \u010dega je izgubio nadzor nad vozilom, te prednjim\u00a0 djelom vozila naletio na metalnu za\u0161titnu ogradu \u2013 izvijestila je <a href=\"https:\/\/zagrebacka-policija.gov.hr\/vijesti\/naletio-na-zastitnu-ogradu-pod-utjecajem-alkohola-od-1-59-g-kg\/98983\">policija<\/a>.<\/p>\n\n\n\n<p class=\"has-medium-font-size\"><strong>Voza\u010d je uhi\u0107en <\/strong>i smje\u0161ten u posebne prostorije policije do prestanka djelovanja alkohola te je u \u010detvrtak doveden na Op\u0107inski prekr\u0161ajni sud.<\/p>\n\n\n\n<p class=\"has-medium-font-size\">Na sudu je progla\u0161en krivim te mu je odre\u0111ena nov\u010dana kazna od 1.580 eura.<\/p>","protected":false},"excerpt":{"rendered":"<p>Voza\u010d (49) skrivio je u Velikoj Gorici prometnu nesre\u0107u u kojoj je nastala materijala \u0161teta. Zbog vo\u017enje u pijanom stanju zabio se u za\u0161titnu ogradu, a na sudu je ka\u017enjen nov\u010danom kaznom od 1580 eura. Nesre\u0107a se dogodila u srijedu oko 18.20 sati u blizini \u010dvora Ku\u0161anec. Pijani voza\u010d teretnog vozila zagreba\u010dkih registracija u krvi [&hellip;]<\/p>\n","protected":false},"author":23,"featured_media":76917,"comment_status":"closed","ping_status":"closed","sticky":false,"template":"","format":"standard","meta":{"limit_modified_date":"","last_modified_date":"","jnews-multi-image_gallery":[],"jnews_single_post":{"format":"standard"},"jnews_primary_category":[],"jnews_override_counter":[],"footnotes":""},"categories":[96],"tags":[14513,1304,305,14511],"class_list":["post-76916","post","type-post","status-publish","format-standard","has-post-thumbnail","hentry","category-vijesti","tag-cvor-kusanec","tag-pijani-vozac","tag-prometna-nesreca","tag-zabio-se-u-zastitnu-ogradu"],"yoast_head":"<!-- This site is optimized with the Yoast SEO Premium plugin v27.4 (Yoast SEO v27.4) - https:\/\/yoast.com\/product\/yoast-seo-premium-wordpress\/ -->\n<title>Nesre\u0107a u Velikoj Gorici: Pijani voza\u010d teretnjaka zabio se u za\u0161titnu ogradu - Gorica Info<\/title>\n<meta name=\"description\" content=\"Nesre\u0107a u Velikoj Gorici: Pijani voza\u010d teretnjaka zabio se u za\u0161titnu ogradu, nakon trije\u017enjenja u policiji odveden je na sud i ka\u017enjen.\" \/>\n<meta name=\"robots\" content=\"index, follow, max-snippet:-1, max-image-preview:large, max-video-preview:-1\" \/>\n<link rel=\"canonical\" href=\"https:\/\/gorica.info\/en\/nesreca-u-velikoj-gorici-pijani-vozac-teretnjaka-zabio-se-u-zastitnu-ogradu\/\" \/>\n<meta property=\"og:locale\" content=\"en_US\" \/>\n<meta property=\"og:type\" content=\"article\" \/>\n<meta property=\"og:title\" content=\"Nesre\u0107a u Velikoj Gorici: Pijani voza\u010d teretnjaka zabio se u za\u0161titnu ogradu\" \/>\n<meta property=\"og:description\" content=\"Nesre\u0107a u Velikoj Gorici: Pijani voza\u010d teretnjaka zabio se u za\u0161titnu ogradu, nakon trije\u017enjenja u policiji odveden je na sud i ka\u017enjen.\" \/>\n<meta property=\"og:url\" content=\"https:\/\/gorica.info\/en\/nesreca-u-velikoj-gorici-pijani-vozac-teretnjaka-zabio-se-u-zastitnu-ogradu\/\" \/>\n<meta property=\"og:site_name\" content=\"Gorica Info\" \/>\n<meta property=\"article:publisher\" content=\"https:\/\/www.facebook.com\/Goricainfo-106005144489262\" \/>\n<meta property=\"article:published_time\" content=\"2024-09-27T12:34:58+00:00\" \/>\n<meta property=\"article:modified_time\" content=\"2024-09-27T12:35:23+00:00\" \/>\n<meta property=\"og:image\" content=\"https:\/\/gorica.info\/wp-content\/uploads\/2024\/09\/policija-oznaka.jpg\" \/>\n\t<meta property=\"og:image:width\" content=\"750\" \/>\n\t<meta property=\"og:image:height\" content=\"500\" \/>\n\t<meta property=\"og:image:type\" content=\"image\/jpeg\" \/>\n<meta name=\"author\" content=\"Gorica. info\" \/>\n<meta name=\"twitter:card\" content=\"summary_large_image\" \/>\n<meta name=\"twitter:creator\" content=\"@GoricaInfo\" \/>\n<meta name=\"twitter:site\" content=\"@GoricaInfo\" \/>\n<meta name=\"twitter:label1\" content=\"Written by\" \/>\n\t<meta name=\"twitter:data1\" content=\"Gorica. info\" \/>\n\t<meta name=\"twitter:label2\" content=\"Est. reading time\" \/>\n\t<meta name=\"twitter:data2\" content=\"1 minute\" \/>\n<meta name=\"geo.placename\" content=\"Velika Gorica\" \/>\n<meta name=\"geo.region\" content=\"Croatia\" \/>\n<!-- \/ Yoast SEO Premium plugin. -->","yoast_head_json":{"title":"Nesre\u0107a u Velikoj Gorici: Pijani voza\u010d teretnjaka zabio se u za\u0161titnu ogradu - Gorica Info","description":"Nesre\u0107a u Velikoj Gorici: Pijani voza\u010d teretnjaka zabio se u za\u0161titnu ogradu, nakon trije\u017enjenja u policiji odveden je na sud i ka\u017enjen.","robots":{"index":"index","follow":"follow","max-snippet":"max-snippet:-1","max-image-preview":"max-image-preview:large","max-video-preview":"max-video-preview:-1"},"canonical":"https:\/\/gorica.info\/en\/nesreca-u-velikoj-gorici-pijani-vozac-teretnjaka-zabio-se-u-zastitnu-ogradu\/","og_locale":"en_US","og_type":"article","og_title":"Nesre\u0107a u Velikoj Gorici: Pijani voza\u010d teretnjaka zabio se u za\u0161titnu ogradu","og_description":"Nesre\u0107a u Velikoj Gorici: Pijani voza\u010d teretnjaka zabio se u za\u0161titnu ogradu, nakon trije\u017enjenja u policiji odveden je na sud i ka\u017enjen.","og_url":"https:\/\/gorica.info\/en\/nesreca-u-velikoj-gorici-pijani-vozac-teretnjaka-zabio-se-u-zastitnu-ogradu\/","og_site_name":"Gorica Info","article_publisher":"https:\/\/www.facebook.com\/Goricainfo-106005144489262","article_published_time":"2024-09-27T12:34:58+00:00","article_modified_time":"2024-09-27T12:35:23+00:00","og_image":[{"width":750,"height":500,"url":"https:\/\/gorica.info\/wp-content\/uploads\/2024\/09\/policija-oznaka.jpg","type":"image\/jpeg"}],"author":"Gorica. info","twitter_card":"summary_large_image","twitter_creator":"@GoricaInfo","twitter_site":"@GoricaInfo","twitter_misc":{"Written by":"Gorica. info","Est. reading time":"1 minute"},"schema":{"@context":"https:\/\/schema.org","@graph":[{"@type":"NewsArticle","@id":"https:\/\/gorica.info\/nesreca-u-velikoj-gorici-pijani-vozac-teretnjaka-zabio-se-u-zastitnu-ogradu\/#article","isPartOf":{"@id":"https:\/\/gorica.info\/nesreca-u-velikoj-gorici-pijani-vozac-teretnjaka-zabio-se-u-zastitnu-ogradu\/"},"author":{"name":"Gorica. info","@id":"https:\/\/gorica.info\/#\/schema\/person\/4499af1f22f322670b9b5977ccc2e3de"},"headline":"Nesre\u0107a u Velikoj Gorici: Pijani voza\u010d teretnjaka zabio se u za\u0161titnu ogradu","datePublished":"2024-09-27T12:34:58+00:00","dateModified":"2024-09-27T12:35:23+00:00","mainEntityOfPage":{"@id":"https:\/\/gorica.info\/nesreca-u-velikoj-gorici-pijani-vozac-teretnjaka-zabio-se-u-zastitnu-ogradu\/"},"wordCount":147,"publisher":{"@id":"https:\/\/gorica.info\/#organization"},"image":{"@id":"https:\/\/gorica.info\/nesreca-u-velikoj-gorici-pijani-vozac-teretnjaka-zabio-se-u-zastitnu-ogradu\/#primaryimage"},"thumbnailUrl":"https:\/\/gorica.info\/wp-content\/uploads\/2024\/09\/policija-oznaka.jpg","keywords":["\u010dvor ku\u0161anec","pijani voza\u010d","prometna nesre\u0107a","zabio se u za\u0161titnu ogradu"],"articleSection":["VIJESTI"],"inLanguage":"en-US","copyrightYear":"2024","copyrightHolder":{"@id":"https:\/\/gorica.info\/en\/#organization"}},{"@type":"WebPage","@id":"https:\/\/gorica.info\/nesreca-u-velikoj-gorici-pijani-vozac-teretnjaka-zabio-se-u-zastitnu-ogradu\/","url":"https:\/\/gorica.info\/nesreca-u-velikoj-gorici-pijani-vozac-teretnjaka-zabio-se-u-zastitnu-ogradu\/","name":"Nesre\u0107a u Velikoj Gorici: Pijani voza\u010d teretnjaka zabio se u za\u0161titnu ogradu - Gorica Info","isPartOf":{"@id":"https:\/\/gorica.info\/#website"},"primaryImageOfPage":{"@id":"https:\/\/gorica.info\/nesreca-u-velikoj-gorici-pijani-vozac-teretnjaka-zabio-se-u-zastitnu-ogradu\/#primaryimage"},"image":{"@id":"https:\/\/gorica.info\/nesreca-u-velikoj-gorici-pijani-vozac-teretnjaka-zabio-se-u-zastitnu-ogradu\/#primaryimage"},"thumbnailUrl":"https:\/\/gorica.info\/wp-content\/uploads\/2024\/09\/policija-oznaka.jpg","datePublished":"2024-09-27T12:34:58+00:00","dateModified":"2024-09-27T12:35:23+00:00","description":"Nesre\u0107a u Velikoj Gorici: Pijani voza\u010d teretnjaka zabio se u za\u0161titnu ogradu, nakon trije\u017enjenja u policiji odveden je na sud i ka\u017enjen.","breadcrumb":{"@id":"https:\/\/gorica.info\/nesreca-u-velikoj-gorici-pijani-vozac-teretnjaka-zabio-se-u-zastitnu-ogradu\/#breadcrumb"},"inLanguage":"en-US","potentialAction":[{"@type":"ReadAction","target":["https:\/\/gorica.info\/nesreca-u-velikoj-gorici-pijani-vozac-teretnjaka-zabio-se-u-zastitnu-ogradu\/"]}]},{"@type":"ImageObject","inLanguage":"en-US","@id":"https:\/\/gorica.info\/nesreca-u-velikoj-gorici-pijani-vozac-teretnjaka-zabio-se-u-zastitnu-ogradu\/#primaryimage","url":"https:\/\/gorica.info\/wp-content\/uploads\/2024\/09\/policija-oznaka.jpg","contentUrl":"https:\/\/gorica.info\/wp-content\/uploads\/2024\/09\/policija-oznaka.jpg","width":750,"height":500,"caption":"Foto: Policija"},{"@type":"BreadcrumbList","@id":"https:\/\/gorica.info\/nesreca-u-velikoj-gorici-pijani-vozac-teretnjaka-zabio-se-u-zastitnu-ogradu\/#breadcrumb","itemListElement":[{"@type":"ListItem","position":1,"name":"Po\u010detna stranica","item":"https:\/\/gorica.info\/"},{"@type":"ListItem","position":2,"name":"Nesre\u0107a u Velikoj Gorici: Pijani voza\u010d teretnjaka zabio se u za\u0161titnu ogradu"}]},{"@type":"WebSite","@id":"https:\/\/gorica.info\/#website","url":"https:\/\/gorica.info\/","name":"Gorica Info","description":"Vijesti iz Velike Gorice i okolice.","publisher":{"@id":"https:\/\/gorica.info\/#organization"},"potentialAction":[{"@type":"SearchAction","target":{"@type":"EntryPoint","urlTemplate":"https:\/\/gorica.info\/?s={search_term_string}"},"query-input":{"@type":"PropertyValueSpecification","valueRequired":true,"valueName":"search_term_string"}}],"inLanguage":"en-US"},{"@type":["Organization","Place","NewsMediaOrganization"],"@id":"https:\/\/gorica.info\/#organization","name":"Gorica Info","url":"https:\/\/gorica.info\/","logo":{"@id":"https:\/\/gorica.info\/nesreca-u-velikoj-gorici-pijani-vozac-teretnjaka-zabio-se-u-zastitnu-ogradu\/#local-main-organization-logo"},"image":{"@id":"https:\/\/gorica.info\/nesreca-u-velikoj-gorici-pijani-vozac-teretnjaka-zabio-se-u-zastitnu-ogradu\/#local-main-organization-logo"},"sameAs":["https:\/\/www.facebook.com\/Goricainfo-106005144489262","https:\/\/x.com\/GoricaInfo","https:\/\/www.instagram.com\/gorica.info\/"],"address":{"@id":"https:\/\/gorica.info\/nesreca-u-velikoj-gorici-pijani-vozac-teretnjaka-zabio-se-u-zastitnu-ogradu\/#local-main-place-address"},"telephone":[],"openingHoursSpecification":[{"@type":"OpeningHoursSpecification","dayOfWeek":["Monday","Tuesday","Wednesday","Thursday","Friday","Saturday","Sunday"],"opens":"09:00","closes":"17:00"}],"email":"redakcija@gorica.info"},{"@type":"Person","@id":"https:\/\/gorica.info\/#\/schema\/person\/4499af1f22f322670b9b5977ccc2e3de","name":"Gorica. info","description":"Gorica.info je lokalni portal koji prati Veliku Goricu i okolici, svakodnevno donosi najnovije vijesti i pri\u010de, kulturna doga\u0111anja i aktualnosti koje oblikuju \u017eivot gra\u0111ana.","url":"https:\/\/gorica.info\/en\/author\/gorica-info\/"},{"@type":"PostalAddress","@id":"https:\/\/gorica.info\/nesreca-u-velikoj-gorici-pijani-vozac-teretnjaka-zabio-se-u-zastitnu-ogradu\/#local-main-place-address","streetAddress":"Horvatova 97","addressLocality":"Velika Gorica","postalCode":"10410","addressRegion":"Croatia","addressCountry":"HR"},{"@type":"ImageObject","inLanguage":"en-US","@id":"https:\/\/gorica.info\/nesreca-u-velikoj-gorici-pijani-vozac-teretnjaka-zabio-se-u-zastitnu-ogradu\/#local-main-organization-logo","url":"https:\/\/gorica.info\/wp-content\/uploads\/2024\/07\/Gorica-Info-Logo-mali.png","contentUrl":"https:\/\/gorica.info\/wp-content\/uploads\/2024\/07\/Gorica-Info-Logo-mali.png","width":450,"height":85,"caption":"Gorica Info"}]},"geo.placename":"Velika Gorica","geo.region":"Croatia"},"_links":{"self":[{"href":"https:\/\/gorica.info\/en\/wp-json\/wp\/v2\/posts\/76916","targetHints":{"allow":["GET"]}}],"collection":[{"href":"https:\/\/gorica.info\/en\/wp-json\/wp\/v2\/posts"}],"about":[{"href":"https:\/\/gorica.info\/en\/wp-json\/wp\/v2\/types\/post"}],"author":[{"embeddable":true,"href":"https:\/\/gorica.info\/en\/wp-json\/wp\/v2\/users\/23"}],"replies":[{"embeddable":true,"href":"https:\/\/gorica.info\/en\/wp-json\/wp\/v2\/comments?post=76916"}],"version-history":[{"count":1,"href":"https:\/\/gorica.info\/en\/wp-json\/wp\/v2\/posts\/76916\/revisions"}],"predecessor-version":[{"id":76918,"href":"https:\/\/gorica.info\/en\/wp-json\/wp\/v2\/posts\/76916\/revisions\/76918"}],"wp:featuredmedia":[{"embeddable":true,"href":"https:\/\/gorica.info\/en\/wp-json\/wp\/v2\/media\/76917"}],"wp:attachment":[{"href":"https:\/\/gorica.info\/en\/wp-json\/wp\/v2\/media?parent=76916"}],"wp:term":[{"taxonomy":"category","embeddable":true,"href":"https:\/\/gorica.info\/en\/wp-json\/wp\/v2\/categories?post=76916"},{"taxonomy":"post_tag","embeddable":true,"href":"https:\/\/gorica.info\/en\/wp-json\/wp\/v2\/tags?post=76916"}],"curies":[{"name":"wp","href":"https:\/\/api.w.org\/{rel}","templated":true}]}}