{"id":77102,"date":"2024-10-01T09:31:00","date_gmt":"2024-10-01T07:31:00","guid":{"rendered":"https:\/\/gorica.info\/?p=77102"},"modified":"2024-11-12T18:48:28","modified_gmt":"2024-11-12T17:48:28","slug":"ako-zivite-u-stanu-i-jos-niste-preuzeli-smedu-kanticu-za-biootpad-javite-se-u-vg-cistocu","status":"publish","type":"post","link":"https:\/\/gorica.info\/en\/ako-zivite-u-stanu-i-jos-niste-preuzeli-smedu-kanticu-za-biootpad-javite-se-u-vg-cistocu\/","title":{"rendered":"Ako \u017eivite u stanu i jo\u0161 niste preuzeli sme\u0111u kanticu za biootpad: Javite se u VG \u010cisto\u0107u"},"content":{"rendered":"<p class=\"has-medium-font-size\">Iz <strong>VG \u010cisto\u0107e<\/strong> pozivaju gra\u0111ane koji <strong>\u017eive u stanovim<\/strong>a, a jo\u0161 nisu preuzeli svoju <strong>kanticu za biootpad<\/strong>, da im se jave. Sme\u0111u kanticu gra\u0111ani mogu dobiti u<strong> Korisni\u010dkoj slu\u017ebi VG \u010cisto\u0107e<\/strong> (soba 19 u prizemlju) radnim danom <strong>od 8 do 15 sati.<\/strong> <\/p>\n\n\n\n<p class=\"has-medium-font-size\">Uz kanticu \u0107e dobiti i <strong>52 biorazgradive vre\u0107ice<\/strong> koje, nakon \u0161to se napune, odla\u017eu u <strong>zajedni\u010dku posudu za biootpad. <\/strong><\/p>\n\n\n\n<p class=\"has-medium-font-size\">Dio <a href=\"https:\/\/gorica.info\/en\/vg-cistoca-pocinje-odvoziti-azbestni-otpad-zovite-ih-ako-ga-imate\/\">korisnika<\/a> svoje je kantice ve\u0107 preuzeo te pozivamo i ostale, <strong>posebno nove korisnike koji \u017eive u stanovima<\/strong>, da <strong>besplatno<\/strong> preuzmu vlastite kantice i vre\u0107ice, poru\u010duju iz<a href=\"https:\/\/www.vgcistoca.hr\/novosti\/obavijest-korisnicima-o-smedim-kanticama-za-bio-otpad\/\"> VG \u010cisto\u0107e<\/a>.<\/p>\n\n\n\n<p class=\"has-medium-font-size\">Korisnici koji su<strong> potro\u0161ili biorazgradive vre\u0107ice<\/strong> nove mogu kupiti u bilo kojoj trgovini koja ima biorazgradive vre\u0107ice za otpad<strong>.<\/strong> U planu je nabava <strong>novih vre\u0107ica<\/strong> te \u0107e gra\u0111ani na vrijeme biti obavje\u0161teni o njihovoj dostupnosti.<\/p>\n\n\n\n<p class=\"has-medium-font-size\">Za preuzimanje kantice i vre\u0107ica, iz VG \u010cisto\u0107e tra\u017ee da <strong>ponesete\u00a0posljednji ra\u010dun<\/strong>.<\/p>","protected":false},"excerpt":{"rendered":"<p>Iz VG \u010cisto\u0107e pozivaju gra\u0111ane koji \u017eive u stanovima, a jo\u0161 nisu preuzeli svoju kanticu za biootpad, da im se jave. Sme\u0111u kanticu gra\u0111ani mogu dobiti u Korisni\u010dkoj slu\u017ebi VG \u010cisto\u0107e (soba 19 u prizemlju) radnim danom od 8 do 15 sati. Uz kanticu \u0107e dobiti i 52 biorazgradive vre\u0107ice koje, nakon \u0161to se napune, [&hellip;]<\/p>\n","protected":false},"author":23,"featured_media":77103,"comment_status":"closed","ping_status":"closed","sticky":false,"template":"","format":"standard","meta":{"limit_modified_date":"","last_modified_date":"","jnews-multi-image_gallery":[],"jnews_single_post":{"format":"standard"},"jnews_primary_category":[],"jnews_override_counter":[],"footnotes":""},"categories":[87],"tags":[14584,448,14583,3912,4218,14579,122,15549,15551,321,15550],"class_list":["post-77102","post","type-post","status-publish","format-standard","has-post-thumbnail","hentry","category-gorica","tag-bio-razgradive-vrecice","tag-gradani","tag-gradani-koji-zive-u-stanovima","tag-novi-korisnici","tag-obavijest-gradanima","tag-smede-kantice-za-biootpad","tag-velika-gorica","tag-velika-gorica-danas","tag-velika-gorica-vijesti","tag-vg-cistoca","tag-vijesti-vg"],"yoast_head":"<!-- This site is optimized with the Yoast SEO Premium plugin v27.4 (Yoast SEO v27.4) - https:\/\/yoast.com\/product\/yoast-seo-premium-wordpress\/ -->\n<title>Ako \u017eivite u stanu i jo\u0161 niste preuzeli sme\u0111u kanticu za biootpad: Javite se u VG \u010cisto\u0107u - Gorica Info<\/title>\n<meta name=\"description\" content=\"Ako \u017eivite u stanu i jo\u0161 niste preuzeli sme\u0111u kanticu za biootpad: Javite se u VG \u010cisto\u0107u gdje \u0107ete dobiti kanticu i 52 vre\u0107ice.\" \/>\n<meta name=\"robots\" content=\"index, follow, max-snippet:-1, max-image-preview:large, max-video-preview:-1\" \/>\n<link rel=\"canonical\" href=\"https:\/\/gorica.info\/en\/ako-zivite-u-stanu-i-jos-niste-preuzeli-smedu-kanticu-za-biootpad-javite-se-u-vg-cistocu\/\" \/>\n<meta property=\"og:locale\" content=\"en_US\" \/>\n<meta property=\"og:type\" content=\"article\" \/>\n<meta property=\"og:title\" content=\"Ako \u017eivite u stanu i jo\u0161 niste preuzeli sme\u0111u kanticu za biootpad: Javite se u VG \u010cisto\u0107u\" \/>\n<meta property=\"og:description\" content=\"Ako \u017eivite u stanu i jo\u0161 niste preuzeli sme\u0111u kanticu za biootpad: Javite se u VG \u010cisto\u0107u gdje \u0107ete dobiti kanticu i 52 vre\u0107ice.\" \/>\n<meta property=\"og:url\" content=\"https:\/\/gorica.info\/en\/ako-zivite-u-stanu-i-jos-niste-preuzeli-smedu-kanticu-za-biootpad-javite-se-u-vg-cistocu\/\" \/>\n<meta property=\"og:site_name\" content=\"Gorica Info\" \/>\n<meta property=\"article:publisher\" content=\"https:\/\/www.facebook.com\/Goricainfo-106005144489262\" \/>\n<meta property=\"article:published_time\" content=\"2024-10-01T07:31:00+00:00\" \/>\n<meta property=\"article:modified_time\" content=\"2024-11-12T17:48:28+00:00\" \/>\n<meta property=\"og:image\" content=\"https:\/\/gorica.info\/wp-content\/uploads\/2024\/09\/smeda-kantica-za-biootpad-foto-goricainfo.jpg\" \/>\n\t<meta property=\"og:image:width\" content=\"878\" \/>\n\t<meta property=\"og:image:height\" content=\"800\" \/>\n\t<meta property=\"og:image:type\" content=\"image\/jpeg\" \/>\n<meta name=\"author\" content=\"Gorica. info\" \/>\n<meta name=\"twitter:card\" content=\"summary_large_image\" \/>\n<meta name=\"twitter:creator\" content=\"@GoricaInfo\" \/>\n<meta name=\"twitter:site\" content=\"@GoricaInfo\" \/>\n<meta name=\"twitter:label1\" content=\"Written by\" \/>\n\t<meta name=\"twitter:data1\" content=\"Gorica. info\" \/>\n\t<meta name=\"twitter:label2\" content=\"Est. reading time\" \/>\n\t<meta name=\"twitter:data2\" content=\"1 minute\" \/>\n<meta name=\"geo.placename\" content=\"Velika Gorica\" \/>\n<meta name=\"geo.region\" content=\"Croatia\" \/>\n<!-- \/ Yoast SEO Premium plugin. -->","yoast_head_json":{"title":"Ako \u017eivite u stanu i jo\u0161 niste preuzeli sme\u0111u kanticu za biootpad: Javite se u VG \u010cisto\u0107u - Gorica Info","description":"Ako \u017eivite u stanu i jo\u0161 niste preuzeli sme\u0111u kanticu za biootpad: Javite se u VG \u010cisto\u0107u gdje \u0107ete dobiti kanticu i 52 vre\u0107ice.","robots":{"index":"index","follow":"follow","max-snippet":"max-snippet:-1","max-image-preview":"max-image-preview:large","max-video-preview":"max-video-preview:-1"},"canonical":"https:\/\/gorica.info\/en\/ako-zivite-u-stanu-i-jos-niste-preuzeli-smedu-kanticu-za-biootpad-javite-se-u-vg-cistocu\/","og_locale":"en_US","og_type":"article","og_title":"Ako \u017eivite u stanu i jo\u0161 niste preuzeli sme\u0111u kanticu za biootpad: Javite se u VG \u010cisto\u0107u","og_description":"Ako \u017eivite u stanu i jo\u0161 niste preuzeli sme\u0111u kanticu za biootpad: Javite se u VG \u010cisto\u0107u gdje \u0107ete dobiti kanticu i 52 vre\u0107ice.","og_url":"https:\/\/gorica.info\/en\/ako-zivite-u-stanu-i-jos-niste-preuzeli-smedu-kanticu-za-biootpad-javite-se-u-vg-cistocu\/","og_site_name":"Gorica Info","article_publisher":"https:\/\/www.facebook.com\/Goricainfo-106005144489262","article_published_time":"2024-10-01T07:31:00+00:00","article_modified_time":"2024-11-12T17:48:28+00:00","og_image":[{"width":878,"height":800,"url":"https:\/\/gorica.info\/wp-content\/uploads\/2024\/09\/smeda-kantica-za-biootpad-foto-goricainfo.jpg","type":"image\/jpeg"}],"author":"Gorica. info","twitter_card":"summary_large_image","twitter_creator":"@GoricaInfo","twitter_site":"@GoricaInfo","twitter_misc":{"Written by":"Gorica. info","Est. reading time":"1 minute"},"schema":{"@context":"https:\/\/schema.org","@graph":[{"@type":"NewsArticle","@id":"https:\/\/gorica.info\/ako-zivite-u-stanu-i-jos-niste-preuzeli-smedu-kanticu-za-biootpad-javite-se-u-vg-cistocu\/#article","isPartOf":{"@id":"https:\/\/gorica.info\/ako-zivite-u-stanu-i-jos-niste-preuzeli-smedu-kanticu-za-biootpad-javite-se-u-vg-cistocu\/"},"author":{"name":"Gorica. info","@id":"https:\/\/gorica.info\/#\/schema\/person\/4499af1f22f322670b9b5977ccc2e3de"},"headline":"Ako \u017eivite u stanu i jo\u0161 niste preuzeli sme\u0111u kanticu za biootpad: Javite se u VG \u010cisto\u0107u","datePublished":"2024-10-01T07:31:00+00:00","dateModified":"2024-11-12T17:48:28+00:00","mainEntityOfPage":{"@id":"https:\/\/gorica.info\/ako-zivite-u-stanu-i-jos-niste-preuzeli-smedu-kanticu-za-biootpad-javite-se-u-vg-cistocu\/"},"wordCount":176,"publisher":{"@id":"https:\/\/gorica.info\/#organization"},"image":{"@id":"https:\/\/gorica.info\/ako-zivite-u-stanu-i-jos-niste-preuzeli-smedu-kanticu-za-biootpad-javite-se-u-vg-cistocu\/#primaryimage"},"thumbnailUrl":"https:\/\/gorica.info\/wp-content\/uploads\/2024\/09\/smeda-kantica-za-biootpad-foto-goricainfo.jpg","keywords":["bio razgradive vre\u0107ice","gra\u0111ani","gra\u0111ani koji \u017eive u stanovima","novi korisnici","obavijest gra\u0111anima","sme\u0111e kantice za biootpad","Velika Gorica","velika gorica danas","velika gorica vijesti","VG \u010cisto\u0107a","vijesti vg"],"articleSection":["GORICA"],"inLanguage":"en-US","copyrightYear":"2024","copyrightHolder":{"@id":"https:\/\/gorica.info\/en\/#organization"}},{"@type":"WebPage","@id":"https:\/\/gorica.info\/ako-zivite-u-stanu-i-jos-niste-preuzeli-smedu-kanticu-za-biootpad-javite-se-u-vg-cistocu\/","url":"https:\/\/gorica.info\/ako-zivite-u-stanu-i-jos-niste-preuzeli-smedu-kanticu-za-biootpad-javite-se-u-vg-cistocu\/","name":"Ako \u017eivite u stanu i jo\u0161 niste preuzeli sme\u0111u kanticu za biootpad: Javite se u VG \u010cisto\u0107u - Gorica Info","isPartOf":{"@id":"https:\/\/gorica.info\/#website"},"primaryImageOfPage":{"@id":"https:\/\/gorica.info\/ako-zivite-u-stanu-i-jos-niste-preuzeli-smedu-kanticu-za-biootpad-javite-se-u-vg-cistocu\/#primaryimage"},"image":{"@id":"https:\/\/gorica.info\/ako-zivite-u-stanu-i-jos-niste-preuzeli-smedu-kanticu-za-biootpad-javite-se-u-vg-cistocu\/#primaryimage"},"thumbnailUrl":"https:\/\/gorica.info\/wp-content\/uploads\/2024\/09\/smeda-kantica-za-biootpad-foto-goricainfo.jpg","datePublished":"2024-10-01T07:31:00+00:00","dateModified":"2024-11-12T17:48:28+00:00","description":"Ako \u017eivite u stanu i jo\u0161 niste preuzeli sme\u0111u kanticu za biootpad: Javite se u VG \u010cisto\u0107u gdje \u0107ete dobiti kanticu i 52 vre\u0107ice.","breadcrumb":{"@id":"https:\/\/gorica.info\/ako-zivite-u-stanu-i-jos-niste-preuzeli-smedu-kanticu-za-biootpad-javite-se-u-vg-cistocu\/#breadcrumb"},"inLanguage":"en-US","potentialAction":[{"@type":"ReadAction","target":["https:\/\/gorica.info\/ako-zivite-u-stanu-i-jos-niste-preuzeli-smedu-kanticu-za-biootpad-javite-se-u-vg-cistocu\/"]}]},{"@type":"ImageObject","inLanguage":"en-US","@id":"https:\/\/gorica.info\/ako-zivite-u-stanu-i-jos-niste-preuzeli-smedu-kanticu-za-biootpad-javite-se-u-vg-cistocu\/#primaryimage","url":"https:\/\/gorica.info\/wp-content\/uploads\/2024\/09\/smeda-kantica-za-biootpad-foto-goricainfo.jpg","contentUrl":"https:\/\/gorica.info\/wp-content\/uploads\/2024\/09\/smeda-kantica-za-biootpad-foto-goricainfo.jpg","width":878,"height":800,"caption":"Foto: Gorica.info"},{"@type":"BreadcrumbList","@id":"https:\/\/gorica.info\/ako-zivite-u-stanu-i-jos-niste-preuzeli-smedu-kanticu-za-biootpad-javite-se-u-vg-cistocu\/#breadcrumb","itemListElement":[{"@type":"ListItem","position":1,"name":"Po\u010detna stranica","item":"https:\/\/gorica.info\/"},{"@type":"ListItem","position":2,"name":"Ako \u017eivite u stanu i jo\u0161 niste preuzeli sme\u0111u kanticu za biootpad: Javite se u VG \u010cisto\u0107u"}]},{"@type":"WebSite","@id":"https:\/\/gorica.info\/#website","url":"https:\/\/gorica.info\/","name":"Gorica Info","description":"Vijesti iz Velike Gorice i okolice.","publisher":{"@id":"https:\/\/gorica.info\/#organization"},"potentialAction":[{"@type":"SearchAction","target":{"@type":"EntryPoint","urlTemplate":"https:\/\/gorica.info\/?s={search_term_string}"},"query-input":{"@type":"PropertyValueSpecification","valueRequired":true,"valueName":"search_term_string"}}],"inLanguage":"en-US"},{"@type":["Organization","Place","NewsMediaOrganization"],"@id":"https:\/\/gorica.info\/#organization","name":"Gorica Info","url":"https:\/\/gorica.info\/","logo":{"@id":"https:\/\/gorica.info\/ako-zivite-u-stanu-i-jos-niste-preuzeli-smedu-kanticu-za-biootpad-javite-se-u-vg-cistocu\/#local-main-organization-logo"},"image":{"@id":"https:\/\/gorica.info\/ako-zivite-u-stanu-i-jos-niste-preuzeli-smedu-kanticu-za-biootpad-javite-se-u-vg-cistocu\/#local-main-organization-logo"},"sameAs":["https:\/\/www.facebook.com\/Goricainfo-106005144489262","https:\/\/x.com\/GoricaInfo","https:\/\/www.instagram.com\/gorica.info\/"],"address":{"@id":"https:\/\/gorica.info\/ako-zivite-u-stanu-i-jos-niste-preuzeli-smedu-kanticu-za-biootpad-javite-se-u-vg-cistocu\/#local-main-place-address"},"telephone":[],"openingHoursSpecification":[{"@type":"OpeningHoursSpecification","dayOfWeek":["Monday","Tuesday","Wednesday","Thursday","Friday","Saturday","Sunday"],"opens":"09:00","closes":"17:00"}],"email":"redakcija@gorica.info"},{"@type":"Person","@id":"https:\/\/gorica.info\/#\/schema\/person\/4499af1f22f322670b9b5977ccc2e3de","name":"Gorica. info","description":"Gorica.info je lokalni portal koji prati Veliku Goricu i okolici, svakodnevno donosi najnovije vijesti i pri\u010de, kulturna doga\u0111anja i aktualnosti koje oblikuju \u017eivot gra\u0111ana.","url":"https:\/\/gorica.info\/en\/author\/gorica-info\/"},{"@type":"PostalAddress","@id":"https:\/\/gorica.info\/ako-zivite-u-stanu-i-jos-niste-preuzeli-smedu-kanticu-za-biootpad-javite-se-u-vg-cistocu\/#local-main-place-address","streetAddress":"Horvatova 97","addressLocality":"Velika Gorica","postalCode":"10410","addressRegion":"Croatia","addressCountry":"HR"},{"@type":"ImageObject","inLanguage":"en-US","@id":"https:\/\/gorica.info\/ako-zivite-u-stanu-i-jos-niste-preuzeli-smedu-kanticu-za-biootpad-javite-se-u-vg-cistocu\/#local-main-organization-logo","url":"https:\/\/gorica.info\/wp-content\/uploads\/2024\/07\/Gorica-Info-Logo-mali.png","contentUrl":"https:\/\/gorica.info\/wp-content\/uploads\/2024\/07\/Gorica-Info-Logo-mali.png","width":450,"height":85,"caption":"Gorica Info"}]},"geo.placename":"Velika Gorica","geo.region":"Croatia"},"_links":{"self":[{"href":"https:\/\/gorica.info\/en\/wp-json\/wp\/v2\/posts\/77102","targetHints":{"allow":["GET"]}}],"collection":[{"href":"https:\/\/gorica.info\/en\/wp-json\/wp\/v2\/posts"}],"about":[{"href":"https:\/\/gorica.info\/en\/wp-json\/wp\/v2\/types\/post"}],"author":[{"embeddable":true,"href":"https:\/\/gorica.info\/en\/wp-json\/wp\/v2\/users\/23"}],"replies":[{"embeddable":true,"href":"https:\/\/gorica.info\/en\/wp-json\/wp\/v2\/comments?post=77102"}],"version-history":[{"count":2,"href":"https:\/\/gorica.info\/en\/wp-json\/wp\/v2\/posts\/77102\/revisions"}],"predecessor-version":[{"id":77106,"href":"https:\/\/gorica.info\/en\/wp-json\/wp\/v2\/posts\/77102\/revisions\/77106"}],"wp:featuredmedia":[{"embeddable":true,"href":"https:\/\/gorica.info\/en\/wp-json\/wp\/v2\/media\/77103"}],"wp:attachment":[{"href":"https:\/\/gorica.info\/en\/wp-json\/wp\/v2\/media?parent=77102"}],"wp:term":[{"taxonomy":"category","embeddable":true,"href":"https:\/\/gorica.info\/en\/wp-json\/wp\/v2\/categories?post=77102"},{"taxonomy":"post_tag","embeddable":true,"href":"https:\/\/gorica.info\/en\/wp-json\/wp\/v2\/tags?post=77102"}],"curies":[{"name":"wp","href":"https:\/\/api.w.org\/{rel}","templated":true}]}}