{"id":77107,"date":"2024-09-30T14:32:00","date_gmt":"2024-09-30T12:32:00","guid":{"rendered":"https:\/\/gorica.info\/?p=77107"},"modified":"2024-09-30T16:07:47","modified_gmt":"2024-09-30T14:07:47","slug":"mrtav-muskarac-pronaden-u-dvoristu-policija-istrazuje-okolnosti-smrti","status":"publish","type":"post","link":"https:\/\/gorica.info\/en\/mrtav-muskarac-pronaden-u-dvoristu-policija-istrazuje-okolnosti-smrti\/","title":{"rendered":"U dvori\u0161tu prona\u0111en mrtav mu\u0161karac: Policija istra\u017euje okolnosti smrti"},"content":{"rendered":"<p class=\"has-medium-font-size\"><strong>U dvori\u0161tu ku\u0107e <\/strong>u mjestu Grabovac Banski na petrinjskom podru\u010dju, prona\u0111eno je <strong>be\u017eivotno tijelo 66-godi\u0161njaka<\/strong>. Iz <a href=\"https:\/\/sisacko-moslavacka-policija.gov.hr\/vijesti-8\/pronalazak-bezivotnog-tijela\/41916\">Policijske uprave sisa\u010dko-moslava\u010dke <\/a>rekli su da je tijelo prona\u0111eno u poslijepodnevnim satima.<\/p>\n\n\n\n<p class=\"has-medium-font-size\"><a href=\"https:\/\/gorica.info\/en\/u-savi-na-podrucju-orla-pronadeno-mrtvo-tijelo-nepoznatog-muskarca\/\">Tijelo <\/a>je prevezeno u <strong>Zavod za sudsku medicinu i kriminalistik<\/strong>u u Zagrebu te slijedi daljnje <strong>kriminalisti\u010dko istra\u017eivanje <\/strong>kako bi se utvrdili okolnosti smrti 66-godi\u0161njeg mu\u0161karca.<\/p>","protected":false},"excerpt":{"rendered":"<p>U dvori\u0161tu ku\u0107e u mjestu Grabovac Banski na petrinjskom podru\u010dju, prona\u0111eno je be\u017eivotno tijelo 66-godi\u0161njaka. Iz Policijske uprave sisa\u010dko-moslava\u010dke rekli su da je tijelo prona\u0111eno u poslijepodnevnim satima. Tijelo je prevezeno u Zavod za sudsku medicinu i kriminalistiku u Zagrebu te slijedi daljnje kriminalisti\u010dko istra\u017eivanje kako bi se utvrdili okolnosti smrti 66-godi\u0161njeg mu\u0161karca.<\/p>","protected":false},"author":23,"featured_media":77111,"comment_status":"closed","ping_status":"closed","sticky":false,"template":"","format":"standard","meta":{"limit_modified_date":"","last_modified_date":"","jnews-multi-image_gallery":[],"jnews_single_post":{"format":"standard"},"jnews_primary_category":[],"jnews_override_counter":[],"footnotes":""},"categories":[93],"tags":[3750,14587,1098,14586,266,13225],"class_list":["post-77107","post","type-post","status-publish","format-standard","has-post-thumbnail","hentry","category-crna-kronika","tag-bezivotno-tijelo","tag-grabovac-banski","tag-istraga","tag-petrinjsko-podrucje","tag-policija","tag-pronadeno-mrtvo-tijelo"],"yoast_head":"<!-- This site is optimized with the Yoast SEO Premium plugin v27.4 (Yoast SEO v27.4) - https:\/\/yoast.com\/product\/yoast-seo-premium-wordpress\/ -->\n<title>U dvori\u0161tu prona\u0111en mrtav mu\u0161karac: Policija istra\u017euje okolnosti smrti - Gorica Info<\/title>\n<meta name=\"description\" content=\"Mrtav mu\u0161karac (66) prona\u0111en u dvori\u0161tu na petrinjskom podru\u010dju: Policija istra\u017euje okolnosti smrti, a tijelo je prevezeno u Zagreb.\" \/>\n<meta name=\"robots\" content=\"index, follow, max-snippet:-1, max-image-preview:large, max-video-preview:-1\" \/>\n<link rel=\"canonical\" href=\"https:\/\/gorica.info\/en\/mrtav-muskarac-pronaden-u-dvoristu-policija-istrazuje-okolnosti-smrti\/\" \/>\n<meta property=\"og:locale\" content=\"en_US\" \/>\n<meta property=\"og:type\" content=\"article\" \/>\n<meta property=\"og:title\" content=\"U dvori\u0161tu prona\u0111en mrtav mu\u0161karac: Policija istra\u017euje okolnosti smrti\" \/>\n<meta property=\"og:description\" content=\"Mrtav mu\u0161karac (66) prona\u0111en u dvori\u0161tu na petrinjskom podru\u010dju: Policija istra\u017euje okolnosti smrti, a tijelo je prevezeno u Zagreb.\" \/>\n<meta property=\"og:url\" content=\"https:\/\/gorica.info\/en\/mrtav-muskarac-pronaden-u-dvoristu-policija-istrazuje-okolnosti-smrti\/\" \/>\n<meta property=\"og:site_name\" content=\"Gorica Info\" \/>\n<meta property=\"article:publisher\" content=\"https:\/\/www.facebook.com\/Goricainfo-106005144489262\" \/>\n<meta property=\"article:published_time\" content=\"2024-09-30T12:32:00+00:00\" \/>\n<meta property=\"article:modified_time\" content=\"2024-09-30T14:07:47+00:00\" \/>\n<meta property=\"og:image\" content=\"https:\/\/gorica.info\/wp-content\/uploads\/2024\/09\/policija-vozilo1.jpg\" \/>\n\t<meta property=\"og:image:width\" content=\"750\" \/>\n\t<meta property=\"og:image:height\" content=\"500\" \/>\n\t<meta property=\"og:image:type\" content=\"image\/jpeg\" \/>\n<meta name=\"author\" content=\"Gorica. info\" \/>\n<meta name=\"twitter:card\" content=\"summary_large_image\" \/>\n<meta name=\"twitter:creator\" content=\"@GoricaInfo\" \/>\n<meta name=\"twitter:site\" content=\"@GoricaInfo\" \/>\n<meta name=\"twitter:label1\" content=\"Written by\" \/>\n\t<meta name=\"twitter:data1\" content=\"Gorica. info\" \/>\n\t<meta name=\"twitter:label2\" content=\"Est. reading time\" \/>\n\t<meta name=\"twitter:data2\" content=\"1 minute\" \/>\n<meta name=\"geo.placename\" content=\"Velika Gorica\" \/>\n<meta name=\"geo.region\" content=\"Croatia\" \/>\n<!-- \/ Yoast SEO Premium plugin. -->","yoast_head_json":{"title":"U dvori\u0161tu prona\u0111en mrtav mu\u0161karac: Policija istra\u017euje okolnosti smrti - Gorica Info","description":"Mrtav mu\u0161karac (66) prona\u0111en u dvori\u0161tu na petrinjskom podru\u010dju: Policija istra\u017euje okolnosti smrti, a tijelo je prevezeno u Zagreb.","robots":{"index":"index","follow":"follow","max-snippet":"max-snippet:-1","max-image-preview":"max-image-preview:large","max-video-preview":"max-video-preview:-1"},"canonical":"https:\/\/gorica.info\/en\/mrtav-muskarac-pronaden-u-dvoristu-policija-istrazuje-okolnosti-smrti\/","og_locale":"en_US","og_type":"article","og_title":"U dvori\u0161tu prona\u0111en mrtav mu\u0161karac: Policija istra\u017euje okolnosti smrti","og_description":"Mrtav mu\u0161karac (66) prona\u0111en u dvori\u0161tu na petrinjskom podru\u010dju: Policija istra\u017euje okolnosti smrti, a tijelo je prevezeno u Zagreb.","og_url":"https:\/\/gorica.info\/en\/mrtav-muskarac-pronaden-u-dvoristu-policija-istrazuje-okolnosti-smrti\/","og_site_name":"Gorica Info","article_publisher":"https:\/\/www.facebook.com\/Goricainfo-106005144489262","article_published_time":"2024-09-30T12:32:00+00:00","article_modified_time":"2024-09-30T14:07:47+00:00","og_image":[{"width":750,"height":500,"url":"https:\/\/gorica.info\/wp-content\/uploads\/2024\/09\/policija-vozilo1.jpg","type":"image\/jpeg"}],"author":"Gorica. info","twitter_card":"summary_large_image","twitter_creator":"@GoricaInfo","twitter_site":"@GoricaInfo","twitter_misc":{"Written by":"Gorica. info","Est. reading time":"1 minute"},"schema":{"@context":"https:\/\/schema.org","@graph":[{"@type":"NewsArticle","@id":"https:\/\/gorica.info\/mrtav-muskarac-pronaden-u-dvoristu-policija-istrazuje-okolnosti-smrti\/#article","isPartOf":{"@id":"https:\/\/gorica.info\/mrtav-muskarac-pronaden-u-dvoristu-policija-istrazuje-okolnosti-smrti\/"},"author":{"name":"Gorica. info","@id":"https:\/\/gorica.info\/#\/schema\/person\/4499af1f22f322670b9b5977ccc2e3de"},"headline":"U dvori\u0161tu prona\u0111en mrtav mu\u0161karac: Policija istra\u017euje okolnosti smrti","datePublished":"2024-09-30T12:32:00+00:00","dateModified":"2024-09-30T14:07:47+00:00","mainEntityOfPage":{"@id":"https:\/\/gorica.info\/mrtav-muskarac-pronaden-u-dvoristu-policija-istrazuje-okolnosti-smrti\/"},"wordCount":79,"publisher":{"@id":"https:\/\/gorica.info\/#organization"},"image":{"@id":"https:\/\/gorica.info\/mrtav-muskarac-pronaden-u-dvoristu-policija-istrazuje-okolnosti-smrti\/#primaryimage"},"thumbnailUrl":"https:\/\/gorica.info\/wp-content\/uploads\/2024\/09\/policija-vozilo1.jpg","keywords":["be\u017eivotno tijelo","grabovac banski","istraga","petrinjsko podru\u010dje","policija","prona\u0111eno mrtvo tijelo"],"articleSection":["CRNA KRONIKA"],"inLanguage":"en-US","copyrightYear":"2024","copyrightHolder":{"@id":"https:\/\/gorica.info\/en\/#organization"}},{"@type":"WebPage","@id":"https:\/\/gorica.info\/mrtav-muskarac-pronaden-u-dvoristu-policija-istrazuje-okolnosti-smrti\/","url":"https:\/\/gorica.info\/mrtav-muskarac-pronaden-u-dvoristu-policija-istrazuje-okolnosti-smrti\/","name":"U dvori\u0161tu prona\u0111en mrtav mu\u0161karac: Policija istra\u017euje okolnosti smrti - Gorica Info","isPartOf":{"@id":"https:\/\/gorica.info\/#website"},"primaryImageOfPage":{"@id":"https:\/\/gorica.info\/mrtav-muskarac-pronaden-u-dvoristu-policija-istrazuje-okolnosti-smrti\/#primaryimage"},"image":{"@id":"https:\/\/gorica.info\/mrtav-muskarac-pronaden-u-dvoristu-policija-istrazuje-okolnosti-smrti\/#primaryimage"},"thumbnailUrl":"https:\/\/gorica.info\/wp-content\/uploads\/2024\/09\/policija-vozilo1.jpg","datePublished":"2024-09-30T12:32:00+00:00","dateModified":"2024-09-30T14:07:47+00:00","description":"Mrtav mu\u0161karac (66) prona\u0111en u dvori\u0161tu na petrinjskom podru\u010dju: Policija istra\u017euje okolnosti smrti, a tijelo je prevezeno u Zagreb.","breadcrumb":{"@id":"https:\/\/gorica.info\/mrtav-muskarac-pronaden-u-dvoristu-policija-istrazuje-okolnosti-smrti\/#breadcrumb"},"inLanguage":"en-US","potentialAction":[{"@type":"ReadAction","target":["https:\/\/gorica.info\/mrtav-muskarac-pronaden-u-dvoristu-policija-istrazuje-okolnosti-smrti\/"]}]},{"@type":"ImageObject","inLanguage":"en-US","@id":"https:\/\/gorica.info\/mrtav-muskarac-pronaden-u-dvoristu-policija-istrazuje-okolnosti-smrti\/#primaryimage","url":"https:\/\/gorica.info\/wp-content\/uploads\/2024\/09\/policija-vozilo1.jpg","contentUrl":"https:\/\/gorica.info\/wp-content\/uploads\/2024\/09\/policija-vozilo1.jpg","width":750,"height":500,"caption":"Foto: Policija"},{"@type":"BreadcrumbList","@id":"https:\/\/gorica.info\/mrtav-muskarac-pronaden-u-dvoristu-policija-istrazuje-okolnosti-smrti\/#breadcrumb","itemListElement":[{"@type":"ListItem","position":1,"name":"Po\u010detna stranica","item":"https:\/\/gorica.info\/"},{"@type":"ListItem","position":2,"name":"U dvori\u0161tu prona\u0111en mrtav mu\u0161karac: Policija istra\u017euje okolnosti smrti"}]},{"@type":"WebSite","@id":"https:\/\/gorica.info\/#website","url":"https:\/\/gorica.info\/","name":"Gorica Info","description":"Vijesti iz Velike Gorice i okolice.","publisher":{"@id":"https:\/\/gorica.info\/#organization"},"potentialAction":[{"@type":"SearchAction","target":{"@type":"EntryPoint","urlTemplate":"https:\/\/gorica.info\/?s={search_term_string}"},"query-input":{"@type":"PropertyValueSpecification","valueRequired":true,"valueName":"search_term_string"}}],"inLanguage":"en-US"},{"@type":["Organization","Place","NewsMediaOrganization"],"@id":"https:\/\/gorica.info\/#organization","name":"Gorica Info","url":"https:\/\/gorica.info\/","logo":{"@id":"https:\/\/gorica.info\/mrtav-muskarac-pronaden-u-dvoristu-policija-istrazuje-okolnosti-smrti\/#local-main-organization-logo"},"image":{"@id":"https:\/\/gorica.info\/mrtav-muskarac-pronaden-u-dvoristu-policija-istrazuje-okolnosti-smrti\/#local-main-organization-logo"},"sameAs":["https:\/\/www.facebook.com\/Goricainfo-106005144489262","https:\/\/x.com\/GoricaInfo","https:\/\/www.instagram.com\/gorica.info\/"],"address":{"@id":"https:\/\/gorica.info\/mrtav-muskarac-pronaden-u-dvoristu-policija-istrazuje-okolnosti-smrti\/#local-main-place-address"},"telephone":[],"openingHoursSpecification":[{"@type":"OpeningHoursSpecification","dayOfWeek":["Monday","Tuesday","Wednesday","Thursday","Friday","Saturday","Sunday"],"opens":"09:00","closes":"17:00"}],"email":"redakcija@gorica.info"},{"@type":"Person","@id":"https:\/\/gorica.info\/#\/schema\/person\/4499af1f22f322670b9b5977ccc2e3de","name":"Gorica. info","description":"Gorica.info je lokalni portal koji prati Veliku Goricu i okolici, svakodnevno donosi najnovije vijesti i pri\u010de, kulturna doga\u0111anja i aktualnosti koje oblikuju \u017eivot gra\u0111ana.","url":"https:\/\/gorica.info\/en\/author\/gorica-info\/"},{"@type":"PostalAddress","@id":"https:\/\/gorica.info\/mrtav-muskarac-pronaden-u-dvoristu-policija-istrazuje-okolnosti-smrti\/#local-main-place-address","streetAddress":"Horvatova 97","addressLocality":"Velika Gorica","postalCode":"10410","addressRegion":"Croatia","addressCountry":"HR"},{"@type":"ImageObject","inLanguage":"en-US","@id":"https:\/\/gorica.info\/mrtav-muskarac-pronaden-u-dvoristu-policija-istrazuje-okolnosti-smrti\/#local-main-organization-logo","url":"https:\/\/gorica.info\/wp-content\/uploads\/2024\/07\/Gorica-Info-Logo-mali.png","contentUrl":"https:\/\/gorica.info\/wp-content\/uploads\/2024\/07\/Gorica-Info-Logo-mali.png","width":450,"height":85,"caption":"Gorica Info"}]},"geo.placename":"Velika Gorica","geo.region":"Croatia"},"_links":{"self":[{"href":"https:\/\/gorica.info\/en\/wp-json\/wp\/v2\/posts\/77107","targetHints":{"allow":["GET"]}}],"collection":[{"href":"https:\/\/gorica.info\/en\/wp-json\/wp\/v2\/posts"}],"about":[{"href":"https:\/\/gorica.info\/en\/wp-json\/wp\/v2\/types\/post"}],"author":[{"embeddable":true,"href":"https:\/\/gorica.info\/en\/wp-json\/wp\/v2\/users\/23"}],"replies":[{"embeddable":true,"href":"https:\/\/gorica.info\/en\/wp-json\/wp\/v2\/comments?post=77107"}],"version-history":[{"count":2,"href":"https:\/\/gorica.info\/en\/wp-json\/wp\/v2\/posts\/77107\/revisions"}],"predecessor-version":[{"id":77110,"href":"https:\/\/gorica.info\/en\/wp-json\/wp\/v2\/posts\/77107\/revisions\/77110"}],"wp:featuredmedia":[{"embeddable":true,"href":"https:\/\/gorica.info\/en\/wp-json\/wp\/v2\/media\/77111"}],"wp:attachment":[{"href":"https:\/\/gorica.info\/en\/wp-json\/wp\/v2\/media?parent=77107"}],"wp:term":[{"taxonomy":"category","embeddable":true,"href":"https:\/\/gorica.info\/en\/wp-json\/wp\/v2\/categories?post=77107"},{"taxonomy":"post_tag","embeddable":true,"href":"https:\/\/gorica.info\/en\/wp-json\/wp\/v2\/tags?post=77107"}],"curies":[{"name":"wp","href":"https:\/\/api.w.org\/{rel}","templated":true}]}}