{"id":77188,"date":"2024-10-02T14:16:00","date_gmt":"2024-10-02T12:16:00","guid":{"rendered":"https:\/\/gorica.info\/?p=77188"},"modified":"2024-10-02T10:26:15","modified_gmt":"2024-10-02T08:26:15","slug":"dokumentarni-serijal-dubravka-merlica-o-jadranskim-pucinskim-otocima","status":"publish","type":"post","link":"https:\/\/gorica.info\/en\/dokumentarni-serijal-dubravka-merlica-o-jadranskim-pucinskim-otocima\/","title":{"rendered":"Dokumentarni serijal Dubravka Merli\u0107a o jadranskim pu\u010dinskim otocima"},"content":{"rendered":"<p class=\"has-medium-font-size\"><strong>Hrvatska radiotelevizija <\/strong>(HRT) u<strong> srijedu, 2. listopada <\/strong>na Prvom programu premijerno prikazuje prvu epizodu dokumentarne serije <strong>\u201ePlovopis &#8211; ju\u017eni pu\u010dinski otoci&#8221;<\/strong> poznatog autora <strong>Dubravka Merli\u0107a<\/strong>. Serija pred gledatelje dovodi netaknutu prirodu, naslage povijesti i ljudskih sudbina koje su se natalo\u017eile na tim udaljenim komadima kopna opto\u010denima morem, isti\u010du s HTV-a.<\/p>\n\n\n\n<p class=\"has-medium-font-size\">Dubravko Merli\u0107 i ekipa obi\u0161li su otoke na pu\u010dini, na samom ju\u017enom rubu Hrvatske, a to su <strong>Svetac<\/strong>, <strong>Brusnik<\/strong>, <strong>Bi\u0161evo<\/strong>, <strong>Jabuku<\/strong>, <strong>Su\u0161ac<\/strong> i <strong>Palagru\u017eu<\/strong>.<\/p>\n\n\n\n<p class=\"has-medium-font-size\">Svoju \u017eelju da se vrate u neka pro\u0161la i druk\u010dija vremena ostvarili su plovidbom na drvenom jedrenjaku <strong>Odysseus<\/strong> kapetana<strong> Darka Zankija<\/strong>, \u010dlana talijanske obitelji koja se polovicom 18. stolje\u0107a naselila na otok Svetac.<\/p>\n\n\n\n<p class=\"has-medium-font-size\">Nakon oplovljavanja Sveca i pri\u010da o pomorskim tragedijama ribara i stanovnika Sveca, ekipa se smje\u0161ta u ku\u0107u Zankijevih te obilaskom otoka saznaje za\u0161to su se Zankiji iz Apulije preselili na negostoljubivi Svetac, kroz koje su pote\u0161ko\u0107e prolazili te od \u010dega su \u017eivjeli. <\/p>\n\n\n\n<p class=\"has-medium-font-size\">Taj put od po\u010detaka i \u017eivota u pe\u0107ini do sjajnih godina izme\u0111u dva svjetska rata pokazat \u0107e \u017eilavost, upornost i odlu\u010dnost Zankijevih. Sjajne godine Zankijevih na Svecu zavr\u0161avaju godine 1944., kada Zankiji, unato\u010d svojoj spremnosti na najte\u017ee, ne uspijevaju opstati na Svecu koji krajem pro\u0161log stolje\u0107a postaje nenastanjen otok.<\/p>\n\n\n\n<p class=\"has-medium-font-size\">Uz dokumentarne snimke, <a href=\"https:\/\/gorica.info\/en\/category\/zivot\/scena\/\">serijal <\/a>obiluje i klasi\u010dno crtanim animacijama ilustratora i redatelja Tomislava \u0160obana kojima je cilj uprizoriti mnoge povijesne \u010dinjenice, mitove i pri\u010de ju\u017enopu\u010dinskih otoka.<\/p>\n\n\n\n<figure class=\"wp-block-image size-large\"><img fetchpriority=\"high\" decoding=\"async\" width=\"1024\" height=\"612\" src=\"https:\/\/gorica.info\/wp-content\/uploads\/2024\/10\/Dubravko-i-Matej-Merlic_Foto-HTV-1024x612.jpg\" alt=\"\" class=\"wp-image-77189\" srcset=\"https:\/\/gorica.info\/wp-content\/uploads\/2024\/10\/Dubravko-i-Matej-Merlic_Foto-HTV-1024x612.jpg 1024w, https:\/\/gorica.info\/wp-content\/uploads\/2024\/10\/Dubravko-i-Matej-Merlic_Foto-HTV-300x179.jpg 300w, https:\/\/gorica.info\/wp-content\/uploads\/2024\/10\/Dubravko-i-Matej-Merlic_Foto-HTV-768x459.jpg 768w, https:\/\/gorica.info\/wp-content\/uploads\/2024\/10\/Dubravko-i-Matej-Merlic_Foto-HTV-18x12.jpg 18w, https:\/\/gorica.info\/wp-content\/uploads\/2024\/10\/Dubravko-i-Matej-Merlic_Foto-HTV-750x448.jpg 750w, https:\/\/gorica.info\/wp-content\/uploads\/2024\/10\/Dubravko-i-Matej-Merlic_Foto-HTV-1140x681.jpg 1140w, https:\/\/gorica.info\/wp-content\/uploads\/2024\/10\/Dubravko-i-Matej-Merlic_Foto-HTV.jpg 1100w\" sizes=\"(max-width: 1024px) 100vw, 1024px\" \/><figcaption class=\"wp-element-caption\">Foto: Promo \/HTV <\/figcaption><\/figure>\n\n\n\n<p class=\"has-medium-font-size\">Producenti <a href=\"https:\/\/magazin.hrt.hr\/zabava\/dubravko-i-matej-merlic-11786208\">serijala <\/a>su Dubravko i <strong>Matej Merli\u0107<\/strong>, koji je ujedno i kompozitor originalne glazbe. Ostatak ekipe \u010dine tonski snimatelj <strong>Marko Grgi\u0107<\/strong>, direktor fotografije<strong> Marinko Marinki\u0107<\/strong> te snimatelj <strong>Tin Ostro\u0161i\u0107<\/strong>. Urednica serije je Tanja Kanceljak.<\/p>\n\n\n\n<p class=\"has-medium-font-size\">Dokumentarnu seriju koja ima \u010detiri epizode mo\u017eete gledati od 20.15 sati.<\/p>\n\n\n\n<figure class=\"wp-block-image size-large\"><img decoding=\"async\" width=\"1024\" height=\"613\" src=\"https:\/\/gorica.info\/wp-content\/uploads\/2024\/10\/Ekipa-Plovopisa-1024x613.jpg\" alt=\"\" class=\"wp-image-77191\" srcset=\"https:\/\/gorica.info\/wp-content\/uploads\/2024\/10\/Ekipa-Plovopisa-1024x613.jpg 1024w, https:\/\/gorica.info\/wp-content\/uploads\/2024\/10\/Ekipa-Plovopisa-300x180.jpg 300w, https:\/\/gorica.info\/wp-content\/uploads\/2024\/10\/Ekipa-Plovopisa-768x460.jpg 768w, https:\/\/gorica.info\/wp-content\/uploads\/2024\/10\/Ekipa-Plovopisa-18x12.jpg 18w, https:\/\/gorica.info\/wp-content\/uploads\/2024\/10\/Ekipa-Plovopisa-750x449.jpg 750w, https:\/\/gorica.info\/wp-content\/uploads\/2024\/10\/Ekipa-Plovopisa-1140x682.jpg 1140w, https:\/\/gorica.info\/wp-content\/uploads\/2024\/10\/Ekipa-Plovopisa.jpg 1100w\" sizes=\"(max-width: 1024px) 100vw, 1024px\" \/><figcaption class=\"wp-element-caption\">Foto: Promo \/ HTV <\/figcaption><\/figure>","protected":false},"excerpt":{"rendered":"<p>Hrvatska radiotelevizija (HRT) u srijedu, 2. listopada na Prvom programu premijerno prikazuje prvu epizodu dokumentarne serije \u201ePlovopis &#8211; ju\u017eni pu\u010dinski otoci&#8221; poznatog autora Dubravka Merli\u0107a. Serija pred gledatelje dovodi netaknutu prirodu, naslage povijesti i ljudskih sudbina koje su se natalo\u017eile na tim udaljenim komadima kopna opto\u010denima morem, isti\u010du s HTV-a. Dubravko Merli\u0107 i ekipa obi\u0161li [&hellip;]<\/p>\n","protected":false},"author":25,"featured_media":77190,"comment_status":"closed","ping_status":"closed","sticky":false,"template":"","format":"standard","meta":{"limit_modified_date":"","last_modified_date":"","jnews-multi-image_gallery":[],"jnews_single_post":{"format":"standard"},"jnews_primary_category":[],"jnews_override_counter":[],"footnotes":""},"categories":[115],"tags":[14607,14610,1026,14611,14608,14609],"class_list":["post-77188","post","type-post","status-publish","format-standard","has-post-thumbnail","hentry","category-scena","tag-dokumentarna-serija","tag-dubravko-merlic","tag-htv","tag-matej-merlic","tag-plovopis","tag-pucinski-otoci"],"yoast_head":"<!-- This site is optimized with the Yoast SEO Premium plugin v27.4 (Yoast SEO v27.4) - https:\/\/yoast.com\/product\/yoast-seo-premium-wordpress\/ -->\n<title>Dokumentarni serijal Dubravka Merli\u0107a o jadranskim pu\u010dinskim otocima - Gorica Info<\/title>\n<meta name=\"description\" content=\"Dokumentarni serijal Dubravka Merli\u0107a o jadranskim pu\u010dinskim otocima kre\u0107e na HTV-u na Prvom programu u srijedu,2. listopada\" \/>\n<meta name=\"robots\" content=\"index, follow, max-snippet:-1, max-image-preview:large, max-video-preview:-1\" \/>\n<link rel=\"canonical\" href=\"https:\/\/gorica.info\/en\/dokumentarni-serijal-dubravka-merlica-o-jadranskim-pucinskim-otocima\/\" \/>\n<meta property=\"og:locale\" content=\"en_US\" \/>\n<meta property=\"og:type\" content=\"article\" \/>\n<meta property=\"og:title\" content=\"Dokumentarni serijal Dubravka Merli\u0107a o jadranskim pu\u010dinskim otocima\" \/>\n<meta property=\"og:description\" content=\"Dokumentarni serijal Dubravka Merli\u0107a o jadranskim pu\u010dinskim otocima kre\u0107e na HTV-u na Prvom programu u srijedu,2. listopada\" \/>\n<meta property=\"og:url\" content=\"https:\/\/gorica.info\/en\/dokumentarni-serijal-dubravka-merlica-o-jadranskim-pucinskim-otocima\/\" \/>\n<meta property=\"og:site_name\" content=\"Gorica Info\" \/>\n<meta property=\"article:publisher\" content=\"https:\/\/www.facebook.com\/Goricainfo-106005144489262\" \/>\n<meta property=\"article:published_time\" content=\"2024-10-02T12:16:00+00:00\" \/>\n<meta property=\"og:image\" content=\"https:\/\/gorica.info\/wp-content\/uploads\/2024\/10\/Plovopis_EP01_-_Still_2-1.jpg\" \/>\n\t<meta property=\"og:image:width\" content=\"1200\" \/>\n\t<meta property=\"og:image:height\" content=\"675\" \/>\n\t<meta property=\"og:image:type\" content=\"image\/jpeg\" \/>\n<meta name=\"author\" content=\"Marta Horvat\" \/>\n<meta name=\"twitter:card\" content=\"summary_large_image\" \/>\n<meta name=\"twitter:creator\" content=\"@GoricaInfo\" \/>\n<meta name=\"twitter:site\" content=\"@GoricaInfo\" \/>\n<meta name=\"twitter:label1\" content=\"Written by\" \/>\n\t<meta name=\"twitter:data1\" content=\"Marta Horvat\" \/>\n\t<meta name=\"twitter:label2\" content=\"Est. reading time\" \/>\n\t<meta name=\"twitter:data2\" content=\"3 minutes\" \/>\n<meta name=\"geo.placename\" content=\"Velika Gorica\" \/>\n<meta name=\"geo.region\" content=\"Croatia\" \/>\n<!-- \/ Yoast SEO Premium plugin. -->","yoast_head_json":{"title":"Dokumentarni serijal Dubravka Merli\u0107a o jadranskim pu\u010dinskim otocima - Gorica Info","description":"Dokumentarni serijal Dubravka Merli\u0107a o jadranskim pu\u010dinskim otocima kre\u0107e na HTV-u na Prvom programu u srijedu,2. listopada","robots":{"index":"index","follow":"follow","max-snippet":"max-snippet:-1","max-image-preview":"max-image-preview:large","max-video-preview":"max-video-preview:-1"},"canonical":"https:\/\/gorica.info\/en\/dokumentarni-serijal-dubravka-merlica-o-jadranskim-pucinskim-otocima\/","og_locale":"en_US","og_type":"article","og_title":"Dokumentarni serijal Dubravka Merli\u0107a o jadranskim pu\u010dinskim otocima","og_description":"Dokumentarni serijal Dubravka Merli\u0107a o jadranskim pu\u010dinskim otocima kre\u0107e na HTV-u na Prvom programu u srijedu,2. listopada","og_url":"https:\/\/gorica.info\/en\/dokumentarni-serijal-dubravka-merlica-o-jadranskim-pucinskim-otocima\/","og_site_name":"Gorica Info","article_publisher":"https:\/\/www.facebook.com\/Goricainfo-106005144489262","article_published_time":"2024-10-02T12:16:00+00:00","og_image":[{"width":1200,"height":675,"url":"https:\/\/gorica.info\/wp-content\/uploads\/2024\/10\/Plovopis_EP01_-_Still_2-1.jpg","type":"image\/jpeg"}],"author":"Marta Horvat","twitter_card":"summary_large_image","twitter_creator":"@GoricaInfo","twitter_site":"@GoricaInfo","twitter_misc":{"Written by":"Marta Horvat","Est. reading time":"3 minutes"},"schema":{"@context":"https:\/\/schema.org","@graph":[{"@type":"NewsArticle","@id":"https:\/\/gorica.info\/dokumentarni-serijal-dubravka-merlica-o-jadranskim-pucinskim-otocima\/#article","isPartOf":{"@id":"https:\/\/gorica.info\/dokumentarni-serijal-dubravka-merlica-o-jadranskim-pucinskim-otocima\/"},"author":{"name":"Marta Horvat","@id":"https:\/\/gorica.info\/#\/schema\/person\/b2df2f6fb2a9073c0fa5af2672befd52"},"headline":"Dokumentarni serijal Dubravka Merli\u0107a o jadranskim pu\u010dinskim otocima","datePublished":"2024-10-02T12:16:00+00:00","mainEntityOfPage":{"@id":"https:\/\/gorica.info\/dokumentarni-serijal-dubravka-merlica-o-jadranskim-pucinskim-otocima\/"},"wordCount":316,"publisher":{"@id":"https:\/\/gorica.info\/#organization"},"image":{"@id":"https:\/\/gorica.info\/dokumentarni-serijal-dubravka-merlica-o-jadranskim-pucinskim-otocima\/#primaryimage"},"thumbnailUrl":"https:\/\/gorica.info\/wp-content\/uploads\/2024\/10\/Plovopis_EP01_-_Still_2-1.jpg","keywords":["dokumentarna serija","dubravko merli\u0107","htv","matej merli\u0107","plovopis","pu\u010dinski otoci"],"articleSection":["SCENA"],"inLanguage":"en-US","copyrightYear":"2024","copyrightHolder":{"@id":"https:\/\/gorica.info\/en\/#organization"}},{"@type":"WebPage","@id":"https:\/\/gorica.info\/dokumentarni-serijal-dubravka-merlica-o-jadranskim-pucinskim-otocima\/","url":"https:\/\/gorica.info\/dokumentarni-serijal-dubravka-merlica-o-jadranskim-pucinskim-otocima\/","name":"Dokumentarni serijal Dubravka Merli\u0107a o jadranskim pu\u010dinskim otocima - Gorica Info","isPartOf":{"@id":"https:\/\/gorica.info\/#website"},"primaryImageOfPage":{"@id":"https:\/\/gorica.info\/dokumentarni-serijal-dubravka-merlica-o-jadranskim-pucinskim-otocima\/#primaryimage"},"image":{"@id":"https:\/\/gorica.info\/dokumentarni-serijal-dubravka-merlica-o-jadranskim-pucinskim-otocima\/#primaryimage"},"thumbnailUrl":"https:\/\/gorica.info\/wp-content\/uploads\/2024\/10\/Plovopis_EP01_-_Still_2-1.jpg","datePublished":"2024-10-02T12:16:00+00:00","description":"Dokumentarni serijal Dubravka Merli\u0107a o jadranskim pu\u010dinskim otocima kre\u0107e na HTV-u na Prvom programu u srijedu,2. listopada","breadcrumb":{"@id":"https:\/\/gorica.info\/dokumentarni-serijal-dubravka-merlica-o-jadranskim-pucinskim-otocima\/#breadcrumb"},"inLanguage":"en-US","potentialAction":[{"@type":"ReadAction","target":["https:\/\/gorica.info\/dokumentarni-serijal-dubravka-merlica-o-jadranskim-pucinskim-otocima\/"]}]},{"@type":"ImageObject","inLanguage":"en-US","@id":"https:\/\/gorica.info\/dokumentarni-serijal-dubravka-merlica-o-jadranskim-pucinskim-otocima\/#primaryimage","url":"https:\/\/gorica.info\/wp-content\/uploads\/2024\/10\/Plovopis_EP01_-_Still_2-1.jpg","contentUrl":"https:\/\/gorica.info\/wp-content\/uploads\/2024\/10\/Plovopis_EP01_-_Still_2-1.jpg","width":1100,"height":619,"caption":"Foto: Promo \/ HTV"},{"@type":"BreadcrumbList","@id":"https:\/\/gorica.info\/dokumentarni-serijal-dubravka-merlica-o-jadranskim-pucinskim-otocima\/#breadcrumb","itemListElement":[{"@type":"ListItem","position":1,"name":"Po\u010detna stranica","item":"https:\/\/gorica.info\/"},{"@type":"ListItem","position":2,"name":"Dokumentarni serijal Dubravka Merli\u0107a o jadranskim pu\u010dinskim otocima"}]},{"@type":"WebSite","@id":"https:\/\/gorica.info\/#website","url":"https:\/\/gorica.info\/","name":"Gorica Info","description":"Vijesti iz Velike Gorice i okolice.","publisher":{"@id":"https:\/\/gorica.info\/#organization"},"potentialAction":[{"@type":"SearchAction","target":{"@type":"EntryPoint","urlTemplate":"https:\/\/gorica.info\/?s={search_term_string}"},"query-input":{"@type":"PropertyValueSpecification","valueRequired":true,"valueName":"search_term_string"}}],"inLanguage":"en-US"},{"@type":["Organization","Place","NewsMediaOrganization"],"@id":"https:\/\/gorica.info\/#organization","name":"Gorica Info","url":"https:\/\/gorica.info\/","logo":{"@id":"https:\/\/gorica.info\/dokumentarni-serijal-dubravka-merlica-o-jadranskim-pucinskim-otocima\/#local-main-organization-logo"},"image":{"@id":"https:\/\/gorica.info\/dokumentarni-serijal-dubravka-merlica-o-jadranskim-pucinskim-otocima\/#local-main-organization-logo"},"sameAs":["https:\/\/www.facebook.com\/Goricainfo-106005144489262","https:\/\/x.com\/GoricaInfo","https:\/\/www.instagram.com\/gorica.info\/"],"address":{"@id":"https:\/\/gorica.info\/dokumentarni-serijal-dubravka-merlica-o-jadranskim-pucinskim-otocima\/#local-main-place-address"},"telephone":[],"openingHoursSpecification":[{"@type":"OpeningHoursSpecification","dayOfWeek":["Monday","Tuesday","Wednesday","Thursday","Friday","Saturday","Sunday"],"opens":"09:00","closes":"17:00"}],"email":"redakcija@gorica.info"},{"@type":"Person","@id":"https:\/\/gorica.info\/#\/schema\/person\/b2df2f6fb2a9073c0fa5af2672befd52","name":"Marta Horvat","description":"Marta Horvat je studentica koja redovito pi\u0161e za portal, prati sva gradska doga\u0111anja i u\u017eiva isprobavati nove recept koje dijeli s na\u0161im \u010ditateljima.","url":"https:\/\/gorica.info\/en\/author\/marta-horvat\/"},{"@type":"PostalAddress","@id":"https:\/\/gorica.info\/dokumentarni-serijal-dubravka-merlica-o-jadranskim-pucinskim-otocima\/#local-main-place-address","streetAddress":"Horvatova 97","addressLocality":"Velika Gorica","postalCode":"10410","addressRegion":"Croatia","addressCountry":"HR"},{"@type":"ImageObject","inLanguage":"en-US","@id":"https:\/\/gorica.info\/dokumentarni-serijal-dubravka-merlica-o-jadranskim-pucinskim-otocima\/#local-main-organization-logo","url":"https:\/\/gorica.info\/wp-content\/uploads\/2024\/07\/Gorica-Info-Logo-mali.png","contentUrl":"https:\/\/gorica.info\/wp-content\/uploads\/2024\/07\/Gorica-Info-Logo-mali.png","width":450,"height":85,"caption":"Gorica Info"}]},"geo.placename":"Velika Gorica","geo.region":"Croatia"},"_links":{"self":[{"href":"https:\/\/gorica.info\/en\/wp-json\/wp\/v2\/posts\/77188","targetHints":{"allow":["GET"]}}],"collection":[{"href":"https:\/\/gorica.info\/en\/wp-json\/wp\/v2\/posts"}],"about":[{"href":"https:\/\/gorica.info\/en\/wp-json\/wp\/v2\/types\/post"}],"author":[{"embeddable":true,"href":"https:\/\/gorica.info\/en\/wp-json\/wp\/v2\/users\/25"}],"replies":[{"embeddable":true,"href":"https:\/\/gorica.info\/en\/wp-json\/wp\/v2\/comments?post=77188"}],"version-history":[{"count":1,"href":"https:\/\/gorica.info\/en\/wp-json\/wp\/v2\/posts\/77188\/revisions"}],"predecessor-version":[{"id":77192,"href":"https:\/\/gorica.info\/en\/wp-json\/wp\/v2\/posts\/77188\/revisions\/77192"}],"wp:featuredmedia":[{"embeddable":true,"href":"https:\/\/gorica.info\/en\/wp-json\/wp\/v2\/media\/77190"}],"wp:attachment":[{"href":"https:\/\/gorica.info\/en\/wp-json\/wp\/v2\/media?parent=77188"}],"wp:term":[{"taxonomy":"category","embeddable":true,"href":"https:\/\/gorica.info\/en\/wp-json\/wp\/v2\/categories?post=77188"},{"taxonomy":"post_tag","embeddable":true,"href":"https:\/\/gorica.info\/en\/wp-json\/wp\/v2\/tags?post=77188"}],"curies":[{"name":"wp","href":"https:\/\/api.w.org\/{rel}","templated":true}]}}