{"id":77677,"date":"2024-10-14T13:25:00","date_gmt":"2024-10-14T11:25:00","guid":{"rendered":"https:\/\/gorica.info\/?p=77677"},"modified":"2024-11-12T18:38:23","modified_gmt":"2024-11-12T17:38:23","slug":"povodom-medunarodnog-dana-bijelog-stapa-predstave-koncert-i-predavanje","status":"publish","type":"post","link":"https:\/\/gorica.info\/en\/povodom-medunarodnog-dana-bijelog-stapa-predstave-koncert-i-predavanje\/","title":{"rendered":"Povodom Me\u0111unarodnog dana bijelog \u0161tapa: Predstave, koncert i predavanje"},"content":{"rendered":"<p class=\"has-medium-font-size\"><strong>Me\u0111unarodni dan bijelog \u0161tapa <\/strong>obilje\u017eava se 15. listopada, a tome se redovito pridru\u017euje i <a href=\"https:\/\/www.pouvg.hr\/vijesti\/obiljezavanje-dana-bijelog-stapa\/\">Pu\u010dko otvoreno u\u010dili\u0161te Velika Gorica.<\/a><\/p>\n\n\n\n<p class=\"has-medium-font-size\">Ove godine U\u010dili\u0161te \u0107e Me\u0111unarodni dan bijelog \u0161tapa obilje\u017eiti <strong>od 14. do 17. listopada<\/strong>. U ponedjeljak, <strong>14. listopada<\/strong> u 19:30 sati, sti\u017ee<strong> Kazali\u0161te slijepih i slabovidnih \u201eNovi \u017eivot\u201c<\/strong> koje na pozornicu Dvorane Gorica dolazi s predstavom <strong>\u201eVarijacije\u201c<\/strong>.<\/p>\n\n\n\n<p class=\"has-medium-font-size\">Inspirirana slavnim \u201eStilskim vje\u017ebama\u201c na duhovit na\u010din prikazuje jedan neobi\u010dan susret osobe s albinizmom i mladog trepera u tramvaju broj \u010detrnaest, predstava je organizirana za <strong>velikogori\u010dke srednjo\u0161kolce<\/strong>.<\/p>\n\n\n\n<figure class=\"wp-block-image size-full\"><img fetchpriority=\"high\" decoding=\"async\" width=\"565\" height=\"800\" src=\"https:\/\/gorica.info\/wp-content\/uploads\/2024\/10\/dan-bijelog-stapa.jpg\" alt=\"bijelog \u0161tapa\" class=\"wp-image-77684\" srcset=\"https:\/\/gorica.info\/wp-content\/uploads\/2024\/10\/dan-bijelog-stapa.jpg 565w, https:\/\/gorica.info\/wp-content\/uploads\/2024\/10\/dan-bijelog-stapa-212x300.jpg 212w, https:\/\/gorica.info\/wp-content\/uploads\/2024\/10\/dan-bijelog-stapa-8x12.jpg 8w\" sizes=\"(max-width: 565px) 100vw, 565px\" \/><\/figure>\n\n\n\n<p class=\"has-medium-font-size\"><strong>U utorak, 15. listopada<\/strong>, u 17 sati, u Gradskoj vije\u0107nici POUVG-a putopisnim predavanjem<strong> \u201e\u017divot je lijep i kad si slijep\u201c<\/strong>, predstavit \u0107e se svestrani planinar <strong>Feru\u010do Lazari\u0107 <\/strong>iz Sentvi\u010denta koji nikako nije \u017eelio da mu sljepo\u0107a bude prepreka za sadr\u017eajan, aktivan i zanimljiv \u017eivot.\u00a0Osim planinarenju, posvetio se jahanju, vo\u017enji tandem-bicikla, skijanju, tr\u010danju, pjevanju, sviranju gitare i plesu.<\/p>\n\n\n\n<p class=\"has-medium-font-size\">Svoj obol Danu slijepih i slabovidnih dala je i Scena Gorica s predstavom<a href=\"https:\/\/gorica.info\/en\/scena-gorica-priprema-novu-predstavu-zene-na-rubu-bezvremenska-prica-o-potrazi-za-ljubavlju\/\"> \u201e\u017dene na rubu\u201c<\/a> u re\u017eiji <strong>Maria Kova\u010da<\/strong>. Crnohumorno i kirur\u0161ki precizno secira nezahvalnu poziciju \u017eene u suvremenom dru\u0161tvu, a na repertoaru je <strong>u srijedu, 16. listopada<\/strong> u 20 sati. <\/p>\n\n\n\n<p class=\"has-medium-font-size\">Tijekom izvedbe bit \u0107e osigurana naracija audiodeskripcije u\u017eivo kao pomo\u0107 i podr\u0161ka slijepim i slabovidnim osobama.<\/p>\n\n\n\n<figure class=\"wp-block-image size-full\"><img decoding=\"async\" width=\"566\" height=\"800\" src=\"https:\/\/gorica.info\/wp-content\/uploads\/2024\/10\/A3-plakat-Zene-na-rubu_2024.jpg\" alt=\"bijelog \u0161tapa\" class=\"wp-image-77683\" srcset=\"https:\/\/gorica.info\/wp-content\/uploads\/2024\/10\/A3-plakat-Zene-na-rubu_2024.jpg 566w, https:\/\/gorica.info\/wp-content\/uploads\/2024\/10\/A3-plakat-Zene-na-rubu_2024-212x300.jpg 212w, https:\/\/gorica.info\/wp-content\/uploads\/2024\/10\/A3-plakat-Zene-na-rubu_2024-8x12.jpg 8w\" sizes=\"(max-width: 566px) 100vw, 566px\" \/><\/figure>\n\n\n\n<p class=\"has-medium-font-size\"><strong>Koncertom<\/strong> pod nazivom <strong>\u201eProgledaj kroz glazbu\u201c<\/strong> zavr\u0161ava program povodom Me\u0111unarodnog dana bijelog \u0161tapa. Nastupit \u0107e pijanist <strong>Darko \u017duk<\/strong>. Iako je pro\u0161ao put od \u0161kole za slijepu djecu do diplome na Muzi\u010dkoj akademiji suvi\u0161no je u njegovoj biografiji spominjati petpostotni vid jer njegovo je sviranje u prvom redu glazbeni\u010dko i umjetni\u010dko \u010dudo.<\/p>\n\n\n\n<p class=\"has-medium-font-size\">Koncert ovog osebujnog pijanista bit \u0107e <strong>17. listopada<\/strong> u Vije\u0107nici POUVG-a, s po\u010detkom u 19 sati. Zahvalan svom \u017eivotnom i vjernom prijatelju: instrumentu s kojim posti\u017ee i ono \u0161to ve\u0107ina smatra nemogu\u0107om misijom prof. Darko \u017duk odu\u0161evit \u0107e vas zasigurno svojom tehnikom iz koje izvire radost kada se njegovi prsti rastr\u010davaju po \u010ditavoj klavijaturi u suludo te\u0161kim pasa\u017eama. Ulaz je besplatan.<\/p>","protected":false},"excerpt":{"rendered":"<p>Me\u0111unarodni dan bijelog \u0161tapa obilje\u017eava se 15. listopada, a tome se redovito pridru\u017euje i Pu\u010dko otvoreno u\u010dili\u0161te Velika Gorica. Ove godine U\u010dili\u0161te \u0107e Me\u0111unarodni dan bijelog \u0161tapa obilje\u017eiti od 14. do 17. listopada. U ponedjeljak, 14. listopada u 19:30 sati, sti\u017ee Kazali\u0161te slijepih i slabovidnih \u201eNovi \u017eivot\u201c koje na pozornicu Dvorane Gorica dolazi s predstavom [&hellip;]<\/p>\n","protected":false},"author":25,"featured_media":77685,"comment_status":"closed","ping_status":"closed","sticky":false,"template":"","format":"standard","meta":{"limit_modified_date":"","last_modified_date":"","jnews-multi-image_gallery":[],"jnews_single_post":{"format":"standard"},"jnews_primary_category":[],"jnews_override_counter":[],"footnotes":""},"categories":[87],"tags":[14773,14774,1308,14772,2142,3199,122,15549,15551,15550,11728],"class_list":["post-77677","post","type-post","status-publish","format-standard","has-post-thumbnail","hentry","category-gorica","tag-darko-zuk","tag-feruco-lazaric","tag-koncert","tag-medunarodni-dan-bijelog-stapa","tag-pou-vg","tag-predstava","tag-velika-gorica","tag-velika-gorica-danas","tag-velika-gorica-vijesti","tag-vijesti-vg","tag-zene-na-rubu"],"yoast_head":"<!-- This site is optimized with the Yoast SEO Premium plugin v27.4 (Yoast SEO v27.4) - https:\/\/yoast.com\/product\/yoast-seo-premium-wordpress\/ -->\n<title>Povodom Me\u0111unarodnog dana bijelog \u0161tapa: Predstave, koncert i predavanje - Gorica Info<\/title>\n<meta name=\"description\" content=\"Povodom Me\u0111unarodnog dana bijelog \u0161tapa: Predstave, koncert i predavanje u Pu\u010dkom otvorenom u\u010dili\u0161tu od 14. do 17. listopada.\" \/>\n<meta name=\"robots\" content=\"index, follow, max-snippet:-1, max-image-preview:large, max-video-preview:-1\" \/>\n<link rel=\"canonical\" href=\"https:\/\/gorica.info\/en\/povodom-medunarodnog-dana-bijelog-stapa-predstave-koncert-i-predavanje\/\" \/>\n<meta property=\"og:locale\" content=\"en_US\" \/>\n<meta property=\"og:type\" content=\"article\" \/>\n<meta property=\"og:title\" content=\"Povodom Me\u0111unarodnog dana bijelog \u0161tapa: Predstave, koncert i predavanje\" \/>\n<meta property=\"og:description\" content=\"Povodom Me\u0111unarodnog dana bijelog \u0161tapa: Predstave, koncert i predavanje u Pu\u010dkom otvorenom u\u010dili\u0161tu od 14. do 17. listopada.\" \/>\n<meta property=\"og:url\" content=\"https:\/\/gorica.info\/en\/povodom-medunarodnog-dana-bijelog-stapa-predstave-koncert-i-predavanje\/\" \/>\n<meta property=\"og:site_name\" content=\"Gorica Info\" \/>\n<meta property=\"article:publisher\" content=\"https:\/\/www.facebook.com\/Goricainfo-106005144489262\" \/>\n<meta property=\"article:published_time\" content=\"2024-10-14T11:25:00+00:00\" \/>\n<meta property=\"article:modified_time\" content=\"2024-11-12T17:38:23+00:00\" \/>\n<meta property=\"og:image\" content=\"https:\/\/gorica.info\/wp-content\/uploads\/2024\/10\/Medunarodni-dan-bijelog-stapa.png\" \/>\n\t<meta property=\"og:image:width\" content=\"566\" \/>\n\t<meta property=\"og:image:height\" content=\"800\" \/>\n\t<meta property=\"og:image:type\" content=\"image\/png\" \/>\n<meta name=\"author\" content=\"Marta Horvat\" \/>\n<meta name=\"twitter:card\" content=\"summary_large_image\" \/>\n<meta name=\"twitter:creator\" content=\"@GoricaInfo\" \/>\n<meta name=\"twitter:site\" content=\"@GoricaInfo\" \/>\n<meta name=\"twitter:label1\" content=\"Written by\" \/>\n\t<meta name=\"twitter:data1\" content=\"Marta Horvat\" \/>\n\t<meta name=\"twitter:label2\" content=\"Est. reading time\" \/>\n\t<meta name=\"twitter:data2\" content=\"3 minutes\" \/>\n<meta name=\"geo.placename\" content=\"Velika Gorica\" \/>\n<meta name=\"geo.region\" content=\"Croatia\" \/>\n<!-- \/ Yoast SEO Premium plugin. -->","yoast_head_json":{"title":"Povodom Me\u0111unarodnog dana bijelog \u0161tapa: Predstave, koncert i predavanje - Gorica Info","description":"Povodom Me\u0111unarodnog dana bijelog \u0161tapa: Predstave, koncert i predavanje u Pu\u010dkom otvorenom u\u010dili\u0161tu od 14. do 17. listopada.","robots":{"index":"index","follow":"follow","max-snippet":"max-snippet:-1","max-image-preview":"max-image-preview:large","max-video-preview":"max-video-preview:-1"},"canonical":"https:\/\/gorica.info\/en\/povodom-medunarodnog-dana-bijelog-stapa-predstave-koncert-i-predavanje\/","og_locale":"en_US","og_type":"article","og_title":"Povodom Me\u0111unarodnog dana bijelog \u0161tapa: Predstave, koncert i predavanje","og_description":"Povodom Me\u0111unarodnog dana bijelog \u0161tapa: Predstave, koncert i predavanje u Pu\u010dkom otvorenom u\u010dili\u0161tu od 14. do 17. listopada.","og_url":"https:\/\/gorica.info\/en\/povodom-medunarodnog-dana-bijelog-stapa-predstave-koncert-i-predavanje\/","og_site_name":"Gorica Info","article_publisher":"https:\/\/www.facebook.com\/Goricainfo-106005144489262","article_published_time":"2024-10-14T11:25:00+00:00","article_modified_time":"2024-11-12T17:38:23+00:00","og_image":[{"width":566,"height":800,"url":"https:\/\/gorica.info\/wp-content\/uploads\/2024\/10\/Medunarodni-dan-bijelog-stapa.png","type":"image\/png"}],"author":"Marta Horvat","twitter_card":"summary_large_image","twitter_creator":"@GoricaInfo","twitter_site":"@GoricaInfo","twitter_misc":{"Written by":"Marta Horvat","Est. reading time":"3 minutes"},"schema":{"@context":"https:\/\/schema.org","@graph":[{"@type":"NewsArticle","@id":"https:\/\/gorica.info\/povodom-medunarodnog-dana-bijelog-stapa-predstave-koncert-i-predavanje\/#article","isPartOf":{"@id":"https:\/\/gorica.info\/povodom-medunarodnog-dana-bijelog-stapa-predstave-koncert-i-predavanje\/"},"author":{"name":"Marta Horvat","@id":"https:\/\/gorica.info\/#\/schema\/person\/b2df2f6fb2a9073c0fa5af2672befd52"},"headline":"Povodom Me\u0111unarodnog dana bijelog \u0161tapa: Predstave, koncert i predavanje","datePublished":"2024-10-14T11:25:00+00:00","dateModified":"2024-11-12T17:38:23+00:00","mainEntityOfPage":{"@id":"https:\/\/gorica.info\/povodom-medunarodnog-dana-bijelog-stapa-predstave-koncert-i-predavanje\/"},"wordCount":356,"publisher":{"@id":"https:\/\/gorica.info\/#organization"},"image":{"@id":"https:\/\/gorica.info\/povodom-medunarodnog-dana-bijelog-stapa-predstave-koncert-i-predavanje\/#primaryimage"},"thumbnailUrl":"https:\/\/gorica.info\/wp-content\/uploads\/2024\/10\/Medunarodni-dan-bijelog-stapa.png","keywords":["darko \u017euk","feru\u010do lazari\u0107","koncert","me\u0111unarodni dan bijelog \u0161tapa","pou vg","predstava","Velika Gorica","velika gorica danas","velika gorica vijesti","vijesti vg","\u017eene na rubu"],"articleSection":["GORICA"],"inLanguage":"en-US","copyrightYear":"2024","copyrightHolder":{"@id":"https:\/\/gorica.info\/en\/#organization"}},{"@type":"WebPage","@id":"https:\/\/gorica.info\/povodom-medunarodnog-dana-bijelog-stapa-predstave-koncert-i-predavanje\/","url":"https:\/\/gorica.info\/povodom-medunarodnog-dana-bijelog-stapa-predstave-koncert-i-predavanje\/","name":"Povodom Me\u0111unarodnog dana bijelog \u0161tapa: Predstave, koncert i predavanje - Gorica Info","isPartOf":{"@id":"https:\/\/gorica.info\/#website"},"primaryImageOfPage":{"@id":"https:\/\/gorica.info\/povodom-medunarodnog-dana-bijelog-stapa-predstave-koncert-i-predavanje\/#primaryimage"},"image":{"@id":"https:\/\/gorica.info\/povodom-medunarodnog-dana-bijelog-stapa-predstave-koncert-i-predavanje\/#primaryimage"},"thumbnailUrl":"https:\/\/gorica.info\/wp-content\/uploads\/2024\/10\/Medunarodni-dan-bijelog-stapa.png","datePublished":"2024-10-14T11:25:00+00:00","dateModified":"2024-11-12T17:38:23+00:00","description":"Povodom Me\u0111unarodnog dana bijelog \u0161tapa: Predstave, koncert i predavanje u Pu\u010dkom otvorenom u\u010dili\u0161tu od 14. do 17. listopada.","breadcrumb":{"@id":"https:\/\/gorica.info\/povodom-medunarodnog-dana-bijelog-stapa-predstave-koncert-i-predavanje\/#breadcrumb"},"inLanguage":"en-US","potentialAction":[{"@type":"ReadAction","target":["https:\/\/gorica.info\/povodom-medunarodnog-dana-bijelog-stapa-predstave-koncert-i-predavanje\/"]}]},{"@type":"ImageObject","inLanguage":"en-US","@id":"https:\/\/gorica.info\/povodom-medunarodnog-dana-bijelog-stapa-predstave-koncert-i-predavanje\/#primaryimage","url":"https:\/\/gorica.info\/wp-content\/uploads\/2024\/10\/Medunarodni-dan-bijelog-stapa.png","contentUrl":"https:\/\/gorica.info\/wp-content\/uploads\/2024\/10\/Medunarodni-dan-bijelog-stapa.png","width":566,"height":800,"caption":"Foto: POU VG"},{"@type":"BreadcrumbList","@id":"https:\/\/gorica.info\/povodom-medunarodnog-dana-bijelog-stapa-predstave-koncert-i-predavanje\/#breadcrumb","itemListElement":[{"@type":"ListItem","position":1,"name":"Po\u010detna stranica","item":"https:\/\/gorica.info\/"},{"@type":"ListItem","position":2,"name":"Povodom Me\u0111unarodnog dana bijelog \u0161tapa: Predstave, koncert i predavanje"}]},{"@type":"WebSite","@id":"https:\/\/gorica.info\/#website","url":"https:\/\/gorica.info\/","name":"Gorica Info","description":"Vijesti iz Velike Gorice i okolice.","publisher":{"@id":"https:\/\/gorica.info\/#organization"},"potentialAction":[{"@type":"SearchAction","target":{"@type":"EntryPoint","urlTemplate":"https:\/\/gorica.info\/?s={search_term_string}"},"query-input":{"@type":"PropertyValueSpecification","valueRequired":true,"valueName":"search_term_string"}}],"inLanguage":"en-US"},{"@type":["Organization","Place","NewsMediaOrganization"],"@id":"https:\/\/gorica.info\/#organization","name":"Gorica Info","url":"https:\/\/gorica.info\/","logo":{"@id":"https:\/\/gorica.info\/povodom-medunarodnog-dana-bijelog-stapa-predstave-koncert-i-predavanje\/#local-main-organization-logo"},"image":{"@id":"https:\/\/gorica.info\/povodom-medunarodnog-dana-bijelog-stapa-predstave-koncert-i-predavanje\/#local-main-organization-logo"},"sameAs":["https:\/\/www.facebook.com\/Goricainfo-106005144489262","https:\/\/x.com\/GoricaInfo","https:\/\/www.instagram.com\/gorica.info\/"],"address":{"@id":"https:\/\/gorica.info\/povodom-medunarodnog-dana-bijelog-stapa-predstave-koncert-i-predavanje\/#local-main-place-address"},"telephone":[],"openingHoursSpecification":[{"@type":"OpeningHoursSpecification","dayOfWeek":["Monday","Tuesday","Wednesday","Thursday","Friday","Saturday","Sunday"],"opens":"09:00","closes":"17:00"}],"email":"redakcija@gorica.info"},{"@type":"Person","@id":"https:\/\/gorica.info\/#\/schema\/person\/b2df2f6fb2a9073c0fa5af2672befd52","name":"Marta Horvat","description":"Marta Horvat je studentica koja redovito pi\u0161e za portal, prati sva gradska doga\u0111anja i u\u017eiva isprobavati nove recept koje dijeli s na\u0161im \u010ditateljima.","url":"https:\/\/gorica.info\/en\/author\/marta-horvat\/"},{"@type":"PostalAddress","@id":"https:\/\/gorica.info\/povodom-medunarodnog-dana-bijelog-stapa-predstave-koncert-i-predavanje\/#local-main-place-address","streetAddress":"Horvatova 97","addressLocality":"Velika Gorica","postalCode":"10410","addressRegion":"Croatia","addressCountry":"HR"},{"@type":"ImageObject","inLanguage":"en-US","@id":"https:\/\/gorica.info\/povodom-medunarodnog-dana-bijelog-stapa-predstave-koncert-i-predavanje\/#local-main-organization-logo","url":"https:\/\/gorica.info\/wp-content\/uploads\/2024\/07\/Gorica-Info-Logo-mali.png","contentUrl":"https:\/\/gorica.info\/wp-content\/uploads\/2024\/07\/Gorica-Info-Logo-mali.png","width":450,"height":85,"caption":"Gorica Info"}]},"geo.placename":"Velika Gorica","geo.region":"Croatia"},"_links":{"self":[{"href":"https:\/\/gorica.info\/en\/wp-json\/wp\/v2\/posts\/77677","targetHints":{"allow":["GET"]}}],"collection":[{"href":"https:\/\/gorica.info\/en\/wp-json\/wp\/v2\/posts"}],"about":[{"href":"https:\/\/gorica.info\/en\/wp-json\/wp\/v2\/types\/post"}],"author":[{"embeddable":true,"href":"https:\/\/gorica.info\/en\/wp-json\/wp\/v2\/users\/25"}],"replies":[{"embeddable":true,"href":"https:\/\/gorica.info\/en\/wp-json\/wp\/v2\/comments?post=77677"}],"version-history":[{"count":3,"href":"https:\/\/gorica.info\/en\/wp-json\/wp\/v2\/posts\/77677\/revisions"}],"predecessor-version":[{"id":77687,"href":"https:\/\/gorica.info\/en\/wp-json\/wp\/v2\/posts\/77677\/revisions\/77687"}],"wp:featuredmedia":[{"embeddable":true,"href":"https:\/\/gorica.info\/en\/wp-json\/wp\/v2\/media\/77685"}],"wp:attachment":[{"href":"https:\/\/gorica.info\/en\/wp-json\/wp\/v2\/media?parent=77677"}],"wp:term":[{"taxonomy":"category","embeddable":true,"href":"https:\/\/gorica.info\/en\/wp-json\/wp\/v2\/categories?post=77677"},{"taxonomy":"post_tag","embeddable":true,"href":"https:\/\/gorica.info\/en\/wp-json\/wp\/v2\/tags?post=77677"}],"curies":[{"name":"wp","href":"https:\/\/api.w.org\/{rel}","templated":true}]}}