{"id":78052,"date":"2024-10-16T11:31:00","date_gmt":"2024-10-16T09:31:00","guid":{"rendered":"https:\/\/gorica.info\/?p=78052"},"modified":"2024-11-12T18:36:52","modified_gmt":"2024-11-12T17:36:52","slug":"najbolje-goricke-uciteljice-prigodno-je-nagradio-gradonacelnik-kresimir-ackar","status":"publish","type":"post","link":"https:\/\/gorica.info\/en\/najbolje-goricke-uciteljice-prigodno-je-nagradio-gradonacelnik-kresimir-ackar\/","title":{"rendered":"Najbolje gori\u010dke u\u010diteljice prigodno je nagradio gradona\u010delnik Kre\u0161imir A\u010dkar"},"content":{"rendered":"<p class=\"has-medium-font-size\"><strong>Najbolje gori\u010dke u\u010diteljice<\/strong> primio je i prigodno nagradio gradona\u010delnik Kre\u0161imir A\u010dkar. Me\u0111u 513 nagra\u0111enih u\u010diteljica i profesora iz cijele Hrvatske, koji su dobili nagradu <a href=\"https:\/\/gorica.info\/en\/medju-513-nagradenih-nastavnika-osam-je-s-velikogorckog-podrucja\/\">Ministarstva znanosti i obrazovanja<\/a>, njih osam je s gori\u010dkog podru\u010dja.<\/p>\n\n\n\n<p class=\"has-medium-font-size\">To su<strong> Valentina Japec<\/strong> i<strong> Vesna Stipi\u0107<\/strong> iz Osnovne \u0161kole Nikole Hribara, <strong>Dalia Kager<\/strong> iz O\u0160 \u00a0Eugena Kvaternika, <strong>Kristina Lu\u010di\u0107 <\/strong>iz Gimnazije Velika Gorica, <strong>Karmela Boc<\/strong> i <strong>Tihana Strmo<\/strong> iz Zrakoplovno tehni\u010dke \u0161kola Rudolfa Pere\u0161ina, <strong><a href=\"https:\/\/gorica.info\/en\/uciteljica-renata-kolarec-vec-35-godina-radi-u-os-s-kolara-u-kravarskom-otvoreno-o-roditeljima-djeci-i-izazovu-profesije-koju-se-sve-manje-cijeni\/\">Renata Kolarec <\/a><\/strong>te <strong>Anastazija Komljenovi\u0107<\/strong> iz O\u0160 Slavka Kolara iz Kravarskog. \u00a0<\/p>\n\n\n\n<figure class=\"wp-block-image size-large\"><img fetchpriority=\"high\" decoding=\"async\" width=\"1024\" height=\"768\" src=\"https:\/\/gorica.info\/wp-content\/uploads\/2024\/10\/vesna-stipic-1024x768.jpg\" alt=\"\" class=\"wp-image-78053\" srcset=\"https:\/\/gorica.info\/wp-content\/uploads\/2024\/10\/vesna-stipic-1024x768.jpg 1024w, https:\/\/gorica.info\/wp-content\/uploads\/2024\/10\/vesna-stipic-300x225.jpg 300w, https:\/\/gorica.info\/wp-content\/uploads\/2024\/10\/vesna-stipic-768x576.jpg 768w, https:\/\/gorica.info\/wp-content\/uploads\/2024\/10\/vesna-stipic-16x12.jpg 16w, https:\/\/gorica.info\/wp-content\/uploads\/2024\/10\/vesna-stipic-750x562.jpg 750w, https:\/\/gorica.info\/wp-content\/uploads\/2024\/10\/vesna-stipic.jpg 1067w\" sizes=\"(max-width: 1024px) 100vw, 1024px\" \/><\/figure>\n\n\n\n<h2 class=\"wp-block-heading\">&#8220;Posao u\u010ditelja je poziv&#8221;<\/h2>\n\n\n\n<p class=\"has-medium-font-size\">Gradona\u010delnik A\u010dkar istaknuo je va\u017enost obrazovanja u kojeg se ula\u017ee tre\u0107ina gori\u010dkog prora\u010duna.<\/p>\n\n\n\n<p class=\"has-medium-font-size\">&#8211; Uvijek se odli\u010dno osje\u0107am me\u0111u vama jer me podsje\u0107ate na ona vremena kada sam kao profesor radio u osnovnoj i srednjoj \u0161koli. Posao u\u010ditelja i profesora je izuzetno zahtjevan, rad s novim generacijama je sve izazovniji. Taj posao se ne mo\u017ee se raditi ako nije poziv \u2013 istaknuo je <a href=\"http:\/\/www.gorica.hr\/\">gradona\u010delnik<\/a>.<\/p>\n\n\n\n<p class=\"has-medium-font-size\">&#8211; Samo vi i va\u0161a obitelj mo\u017eete znati koliko energije treba za obavljanje u\u010diteljskog posla jer nakon cjelodnevnog rada znam da ponekad budete emocionalno iscrpljene za svoju obitelj, za svoga mu\u017ea i djecu. Onaj tko nije proveo nekoliko dana u u\u010dionici i predao se radu u obrazovnom sustavu te\u0161ko to mo\u017ee razumjeti &#8211; kazao je gradona\u010delnik. <\/p>\n\n\n\n<p class=\"has-medium-font-size\">Zahvalio je u\u010diteljicama na njihovom predanom radu uz poruku da su ponos Velike Gorice. <\/p>\n\n\n\n<p class=\"has-medium-font-size\">&#8211; Uzalud sav ulo\u017een novac kada vi ne biste toliko sr\u010dano radile svoj posao, brinule o budu\u0107nosti na\u0161ega grada. Ne odgajate samo um, odgajate i srce. Veliki Aristotel je rekao da odgoj samoga uma bez odgoja srca se uop\u0107e ne mo\u017ee nazvati odgojem. Odra\u0111ujete odli\u010dan posao koji je va\u0161 poziv za budu\u0107nost svih generacija koji \u0107e preuzeti brigu o vo\u0111enju ovoga grada, na\u0161ega dru\u0161tva i molim vas ostanite ovakvi kakvi jeste jer ne mo\u017ee se svatko pohvaliti da ima toliko dobrih i kvalitetnih kadrova koji su prepoznati i na nacionalnoj razini \u2013 rekao je gradona\u010delnik A\u010dkar.<\/p>\n\n\n\n<p class=\"has-medium-font-size\">Poru\u010dio je da se u\u010diteljem mo\u017ee zvati samo onaj koji komplicirano zna prezentirati na jednostavan na\u010din.<\/p>\n\n\n\n<h2 class=\"wp-block-heading\">&#8220;Uvijek se divim u\u010diteljima&#8221;<\/h2>\n\n\n\n<p class=\"has-medium-font-size\">Potpredsjednik Hrvatskog sabora akademik<strong> \u017deljko Reiner<\/strong> uru\u010dio je priznanja gori\u010dkim u\u010diteljicama<\/p>\n\n\n\n<p class=\"has-medium-font-size\">&#8211; Biti najbolji u jakoj konkurenciji nije nimalo lako. Zato mi je velika mi je \u010dast biti ovdje s vama i sudjelovati u dodjeli ovih skromnih priznanja za va\u0161 veliki trud i uspjeh. Vi ste najbolji zbog po\u017ertvovni i \u0161to ste svoj \u017eivot posvetili odgoju djece, a to je jako va\u017ean zadatak. Vi formirate na\u0161u budu\u0107nost. Djeca koje vi odgajate su budu\u0107nost va\u0161ega grada. Ono \u0161to im vi prenesete, ne samo znanje nego i stavove, odnos prema \u017eivotu, odnos prema drugima, to \u0107e biti ono \u0161to \u0107e oni ponijeti u \u017eivot, to \u0107e ih formirati i odrediti njihove puteve. <\/p>\n\n\n\n<p class=\"has-medium-font-size\">Uvijek sam se divio u\u010diteljima zato \u0161to je <strong>formiranje mladih ljudi<\/strong> jako va\u017ean zadatak. Ponekad ste optere\u0107eni svakodnevnim brigama, osobnim i poslovnim i niste mo\u017eda ni svjesni da ono \u0161to radite je jako zna\u010dajno za cjelokupnu zajednicu \u2013 istaknuo je akademik Reiner.<\/p>\n\n\n\n<p class=\"has-medium-font-size\">Prisjetio se kako je radio nekoliko godina u \u0161koli, paralelno s poslom lije\u010dnika, tada je spoznao koliko je taj posao ozbiljan i te\u017eak. Zbog toga vam u ime zajednice zahvaljujem i uvjeren sam da \u0107ete tako i dalje nastaviti \u2013 rekao je Reiner.<\/p>\n\n\n\n<figure class=\"wp-block-image size-full\"><img decoding=\"async\" width=\"1024\" height=\"768\" src=\"https:\/\/gorica.info\/wp-content\/uploads\/2024\/10\/image-10.png\" alt=\"\" class=\"wp-image-78060\" srcset=\"https:\/\/gorica.info\/wp-content\/uploads\/2024\/10\/image-10.png 1024w, https:\/\/gorica.info\/wp-content\/uploads\/2024\/10\/image-10-300x225.png 300w, https:\/\/gorica.info\/wp-content\/uploads\/2024\/10\/image-10-768x576.png 768w, https:\/\/gorica.info\/wp-content\/uploads\/2024\/10\/image-10-16x12.png 16w, https:\/\/gorica.info\/wp-content\/uploads\/2024\/10\/image-10-750x563.png 750w\" sizes=\"(max-width: 1024px) 100vw, 1024px\" \/><\/figure>\n\n\n\n<p class=\"has-medium-font-size\">U ime u\u010diteljica zahvalila je nastavnica Anastazija Komljenovi\u0107 iz O\u0160 Slavka Kolara iz Kravarskog.<\/p>\n\n\n\n<p class=\"has-medium-font-size\">Istaknula je va\u017enost podr\u0161ke lokalne zajednice ali i dr\u017eave u ovim izazovnim vremenima za obrazovanje. Ta podr\u0161ka je od neizmjerne va\u017enosti za nas u\u010ditelje, poru\u010dila je Anastasija Komljenovi\u0107.<\/p>\n\n\n\n<p class=\"has-medium-font-size\">&#8211; Mi ne pi\u0161emo samo povijest i sada\u0161njost, mi stvaramo budu\u0107nost ovoga grada i budu\u0107nost ove zemlje stoga vam od srca hvala \u0161to ste nas pozvali jer nam to daje snage da nastavimo dalje, da budemo \u0161to sna\u017eniji i \u0161to ja\u010di i kvalitetniji ljudi da stvaramo takvu budu\u0107nost \u2013 kazala je Komljenovi\u0107.<\/p>\n\n\n\n<figure class=\"wp-block-gallery has-nested-images columns-default is-cropped wp-block-gallery-1 is-layout-flex wp-block-gallery-is-layout-flex\">\n<figure class=\"wp-block-image size-large\"><img decoding=\"async\" width=\"971\" height=\"800\" data-id=\"78059\" src=\"https:\/\/gorica.info\/wp-content\/uploads\/2024\/10\/tihana-strmo.jpg\" alt=\"\" class=\"wp-image-78059\" srcset=\"https:\/\/gorica.info\/wp-content\/uploads\/2024\/10\/tihana-strmo.jpg 971w, https:\/\/gorica.info\/wp-content\/uploads\/2024\/10\/tihana-strmo-300x247.jpg 300w, https:\/\/gorica.info\/wp-content\/uploads\/2024\/10\/tihana-strmo-768x633.jpg 768w, https:\/\/gorica.info\/wp-content\/uploads\/2024\/10\/tihana-strmo-15x12.jpg 15w, https:\/\/gorica.info\/wp-content\/uploads\/2024\/10\/tihana-strmo-750x618.jpg 750w\" sizes=\"(max-width: 971px) 100vw, 971px\" \/><\/figure>\n\n\n\n<figure class=\"wp-block-image size-large\"><img loading=\"lazy\" decoding=\"async\" width=\"1024\" height=\"767\" data-id=\"78058\" src=\"https:\/\/gorica.info\/wp-content\/uploads\/2024\/10\/karmela-boc-1024x767.jpg\" alt=\"\" class=\"wp-image-78058\" srcset=\"https:\/\/gorica.info\/wp-content\/uploads\/2024\/10\/karmela-boc-1024x767.jpg 1024w, https:\/\/gorica.info\/wp-content\/uploads\/2024\/10\/karmela-boc-300x225.jpg 300w, https:\/\/gorica.info\/wp-content\/uploads\/2024\/10\/karmela-boc-768x575.jpg 768w, https:\/\/gorica.info\/wp-content\/uploads\/2024\/10\/karmela-boc-16x12.jpg 16w, https:\/\/gorica.info\/wp-content\/uploads\/2024\/10\/karmela-boc-750x562.jpg 750w, https:\/\/gorica.info\/wp-content\/uploads\/2024\/10\/karmela-boc.jpg 1068w\" sizes=\"(max-width: 1024px) 100vw, 1024px\" \/><\/figure>\n<\/figure>\n\n\n\n<p><\/p>\n\n\n\n<figure class=\"wp-block-gallery has-nested-images columns-default is-cropped wp-block-gallery-2 is-layout-flex wp-block-gallery-is-layout-flex\">\n<figure class=\"wp-block-image size-large\"><img loading=\"lazy\" decoding=\"async\" width=\"1024\" height=\"768\" data-id=\"78054\" src=\"https:\/\/gorica.info\/wp-content\/uploads\/2024\/10\/kristina-lucic-1024x768.jpg\" alt=\"\" class=\"wp-image-78054\" srcset=\"https:\/\/gorica.info\/wp-content\/uploads\/2024\/10\/kristina-lucic-1024x768.jpg 1024w, https:\/\/gorica.info\/wp-content\/uploads\/2024\/10\/kristina-lucic-300x225.jpg 300w, https:\/\/gorica.info\/wp-content\/uploads\/2024\/10\/kristina-lucic-768x576.jpg 768w, https:\/\/gorica.info\/wp-content\/uploads\/2024\/10\/kristina-lucic-16x12.jpg 16w, https:\/\/gorica.info\/wp-content\/uploads\/2024\/10\/kristina-lucic-750x562.jpg 750w, https:\/\/gorica.info\/wp-content\/uploads\/2024\/10\/kristina-lucic.jpg 1067w\" sizes=\"(max-width: 1024px) 100vw, 1024px\" \/><\/figure>\n\n\n\n<figure class=\"wp-block-image size-large\"><img loading=\"lazy\" decoding=\"async\" width=\"1024\" height=\"768\" data-id=\"78056\" src=\"https:\/\/gorica.info\/wp-content\/uploads\/2024\/10\/renata-kolarec-foto-goricainfo-1024x768.jpg\" alt=\"\" class=\"wp-image-78056\" srcset=\"https:\/\/gorica.info\/wp-content\/uploads\/2024\/10\/renata-kolarec-foto-goricainfo-1024x768.jpg 1024w, https:\/\/gorica.info\/wp-content\/uploads\/2024\/10\/renata-kolarec-foto-goricainfo-300x225.jpg 300w, https:\/\/gorica.info\/wp-content\/uploads\/2024\/10\/renata-kolarec-foto-goricainfo-768x576.jpg 768w, https:\/\/gorica.info\/wp-content\/uploads\/2024\/10\/renata-kolarec-foto-goricainfo-16x12.jpg 16w, https:\/\/gorica.info\/wp-content\/uploads\/2024\/10\/renata-kolarec-foto-goricainfo-750x562.jpg 750w, https:\/\/gorica.info\/wp-content\/uploads\/2024\/10\/renata-kolarec-foto-goricainfo.jpg 1067w\" sizes=\"(max-width: 1024px) 100vw, 1024px\" \/><\/figure>\n\n\n\n<figure class=\"wp-block-image size-large\"><img loading=\"lazy\" decoding=\"async\" width=\"1024\" height=\"768\" data-id=\"78055\" src=\"https:\/\/gorica.info\/wp-content\/uploads\/2024\/10\/dalia-kager-1024x768.jpg\" alt=\"\" class=\"wp-image-78055\" srcset=\"https:\/\/gorica.info\/wp-content\/uploads\/2024\/10\/dalia-kager-1024x768.jpg 1024w, https:\/\/gorica.info\/wp-content\/uploads\/2024\/10\/dalia-kager-300x225.jpg 300w, https:\/\/gorica.info\/wp-content\/uploads\/2024\/10\/dalia-kager-768x576.jpg 768w, https:\/\/gorica.info\/wp-content\/uploads\/2024\/10\/dalia-kager-16x12.jpg 16w, https:\/\/gorica.info\/wp-content\/uploads\/2024\/10\/dalia-kager-750x562.jpg 750w, https:\/\/gorica.info\/wp-content\/uploads\/2024\/10\/dalia-kager.jpg 1067w\" sizes=\"(max-width: 1024px) 100vw, 1024px\" \/><\/figure>\n<\/figure>\n\n\n\n<p><\/p>","protected":false},"excerpt":{"rendered":"<p>Najbolje gori\u010dke u\u010diteljice primio je i prigodno nagradio gradona\u010delnik Kre\u0161imir A\u010dkar. Me\u0111u 513 nagra\u0111enih u\u010diteljica i profesora iz cijele Hrvatske, koji su dobili nagradu Ministarstva znanosti i obrazovanja, njih osam je s gori\u010dkog podru\u010dja. To su Valentina Japec i Vesna Stipi\u0107 iz Osnovne \u0161kole Nikole Hribara, Dalia Kager iz O\u0160 \u00a0Eugena Kvaternika, Kristina Lu\u010di\u0107 iz [&hellip;]<\/p>\n","protected":false},"author":23,"featured_media":78061,"comment_status":"closed","ping_status":"closed","sticky":false,"template":"","format":"standard","meta":{"limit_modified_date":"","last_modified_date":"","jnews-multi-image_gallery":[],"jnews_single_post":{"format":"standard"},"jnews_primary_category":[],"jnews_override_counter":[],"footnotes":""},"categories":[87],"tags":[14897,14894,1557,9895,253,14895,8671,14896,3502,122,15549,15551,8157,15550],"class_list":["post-78052","post","type-post","status-publish","format-standard","has-post-thumbnail","hentry","category-gorica","tag-akademik-zeljko-reiner","tag-anastazija-komljenovic","tag-gradonacelnik","tag-karmela-boc","tag-kresimir-ackar","tag-kristina-lucic","tag-renata-kolarec","tag-tihana-strmo","tag-valentina-japec","tag-velika-gorica","tag-velika-gorica-danas","tag-velika-gorica-vijesti","tag-vesna-stipic","tag-vijesti-vg"],"yoast_head":"<!-- This site is optimized with the Yoast SEO Premium plugin v27.4 (Yoast SEO v27.4) - https:\/\/yoast.com\/product\/yoast-seo-premium-wordpress\/ -->\n<title>Najbolje gori\u010dke u\u010diteljice prigodno je nagradio gradona\u010delnik Kre\u0161imir A\u010dkar - Gorica Info<\/title>\n<meta name=\"description\" content=\"Najbolje gori\u010dke u\u010diteljice prigodno je nagradio gradona\u010delnik Kre\u0161imir A\u010dkar. u\u010diteljicama je nagrade uru\u010dio akademik \u017deljko Reiner.\" \/>\n<meta name=\"robots\" content=\"index, follow, max-snippet:-1, max-image-preview:large, max-video-preview:-1\" \/>\n<link rel=\"canonical\" href=\"https:\/\/gorica.info\/en\/najbolje-goricke-uciteljice-prigodno-je-nagradio-gradonacelnik-kresimir-ackar\/\" \/>\n<meta property=\"og:locale\" content=\"en_US\" \/>\n<meta property=\"og:type\" content=\"article\" \/>\n<meta property=\"og:title\" content=\"Najbolje gori\u010dke u\u010diteljice prigodno je nagradio gradona\u010delnik Kre\u0161imir A\u010dkar\" \/>\n<meta property=\"og:description\" content=\"Najbolje gori\u010dke u\u010diteljice prigodno je nagradio gradona\u010delnik Kre\u0161imir A\u010dkar. u\u010diteljicama je nagrade uru\u010dio akademik \u017deljko Reiner.\" \/>\n<meta property=\"og:url\" content=\"https:\/\/gorica.info\/en\/najbolje-goricke-uciteljice-prigodno-je-nagradio-gradonacelnik-kresimir-ackar\/\" \/>\n<meta property=\"og:site_name\" content=\"Gorica Info\" \/>\n<meta property=\"article:publisher\" content=\"https:\/\/www.facebook.com\/Goricainfo-106005144489262\" \/>\n<meta property=\"article:published_time\" content=\"2024-10-16T09:31:00+00:00\" \/>\n<meta property=\"article:modified_time\" content=\"2024-11-12T17:36:52+00:00\" \/>\n<meta property=\"og:image\" content=\"https:\/\/gorica.info\/wp-content\/uploads\/2024\/10\/najbolje-uciteljica-foto-goricainfo.jpg\" \/>\n\t<meta property=\"og:image:width\" content=\"1065\" \/>\n\t<meta property=\"og:image:height\" content=\"800\" \/>\n\t<meta property=\"og:image:type\" content=\"image\/jpeg\" \/>\n<meta name=\"author\" content=\"Gorica. info\" \/>\n<meta name=\"twitter:card\" content=\"summary_large_image\" \/>\n<meta name=\"twitter:creator\" content=\"@GoricaInfo\" \/>\n<meta name=\"twitter:site\" content=\"@GoricaInfo\" \/>\n<meta name=\"twitter:label1\" content=\"Written by\" \/>\n\t<meta name=\"twitter:data1\" content=\"Gorica. info\" \/>\n\t<meta name=\"twitter:label2\" content=\"Est. reading time\" \/>\n\t<meta name=\"twitter:data2\" content=\"5 minutes\" \/>\n<meta name=\"geo.placename\" content=\"Velika Gorica\" \/>\n<meta name=\"geo.region\" content=\"Croatia\" \/>\n<!-- \/ Yoast SEO Premium plugin. -->","yoast_head_json":{"title":"Najbolje gori\u010dke u\u010diteljice prigodno je nagradio gradona\u010delnik Kre\u0161imir A\u010dkar - Gorica Info","description":"Najbolje gori\u010dke u\u010diteljice prigodno je nagradio gradona\u010delnik Kre\u0161imir A\u010dkar. u\u010diteljicama je nagrade uru\u010dio akademik \u017deljko Reiner.","robots":{"index":"index","follow":"follow","max-snippet":"max-snippet:-1","max-image-preview":"max-image-preview:large","max-video-preview":"max-video-preview:-1"},"canonical":"https:\/\/gorica.info\/en\/najbolje-goricke-uciteljice-prigodno-je-nagradio-gradonacelnik-kresimir-ackar\/","og_locale":"en_US","og_type":"article","og_title":"Najbolje gori\u010dke u\u010diteljice prigodno je nagradio gradona\u010delnik Kre\u0161imir A\u010dkar","og_description":"Najbolje gori\u010dke u\u010diteljice prigodno je nagradio gradona\u010delnik Kre\u0161imir A\u010dkar. u\u010diteljicama je nagrade uru\u010dio akademik \u017deljko Reiner.","og_url":"https:\/\/gorica.info\/en\/najbolje-goricke-uciteljice-prigodno-je-nagradio-gradonacelnik-kresimir-ackar\/","og_site_name":"Gorica Info","article_publisher":"https:\/\/www.facebook.com\/Goricainfo-106005144489262","article_published_time":"2024-10-16T09:31:00+00:00","article_modified_time":"2024-11-12T17:36:52+00:00","og_image":[{"width":1065,"height":800,"url":"https:\/\/gorica.info\/wp-content\/uploads\/2024\/10\/najbolje-uciteljica-foto-goricainfo.jpg","type":"image\/jpeg"}],"author":"Gorica. info","twitter_card":"summary_large_image","twitter_creator":"@GoricaInfo","twitter_site":"@GoricaInfo","twitter_misc":{"Written by":"Gorica. info","Est. reading time":"5 minutes"},"schema":{"@context":"https:\/\/schema.org","@graph":[{"@type":"NewsArticle","@id":"https:\/\/gorica.info\/najbolje-goricke-uciteljice-prigodno-je-nagradio-gradonacelnik-kresimir-ackar\/#article","isPartOf":{"@id":"https:\/\/gorica.info\/najbolje-goricke-uciteljice-prigodno-je-nagradio-gradonacelnik-kresimir-ackar\/"},"author":{"name":"Gorica. info","@id":"https:\/\/gorica.info\/#\/schema\/person\/4499af1f22f322670b9b5977ccc2e3de"},"headline":"Najbolje gori\u010dke u\u010diteljice prigodno je nagradio gradona\u010delnik Kre\u0161imir A\u010dkar","datePublished":"2024-10-16T09:31:00+00:00","dateModified":"2024-11-12T17:36:52+00:00","mainEntityOfPage":{"@id":"https:\/\/gorica.info\/najbolje-goricke-uciteljice-prigodno-je-nagradio-gradonacelnik-kresimir-ackar\/"},"wordCount":719,"publisher":{"@id":"https:\/\/gorica.info\/#organization"},"image":{"@id":"https:\/\/gorica.info\/najbolje-goricke-uciteljice-prigodno-je-nagradio-gradonacelnik-kresimir-ackar\/#primaryimage"},"thumbnailUrl":"https:\/\/gorica.info\/wp-content\/uploads\/2024\/10\/najbolje-uciteljica-foto-goricainfo.jpg","keywords":["akademik \u017eeljko reiner","anastazija komljenovi\u0107","gradona\u010delnik","karmela boc","Kre\u0161imir A\u010dkar","kristina lu\u010di\u0107","renata kolarec","tihana strmo","Valentina Japec","Velika Gorica","velika gorica danas","velika gorica vijesti","vesna stipi\u0107","vijesti vg"],"articleSection":["GORICA"],"inLanguage":"en-US","copyrightYear":"2024","copyrightHolder":{"@id":"https:\/\/gorica.info\/en\/#organization"}},{"@type":"WebPage","@id":"https:\/\/gorica.info\/najbolje-goricke-uciteljice-prigodno-je-nagradio-gradonacelnik-kresimir-ackar\/","url":"https:\/\/gorica.info\/najbolje-goricke-uciteljice-prigodno-je-nagradio-gradonacelnik-kresimir-ackar\/","name":"Najbolje gori\u010dke u\u010diteljice prigodno je nagradio gradona\u010delnik Kre\u0161imir A\u010dkar - Gorica Info","isPartOf":{"@id":"https:\/\/gorica.info\/#website"},"primaryImageOfPage":{"@id":"https:\/\/gorica.info\/najbolje-goricke-uciteljice-prigodno-je-nagradio-gradonacelnik-kresimir-ackar\/#primaryimage"},"image":{"@id":"https:\/\/gorica.info\/najbolje-goricke-uciteljice-prigodno-je-nagradio-gradonacelnik-kresimir-ackar\/#primaryimage"},"thumbnailUrl":"https:\/\/gorica.info\/wp-content\/uploads\/2024\/10\/najbolje-uciteljica-foto-goricainfo.jpg","datePublished":"2024-10-16T09:31:00+00:00","dateModified":"2024-11-12T17:36:52+00:00","description":"Najbolje gori\u010dke u\u010diteljice prigodno je nagradio gradona\u010delnik Kre\u0161imir A\u010dkar. u\u010diteljicama je nagrade uru\u010dio akademik \u017deljko Reiner.","breadcrumb":{"@id":"https:\/\/gorica.info\/najbolje-goricke-uciteljice-prigodno-je-nagradio-gradonacelnik-kresimir-ackar\/#breadcrumb"},"inLanguage":"en-US","potentialAction":[{"@type":"ReadAction","target":["https:\/\/gorica.info\/najbolje-goricke-uciteljice-prigodno-je-nagradio-gradonacelnik-kresimir-ackar\/"]}]},{"@type":"ImageObject","inLanguage":"en-US","@id":"https:\/\/gorica.info\/najbolje-goricke-uciteljice-prigodno-je-nagradio-gradonacelnik-kresimir-ackar\/#primaryimage","url":"https:\/\/gorica.info\/wp-content\/uploads\/2024\/10\/najbolje-uciteljica-foto-goricainfo.jpg","contentUrl":"https:\/\/gorica.info\/wp-content\/uploads\/2024\/10\/najbolje-uciteljica-foto-goricainfo.jpg","width":1065,"height":800,"caption":"u\u010diteljice"},{"@type":"BreadcrumbList","@id":"https:\/\/gorica.info\/najbolje-goricke-uciteljice-prigodno-je-nagradio-gradonacelnik-kresimir-ackar\/#breadcrumb","itemListElement":[{"@type":"ListItem","position":1,"name":"Po\u010detna stranica","item":"https:\/\/gorica.info\/"},{"@type":"ListItem","position":2,"name":"Najbolje gori\u010dke u\u010diteljice prigodno je nagradio gradona\u010delnik Kre\u0161imir A\u010dkar"}]},{"@type":"WebSite","@id":"https:\/\/gorica.info\/#website","url":"https:\/\/gorica.info\/","name":"Gorica Info","description":"Vijesti iz Velike Gorice i okolice.","publisher":{"@id":"https:\/\/gorica.info\/#organization"},"potentialAction":[{"@type":"SearchAction","target":{"@type":"EntryPoint","urlTemplate":"https:\/\/gorica.info\/?s={search_term_string}"},"query-input":{"@type":"PropertyValueSpecification","valueRequired":true,"valueName":"search_term_string"}}],"inLanguage":"en-US"},{"@type":["Organization","Place","NewsMediaOrganization"],"@id":"https:\/\/gorica.info\/#organization","name":"Gorica Info","url":"https:\/\/gorica.info\/","logo":{"@id":"https:\/\/gorica.info\/najbolje-goricke-uciteljice-prigodno-je-nagradio-gradonacelnik-kresimir-ackar\/#local-main-organization-logo"},"image":{"@id":"https:\/\/gorica.info\/najbolje-goricke-uciteljice-prigodno-je-nagradio-gradonacelnik-kresimir-ackar\/#local-main-organization-logo"},"sameAs":["https:\/\/www.facebook.com\/Goricainfo-106005144489262","https:\/\/x.com\/GoricaInfo","https:\/\/www.instagram.com\/gorica.info\/"],"address":{"@id":"https:\/\/gorica.info\/najbolje-goricke-uciteljice-prigodno-je-nagradio-gradonacelnik-kresimir-ackar\/#local-main-place-address"},"telephone":[],"openingHoursSpecification":[{"@type":"OpeningHoursSpecification","dayOfWeek":["Monday","Tuesday","Wednesday","Thursday","Friday","Saturday","Sunday"],"opens":"09:00","closes":"17:00"}],"email":"redakcija@gorica.info"},{"@type":"Person","@id":"https:\/\/gorica.info\/#\/schema\/person\/4499af1f22f322670b9b5977ccc2e3de","name":"Gorica. info","description":"Gorica.info je lokalni portal koji prati Veliku Goricu i okolici, svakodnevno donosi najnovije vijesti i pri\u010de, kulturna doga\u0111anja i aktualnosti koje oblikuju \u017eivot gra\u0111ana.","url":"https:\/\/gorica.info\/en\/author\/gorica-info\/"},{"@type":"PostalAddress","@id":"https:\/\/gorica.info\/najbolje-goricke-uciteljice-prigodno-je-nagradio-gradonacelnik-kresimir-ackar\/#local-main-place-address","streetAddress":"Horvatova 97","addressLocality":"Velika Gorica","postalCode":"10410","addressRegion":"Croatia","addressCountry":"HR"},{"@type":"ImageObject","inLanguage":"en-US","@id":"https:\/\/gorica.info\/najbolje-goricke-uciteljice-prigodno-je-nagradio-gradonacelnik-kresimir-ackar\/#local-main-organization-logo","url":"https:\/\/gorica.info\/wp-content\/uploads\/2024\/07\/Gorica-Info-Logo-mali.png","contentUrl":"https:\/\/gorica.info\/wp-content\/uploads\/2024\/07\/Gorica-Info-Logo-mali.png","width":450,"height":85,"caption":"Gorica Info"}]},"geo.placename":"Velika Gorica","geo.region":"Croatia"},"_links":{"self":[{"href":"https:\/\/gorica.info\/en\/wp-json\/wp\/v2\/posts\/78052","targetHints":{"allow":["GET"]}}],"collection":[{"href":"https:\/\/gorica.info\/en\/wp-json\/wp\/v2\/posts"}],"about":[{"href":"https:\/\/gorica.info\/en\/wp-json\/wp\/v2\/types\/post"}],"author":[{"embeddable":true,"href":"https:\/\/gorica.info\/en\/wp-json\/wp\/v2\/users\/23"}],"replies":[{"embeddable":true,"href":"https:\/\/gorica.info\/en\/wp-json\/wp\/v2\/comments?post=78052"}],"version-history":[{"count":1,"href":"https:\/\/gorica.info\/en\/wp-json\/wp\/v2\/posts\/78052\/revisions"}],"predecessor-version":[{"id":78062,"href":"https:\/\/gorica.info\/en\/wp-json\/wp\/v2\/posts\/78052\/revisions\/78062"}],"wp:featuredmedia":[{"embeddable":true,"href":"https:\/\/gorica.info\/en\/wp-json\/wp\/v2\/media\/78061"}],"wp:attachment":[{"href":"https:\/\/gorica.info\/en\/wp-json\/wp\/v2\/media?parent=78052"}],"wp:term":[{"taxonomy":"category","embeddable":true,"href":"https:\/\/gorica.info\/en\/wp-json\/wp\/v2\/categories?post=78052"},{"taxonomy":"post_tag","embeddable":true,"href":"https:\/\/gorica.info\/en\/wp-json\/wp\/v2\/tags?post=78052"}],"curies":[{"name":"wp","href":"https:\/\/api.w.org\/{rel}","templated":true}]}}