{"id":78272,"date":"2024-10-19T12:02:00","date_gmt":"2024-10-19T10:02:00","guid":{"rendered":"https:\/\/gorica.info\/?p=78272"},"modified":"2024-11-12T18:34:47","modified_gmt":"2024-11-12T17:34:47","slug":"jasminka-tihi-stepanic-dobila-nagradu-mali-princ-za-najbolju-djecju-knjigu-u-regiji","status":"publish","type":"post","link":"https:\/\/gorica.info\/en\/jasminka-tihi-stepanic-dobila-nagradu-mali-princ-za-najbolju-djecju-knjigu-u-regiji\/","title":{"rendered":"Jasminka Tihi Stepani\u0107 dobila nagradu \u201eMali princ\u201c za najbolju dje\u010dju knjigu u regiji"},"content":{"rendered":"<p class=\"has-medium-font-size\">Gori\u010dka knji\u017eevnica <strong>Jasminka Tihi-Stepani\u0107<\/strong> dobitnica je nagrade &#8220;<strong>Mali princ<\/strong>&#8221; za <strong>najbolju dje\u010dju knjigu<\/strong> u regiji. Nagrada je Jasminki dodijeljena u Tuzli za roman &#8220;<strong>Dan kada sam ubrala cvijet&#8221; <\/strong>u izdanju <strong><a href=\"https:\/\/www.facebook.com\/LJEVAKSkolskiodjel?locale=hr_HR\">Naklade Ljevak.<\/a><\/strong><\/p>\n\n\n\n<p class=\"has-medium-font-size\">Isti je roman pro\u0161le godine dobio nagradu<strong> \u201ePti\u010dica\u201c<\/strong> po izboru Dje\u010djeg \u017eirija Nagrade \u201eGrigor Vitez\u201c.<\/p>\n\n\n\n<p class=\"has-medium-font-size\">&#8220;Dan kada sam ubrala cvijet\u201c prva je prava <strong>hrvatska distopija<\/strong> za mlade. Glavna junakinja je Klelija, sasvim obi\u010dna djevojka koja u\u017eiva \u010ditati, \u0161etati se gradom, upoznavati nove stvari, dru\u017eiti se i veseli se svemu novome.<\/p>\n\n\n\n<p class=\"has-medium-font-size\">No ona \u017eivi u jednom neobi\u010dnom svijetu, svijetu u kojemu je sve odre\u0111eno i propisano i koji je odlu\u010dio jednom zauvijek obra\u010dunati se s bolestima, neizvjesnostima, prljav\u0161tinom, nesigurno\u0161\u0107u, nesre\u0107om, neima\u0161tinom i nezadovoljstvom. Isprva sve to zvu\u010di odli\u010dno pa i po\u017eeljno. No to je samo lice iza kojega se krije jedno puno mra\u010dnije nali\u010dje.<\/p>\n\n\n\n<p class=\"has-medium-font-size\"><a href=\"https:\/\/gorica.info\/en\/hvala-im-za-sve-sto-su-nas-naucili-prigodne-nagrade-za-nastavnike-koji-su-otisli-u-mirovinu\/\">Autorica<\/a> romana nadahnuto, osje\u0107ajno i <strong>stilski vje\u0161to<\/strong> vodi dijalog s razli\u010ditim klasicima (antiutopijske) knji\u017eevnosti, kojima odaje hommage me\u0111u ostalim i imenima likova, autorima poput Orwella, Huxleyja, Atwood, Bradburyja, no i s brojnim drugim autorima \u0161irokoga spektra \u017eanrovskih i stilskih orijentacija poput \u0160enoe, Ujevi\u0107a, Fenimorea Coopera, Karla Maya, Zaf\u00f3na\u2026<\/p>\n\n\n\n<p class=\"has-medium-font-size\">\u201eMali princ\u201c je regionalna nagrada za<strong> dje\u010dju knjigu<\/strong> koja se dodjeljuje<strong> svake godine<\/strong> za jezi\u010dno podru\u010dje Hrvatske, Bosne i Hercegovine, Crne Gore i Srbije.<\/p>","protected":false},"excerpt":{"rendered":"<p>Gori\u010dka knji\u017eevnica Jasminka Tihi-Stepani\u0107 dobitnica je nagrade &#8220;Mali princ&#8221; za najbolju dje\u010dju knjigu u regiji. Nagrada je Jasminki dodijeljena u Tuzli za roman &#8220;Dan kada sam ubrala cvijet&#8221; u izdanju Naklade Ljevak. Isti je roman pro\u0161le godine dobio nagradu \u201ePti\u010dica\u201c po izboru Dje\u010djeg \u017eirija Nagrade \u201eGrigor Vitez\u201c. &#8220;Dan kada sam ubrala cvijet\u201c prva je prava [&hellip;]<\/p>\n","protected":false},"author":23,"featured_media":78275,"comment_status":"closed","ping_status":"closed","sticky":false,"template":"","format":"standard","meta":{"limit_modified_date":"","last_modified_date":"","jnews-multi-image_gallery":[],"jnews_single_post":{"format":"standard"},"jnews_primary_category":[],"jnews_override_counter":[],"footnotes":""},"categories":[84],"tags":[15003,15006,15005,14793,6417,15004,15007,122,15549,15551,15550],"class_list":["post-78272","post","type-post","status-publish","format-standard","has-post-thumbnail","hentry","category-kultura","tag-dan-kada-sam-ubrala-cvijet","tag-distopija","tag-djecji-roman","tag-jasminka-tihi-stepanic-2","tag-mali-princ","tag-nagradivana-hrvatska-knjizevnica","tag-tuzla","tag-velika-gorica","tag-velika-gorica-danas","tag-velika-gorica-vijesti","tag-vijesti-vg"],"yoast_head":"<!-- This site is optimized with the Yoast SEO Premium plugin v27.4 (Yoast SEO v27.4) - https:\/\/yoast.com\/product\/yoast-seo-premium-wordpress\/ -->\n<title>Jasminka Tihi Stepani\u0107 dobila nagradu \u201eMali princ\u201c za najbolju dje\u010dju knjigu u regiji - Gorica Info<\/title>\n<meta name=\"description\" content=\"Jasminka Tihi Stepani\u0107 dobila nagradu \u201eMali princ\u201c za najbolju dje\u010dju knjigu u regiji. isti roman nagra\u0111en je i lani nagradom &quot;Pti\u010dica&quot;.\" \/>\n<meta name=\"robots\" content=\"index, follow, max-snippet:-1, max-image-preview:large, max-video-preview:-1\" \/>\n<link rel=\"canonical\" href=\"https:\/\/gorica.info\/en\/jasminka-tihi-stepanic-dobila-nagradu-mali-princ-za-najbolju-djecju-knjigu-u-regiji\/\" \/>\n<meta property=\"og:locale\" content=\"en_US\" \/>\n<meta property=\"og:type\" content=\"article\" \/>\n<meta property=\"og:title\" content=\"Jasminka Tihi Stepani\u0107 dobila nagradu \u201eMali princ\u201c za najbolju dje\u010dju knjigu u regiji\" \/>\n<meta property=\"og:description\" content=\"Jasminka Tihi Stepani\u0107 dobila nagradu \u201eMali princ\u201c za najbolju dje\u010dju knjigu u regiji. isti roman nagra\u0111en je i lani nagradom &quot;Pti\u010dica&quot;.\" \/>\n<meta property=\"og:url\" content=\"https:\/\/gorica.info\/en\/jasminka-tihi-stepanic-dobila-nagradu-mali-princ-za-najbolju-djecju-knjigu-u-regiji\/\" \/>\n<meta property=\"og:site_name\" content=\"Gorica Info\" \/>\n<meta property=\"article:publisher\" content=\"https:\/\/www.facebook.com\/Goricainfo-106005144489262\" \/>\n<meta property=\"article:published_time\" content=\"2024-10-19T10:02:00+00:00\" \/>\n<meta property=\"article:modified_time\" content=\"2024-11-12T17:34:47+00:00\" \/>\n<meta property=\"og:image\" content=\"https:\/\/gorica.info\/wp-content\/uploads\/2024\/10\/jasminka-tihi-stepanic-tuzla-e1729346433430.jpg\" \/>\n\t<meta property=\"og:image:width\" content=\"855\" \/>\n\t<meta property=\"og:image:height\" content=\"702\" \/>\n\t<meta property=\"og:image:type\" content=\"image\/jpeg\" \/>\n<meta name=\"author\" content=\"Gorica. info\" \/>\n<meta name=\"twitter:card\" content=\"summary_large_image\" \/>\n<meta name=\"twitter:creator\" content=\"@GoricaInfo\" \/>\n<meta name=\"twitter:site\" content=\"@GoricaInfo\" \/>\n<meta name=\"twitter:label1\" content=\"Written by\" \/>\n\t<meta name=\"twitter:data1\" content=\"Gorica. info\" \/>\n\t<meta name=\"twitter:label2\" content=\"Est. reading time\" \/>\n\t<meta name=\"twitter:data2\" content=\"2 minutes\" \/>\n<meta name=\"geo.placename\" content=\"Velika Gorica\" \/>\n<meta name=\"geo.region\" content=\"Croatia\" \/>\n<!-- \/ Yoast SEO Premium plugin. -->","yoast_head_json":{"title":"Jasminka Tihi Stepani\u0107 dobila nagradu \u201eMali princ\u201c za najbolju dje\u010dju knjigu u regiji - Gorica Info","description":"Jasminka Tihi Stepani\u0107 dobila nagradu \u201eMali princ\u201c za najbolju dje\u010dju knjigu u regiji. isti roman nagra\u0111en je i lani nagradom \"Pti\u010dica\".","robots":{"index":"index","follow":"follow","max-snippet":"max-snippet:-1","max-image-preview":"max-image-preview:large","max-video-preview":"max-video-preview:-1"},"canonical":"https:\/\/gorica.info\/en\/jasminka-tihi-stepanic-dobila-nagradu-mali-princ-za-najbolju-djecju-knjigu-u-regiji\/","og_locale":"en_US","og_type":"article","og_title":"Jasminka Tihi Stepani\u0107 dobila nagradu \u201eMali princ\u201c za najbolju dje\u010dju knjigu u regiji","og_description":"Jasminka Tihi Stepani\u0107 dobila nagradu \u201eMali princ\u201c za najbolju dje\u010dju knjigu u regiji. isti roman nagra\u0111en je i lani nagradom \"Pti\u010dica\".","og_url":"https:\/\/gorica.info\/en\/jasminka-tihi-stepanic-dobila-nagradu-mali-princ-za-najbolju-djecju-knjigu-u-regiji\/","og_site_name":"Gorica Info","article_publisher":"https:\/\/www.facebook.com\/Goricainfo-106005144489262","article_published_time":"2024-10-19T10:02:00+00:00","article_modified_time":"2024-11-12T17:34:47+00:00","og_image":[{"width":855,"height":702,"url":"https:\/\/gorica.info\/wp-content\/uploads\/2024\/10\/jasminka-tihi-stepanic-tuzla-e1729346433430.jpg","type":"image\/jpeg"}],"author":"Gorica. info","twitter_card":"summary_large_image","twitter_creator":"@GoricaInfo","twitter_site":"@GoricaInfo","twitter_misc":{"Written by":"Gorica. info","Est. reading time":"2 minutes"},"schema":{"@context":"https:\/\/schema.org","@graph":[{"@type":"NewsArticle","@id":"https:\/\/gorica.info\/jasminka-tihi-stepanic-dobila-nagradu-mali-princ-za-najbolju-djecju-knjigu-u-regiji\/#article","isPartOf":{"@id":"https:\/\/gorica.info\/jasminka-tihi-stepanic-dobila-nagradu-mali-princ-za-najbolju-djecju-knjigu-u-regiji\/"},"author":{"name":"Gorica. info","@id":"https:\/\/gorica.info\/#\/schema\/person\/4499af1f22f322670b9b5977ccc2e3de"},"headline":"Jasminka Tihi Stepani\u0107 dobila nagradu \u201eMali princ\u201c za najbolju dje\u010dju knjigu u regiji","datePublished":"2024-10-19T10:02:00+00:00","dateModified":"2024-11-12T17:34:47+00:00","mainEntityOfPage":{"@id":"https:\/\/gorica.info\/jasminka-tihi-stepanic-dobila-nagradu-mali-princ-za-najbolju-djecju-knjigu-u-regiji\/"},"wordCount":253,"publisher":{"@id":"https:\/\/gorica.info\/#organization"},"image":{"@id":"https:\/\/gorica.info\/jasminka-tihi-stepanic-dobila-nagradu-mali-princ-za-najbolju-djecju-knjigu-u-regiji\/#primaryimage"},"thumbnailUrl":"https:\/\/gorica.info\/wp-content\/uploads\/2024\/10\/jasminka-tihi-stepanic-tuzla-e1729346433430.jpg","keywords":["dan kada sam ubrala cvijet","distopija","dje\u010dji roman","jasminka tihi-stepani\u0107","mali princ","nagra\u0111ivana hrvatska knji\u017eevnica","tuzla","Velika Gorica","velika gorica danas","velika gorica vijesti","vijesti vg"],"articleSection":["KULTURA"],"inLanguage":"en-US","copyrightYear":"2024","copyrightHolder":{"@id":"https:\/\/gorica.info\/en\/#organization"}},{"@type":"WebPage","@id":"https:\/\/gorica.info\/jasminka-tihi-stepanic-dobila-nagradu-mali-princ-za-najbolju-djecju-knjigu-u-regiji\/","url":"https:\/\/gorica.info\/jasminka-tihi-stepanic-dobila-nagradu-mali-princ-za-najbolju-djecju-knjigu-u-regiji\/","name":"Jasminka Tihi Stepani\u0107 dobila nagradu \u201eMali princ\u201c za najbolju dje\u010dju knjigu u regiji - Gorica Info","isPartOf":{"@id":"https:\/\/gorica.info\/#website"},"primaryImageOfPage":{"@id":"https:\/\/gorica.info\/jasminka-tihi-stepanic-dobila-nagradu-mali-princ-za-najbolju-djecju-knjigu-u-regiji\/#primaryimage"},"image":{"@id":"https:\/\/gorica.info\/jasminka-tihi-stepanic-dobila-nagradu-mali-princ-za-najbolju-djecju-knjigu-u-regiji\/#primaryimage"},"thumbnailUrl":"https:\/\/gorica.info\/wp-content\/uploads\/2024\/10\/jasminka-tihi-stepanic-tuzla-e1729346433430.jpg","datePublished":"2024-10-19T10:02:00+00:00","dateModified":"2024-11-12T17:34:47+00:00","description":"Jasminka Tihi Stepani\u0107 dobila nagradu \u201eMali princ\u201c za najbolju dje\u010dju knjigu u regiji. isti roman nagra\u0111en je i lani nagradom \"Pti\u010dica\".","breadcrumb":{"@id":"https:\/\/gorica.info\/jasminka-tihi-stepanic-dobila-nagradu-mali-princ-za-najbolju-djecju-knjigu-u-regiji\/#breadcrumb"},"inLanguage":"en-US","potentialAction":[{"@type":"ReadAction","target":["https:\/\/gorica.info\/jasminka-tihi-stepanic-dobila-nagradu-mali-princ-za-najbolju-djecju-knjigu-u-regiji\/"]}]},{"@type":"ImageObject","inLanguage":"en-US","@id":"https:\/\/gorica.info\/jasminka-tihi-stepanic-dobila-nagradu-mali-princ-za-najbolju-djecju-knjigu-u-regiji\/#primaryimage","url":"https:\/\/gorica.info\/wp-content\/uploads\/2024\/10\/jasminka-tihi-stepanic-tuzla-e1729346433430.jpg","contentUrl":"https:\/\/gorica.info\/wp-content\/uploads\/2024\/10\/jasminka-tihi-stepanic-tuzla-e1729346433430.jpg","width":855,"height":702,"caption":"Foto: Naklada Ljevak"},{"@type":"BreadcrumbList","@id":"https:\/\/gorica.info\/jasminka-tihi-stepanic-dobila-nagradu-mali-princ-za-najbolju-djecju-knjigu-u-regiji\/#breadcrumb","itemListElement":[{"@type":"ListItem","position":1,"name":"Po\u010detna stranica","item":"https:\/\/gorica.info\/"},{"@type":"ListItem","position":2,"name":"Jasminka Tihi Stepani\u0107 dobila nagradu \u201eMali princ\u201c za najbolju dje\u010dju knjigu u regiji"}]},{"@type":"WebSite","@id":"https:\/\/gorica.info\/#website","url":"https:\/\/gorica.info\/","name":"Gorica Info","description":"Vijesti iz Velike Gorice i okolice.","publisher":{"@id":"https:\/\/gorica.info\/#organization"},"potentialAction":[{"@type":"SearchAction","target":{"@type":"EntryPoint","urlTemplate":"https:\/\/gorica.info\/?s={search_term_string}"},"query-input":{"@type":"PropertyValueSpecification","valueRequired":true,"valueName":"search_term_string"}}],"inLanguage":"en-US"},{"@type":["Organization","Place","NewsMediaOrganization"],"@id":"https:\/\/gorica.info\/#organization","name":"Gorica Info","url":"https:\/\/gorica.info\/","logo":{"@id":"https:\/\/gorica.info\/jasminka-tihi-stepanic-dobila-nagradu-mali-princ-za-najbolju-djecju-knjigu-u-regiji\/#local-main-organization-logo"},"image":{"@id":"https:\/\/gorica.info\/jasminka-tihi-stepanic-dobila-nagradu-mali-princ-za-najbolju-djecju-knjigu-u-regiji\/#local-main-organization-logo"},"sameAs":["https:\/\/www.facebook.com\/Goricainfo-106005144489262","https:\/\/x.com\/GoricaInfo","https:\/\/www.instagram.com\/gorica.info\/"],"address":{"@id":"https:\/\/gorica.info\/jasminka-tihi-stepanic-dobila-nagradu-mali-princ-za-najbolju-djecju-knjigu-u-regiji\/#local-main-place-address"},"telephone":[],"openingHoursSpecification":[{"@type":"OpeningHoursSpecification","dayOfWeek":["Monday","Tuesday","Wednesday","Thursday","Friday","Saturday","Sunday"],"opens":"09:00","closes":"17:00"}],"email":"redakcija@gorica.info"},{"@type":"Person","@id":"https:\/\/gorica.info\/#\/schema\/person\/4499af1f22f322670b9b5977ccc2e3de","name":"Gorica. info","description":"Gorica.info je lokalni portal koji prati Veliku Goricu i okolici, svakodnevno donosi najnovije vijesti i pri\u010de, kulturna doga\u0111anja i aktualnosti koje oblikuju \u017eivot gra\u0111ana.","url":"https:\/\/gorica.info\/en\/author\/gorica-info\/"},{"@type":"PostalAddress","@id":"https:\/\/gorica.info\/jasminka-tihi-stepanic-dobila-nagradu-mali-princ-za-najbolju-djecju-knjigu-u-regiji\/#local-main-place-address","streetAddress":"Horvatova 97","addressLocality":"Velika Gorica","postalCode":"10410","addressRegion":"Croatia","addressCountry":"HR"},{"@type":"ImageObject","inLanguage":"en-US","@id":"https:\/\/gorica.info\/jasminka-tihi-stepanic-dobila-nagradu-mali-princ-za-najbolju-djecju-knjigu-u-regiji\/#local-main-organization-logo","url":"https:\/\/gorica.info\/wp-content\/uploads\/2024\/07\/Gorica-Info-Logo-mali.png","contentUrl":"https:\/\/gorica.info\/wp-content\/uploads\/2024\/07\/Gorica-Info-Logo-mali.png","width":450,"height":85,"caption":"Gorica Info"}]},"geo.placename":"Velika Gorica","geo.region":"Croatia"},"_links":{"self":[{"href":"https:\/\/gorica.info\/en\/wp-json\/wp\/v2\/posts\/78272","targetHints":{"allow":["GET"]}}],"collection":[{"href":"https:\/\/gorica.info\/en\/wp-json\/wp\/v2\/posts"}],"about":[{"href":"https:\/\/gorica.info\/en\/wp-json\/wp\/v2\/types\/post"}],"author":[{"embeddable":true,"href":"https:\/\/gorica.info\/en\/wp-json\/wp\/v2\/users\/23"}],"replies":[{"embeddable":true,"href":"https:\/\/gorica.info\/en\/wp-json\/wp\/v2\/comments?post=78272"}],"version-history":[{"count":4,"href":"https:\/\/gorica.info\/en\/wp-json\/wp\/v2\/posts\/78272\/revisions"}],"predecessor-version":[{"id":78279,"href":"https:\/\/gorica.info\/en\/wp-json\/wp\/v2\/posts\/78272\/revisions\/78279"}],"wp:featuredmedia":[{"embeddable":true,"href":"https:\/\/gorica.info\/en\/wp-json\/wp\/v2\/media\/78275"}],"wp:attachment":[{"href":"https:\/\/gorica.info\/en\/wp-json\/wp\/v2\/media?parent=78272"}],"wp:term":[{"taxonomy":"category","embeddable":true,"href":"https:\/\/gorica.info\/en\/wp-json\/wp\/v2\/categories?post=78272"},{"taxonomy":"post_tag","embeddable":true,"href":"https:\/\/gorica.info\/en\/wp-json\/wp\/v2\/tags?post=78272"}],"curies":[{"name":"wp","href":"https:\/\/api.w.org\/{rel}","templated":true}]}}