{"id":80279,"date":"2024-11-20T14:11:00","date_gmt":"2024-11-20T13:11:00","guid":{"rendered":"https:\/\/gorica.info\/?p=80279"},"modified":"2024-11-20T15:19:39","modified_gmt":"2024-11-20T14:19:39","slug":"ivan-baric-kuha-treci-dan-turopoljskog-tjedna-vecere-za-5","status":"publish","type":"post","link":"https:\/\/gorica.info\/en\/ivan-baric-kuha-treci-dan-turopoljskog-tjedna-vecere-za-5\/","title":{"rendered":"Ivan Bari\u0107 kuha tre\u0107i dan turopoljskog tjedna \u201eVe\u010dere za 5\u201c: Ho\u0107e li preuzeti vodstvo?"},"content":{"rendered":"<p class=\"has-medium-font-size\">Vi\u0161e od 20 godina<strong> Ivan Bari\u0107<\/strong> \u017eivi u Velikoj Gorici. Porijeklom je iz Dalmacije, po zanimanju <strong>policajac<\/strong>, a trenuta\u010dno radi kao tehni\u010dka podr\u0161ka za bankomate. Suprug i otac dvoje djece u slobodno vrijeme sudjeluje u humanitarnoj udruzi <a href=\"https:\/\/gorica.info\/en\/u-subotu-u-parku-franje-tudmana-sajam-cvijeca-buvljak-radionice-i-animacijski-park\/\">\u201eBuvljaku\u0161e\u201c<\/a> koja se bavi pomaganjem potrebitima s nabavom hrane, odje\u0107e i ostalih potrep\u0161tina te organizira humanitarne buvljake.<\/p>\n\n\n\n<p class=\"has-medium-font-size\">Ivan je odlu\u010dio sudjelovati u <a href=\"https:\/\/www.rtl.hr\/tv-emisije\/vecera-za-5\/humanitarac-ivan-baric-kuha-treci-dan-turopoljskog-tjedna-vecere-za-5-nema-ptice-do-prasice.html\">\u201eVe\u010deri za 5\u201c<\/a> kako bi iza\u0161ao iz zone komfora, vidio ho\u0107e li imati tremu pred kamerama i kako svojevrsni eksperiment za samog sebe.<\/p>\n\n\n\n<p class=\"has-medium-font-size\">&#8211; Kao osoba sam ponekad \u0161utljiv, a ponekad ne znam dr\u017eati jezik za zubima, ali mislim da sam iskren, korektan, fer, normalan, a mane su mi to \u0161to sam tvrdoglav i svojeglav &#8211; iskreno priznaje Ivan.<\/p>\n\n\n\n<p class=\"has-medium-font-size\">Na popisu sastojaka s kojima \u0107e Ivan pripremati ve\u010deru na\u0161la su se jaja, lisnato tijesto, jagode, svinjetina, pistacija, mladi luk, tuna.<\/p>\n\n\n\n<p class=\"has-medium-font-size\">Popis sastojaka za ve\u010deras mi je svakako najzanimljiviji dosad, komentirala je Lea, a Branka ka\u017ee da joj svinjetina uvijek odgovara. Zna\u0161 kako se ka\u017ee &#8211; nema ptice do prasice!<\/p>\n\n\n\n<p class=\"has-medium-font-size\">Nakon prva dva dana natjecanja, <a href=\"https:\/\/gorica.info\/en\/branka-je-svoju-veceru-osvojila-37-bodova-ivan-je-dao-osam-bodova\/\">Branka<\/a> i Karlo imaju po<a href=\"https:\/\/gorica.info\/en\/karlo-se-mucio-s-pripremom-deserta-dobio-je-37-bodova-dijeli-prvo-mjesto-s-brankom\/\"> 37 bodova.<\/a><\/p>","protected":false},"excerpt":{"rendered":"<p>Vi\u0161e od 20 godina Ivan Bari\u0107 \u017eivi u Velikoj Gorici. Porijeklom je iz Dalmacije, po zanimanju policajac, a trenuta\u010dno radi kao tehni\u010dka podr\u0161ka za bankomate. Suprug i otac dvoje djece u slobodno vrijeme sudjeluje u humanitarnoj udruzi \u201eBuvljaku\u0161e\u201c koja se bavi pomaganjem potrebitima s nabavom hrane, odje\u0107e i ostalih potrep\u0161tina te organizira humanitarne buvljake. Ivan [&hellip;]<\/p>\n","protected":false},"author":23,"featured_media":80280,"comment_status":"closed","ping_status":"closed","sticky":false,"template":"","format":"standard","meta":{"limit_modified_date":"","last_modified_date":"","jnews-multi-image_gallery":[],"jnews_single_post":{"format":"standard"},"jnews_primary_category":[],"jnews_override_counter":[],"footnotes":""},"categories":[115],"tags":[11837,15761,3194,1172,9261,8984],"class_list":["post-80279","post","type-post","status-publish","format-standard","has-post-thumbnail","hentry","category-scena","tag-ekipa","tag-ivan-baric","tag-kuhanje","tag-policajac","tag-vecera","tag-vecera-za-pet"],"yoast_head":"<!-- This site is optimized with the Yoast SEO Premium plugin v27.4 (Yoast SEO v27.4) - https:\/\/yoast.com\/product\/yoast-seo-premium-wordpress\/ -->\n<title>Ivan Bari\u0107 kuha tre\u0107i dan turopoljskog tjedna \u201eVe\u010dere za 5\u201c: Ho\u0107e li preuzeti vodstvo? - Gorica Info<\/title>\n<meta name=\"description\" content=\"Ivan Bari\u0107 kuha tre\u0107i dan turopoljskog tjedna \u201eVe\u010dere za 5\u201c. Ho\u0107e li uspjeti preuzeti vodstvo, odznat \u0107emo ve\u010deras.\" \/>\n<meta name=\"robots\" content=\"index, follow, max-snippet:-1, max-image-preview:large, max-video-preview:-1\" \/>\n<link rel=\"canonical\" href=\"https:\/\/gorica.info\/en\/ivan-baric-kuha-treci-dan-turopoljskog-tjedna-vecere-za-5\/\" \/>\n<meta property=\"og:locale\" content=\"en_US\" \/>\n<meta property=\"og:type\" content=\"article\" \/>\n<meta property=\"og:title\" content=\"Ivan Bari\u0107 kuha tre\u0107i dan turopoljskog tjedna \u201eVe\u010dere za 5\u201c: Ho\u0107e li preuzeti vodstvo?\" \/>\n<meta property=\"og:description\" content=\"Ivan Bari\u0107 kuha tre\u0107i dan turopoljskog tjedna \u201eVe\u010dere za 5\u201c. Ho\u0107e li uspjeti preuzeti vodstvo, odznat \u0107emo ve\u010deras.\" \/>\n<meta property=\"og:url\" content=\"https:\/\/gorica.info\/en\/ivan-baric-kuha-treci-dan-turopoljskog-tjedna-vecere-za-5\/\" \/>\n<meta property=\"og:site_name\" content=\"Gorica Info\" \/>\n<meta property=\"article:publisher\" content=\"https:\/\/www.facebook.com\/Goricainfo-106005144489262\" \/>\n<meta property=\"article:published_time\" content=\"2024-11-20T13:11:00+00:00\" \/>\n<meta property=\"article:modified_time\" content=\"2024-11-20T14:19:39+00:00\" \/>\n<meta property=\"og:image\" content=\"https:\/\/gorica.info\/wp-content\/uploads\/2024\/11\/ivan-baric-vecera-za-5-1.jpg\" \/>\n\t<meta property=\"og:image:width\" content=\"1200\" \/>\n\t<meta property=\"og:image:height\" content=\"675\" \/>\n\t<meta property=\"og:image:type\" content=\"image\/jpeg\" \/>\n<meta name=\"author\" content=\"Gorica. info\" \/>\n<meta name=\"twitter:card\" content=\"summary_large_image\" \/>\n<meta name=\"twitter:creator\" content=\"@GoricaInfo\" \/>\n<meta name=\"twitter:site\" content=\"@GoricaInfo\" \/>\n<meta name=\"twitter:label1\" content=\"Written by\" \/>\n\t<meta name=\"twitter:data1\" content=\"Gorica. info\" \/>\n\t<meta name=\"twitter:label2\" content=\"Est. reading time\" \/>\n\t<meta name=\"twitter:data2\" content=\"2 minutes\" \/>\n<meta name=\"geo.placename\" content=\"Velika Gorica\" \/>\n<meta name=\"geo.region\" content=\"Croatia\" \/>\n<!-- \/ Yoast SEO Premium plugin. -->","yoast_head_json":{"title":"Ivan Bari\u0107 kuha tre\u0107i dan turopoljskog tjedna \u201eVe\u010dere za 5\u201c: Ho\u0107e li preuzeti vodstvo? - Gorica Info","description":"Ivan Bari\u0107 kuha tre\u0107i dan turopoljskog tjedna \u201eVe\u010dere za 5\u201c. Ho\u0107e li uspjeti preuzeti vodstvo, odznat \u0107emo ve\u010deras.","robots":{"index":"index","follow":"follow","max-snippet":"max-snippet:-1","max-image-preview":"max-image-preview:large","max-video-preview":"max-video-preview:-1"},"canonical":"https:\/\/gorica.info\/en\/ivan-baric-kuha-treci-dan-turopoljskog-tjedna-vecere-za-5\/","og_locale":"en_US","og_type":"article","og_title":"Ivan Bari\u0107 kuha tre\u0107i dan turopoljskog tjedna \u201eVe\u010dere za 5\u201c: Ho\u0107e li preuzeti vodstvo?","og_description":"Ivan Bari\u0107 kuha tre\u0107i dan turopoljskog tjedna \u201eVe\u010dere za 5\u201c. Ho\u0107e li uspjeti preuzeti vodstvo, odznat \u0107emo ve\u010deras.","og_url":"https:\/\/gorica.info\/en\/ivan-baric-kuha-treci-dan-turopoljskog-tjedna-vecere-za-5\/","og_site_name":"Gorica Info","article_publisher":"https:\/\/www.facebook.com\/Goricainfo-106005144489262","article_published_time":"2024-11-20T13:11:00+00:00","article_modified_time":"2024-11-20T14:19:39+00:00","og_image":[{"width":1200,"height":675,"url":"https:\/\/gorica.info\/wp-content\/uploads\/2024\/11\/ivan-baric-vecera-za-5-1.jpg","type":"image\/jpeg"}],"author":"Gorica. info","twitter_card":"summary_large_image","twitter_creator":"@GoricaInfo","twitter_site":"@GoricaInfo","twitter_misc":{"Written by":"Gorica. info","Est. reading time":"2 minutes"},"schema":{"@context":"https:\/\/schema.org","@graph":[{"@type":"NewsArticle","@id":"https:\/\/gorica.info\/ivan-baric-kuha-treci-dan-turopoljskog-tjedna-vecere-za-5\/#article","isPartOf":{"@id":"https:\/\/gorica.info\/ivan-baric-kuha-treci-dan-turopoljskog-tjedna-vecere-za-5\/"},"author":{"name":"Gorica. info","@id":"https:\/\/gorica.info\/#\/schema\/person\/4499af1f22f322670b9b5977ccc2e3de"},"headline":"Ivan Bari\u0107 kuha tre\u0107i dan turopoljskog tjedna \u201eVe\u010dere za 5\u201c: Ho\u0107e li preuzeti vodstvo?","datePublished":"2024-11-20T13:11:00+00:00","dateModified":"2024-11-20T14:19:39+00:00","mainEntityOfPage":{"@id":"https:\/\/gorica.info\/ivan-baric-kuha-treci-dan-turopoljskog-tjedna-vecere-za-5\/"},"wordCount":210,"publisher":{"@id":"https:\/\/gorica.info\/#organization"},"image":{"@id":"https:\/\/gorica.info\/ivan-baric-kuha-treci-dan-turopoljskog-tjedna-vecere-za-5\/#primaryimage"},"thumbnailUrl":"https:\/\/gorica.info\/wp-content\/uploads\/2024\/11\/ivan-baric-vecera-za-5-1.jpg","keywords":["ekipa","ivan bari\u0107","kuhanje","policajac","ve\u010dera","ve\u010dera za pet"],"articleSection":["SCENA"],"inLanguage":"en-US","copyrightYear":"2024","copyrightHolder":{"@id":"https:\/\/gorica.info\/en\/#organization"}},{"@type":"WebPage","@id":"https:\/\/gorica.info\/ivan-baric-kuha-treci-dan-turopoljskog-tjedna-vecere-za-5\/","url":"https:\/\/gorica.info\/ivan-baric-kuha-treci-dan-turopoljskog-tjedna-vecere-za-5\/","name":"Ivan Bari\u0107 kuha tre\u0107i dan turopoljskog tjedna \u201eVe\u010dere za 5\u201c: Ho\u0107e li preuzeti vodstvo? - Gorica Info","isPartOf":{"@id":"https:\/\/gorica.info\/#website"},"primaryImageOfPage":{"@id":"https:\/\/gorica.info\/ivan-baric-kuha-treci-dan-turopoljskog-tjedna-vecere-za-5\/#primaryimage"},"image":{"@id":"https:\/\/gorica.info\/ivan-baric-kuha-treci-dan-turopoljskog-tjedna-vecere-za-5\/#primaryimage"},"thumbnailUrl":"https:\/\/gorica.info\/wp-content\/uploads\/2024\/11\/ivan-baric-vecera-za-5-1.jpg","datePublished":"2024-11-20T13:11:00+00:00","dateModified":"2024-11-20T14:19:39+00:00","description":"Ivan Bari\u0107 kuha tre\u0107i dan turopoljskog tjedna \u201eVe\u010dere za 5\u201c. Ho\u0107e li uspjeti preuzeti vodstvo, odznat \u0107emo ve\u010deras.","breadcrumb":{"@id":"https:\/\/gorica.info\/ivan-baric-kuha-treci-dan-turopoljskog-tjedna-vecere-za-5\/#breadcrumb"},"inLanguage":"en-US","potentialAction":[{"@type":"ReadAction","target":["https:\/\/gorica.info\/ivan-baric-kuha-treci-dan-turopoljskog-tjedna-vecere-za-5\/"]}]},{"@type":"ImageObject","inLanguage":"en-US","@id":"https:\/\/gorica.info\/ivan-baric-kuha-treci-dan-turopoljskog-tjedna-vecere-za-5\/#primaryimage","url":"https:\/\/gorica.info\/wp-content\/uploads\/2024\/11\/ivan-baric-vecera-za-5-1.jpg","contentUrl":"https:\/\/gorica.info\/wp-content\/uploads\/2024\/11\/ivan-baric-vecera-za-5-1.jpg","width":1100,"height":619,"caption":"Foto: RTL"},{"@type":"BreadcrumbList","@id":"https:\/\/gorica.info\/ivan-baric-kuha-treci-dan-turopoljskog-tjedna-vecere-za-5\/#breadcrumb","itemListElement":[{"@type":"ListItem","position":1,"name":"Po\u010detna stranica","item":"https:\/\/gorica.info\/"},{"@type":"ListItem","position":2,"name":"Ivan Bari\u0107 kuha tre\u0107i dan turopoljskog tjedna \u201eVe\u010dere za 5\u201c: Ho\u0107e li preuzeti vodstvo?"}]},{"@type":"WebSite","@id":"https:\/\/gorica.info\/#website","url":"https:\/\/gorica.info\/","name":"Gorica Info","description":"Vijesti iz Velike Gorice i okolice.","publisher":{"@id":"https:\/\/gorica.info\/#organization"},"potentialAction":[{"@type":"SearchAction","target":{"@type":"EntryPoint","urlTemplate":"https:\/\/gorica.info\/?s={search_term_string}"},"query-input":{"@type":"PropertyValueSpecification","valueRequired":true,"valueName":"search_term_string"}}],"inLanguage":"en-US"},{"@type":["Organization","Place","NewsMediaOrganization"],"@id":"https:\/\/gorica.info\/#organization","name":"Gorica Info","url":"https:\/\/gorica.info\/","logo":{"@id":"https:\/\/gorica.info\/ivan-baric-kuha-treci-dan-turopoljskog-tjedna-vecere-za-5\/#local-main-organization-logo"},"image":{"@id":"https:\/\/gorica.info\/ivan-baric-kuha-treci-dan-turopoljskog-tjedna-vecere-za-5\/#local-main-organization-logo"},"sameAs":["https:\/\/www.facebook.com\/Goricainfo-106005144489262","https:\/\/x.com\/GoricaInfo","https:\/\/www.instagram.com\/gorica.info\/"],"address":{"@id":"https:\/\/gorica.info\/ivan-baric-kuha-treci-dan-turopoljskog-tjedna-vecere-za-5\/#local-main-place-address"},"telephone":[],"openingHoursSpecification":[{"@type":"OpeningHoursSpecification","dayOfWeek":["Monday","Tuesday","Wednesday","Thursday","Friday","Saturday","Sunday"],"opens":"09:00","closes":"17:00"}],"email":"redakcija@gorica.info"},{"@type":"Person","@id":"https:\/\/gorica.info\/#\/schema\/person\/4499af1f22f322670b9b5977ccc2e3de","name":"Gorica. info","description":"Gorica.info je lokalni portal koji prati Veliku Goricu i okolici, svakodnevno donosi najnovije vijesti i pri\u010de, kulturna doga\u0111anja i aktualnosti koje oblikuju \u017eivot gra\u0111ana.","url":"https:\/\/gorica.info\/en\/author\/gorica-info\/"},{"@type":"PostalAddress","@id":"https:\/\/gorica.info\/ivan-baric-kuha-treci-dan-turopoljskog-tjedna-vecere-za-5\/#local-main-place-address","streetAddress":"Horvatova 97","addressLocality":"Velika Gorica","postalCode":"10410","addressRegion":"Croatia","addressCountry":"HR"},{"@type":"ImageObject","inLanguage":"en-US","@id":"https:\/\/gorica.info\/ivan-baric-kuha-treci-dan-turopoljskog-tjedna-vecere-za-5\/#local-main-organization-logo","url":"https:\/\/gorica.info\/wp-content\/uploads\/2024\/07\/Gorica-Info-Logo-mali.png","contentUrl":"https:\/\/gorica.info\/wp-content\/uploads\/2024\/07\/Gorica-Info-Logo-mali.png","width":450,"height":85,"caption":"Gorica Info"}]},"geo.placename":"Velika Gorica","geo.region":"Croatia"},"_links":{"self":[{"href":"https:\/\/gorica.info\/en\/wp-json\/wp\/v2\/posts\/80279","targetHints":{"allow":["GET"]}}],"collection":[{"href":"https:\/\/gorica.info\/en\/wp-json\/wp\/v2\/posts"}],"about":[{"href":"https:\/\/gorica.info\/en\/wp-json\/wp\/v2\/types\/post"}],"author":[{"embeddable":true,"href":"https:\/\/gorica.info\/en\/wp-json\/wp\/v2\/users\/23"}],"replies":[{"embeddable":true,"href":"https:\/\/gorica.info\/en\/wp-json\/wp\/v2\/comments?post=80279"}],"version-history":[{"count":3,"href":"https:\/\/gorica.info\/en\/wp-json\/wp\/v2\/posts\/80279\/revisions"}],"predecessor-version":[{"id":80283,"href":"https:\/\/gorica.info\/en\/wp-json\/wp\/v2\/posts\/80279\/revisions\/80283"}],"wp:featuredmedia":[{"embeddable":true,"href":"https:\/\/gorica.info\/en\/wp-json\/wp\/v2\/media\/80280"}],"wp:attachment":[{"href":"https:\/\/gorica.info\/en\/wp-json\/wp\/v2\/media?parent=80279"}],"wp:term":[{"taxonomy":"category","embeddable":true,"href":"https:\/\/gorica.info\/en\/wp-json\/wp\/v2\/categories?post=80279"},{"taxonomy":"post_tag","embeddable":true,"href":"https:\/\/gorica.info\/en\/wp-json\/wp\/v2\/tags?post=80279"}],"curies":[{"name":"wp","href":"https:\/\/api.w.org\/{rel}","templated":true}]}}