{"id":80718,"date":"2024-11-26T17:01:33","date_gmt":"2024-11-26T16:01:33","guid":{"rendered":"https:\/\/gorica.info\/?p=80718"},"modified":"2024-11-26T17:55:12","modified_gmt":"2024-11-26T16:55:12","slug":"u-67-godini-preminuo-je-ivan-malec-otisao-je-na-posljednji-zadatak-s-kojeg-nema-povratka","status":"publish","type":"post","link":"https:\/\/gorica.info\/en\/u-67-godini-preminuo-je-ivan-malec-otisao-je-na-posljednji-zadatak-s-kojeg-nema-povratka\/","title":{"rendered":"U 67. godini preminuo je Ivan Malec: \u201eOti\u0161ao je na posljednji zadatak&#8230;\u201c"},"content":{"rendered":"<p class=\"has-medium-font-size\">Nakon <strong>te\u0161ke bolesti u 67. godini<\/strong> preminuo je<strong> gori\u010dki vatrogasac Ivan Malec<\/strong>. Od Maleca su se na dru\u0161tvenim mre\u017eama oprostili iz Javna vatrogasne postrojbe Velika Gorica.<\/p>\n\n\n\n<figure class=\"wp-block-image size-large\"><img fetchpriority=\"high\" decoding=\"async\" width=\"1024\" height=\"768\" src=\"https:\/\/gorica.info\/wp-content\/uploads\/2024\/11\/ivan-malec-jvpvg-1024x768.jpg\" alt=\"\" class=\"wp-image-80720\" srcset=\"https:\/\/gorica.info\/wp-content\/uploads\/2024\/11\/ivan-malec-jvpvg-1024x768.jpg 1024w, https:\/\/gorica.info\/wp-content\/uploads\/2024\/11\/ivan-malec-jvpvg-300x225.jpg 300w, https:\/\/gorica.info\/wp-content\/uploads\/2024\/11\/ivan-malec-jvpvg-768x576.jpg 768w, https:\/\/gorica.info\/wp-content\/uploads\/2024\/11\/ivan-malec-jvpvg-16x12.jpg 16w, https:\/\/gorica.info\/wp-content\/uploads\/2024\/11\/ivan-malec-jvpvg-750x562.jpg 750w, https:\/\/gorica.info\/wp-content\/uploads\/2024\/11\/ivan-malec-jvpvg.jpg 1067w\" sizes=\"(max-width: 1024px) 100vw, 1024px\" \/><\/figure>\n\n\n\n<p class=\"has-medium-font-size\"><em>S tugom i po\u0161tovanjem opra\u0161tamo se od na\u0161eg kolege i prijatelja, Ivana.<\/em><\/p>\n\n\n\n<p class=\"has-medium-font-size\"><em>Nakon hrabre borbe s te\u0161kom bole\u0161\u0107u, na\u0161 Ivan nas je napustio, ostaviv\u0161i iza sebe prazninu koju rije\u010di te\u0161ko mogu ispuniti. Bio je vatrogasac, a prije svega \u010dovjek velikog srca, onaj na kojeg se uvijek mo\u017ee\u0161 osloniti i glas koji je uvijek bio s nama u najte\u017eim trenucima.<\/em><\/p>\n\n\n\n<p class=\"has-medium-font-size\"><em>Danas je taj glas utihnuo i oti\u0161ao na svoj posljednji zadatak, onaj s kojeg nema povratka.<\/em><\/p>\n\n\n\n<p class=\"has-medium-font-size\"><em>Znao si da nismo samo kolege \u2013 bio si na\u0161 brat u ovom pozivu koji tra\u017ei hrabrost, nesebi\u010dnost i ljubav prema drugima a ti si toga imao na pretek.<\/em><\/p>\n\n\n\n<p class=\"has-medium-font-size\"><em>Hvala ti, Ivane, na svemu. Na tvojem osmijehu, na svakoj rije\u010di s kojom si nas navigirao kroz vatru i \u017eivot. Bio si dispe\u010der na\u0161e obitelji te \u0107e\u0161 zauvijek biti dio na\u0161e komunikacije \u2013 u srcima, u mislima te u svakom koraku koji napravimo.<\/em><\/p>\n\n\n\n<p class=\"has-medium-font-size\"><em>Ovdje tvoja Javna vatrogasna postrojba Velika Gorica, primili smo tvoj posljednji poziv, tvoje posljednje crveno svijetlo.<\/em><\/p>\n\n\n\n<p class=\"has-medium-font-size\"><em>Prijatelju, kolega, Ivek&#8230; Po\u010divaj u miru, a mi \u0107emo ponosno sa osmijehom na licu i suzom u oku nositi tvoj plamen nesebi\u010dnosti i hrabrosti dalje, u tvoje ime i u tvoju \u010dast!<\/em><\/p>\n\n\n\n<p class=\"has-medium-font-size\"><em>Neka ti je vje\u010dna slava i hvala<\/em>, poru\u010dili su iz<a href=\"https:\/\/www.facebook.com\/profile.php?id=100077456839741\"> JVP Velika Gorica<\/a>.<\/p>\n\n\n\n<figure class=\"wp-block-image size-large\"><img decoding=\"async\" width=\"1024\" height=\"657\" src=\"https:\/\/gorica.info\/wp-content\/uploads\/2024\/11\/ivan-malec-osmrtnica-1024x657.jpg\" alt=\"\" class=\"wp-image-80721\" srcset=\"https:\/\/gorica.info\/wp-content\/uploads\/2024\/11\/ivan-malec-osmrtnica-1024x657.jpg 1024w, https:\/\/gorica.info\/wp-content\/uploads\/2024\/11\/ivan-malec-osmrtnica-300x193.jpg 300w, https:\/\/gorica.info\/wp-content\/uploads\/2024\/11\/ivan-malec-osmrtnica-768x493.jpg 768w, https:\/\/gorica.info\/wp-content\/uploads\/2024\/11\/ivan-malec-osmrtnica-18x12.jpg 18w, https:\/\/gorica.info\/wp-content\/uploads\/2024\/11\/ivan-malec-osmrtnica-750x481.jpg 750w, https:\/\/gorica.info\/wp-content\/uploads\/2024\/11\/ivan-malec-osmrtnica-1140x732.jpg 1140w, https:\/\/gorica.info\/wp-content\/uploads\/2024\/11\/ivan-malec-osmrtnica.jpg 1100w\" sizes=\"(max-width: 1024px) 100vw, 1024px\" \/><\/figure>\n\n\n\n<p class=\"has-medium-font-size\">Pokop je u <strong>\u010detvrtak, 28. studenog u 14 sati<\/strong> na groblju Novo \u010ci\u010de.<\/p>\n\n\n\n<p class=\"has-medium-font-size\">Iskrena su\u0107ut obitelji, prijateljima i kolegama <a href=\"https:\/\/gorica.info\/en\/goricki-vatrogasci-i-vatrogaskinje-medu-najboljima-na-zupanijskom-natjecanju\/\">vatrogascima<\/a>.<\/p>","protected":false},"excerpt":{"rendered":"<p>Nakon te\u0161ke bolesti u 67. godini preminuo je gori\u010dki vatrogasac Ivan Malec. Od Maleca su se na dru\u0161tvenim mre\u017eama oprostili iz Javna vatrogasne postrojbe Velika Gorica. S tugom i po\u0161tovanjem opra\u0161tamo se od na\u0161eg kolege i prijatelja, Ivana. Nakon hrabre borbe s te\u0161kom bole\u0161\u0107u, na\u0161 Ivan nas je napustio, ostaviv\u0161i iza sebe prazninu koju rije\u010di [&hellip;]<\/p>\n","protected":false},"author":23,"featured_media":80719,"comment_status":"closed","ping_status":"closed","sticky":false,"template":"","format":"standard","meta":{"limit_modified_date":"","last_modified_date":"","jnews-multi-image_gallery":[],"jnews_single_post":{"format":"standard"},"jnews_primary_category":[],"jnews_override_counter":[],"footnotes":""},"categories":[87],"tags":[8557,552,12041,5152,15549,15554],"class_list":["post-80718","post","type-post","status-publish","format-standard","has-post-thumbnail","hentry","category-gorica","tag-ivan-malec","tag-jvp-velika-gorica","tag-sucut-obitelji","tag-vatrogasac","tag-velika-gorica-danas","tag-vg-vijesti"],"yoast_head":"<!-- This site is optimized with the Yoast SEO Premium plugin v27.4 (Yoast SEO v27.4) - https:\/\/yoast.com\/product\/yoast-seo-premium-wordpress\/ -->\n<title>U 67. godini preminuo je Ivan Malec: \u201eOti\u0161ao je na posljednji zadatak...\u201c - Gorica Info<\/title>\n<meta name=\"description\" content=\"U 67. godini preminuo je Ivan Malec: \u201eOti\u0161ao je na posljednji zadatak s kojeg nema povratka\u201c, objavili su iz Javne vatrogasne postrojbe VG\" \/>\n<meta name=\"robots\" content=\"index, follow, max-snippet:-1, max-image-preview:large, max-video-preview:-1\" \/>\n<link rel=\"canonical\" href=\"https:\/\/gorica.info\/en\/u-67-godini-preminuo-je-ivan-malec-otisao-je-na-posljednji-zadatak-s-kojeg-nema-povratka\/\" \/>\n<meta property=\"og:locale\" content=\"en_US\" \/>\n<meta property=\"og:type\" content=\"article\" \/>\n<meta property=\"og:title\" content=\"U 67. godini preminuo je Ivan Malec: \u201eOti\u0161ao je na posljednji zadatak...\u201c\" \/>\n<meta property=\"og:description\" content=\"U 67. godini preminuo je Ivan Malec: \u201eOti\u0161ao je na posljednji zadatak s kojeg nema povratka\u201c, objavili su iz Javne vatrogasne postrojbe VG\" \/>\n<meta property=\"og:url\" content=\"https:\/\/gorica.info\/en\/u-67-godini-preminuo-je-ivan-malec-otisao-je-na-posljednji-zadatak-s-kojeg-nema-povratka\/\" \/>\n<meta property=\"og:site_name\" content=\"Gorica Info\" \/>\n<meta property=\"article:publisher\" content=\"https:\/\/www.facebook.com\/Goricainfo-106005144489262\" \/>\n<meta property=\"article:published_time\" content=\"2024-11-26T16:01:33+00:00\" \/>\n<meta property=\"article:modified_time\" content=\"2024-11-26T16:55:12+00:00\" \/>\n<meta property=\"og:image\" content=\"https:\/\/gorica.info\/wp-content\/uploads\/2024\/11\/ivan-malec-foto-jvp-vg_Fotor.jpg\" \/>\n\t<meta property=\"og:image:width\" content=\"608\" \/>\n\t<meta property=\"og:image:height\" content=\"800\" \/>\n\t<meta property=\"og:image:type\" content=\"image\/jpeg\" \/>\n<meta name=\"author\" content=\"Gorica. info\" \/>\n<meta name=\"twitter:card\" content=\"summary_large_image\" \/>\n<meta name=\"twitter:creator\" content=\"@GoricaInfo\" \/>\n<meta name=\"twitter:site\" content=\"@GoricaInfo\" \/>\n<meta name=\"twitter:label1\" content=\"Written by\" \/>\n\t<meta name=\"twitter:data1\" content=\"Gorica. info\" \/>\n\t<meta name=\"twitter:label2\" content=\"Est. reading time\" \/>\n\t<meta name=\"twitter:data2\" content=\"2 minutes\" \/>\n<meta name=\"geo.placename\" content=\"Velika Gorica\" \/>\n<meta name=\"geo.region\" content=\"Croatia\" \/>\n<!-- \/ Yoast SEO Premium plugin. -->","yoast_head_json":{"title":"U 67. godini preminuo je Ivan Malec: \u201eOti\u0161ao je na posljednji zadatak...\u201c - Gorica Info","description":"U 67. godini preminuo je Ivan Malec: \u201eOti\u0161ao je na posljednji zadatak s kojeg nema povratka\u201c, objavili su iz Javne vatrogasne postrojbe VG","robots":{"index":"index","follow":"follow","max-snippet":"max-snippet:-1","max-image-preview":"max-image-preview:large","max-video-preview":"max-video-preview:-1"},"canonical":"https:\/\/gorica.info\/en\/u-67-godini-preminuo-je-ivan-malec-otisao-je-na-posljednji-zadatak-s-kojeg-nema-povratka\/","og_locale":"en_US","og_type":"article","og_title":"U 67. godini preminuo je Ivan Malec: \u201eOti\u0161ao je na posljednji zadatak...\u201c","og_description":"U 67. godini preminuo je Ivan Malec: \u201eOti\u0161ao je na posljednji zadatak s kojeg nema povratka\u201c, objavili su iz Javne vatrogasne postrojbe VG","og_url":"https:\/\/gorica.info\/en\/u-67-godini-preminuo-je-ivan-malec-otisao-je-na-posljednji-zadatak-s-kojeg-nema-povratka\/","og_site_name":"Gorica Info","article_publisher":"https:\/\/www.facebook.com\/Goricainfo-106005144489262","article_published_time":"2024-11-26T16:01:33+00:00","article_modified_time":"2024-11-26T16:55:12+00:00","og_image":[{"width":608,"height":800,"url":"https:\/\/gorica.info\/wp-content\/uploads\/2024\/11\/ivan-malec-foto-jvp-vg_Fotor.jpg","type":"image\/jpeg"}],"author":"Gorica. info","twitter_card":"summary_large_image","twitter_creator":"@GoricaInfo","twitter_site":"@GoricaInfo","twitter_misc":{"Written by":"Gorica. info","Est. reading time":"2 minutes"},"schema":{"@context":"https:\/\/schema.org","@graph":[{"@type":"NewsArticle","@id":"https:\/\/gorica.info\/u-67-godini-preminuo-je-ivan-malec-otisao-je-na-posljednji-zadatak-s-kojeg-nema-povratka\/#article","isPartOf":{"@id":"https:\/\/gorica.info\/u-67-godini-preminuo-je-ivan-malec-otisao-je-na-posljednji-zadatak-s-kojeg-nema-povratka\/"},"author":{"name":"Gorica. info","@id":"https:\/\/gorica.info\/#\/schema\/person\/4499af1f22f322670b9b5977ccc2e3de"},"headline":"U 67. godini preminuo je Ivan Malec: \u201eOti\u0161ao je na posljednji zadatak&#8230;\u201c","datePublished":"2024-11-26T16:01:33+00:00","dateModified":"2024-11-26T16:55:12+00:00","mainEntityOfPage":{"@id":"https:\/\/gorica.info\/u-67-godini-preminuo-je-ivan-malec-otisao-je-na-posljednji-zadatak-s-kojeg-nema-povratka\/"},"wordCount":288,"publisher":{"@id":"https:\/\/gorica.info\/#organization"},"image":{"@id":"https:\/\/gorica.info\/u-67-godini-preminuo-je-ivan-malec-otisao-je-na-posljednji-zadatak-s-kojeg-nema-povratka\/#primaryimage"},"thumbnailUrl":"https:\/\/gorica.info\/wp-content\/uploads\/2024\/11\/ivan-malec-foto-jvp-vg_Fotor.jpg","keywords":["ivan malec","JVP Velika Gorica","su\u0107ut obitelji","vatrogasac","velika gorica danas","vg vijesti"],"articleSection":["GORICA"],"inLanguage":"en-US","copyrightYear":"2024","copyrightHolder":{"@id":"https:\/\/gorica.info\/en\/#organization"}},{"@type":"WebPage","@id":"https:\/\/gorica.info\/u-67-godini-preminuo-je-ivan-malec-otisao-je-na-posljednji-zadatak-s-kojeg-nema-povratka\/","url":"https:\/\/gorica.info\/u-67-godini-preminuo-je-ivan-malec-otisao-je-na-posljednji-zadatak-s-kojeg-nema-povratka\/","name":"U 67. godini preminuo je Ivan Malec: \u201eOti\u0161ao je na posljednji zadatak...\u201c - Gorica Info","isPartOf":{"@id":"https:\/\/gorica.info\/#website"},"primaryImageOfPage":{"@id":"https:\/\/gorica.info\/u-67-godini-preminuo-je-ivan-malec-otisao-je-na-posljednji-zadatak-s-kojeg-nema-povratka\/#primaryimage"},"image":{"@id":"https:\/\/gorica.info\/u-67-godini-preminuo-je-ivan-malec-otisao-je-na-posljednji-zadatak-s-kojeg-nema-povratka\/#primaryimage"},"thumbnailUrl":"https:\/\/gorica.info\/wp-content\/uploads\/2024\/11\/ivan-malec-foto-jvp-vg_Fotor.jpg","datePublished":"2024-11-26T16:01:33+00:00","dateModified":"2024-11-26T16:55:12+00:00","description":"U 67. godini preminuo je Ivan Malec: \u201eOti\u0161ao je na posljednji zadatak s kojeg nema povratka\u201c, objavili su iz Javne vatrogasne postrojbe VG","breadcrumb":{"@id":"https:\/\/gorica.info\/u-67-godini-preminuo-je-ivan-malec-otisao-je-na-posljednji-zadatak-s-kojeg-nema-povratka\/#breadcrumb"},"inLanguage":"en-US","potentialAction":[{"@type":"ReadAction","target":["https:\/\/gorica.info\/u-67-godini-preminuo-je-ivan-malec-otisao-je-na-posljednji-zadatak-s-kojeg-nema-povratka\/"]}]},{"@type":"ImageObject","inLanguage":"en-US","@id":"https:\/\/gorica.info\/u-67-godini-preminuo-je-ivan-malec-otisao-je-na-posljednji-zadatak-s-kojeg-nema-povratka\/#primaryimage","url":"https:\/\/gorica.info\/wp-content\/uploads\/2024\/11\/ivan-malec-foto-jvp-vg_Fotor.jpg","contentUrl":"https:\/\/gorica.info\/wp-content\/uploads\/2024\/11\/ivan-malec-foto-jvp-vg_Fotor.jpg","width":608,"height":800,"caption":"Foto: JVP Velika Gorica"},{"@type":"BreadcrumbList","@id":"https:\/\/gorica.info\/u-67-godini-preminuo-je-ivan-malec-otisao-je-na-posljednji-zadatak-s-kojeg-nema-povratka\/#breadcrumb","itemListElement":[{"@type":"ListItem","position":1,"name":"Po\u010detna stranica","item":"https:\/\/gorica.info\/"},{"@type":"ListItem","position":2,"name":"U 67. godini preminuo je Ivan Malec: \u201eOti\u0161ao je na posljednji zadatak&#8230;\u201c"}]},{"@type":"WebSite","@id":"https:\/\/gorica.info\/#website","url":"https:\/\/gorica.info\/","name":"Gorica Info","description":"Vijesti iz Velike Gorice i okolice.","publisher":{"@id":"https:\/\/gorica.info\/#organization"},"potentialAction":[{"@type":"SearchAction","target":{"@type":"EntryPoint","urlTemplate":"https:\/\/gorica.info\/?s={search_term_string}"},"query-input":{"@type":"PropertyValueSpecification","valueRequired":true,"valueName":"search_term_string"}}],"inLanguage":"en-US"},{"@type":["Organization","Place","NewsMediaOrganization"],"@id":"https:\/\/gorica.info\/#organization","name":"Gorica Info","url":"https:\/\/gorica.info\/","logo":{"@id":"https:\/\/gorica.info\/u-67-godini-preminuo-je-ivan-malec-otisao-je-na-posljednji-zadatak-s-kojeg-nema-povratka\/#local-main-organization-logo"},"image":{"@id":"https:\/\/gorica.info\/u-67-godini-preminuo-je-ivan-malec-otisao-je-na-posljednji-zadatak-s-kojeg-nema-povratka\/#local-main-organization-logo"},"sameAs":["https:\/\/www.facebook.com\/Goricainfo-106005144489262","https:\/\/x.com\/GoricaInfo","https:\/\/www.instagram.com\/gorica.info\/"],"address":{"@id":"https:\/\/gorica.info\/u-67-godini-preminuo-je-ivan-malec-otisao-je-na-posljednji-zadatak-s-kojeg-nema-povratka\/#local-main-place-address"},"telephone":[],"openingHoursSpecification":[{"@type":"OpeningHoursSpecification","dayOfWeek":["Monday","Tuesday","Wednesday","Thursday","Friday","Saturday","Sunday"],"opens":"09:00","closes":"17:00"}],"email":"redakcija@gorica.info"},{"@type":"Person","@id":"https:\/\/gorica.info\/#\/schema\/person\/4499af1f22f322670b9b5977ccc2e3de","name":"Gorica. info","description":"Gorica.info je lokalni portal koji prati Veliku Goricu i okolici, svakodnevno donosi najnovije vijesti i pri\u010de, kulturna doga\u0111anja i aktualnosti koje oblikuju \u017eivot gra\u0111ana.","url":"https:\/\/gorica.info\/en\/author\/gorica-info\/"},{"@type":"PostalAddress","@id":"https:\/\/gorica.info\/u-67-godini-preminuo-je-ivan-malec-otisao-je-na-posljednji-zadatak-s-kojeg-nema-povratka\/#local-main-place-address","streetAddress":"Horvatova 97","addressLocality":"Velika Gorica","postalCode":"10410","addressRegion":"Croatia","addressCountry":"HR"},{"@type":"ImageObject","inLanguage":"en-US","@id":"https:\/\/gorica.info\/u-67-godini-preminuo-je-ivan-malec-otisao-je-na-posljednji-zadatak-s-kojeg-nema-povratka\/#local-main-organization-logo","url":"https:\/\/gorica.info\/wp-content\/uploads\/2024\/07\/Gorica-Info-Logo-mali.png","contentUrl":"https:\/\/gorica.info\/wp-content\/uploads\/2024\/07\/Gorica-Info-Logo-mali.png","width":450,"height":85,"caption":"Gorica Info"}]},"geo.placename":"Velika Gorica","geo.region":"Croatia"},"_links":{"self":[{"href":"https:\/\/gorica.info\/en\/wp-json\/wp\/v2\/posts\/80718","targetHints":{"allow":["GET"]}}],"collection":[{"href":"https:\/\/gorica.info\/en\/wp-json\/wp\/v2\/posts"}],"about":[{"href":"https:\/\/gorica.info\/en\/wp-json\/wp\/v2\/types\/post"}],"author":[{"embeddable":true,"href":"https:\/\/gorica.info\/en\/wp-json\/wp\/v2\/users\/23"}],"replies":[{"embeddable":true,"href":"https:\/\/gorica.info\/en\/wp-json\/wp\/v2\/comments?post=80718"}],"version-history":[{"count":2,"href":"https:\/\/gorica.info\/en\/wp-json\/wp\/v2\/posts\/80718\/revisions"}],"predecessor-version":[{"id":80736,"href":"https:\/\/gorica.info\/en\/wp-json\/wp\/v2\/posts\/80718\/revisions\/80736"}],"wp:featuredmedia":[{"embeddable":true,"href":"https:\/\/gorica.info\/en\/wp-json\/wp\/v2\/media\/80719"}],"wp:attachment":[{"href":"https:\/\/gorica.info\/en\/wp-json\/wp\/v2\/media?parent=80718"}],"wp:term":[{"taxonomy":"category","embeddable":true,"href":"https:\/\/gorica.info\/en\/wp-json\/wp\/v2\/categories?post=80718"},{"taxonomy":"post_tag","embeddable":true,"href":"https:\/\/gorica.info\/en\/wp-json\/wp\/v2\/tags?post=80718"}],"curies":[{"name":"wp","href":"https:\/\/api.w.org\/{rel}","templated":true}]}}