{"id":80870,"date":"2024-11-29T11:20:00","date_gmt":"2024-11-29T10:20:00","guid":{"rendered":"https:\/\/gorica.info\/?p=80870"},"modified":"2024-11-29T11:54:40","modified_gmt":"2024-11-29T10:54:40","slug":"na-trznom-centru-se-prikupljaju-potpisi-za-predsjednicke-izbore","status":"publish","type":"post","link":"https:\/\/gorica.info\/en\/na-trznom-centru-se-prikupljaju-potpisi-za-predsjednicke-izbore\/","title":{"rendered":"Na Tr\u017enom centru prikupljaju se potpisi za predsjedni\u010dke izbore"},"content":{"rendered":"<p class=\"has-medium-font-size\">Po\u010delo je <strong>prikupljanje potpisa <\/strong>za kandidature za predsjedni\u010dke izbore. Na <strong>Tr\u017enom centru<\/strong> u petak su i Gori\u010dani mogli dati svoj potpis za <strong>Zorana Milanovi\u0107a<\/strong>, Most je prikupljao potpise za <strong>Miru Bulja<\/strong>, a \u0161tand je imao i kandidat <strong>Mislav Kolaku\u0161i\u0107<\/strong>. Stranke su pripremile <strong>prigodne darove<\/strong> za gra\u0111ane koji potpi\u0161u pa se dijele kemijske olovke, upalja\u010di, vo\u0107e, kola\u010di\u2026<\/p>\n\n\n\n<p class=\"has-medium-font-size\">Oko \u0161tanda na kojem se prikupljaju potpisi za aktualnog i potencijalnog budu\u0107eg predsjednika okupili su se gori\u010dki SDP-ovci.<\/p>\n\n\n\n<figure class=\"wp-block-image size-large\"><img fetchpriority=\"high\" decoding=\"async\" width=\"1024\" height=\"767\" src=\"https:\/\/gorica.info\/wp-content\/uploads\/2024\/11\/potpisi-zoran-milanovic-1024x767.jpg\" alt=\"\" class=\"wp-image-80873\" srcset=\"https:\/\/gorica.info\/wp-content\/uploads\/2024\/11\/potpisi-zoran-milanovic-1024x767.jpg 1024w, https:\/\/gorica.info\/wp-content\/uploads\/2024\/11\/potpisi-zoran-milanovic-300x225.jpg 300w, https:\/\/gorica.info\/wp-content\/uploads\/2024\/11\/potpisi-zoran-milanovic-768x575.jpg 768w, https:\/\/gorica.info\/wp-content\/uploads\/2024\/11\/potpisi-zoran-milanovic-16x12.jpg 16w, https:\/\/gorica.info\/wp-content\/uploads\/2024\/11\/potpisi-zoran-milanovic-750x562.jpg 750w, https:\/\/gorica.info\/wp-content\/uploads\/2024\/11\/potpisi-zoran-milanovic.jpg 1068w\" sizes=\"(max-width: 1024px) 100vw, 1024px\" \/><\/figure>\n\n\n\n<p class=\"has-medium-font-size\">-Potpise za kandidata <a href=\"https:\/\/gorica.info\/en\/odlikovanja-za-dobrovoljne-darivatelje-krvi-predsjednik-milanovic-odlikovao-peru-filipovica-i-zdravka-kranjcevica\/\">Zorana Milanovi\u0107a<\/a> prikupljamo u petak i subotu u prijepodnevnim satima na Tr\u017enom centru ispod sata. Od postavljanja \u0161tanda imamo ba\u0161 gu\u017evu i iznimno sam zadovoljna odazivom i reakcijom na\u0161ih sugra\u0111ana. Hvala im na svakom potpisu, kazala je predsjednica<a href=\"https:\/\/www.facebook.com\/GOSDPVG?locale=hr_HR\"> gori\u010dkog SDP-a<\/a> <strong>Ivana Mlinar.<\/strong><\/p>\n\n\n\n<p class=\"has-medium-font-size\">S odazivom gra\u0111ana zadovoljni su i <a href=\"https:\/\/www.facebook.com\/mostnlvg?locale=hr_HR\">Mostovci<\/a>. <strong>Nada Finderle<\/strong> pozvala je gra\u0111ane da svoj potpis daju za njihovog kandidata Miru Bulja koji je \u010dovjek iz naroda i za narod, jednostavan, iskren on \u0161to misli to i govori, a ono \u0161to govori to i radi, ka\u017ee Nada.<\/p>\n\n\n\n<figure class=\"wp-block-image size-full\"><img decoding=\"async\" width=\"672\" height=\"800\" src=\"https:\/\/gorica.info\/wp-content\/uploads\/2024\/11\/potpisi-miro-bulj.jpg\" alt=\"\" class=\"wp-image-80874\" srcset=\"https:\/\/gorica.info\/wp-content\/uploads\/2024\/11\/potpisi-miro-bulj.jpg 672w, https:\/\/gorica.info\/wp-content\/uploads\/2024\/11\/potpisi-miro-bulj-252x300.jpg 252w, https:\/\/gorica.info\/wp-content\/uploads\/2024\/11\/potpisi-miro-bulj-10x12.jpg 10w\" sizes=\"(max-width: 672px) 100vw, 672px\" \/><\/figure>\n\n\n\n<p class=\"has-medium-font-size\">&#8211; Vidi se koliko je velike pomake napravio u Sinju gdje je gradona\u010delnik. Definitivno je Miro Bulj \u010dovjek kojem mo\u017eete vjerovati i imati povjerenje u njega. Pozivam sve Gori\u010dane da do\u0111u i daju potpis za Miru Bulja \u2013 pozvala je Nada Finderle.<\/p>\n\n\n\n<p class=\"has-medium-font-size\">Svi oni koji i slu\u017ebeno \u017eele u\u0107i u utrku za Pantov\u010dak imaju to\u010dno <strong>12 dana<\/strong> za prikupljanje <strong>najmanje 10 tisu\u0107a potpisa <\/strong>bira\u010da, a kandidature se mogu predati<strong> do 10. prosinca<\/strong>.<\/p>\n\n\n\n<figure class=\"wp-block-image size-full\"><img decoding=\"async\" width=\"806\" height=\"800\" src=\"https:\/\/gorica.info\/wp-content\/uploads\/2024\/11\/potpisi-mislav-kolakusic.jpg\" alt=\"\" class=\"wp-image-80875\" srcset=\"https:\/\/gorica.info\/wp-content\/uploads\/2024\/11\/potpisi-mislav-kolakusic.jpg 806w, https:\/\/gorica.info\/wp-content\/uploads\/2024\/11\/potpisi-mislav-kolakusic-300x298.jpg 300w, https:\/\/gorica.info\/wp-content\/uploads\/2024\/11\/potpisi-mislav-kolakusic-150x150.jpg 150w, https:\/\/gorica.info\/wp-content\/uploads\/2024\/11\/potpisi-mislav-kolakusic-768x762.jpg 768w, https:\/\/gorica.info\/wp-content\/uploads\/2024\/11\/potpisi-mislav-kolakusic-12x12.jpg 12w, https:\/\/gorica.info\/wp-content\/uploads\/2024\/11\/potpisi-mislav-kolakusic-75x75.jpg 75w, https:\/\/gorica.info\/wp-content\/uploads\/2024\/11\/potpisi-mislav-kolakusic-750x744.jpg 750w\" sizes=\"(max-width: 806px) 100vw, 806px\" \/><\/figure>\n\n\n\n<p class=\"has-medium-font-size\">Nakon toga DIP ima 48 sati za objavu pravovaljanih kandidatura i tada po\u010dinje izborna promid\u017eba koja \u0107e trajati do izborne \u0161utnje &#8211; od pono\u0107i 28. do zatvaranja bira\u010dkih mjesta na dan izbora 29. prosinca.<\/p>\n\n\n\n<p class=\"has-medium-font-size\">Svaki bira\u010d sukladno Zakonu o izboru predsjednika mo\u017ee dati potpis samo jednom kandidatu. DIP \u0107e provjeravati sve potpisne liste kako bi se izbjegli.<\/p>","protected":false},"excerpt":{"rendered":"<p>Po\u010delo je prikupljanje potpisa za kandidature za predsjedni\u010dke izbore. Na Tr\u017enom centru u petak su i Gori\u010dani mogli dati svoj potpis za Zorana Milanovi\u0107a, Most je prikupljao potpise za Miru Bulja, a \u0161tand je imao i kandidat Mislav Kolaku\u0161i\u0107. Stranke su pripremile prigodne darove za gra\u0111ane koji potpi\u0161u pa se dijele kemijske olovke, upalja\u010di, vo\u0107e, [&hellip;]<\/p>\n","protected":false},"author":23,"featured_media":80871,"comment_status":"closed","ping_status":"closed","sticky":false,"template":"","format":"standard","meta":{"limit_modified_date":"","last_modified_date":"","jnews-multi-image_gallery":[],"jnews_single_post":{"format":"standard"},"jnews_primary_category":[],"jnews_override_counter":[],"footnotes":""},"categories":[90],"tags":[2136,16015,238,2192,16016,16012,375,15554,209],"class_list":["post-80870","post","type-post","status-publish","format-standard","has-post-thumbnail","hentry","category-politika","tag-ivana-mlinar","tag-miro-bilj","tag-most","tag-nada-finderle","tag-potpisi","tag-predsjednicki-izbori","tag-stranke","tag-vg-vijesti","tag-zoran-milanovic"],"yoast_head":"<!-- This site is optimized with the Yoast SEO Premium plugin v27.4 (Yoast SEO v27.4) - https:\/\/yoast.com\/product\/yoast-seo-premium-wordpress\/ -->\n<title>Na Tr\u017enom centru prikupljaju se potpisi za predsjedni\u010dke izbore - Gorica Info<\/title>\n<meta name=\"description\" content=\"Na Tr\u017enom centru se prikupljaju potpisi za predsjedni\u010dke izbore. \u0160tand su danas postavili SDP, Most i Mislav Kolaku\u0161i\u0107.\" \/>\n<meta name=\"robots\" content=\"index, follow, max-snippet:-1, max-image-preview:large, max-video-preview:-1\" \/>\n<link rel=\"canonical\" href=\"https:\/\/gorica.info\/en\/na-trznom-centru-se-prikupljaju-potpisi-za-predsjednicke-izbore\/\" \/>\n<meta property=\"og:locale\" content=\"en_US\" \/>\n<meta property=\"og:type\" content=\"article\" \/>\n<meta property=\"og:title\" content=\"Na Tr\u017enom centru prikupljaju se potpisi za predsjedni\u010dke izbore\" \/>\n<meta property=\"og:description\" content=\"Na Tr\u017enom centru se prikupljaju potpisi za predsjedni\u010dke izbore. \u0160tand su danas postavili SDP, Most i Mislav Kolaku\u0161i\u0107.\" \/>\n<meta property=\"og:url\" content=\"https:\/\/gorica.info\/en\/na-trznom-centru-se-prikupljaju-potpisi-za-predsjednicke-izbore\/\" \/>\n<meta property=\"og:site_name\" content=\"Gorica Info\" \/>\n<meta property=\"article:publisher\" content=\"https:\/\/www.facebook.com\/Goricainfo-106005144489262\" \/>\n<meta property=\"article:published_time\" content=\"2024-11-29T10:20:00+00:00\" \/>\n<meta property=\"article:modified_time\" content=\"2024-11-29T10:54:40+00:00\" \/>\n<meta property=\"og:image\" content=\"https:\/\/gorica.info\/wp-content\/uploads\/2024\/11\/potpisi-predsjednicki-izbori-foto-goricainfo.jpg\" \/>\n\t<meta property=\"og:image:width\" content=\"1200\" \/>\n\t<meta property=\"og:image:height\" content=\"674\" \/>\n\t<meta property=\"og:image:type\" content=\"image\/jpeg\" \/>\n<meta name=\"author\" content=\"Gorica. info\" \/>\n<meta name=\"twitter:card\" content=\"summary_large_image\" \/>\n<meta name=\"twitter:creator\" content=\"@GoricaInfo\" \/>\n<meta name=\"twitter:site\" content=\"@GoricaInfo\" \/>\n<meta name=\"twitter:label1\" content=\"Written by\" \/>\n\t<meta name=\"twitter:data1\" content=\"Gorica. info\" \/>\n\t<meta name=\"twitter:label2\" content=\"Est. reading time\" \/>\n\t<meta name=\"twitter:data2\" content=\"3 minutes\" \/>\n<meta name=\"geo.placename\" content=\"Velika Gorica\" \/>\n<meta name=\"geo.region\" content=\"Croatia\" \/>\n<!-- \/ Yoast SEO Premium plugin. -->","yoast_head_json":{"title":"Na Tr\u017enom centru prikupljaju se potpisi za predsjedni\u010dke izbore - Gorica Info","description":"Na Tr\u017enom centru se prikupljaju potpisi za predsjedni\u010dke izbore. \u0160tand su danas postavili SDP, Most i Mislav Kolaku\u0161i\u0107.","robots":{"index":"index","follow":"follow","max-snippet":"max-snippet:-1","max-image-preview":"max-image-preview:large","max-video-preview":"max-video-preview:-1"},"canonical":"https:\/\/gorica.info\/en\/na-trznom-centru-se-prikupljaju-potpisi-za-predsjednicke-izbore\/","og_locale":"en_US","og_type":"article","og_title":"Na Tr\u017enom centru prikupljaju se potpisi za predsjedni\u010dke izbore","og_description":"Na Tr\u017enom centru se prikupljaju potpisi za predsjedni\u010dke izbore. \u0160tand su danas postavili SDP, Most i Mislav Kolaku\u0161i\u0107.","og_url":"https:\/\/gorica.info\/en\/na-trznom-centru-se-prikupljaju-potpisi-za-predsjednicke-izbore\/","og_site_name":"Gorica Info","article_publisher":"https:\/\/www.facebook.com\/Goricainfo-106005144489262","article_published_time":"2024-11-29T10:20:00+00:00","article_modified_time":"2024-11-29T10:54:40+00:00","og_image":[{"width":1200,"height":674,"url":"https:\/\/gorica.info\/wp-content\/uploads\/2024\/11\/potpisi-predsjednicki-izbori-foto-goricainfo.jpg","type":"image\/jpeg"}],"author":"Gorica. info","twitter_card":"summary_large_image","twitter_creator":"@GoricaInfo","twitter_site":"@GoricaInfo","twitter_misc":{"Written by":"Gorica. info","Est. reading time":"3 minutes"},"schema":{"@context":"https:\/\/schema.org","@graph":[{"@type":"NewsArticle","@id":"https:\/\/gorica.info\/na-trznom-centru-se-prikupljaju-potpisi-za-predsjednicke-izbore\/#article","isPartOf":{"@id":"https:\/\/gorica.info\/na-trznom-centru-se-prikupljaju-potpisi-za-predsjednicke-izbore\/"},"author":{"name":"Gorica. info","@id":"https:\/\/gorica.info\/#\/schema\/person\/4499af1f22f322670b9b5977ccc2e3de"},"headline":"Na Tr\u017enom centru prikupljaju se potpisi za predsjedni\u010dke izbore","datePublished":"2024-11-29T10:20:00+00:00","dateModified":"2024-11-29T10:54:40+00:00","mainEntityOfPage":{"@id":"https:\/\/gorica.info\/na-trznom-centru-se-prikupljaju-potpisi-za-predsjednicke-izbore\/"},"wordCount":335,"publisher":{"@id":"https:\/\/gorica.info\/#organization"},"image":{"@id":"https:\/\/gorica.info\/na-trznom-centru-se-prikupljaju-potpisi-za-predsjednicke-izbore\/#primaryimage"},"thumbnailUrl":"https:\/\/gorica.info\/wp-content\/uploads\/2024\/11\/potpisi-predsjednicki-izbori-foto-goricainfo.jpg","keywords":["ivana mlinar","miro bilj","Most","nada finderle","potpisi","predsjedni\u010dki izbori","stranke","vg vijesti","zoran milanovi\u0107"],"articleSection":["POLITIKA"],"inLanguage":"en-US","copyrightYear":"2024","copyrightHolder":{"@id":"https:\/\/gorica.info\/en\/#organization"}},{"@type":"WebPage","@id":"https:\/\/gorica.info\/na-trznom-centru-se-prikupljaju-potpisi-za-predsjednicke-izbore\/","url":"https:\/\/gorica.info\/na-trznom-centru-se-prikupljaju-potpisi-za-predsjednicke-izbore\/","name":"Na Tr\u017enom centru prikupljaju se potpisi za predsjedni\u010dke izbore - Gorica Info","isPartOf":{"@id":"https:\/\/gorica.info\/#website"},"primaryImageOfPage":{"@id":"https:\/\/gorica.info\/na-trznom-centru-se-prikupljaju-potpisi-za-predsjednicke-izbore\/#primaryimage"},"image":{"@id":"https:\/\/gorica.info\/na-trznom-centru-se-prikupljaju-potpisi-za-predsjednicke-izbore\/#primaryimage"},"thumbnailUrl":"https:\/\/gorica.info\/wp-content\/uploads\/2024\/11\/potpisi-predsjednicki-izbori-foto-goricainfo.jpg","datePublished":"2024-11-29T10:20:00+00:00","dateModified":"2024-11-29T10:54:40+00:00","description":"Na Tr\u017enom centru se prikupljaju potpisi za predsjedni\u010dke izbore. \u0160tand su danas postavili SDP, Most i Mislav Kolaku\u0161i\u0107.","breadcrumb":{"@id":"https:\/\/gorica.info\/na-trznom-centru-se-prikupljaju-potpisi-za-predsjednicke-izbore\/#breadcrumb"},"inLanguage":"en-US","potentialAction":[{"@type":"ReadAction","target":["https:\/\/gorica.info\/na-trznom-centru-se-prikupljaju-potpisi-za-predsjednicke-izbore\/"]}]},{"@type":"ImageObject","inLanguage":"en-US","@id":"https:\/\/gorica.info\/na-trznom-centru-se-prikupljaju-potpisi-za-predsjednicke-izbore\/#primaryimage","url":"https:\/\/gorica.info\/wp-content\/uploads\/2024\/11\/potpisi-predsjednicki-izbori-foto-goricainfo.jpg","contentUrl":"https:\/\/gorica.info\/wp-content\/uploads\/2024\/11\/potpisi-predsjednicki-izbori-foto-goricainfo.jpg","width":1100,"height":618,"caption":"Foto: Gorica.info"},{"@type":"BreadcrumbList","@id":"https:\/\/gorica.info\/na-trznom-centru-se-prikupljaju-potpisi-za-predsjednicke-izbore\/#breadcrumb","itemListElement":[{"@type":"ListItem","position":1,"name":"Po\u010detna stranica","item":"https:\/\/gorica.info\/"},{"@type":"ListItem","position":2,"name":"Na Tr\u017enom centru prikupljaju se potpisi za predsjedni\u010dke izbore"}]},{"@type":"WebSite","@id":"https:\/\/gorica.info\/#website","url":"https:\/\/gorica.info\/","name":"Gorica Info","description":"Vijesti iz Velike Gorice i okolice.","publisher":{"@id":"https:\/\/gorica.info\/#organization"},"potentialAction":[{"@type":"SearchAction","target":{"@type":"EntryPoint","urlTemplate":"https:\/\/gorica.info\/?s={search_term_string}"},"query-input":{"@type":"PropertyValueSpecification","valueRequired":true,"valueName":"search_term_string"}}],"inLanguage":"en-US"},{"@type":["Organization","Place","NewsMediaOrganization"],"@id":"https:\/\/gorica.info\/#organization","name":"Gorica Info","url":"https:\/\/gorica.info\/","logo":{"@id":"https:\/\/gorica.info\/na-trznom-centru-se-prikupljaju-potpisi-za-predsjednicke-izbore\/#local-main-organization-logo"},"image":{"@id":"https:\/\/gorica.info\/na-trznom-centru-se-prikupljaju-potpisi-za-predsjednicke-izbore\/#local-main-organization-logo"},"sameAs":["https:\/\/www.facebook.com\/Goricainfo-106005144489262","https:\/\/x.com\/GoricaInfo","https:\/\/www.instagram.com\/gorica.info\/"],"address":{"@id":"https:\/\/gorica.info\/na-trznom-centru-se-prikupljaju-potpisi-za-predsjednicke-izbore\/#local-main-place-address"},"telephone":[],"openingHoursSpecification":[{"@type":"OpeningHoursSpecification","dayOfWeek":["Monday","Tuesday","Wednesday","Thursday","Friday","Saturday","Sunday"],"opens":"09:00","closes":"17:00"}],"email":"redakcija@gorica.info"},{"@type":"Person","@id":"https:\/\/gorica.info\/#\/schema\/person\/4499af1f22f322670b9b5977ccc2e3de","name":"Gorica. info","description":"Gorica.info je lokalni portal koji prati Veliku Goricu i okolici, svakodnevno donosi najnovije vijesti i pri\u010de, kulturna doga\u0111anja i aktualnosti koje oblikuju \u017eivot gra\u0111ana.","url":"https:\/\/gorica.info\/en\/author\/gorica-info\/"},{"@type":"PostalAddress","@id":"https:\/\/gorica.info\/na-trznom-centru-se-prikupljaju-potpisi-za-predsjednicke-izbore\/#local-main-place-address","streetAddress":"Horvatova 97","addressLocality":"Velika Gorica","postalCode":"10410","addressRegion":"Croatia","addressCountry":"HR"},{"@type":"ImageObject","inLanguage":"en-US","@id":"https:\/\/gorica.info\/na-trznom-centru-se-prikupljaju-potpisi-za-predsjednicke-izbore\/#local-main-organization-logo","url":"https:\/\/gorica.info\/wp-content\/uploads\/2024\/07\/Gorica-Info-Logo-mali.png","contentUrl":"https:\/\/gorica.info\/wp-content\/uploads\/2024\/07\/Gorica-Info-Logo-mali.png","width":450,"height":85,"caption":"Gorica Info"}]},"geo.placename":"Velika Gorica","geo.region":"Croatia"},"_links":{"self":[{"href":"https:\/\/gorica.info\/en\/wp-json\/wp\/v2\/posts\/80870","targetHints":{"allow":["GET"]}}],"collection":[{"href":"https:\/\/gorica.info\/en\/wp-json\/wp\/v2\/posts"}],"about":[{"href":"https:\/\/gorica.info\/en\/wp-json\/wp\/v2\/types\/post"}],"author":[{"embeddable":true,"href":"https:\/\/gorica.info\/en\/wp-json\/wp\/v2\/users\/23"}],"replies":[{"embeddable":true,"href":"https:\/\/gorica.info\/en\/wp-json\/wp\/v2\/comments?post=80870"}],"version-history":[{"count":3,"href":"https:\/\/gorica.info\/en\/wp-json\/wp\/v2\/posts\/80870\/revisions"}],"predecessor-version":[{"id":80878,"href":"https:\/\/gorica.info\/en\/wp-json\/wp\/v2\/posts\/80870\/revisions\/80878"}],"wp:featuredmedia":[{"embeddable":true,"href":"https:\/\/gorica.info\/en\/wp-json\/wp\/v2\/media\/80871"}],"wp:attachment":[{"href":"https:\/\/gorica.info\/en\/wp-json\/wp\/v2\/media?parent=80870"}],"wp:term":[{"taxonomy":"category","embeddable":true,"href":"https:\/\/gorica.info\/en\/wp-json\/wp\/v2\/categories?post=80870"},{"taxonomy":"post_tag","embeddable":true,"href":"https:\/\/gorica.info\/en\/wp-json\/wp\/v2\/tags?post=80870"}],"curies":[{"name":"wp","href":"https:\/\/api.w.org\/{rel}","templated":true}]}}