{"id":81004,"date":"2024-12-01T08:52:57","date_gmt":"2024-12-01T07:52:57","guid":{"rendered":"https:\/\/gorica.info\/?p=81004"},"modified":"2024-12-01T08:53:40","modified_gmt":"2024-12-01T07:53:40","slug":"danas-palimo-prvu-svijecu-na-adventskom-vijencu-evo-sto-svaka-simbolizira","status":"publish","type":"post","link":"https:\/\/gorica.info\/en\/danas-palimo-prvu-svijecu-na-adventskom-vijencu-evo-sto-svaka-simbolizira\/","title":{"rendered":"Danas palimo prvu svije\u0107u na adventskom vijencu: Evo \u0161to svaka simbolizira"},"content":{"rendered":"<p class=\"has-medium-font-size\">Prva je <strong>nedjelja do\u0161a\u0161\u0107a<\/strong> ili <strong>adventa<\/strong> koja u crkvenoj godini ozna\u010dava vrijeme <strong>priprave za Bo\u017ei\u0107<\/strong>, odnosno Kristovo ro\u0111enje. Do\u0161a\u0161\u0107e po\u010dinje \u010detiri nedjelje prije Bo\u017ei\u0107a, a zavr\u0161ava 24. prosinca na Badnjak. U do\u0161a\u0161\u0107u se izra\u0111uje i stavlja na stol <strong>adventski vijenac<\/strong> s \u010detiri svije\u0107e. One simboliziraju \u010detiri nedjelje u <a href=\"https:\/\/hr.wikipedia.org\/wiki\/Adventski_vijenac\">do\u0161a\u0161\u0107u<\/a>. Prvi adventski vijenac na svijetu pojavio se 1838. u domu za siroma\u0161nu djecu u Hamburgu.<\/p>\n\n\n\n<p class=\"has-medium-font-size\"><strong>Adventski vijenac<\/strong> je simbol borbe \u010dovjeka protiv \u017eivotnoga mraka. Ta je borba puna nade jer ukra\u0161eni adventski vijenac ozna\u010dava pobjedu Krista Gospodina.<\/p>\n\n\n\n<p class=\"has-medium-font-size\">Do\u0161a\u0161\u0107e mo\u017ee po\u010deti najranije 27. studenog, a najkasnije 3. prosinca. U do\u0161a\u0161\u0107u prevladava ljubi\u010dasta boja u liturgiji.<\/p>\n\n\n\n<p class=\"has-medium-font-size\">U vrijeme do\u0161a\u0161\u0107a slu\u017ee se <strong>rane jutarnje svete mise<\/strong> \u2013 zornice. Mise imaju pokorni\u010dki zna\u010daj, jer treba ustati rano da se stigne u crkvu. Predstavljaju stoga neki oblik \u010detverotjednog trajnog odricanja od sna, a svoj po\u010detak imaju jo\u0161 u srednjem vijeku.<\/p>\n\n\n\n<h2 class=\"wp-block-heading has-medium-font-size\"><strong>Zimzelene gran\u010dice na vijencu simboliziraju vje\u010dnost<\/strong><\/h2>\n\n\n\n<p class=\"has-medium-font-size\">Plete se od zimzelenih gran\u010dica tako da nema po\u010detka ni kraja \u0161to ozna\u010duje vje\u010dnost. Bor i bo\u017eikovina u vijencu simboliziraju besmrtnost, lovor ozna\u010dava pobjedu nad grijehom i patnjom, a cedar snagu i izlje\u010denje od svih bolesti. \u010cesto je u vijencu i gran\u010dica ru\u017emarina jer je ona prema legendi \u010duvala Djevicu Mariju na njenom putu u Egipat.<\/p>\n\n\n\n<figure class=\"wp-block-image size-large\"><img fetchpriority=\"high\" decoding=\"async\" width=\"1024\" height=\"683\" src=\"https:\/\/gorica.info\/wp-content\/uploads\/2024\/12\/adentski-vijenac2-foto-pixabay-1024x683.jpg\" alt=\"vijencu\" class=\"wp-image-81006\" srcset=\"https:\/\/gorica.info\/wp-content\/uploads\/2024\/12\/adentski-vijenac2-foto-pixabay-1024x683.jpg 1024w, https:\/\/gorica.info\/wp-content\/uploads\/2024\/12\/adentski-vijenac2-foto-pixabay-300x200.jpg 300w, https:\/\/gorica.info\/wp-content\/uploads\/2024\/12\/adentski-vijenac2-foto-pixabay-768x512.jpg 768w, https:\/\/gorica.info\/wp-content\/uploads\/2024\/12\/adentski-vijenac2-foto-pixabay-18x12.jpg 18w, https:\/\/gorica.info\/wp-content\/uploads\/2024\/12\/adentski-vijenac2-foto-pixabay-750x500.jpg 750w, https:\/\/gorica.info\/wp-content\/uploads\/2024\/12\/adentski-vijenac2-foto-pixabay-1140x760.jpg 1140w, https:\/\/gorica.info\/wp-content\/uploads\/2024\/12\/adentski-vijenac2-foto-pixabay.jpg 1100w\" sizes=\"(max-width: 1024px) 100vw, 1024px\" \/><figcaption class=\"wp-element-caption\">Foto: Pixabay<\/figcaption><\/figure>\n\n\n\n<p class=\"has-medium-font-size\">U vijenac se ume\u0107u <strong>\u010detiri svije\u0107e.<\/strong> Prva svije\u0107a je postilica ili prorokova svije\u0107a \u2013 simbolizira nadu i i\u0161\u010dekivanje. Druga svije\u0107a je pomirilica ili betlehemska \u2013 ozna\u010dava mir. Tre\u0107a svije\u0107a je pastirska \u2013 slavi radost i veselje. \u010cetvrta svije\u0107a je svije\u0107a an\u0111ela i donosi \u2013 ljubav.<\/p>\n\n\n\n<p class=\"has-medium-font-size\">U vrijeme <a href=\"https:\/\/gorica.info\/en\/otvoren-advent-u-gorici-jedinstveni-ugodaj-u-sredistu-grada-sve-je-odusevio\/\">Do\u0161a\u0161\u0107a<\/a>, slavi se <strong>sveti Nikola<\/strong>, 6. prosinca, negdje zvan i Nikolinje. Tada se <strong>darivaju djeca <\/strong>po uzoru na sv. Nikolu biskupa, koji je prema legendi no\u0107u potajno kroz prozor donosio darove siroma\u0161nim ljudima. Sv. Nikolu prate an\u0111eli i Krampus ovisno o tome radi li se o dobroj ili zlo\u010destoj djeci, koja od Krampusa dobivaju \u0161ibu, koja je obi\u010dno zlatne boje. Djeca \u010diste svoje \u010dizmice i stavljaju ih na prozore prije spavanja, no\u0107 prije dana sv. Nikole. Ujutro, kad se probude, do\u010dekaju ih \u010dizmice pune poklona.<\/p>\n\n\n\n<p class=\"has-medium-font-size\">Jo\u0161 jedan obi\u010daj vezan je uz do\u0161a\u0161\u0107e, a to je <strong>sijanje p\u0161enice na Svetu Luciju<\/strong>. Prema narodnom vjerovanju gusto\u0107a i boja p\u0161enice predskazuje bogatu ili siroma\u0161nu \u017eetvu sljede\u0107e godine. P\u0161enica se stavlja na stol na sam Bo\u017ei\u0107, a tijekom bo\u017ei\u0107nih blagdana stoji pod borom ili uz jaslice. U nekim hrvatskim krajevima, usred p\u0161enice stoji svije\u0107a koja se pali na Badnjak.<\/p>\n\n\n\n<p class=\"has-medium-font-size\"><strong>Sveta Lucija <\/strong>od davnine je za\u0161titnica Turopolja i na\u0161eg grada.<\/p>","protected":false},"excerpt":{"rendered":"<p>Prva je nedjelja do\u0161a\u0161\u0107a ili adventa koja u crkvenoj godini ozna\u010dava vrijeme priprave za Bo\u017ei\u0107, odnosno Kristovo ro\u0111enje. Do\u0161a\u0161\u0107e po\u010dinje \u010detiri nedjelje prije Bo\u017ei\u0107a, a zavr\u0161ava 24. prosinca na Badnjak. U do\u0161a\u0161\u0107u se izra\u0111uje i stavlja na stol adventski vijenac s \u010detiri svije\u0107e. One simboliziraju \u010detiri nedjelje u do\u0161a\u0161\u0107u. Prvi adventski vijenac na svijetu pojavio [&hellip;]<\/p>\n","protected":false},"author":25,"featured_media":81005,"comment_status":"closed","ping_status":"closed","sticky":false,"template":"","format":"standard","meta":{"limit_modified_date":"","last_modified_date":"","jnews-multi-image_gallery":[],"jnews_single_post":{"format":"standard"},"jnews_primary_category":[],"jnews_override_counter":[],"footnotes":""},"categories":[109],"tags":[1721,8086,1656,12451,4167,16058,16059,1639,15554,16060],"class_list":["post-81004","post","type-post","status-publish","format-standard","has-post-thumbnail","hentry","category-zivot","tag-advent","tag-adventski-vijenac","tag-bozic","tag-dosasce","tag-nedjelja","tag-priprava-za-bozic","tag-simbol-bozica","tag-svijece","tag-vg-vijesti","tag-zimzelene-grancice"],"yoast_head":"<!-- This site is optimized with the Yoast SEO Premium plugin v27.5 (Yoast SEO v27.5) - https:\/\/yoast.com\/product\/yoast-seo-premium-wordpress\/ -->\n<title>Danas palimo prvu svije\u0107u na adventskom vijencu: Evo \u0161to svaka simbolizira - Gorica Info<\/title>\n<meta name=\"description\" content=\"Danas palimo prvu svije\u0107u na adventskom vijencu. Svaka ima svoje zna\u010denje, a zelene gran\u010dice simbol su vje\u010dnosti.\" \/>\n<meta name=\"robots\" content=\"index, follow, max-snippet:-1, max-image-preview:large, max-video-preview:-1\" \/>\n<link rel=\"canonical\" href=\"https:\/\/gorica.info\/en\/danas-palimo-prvu-svijecu-na-adventskom-vijencu-evo-sto-svaka-simbolizira\/\" \/>\n<meta property=\"og:locale\" content=\"en_US\" \/>\n<meta property=\"og:type\" content=\"article\" \/>\n<meta property=\"og:title\" content=\"Danas palimo prvu svije\u0107u na adventskom vijencu: Evo \u0161to svaka simbolizira\" \/>\n<meta property=\"og:description\" content=\"Danas palimo prvu svije\u0107u na adventskom vijencu. Svaka ima svoje zna\u010denje, a zelene gran\u010dice simbol su vje\u010dnosti.\" \/>\n<meta property=\"og:url\" content=\"https:\/\/gorica.info\/en\/danas-palimo-prvu-svijecu-na-adventskom-vijencu-evo-sto-svaka-simbolizira\/\" \/>\n<meta property=\"og:site_name\" content=\"Gorica Info\" \/>\n<meta property=\"article:publisher\" content=\"https:\/\/www.facebook.com\/Goricainfo-106005144489262\" \/>\n<meta property=\"article:published_time\" content=\"2024-12-01T07:52:57+00:00\" \/>\n<meta property=\"article:modified_time\" content=\"2024-12-01T07:53:40+00:00\" \/>\n<meta property=\"og:image\" content=\"https:\/\/gorica.info\/wp-content\/uploads\/2024\/12\/adventski-vijenac-prva-svijeca-foto-pixabay.jpg\" \/>\n\t<meta property=\"og:image:width\" content=\"1200\" \/>\n\t<meta property=\"og:image:height\" content=\"800\" \/>\n\t<meta property=\"og:image:type\" content=\"image\/jpeg\" \/>\n<meta name=\"author\" content=\"Marta Horvat\" \/>\n<meta name=\"twitter:card\" content=\"summary_large_image\" \/>\n<meta name=\"twitter:creator\" content=\"@GoricaInfo\" \/>\n<meta name=\"twitter:site\" content=\"@GoricaInfo\" \/>\n<meta name=\"twitter:label1\" content=\"Written by\" \/>\n\t<meta name=\"twitter:data1\" content=\"Marta Horvat\" \/>\n\t<meta name=\"twitter:label2\" content=\"Est. reading time\" \/>\n\t<meta name=\"twitter:data2\" content=\"3 minutes\" \/>\n<meta name=\"geo.placename\" content=\"Velika Gorica\" \/>\n<meta name=\"geo.region\" content=\"Croatia\" \/>\n<!-- \/ Yoast SEO Premium plugin. -->","yoast_head_json":{"title":"Danas palimo prvu svije\u0107u na adventskom vijencu: Evo \u0161to svaka simbolizira - Gorica Info","description":"Danas palimo prvu svije\u0107u na adventskom vijencu. Svaka ima svoje zna\u010denje, a zelene gran\u010dice simbol su vje\u010dnosti.","robots":{"index":"index","follow":"follow","max-snippet":"max-snippet:-1","max-image-preview":"max-image-preview:large","max-video-preview":"max-video-preview:-1"},"canonical":"https:\/\/gorica.info\/en\/danas-palimo-prvu-svijecu-na-adventskom-vijencu-evo-sto-svaka-simbolizira\/","og_locale":"en_US","og_type":"article","og_title":"Danas palimo prvu svije\u0107u na adventskom vijencu: Evo \u0161to svaka simbolizira","og_description":"Danas palimo prvu svije\u0107u na adventskom vijencu. Svaka ima svoje zna\u010denje, a zelene gran\u010dice simbol su vje\u010dnosti.","og_url":"https:\/\/gorica.info\/en\/danas-palimo-prvu-svijecu-na-adventskom-vijencu-evo-sto-svaka-simbolizira\/","og_site_name":"Gorica Info","article_publisher":"https:\/\/www.facebook.com\/Goricainfo-106005144489262","article_published_time":"2024-12-01T07:52:57+00:00","article_modified_time":"2024-12-01T07:53:40+00:00","og_image":[{"width":1200,"height":800,"url":"https:\/\/gorica.info\/wp-content\/uploads\/2024\/12\/adventski-vijenac-prva-svijeca-foto-pixabay.jpg","type":"image\/jpeg"}],"author":"Marta Horvat","twitter_card":"summary_large_image","twitter_creator":"@GoricaInfo","twitter_site":"@GoricaInfo","twitter_misc":{"Written by":"Marta Horvat","Est. reading time":"3 minutes"},"schema":{"@context":"https:\/\/schema.org","@graph":[{"@type":"NewsArticle","@id":"https:\/\/gorica.info\/danas-palimo-prvu-svijecu-na-adventskom-vijencu-evo-sto-svaka-simbolizira\/#article","isPartOf":{"@id":"https:\/\/gorica.info\/danas-palimo-prvu-svijecu-na-adventskom-vijencu-evo-sto-svaka-simbolizira\/"},"author":{"name":"Marta Horvat","@id":"https:\/\/gorica.info\/#\/schema\/person\/b2df2f6fb2a9073c0fa5af2672befd52"},"headline":"Danas palimo prvu svije\u0107u na adventskom vijencu: Evo \u0161to svaka simbolizira","datePublished":"2024-12-01T07:52:57+00:00","dateModified":"2024-12-01T07:53:40+00:00","mainEntityOfPage":{"@id":"https:\/\/gorica.info\/danas-palimo-prvu-svijecu-na-adventskom-vijencu-evo-sto-svaka-simbolizira\/"},"wordCount":492,"publisher":{"@id":"https:\/\/gorica.info\/#organization"},"image":{"@id":"https:\/\/gorica.info\/danas-palimo-prvu-svijecu-na-adventskom-vijencu-evo-sto-svaka-simbolizira\/#primaryimage"},"thumbnailUrl":"https:\/\/gorica.info\/wp-content\/uploads\/2024\/12\/adventski-vijenac-prva-svijeca-foto-pixabay.jpg","keywords":["advent","adventski vijenac","bo\u017ei\u0107","do\u0161a\u0161\u0107e","nedjelja","priprava za bo\u017ei\u0107","simbol bo\u017ei\u0107a","svije\u0107e","vg vijesti","zimzelene gran\u010dice"],"articleSection":["\u017dIVOT"],"inLanguage":"en-US","copyrightYear":"2024","copyrightHolder":{"@id":"https:\/\/gorica.info\/en\/#organization"}},{"@type":"WebPage","@id":"https:\/\/gorica.info\/danas-palimo-prvu-svijecu-na-adventskom-vijencu-evo-sto-svaka-simbolizira\/","url":"https:\/\/gorica.info\/danas-palimo-prvu-svijecu-na-adventskom-vijencu-evo-sto-svaka-simbolizira\/","name":"Danas palimo prvu svije\u0107u na adventskom vijencu: Evo \u0161to svaka simbolizira - Gorica Info","isPartOf":{"@id":"https:\/\/gorica.info\/#website"},"primaryImageOfPage":{"@id":"https:\/\/gorica.info\/danas-palimo-prvu-svijecu-na-adventskom-vijencu-evo-sto-svaka-simbolizira\/#primaryimage"},"image":{"@id":"https:\/\/gorica.info\/danas-palimo-prvu-svijecu-na-adventskom-vijencu-evo-sto-svaka-simbolizira\/#primaryimage"},"thumbnailUrl":"https:\/\/gorica.info\/wp-content\/uploads\/2024\/12\/adventski-vijenac-prva-svijeca-foto-pixabay.jpg","datePublished":"2024-12-01T07:52:57+00:00","dateModified":"2024-12-01T07:53:40+00:00","description":"Danas palimo prvu svije\u0107u na adventskom vijencu. Svaka ima svoje zna\u010denje, a zelene gran\u010dice simbol su vje\u010dnosti.","breadcrumb":{"@id":"https:\/\/gorica.info\/danas-palimo-prvu-svijecu-na-adventskom-vijencu-evo-sto-svaka-simbolizira\/#breadcrumb"},"inLanguage":"en-US","potentialAction":[{"@type":"ReadAction","target":["https:\/\/gorica.info\/danas-palimo-prvu-svijecu-na-adventskom-vijencu-evo-sto-svaka-simbolizira\/"]}]},{"@type":"ImageObject","inLanguage":"en-US","@id":"https:\/\/gorica.info\/danas-palimo-prvu-svijecu-na-adventskom-vijencu-evo-sto-svaka-simbolizira\/#primaryimage","url":"https:\/\/gorica.info\/wp-content\/uploads\/2024\/12\/adventski-vijenac-prva-svijeca-foto-pixabay.jpg","contentUrl":"https:\/\/gorica.info\/wp-content\/uploads\/2024\/12\/adventski-vijenac-prva-svijeca-foto-pixabay.jpg","width":1100,"height":733,"caption":"Foto: Pixabay"},{"@type":"BreadcrumbList","@id":"https:\/\/gorica.info\/danas-palimo-prvu-svijecu-na-adventskom-vijencu-evo-sto-svaka-simbolizira\/#breadcrumb","itemListElement":[{"@type":"ListItem","position":1,"name":"Po\u010detna stranica","item":"https:\/\/gorica.info\/"},{"@type":"ListItem","position":2,"name":"Danas palimo prvu svije\u0107u na adventskom vijencu: Evo \u0161to svaka simbolizira"}]},{"@type":"WebSite","@id":"https:\/\/gorica.info\/#website","url":"https:\/\/gorica.info\/","name":"Gorica Info","description":"Vijesti iz Velike Gorice i okolice.","publisher":{"@id":"https:\/\/gorica.info\/#organization"},"potentialAction":[{"@type":"SearchAction","target":{"@type":"EntryPoint","urlTemplate":"https:\/\/gorica.info\/?s={search_term_string}"},"query-input":{"@type":"PropertyValueSpecification","valueRequired":true,"valueName":"search_term_string"}}],"inLanguage":"en-US"},{"@type":["Organization","Place","NewsMediaOrganization"],"@id":"https:\/\/gorica.info\/#organization","name":"Gorica Info","url":"https:\/\/gorica.info\/","logo":{"@id":"https:\/\/gorica.info\/danas-palimo-prvu-svijecu-na-adventskom-vijencu-evo-sto-svaka-simbolizira\/#local-main-organization-logo"},"image":{"@id":"https:\/\/gorica.info\/danas-palimo-prvu-svijecu-na-adventskom-vijencu-evo-sto-svaka-simbolizira\/#local-main-organization-logo"},"sameAs":["https:\/\/www.facebook.com\/Goricainfo-106005144489262","https:\/\/x.com\/GoricaInfo","https:\/\/www.instagram.com\/gorica.info\/"],"address":{"@id":"https:\/\/gorica.info\/danas-palimo-prvu-svijecu-na-adventskom-vijencu-evo-sto-svaka-simbolizira\/#local-main-place-address"},"telephone":[],"openingHoursSpecification":[{"@type":"OpeningHoursSpecification","dayOfWeek":["Monday","Tuesday","Wednesday","Thursday","Friday","Saturday","Sunday"],"opens":"09:00","closes":"17:00"}],"email":"redakcija@gorica.info"},{"@type":"Person","@id":"https:\/\/gorica.info\/#\/schema\/person\/b2df2f6fb2a9073c0fa5af2672befd52","name":"Marta Horvat","description":"Marta Horvat je studentica koja redovito pi\u0161e za portal, prati sva gradska doga\u0111anja i u\u017eiva isprobavati nove recept koje dijeli s na\u0161im \u010ditateljima.","url":"https:\/\/gorica.info\/en\/author\/marta-horvat\/"},{"@type":"PostalAddress","@id":"https:\/\/gorica.info\/danas-palimo-prvu-svijecu-na-adventskom-vijencu-evo-sto-svaka-simbolizira\/#local-main-place-address","streetAddress":"Horvatova 97","addressLocality":"Velika Gorica","postalCode":"10410","addressRegion":"Croatia","addressCountry":"HR"},{"@type":"ImageObject","inLanguage":"en-US","@id":"https:\/\/gorica.info\/danas-palimo-prvu-svijecu-na-adventskom-vijencu-evo-sto-svaka-simbolizira\/#local-main-organization-logo","url":"https:\/\/gorica.info\/wp-content\/uploads\/2024\/07\/Gorica-Info-Logo-mali.png","contentUrl":"https:\/\/gorica.info\/wp-content\/uploads\/2024\/07\/Gorica-Info-Logo-mali.png","width":450,"height":85,"caption":"Gorica Info"}]},"geo.placename":"Velika Gorica","geo.region":"Croatia"},"_links":{"self":[{"href":"https:\/\/gorica.info\/en\/wp-json\/wp\/v2\/posts\/81004","targetHints":{"allow":["GET"]}}],"collection":[{"href":"https:\/\/gorica.info\/en\/wp-json\/wp\/v2\/posts"}],"about":[{"href":"https:\/\/gorica.info\/en\/wp-json\/wp\/v2\/types\/post"}],"author":[{"embeddable":true,"href":"https:\/\/gorica.info\/en\/wp-json\/wp\/v2\/users\/25"}],"replies":[{"embeddable":true,"href":"https:\/\/gorica.info\/en\/wp-json\/wp\/v2\/comments?post=81004"}],"version-history":[{"count":1,"href":"https:\/\/gorica.info\/en\/wp-json\/wp\/v2\/posts\/81004\/revisions"}],"predecessor-version":[{"id":81007,"href":"https:\/\/gorica.info\/en\/wp-json\/wp\/v2\/posts\/81004\/revisions\/81007"}],"wp:featuredmedia":[{"embeddable":true,"href":"https:\/\/gorica.info\/en\/wp-json\/wp\/v2\/media\/81005"}],"wp:attachment":[{"href":"https:\/\/gorica.info\/en\/wp-json\/wp\/v2\/media?parent=81004"}],"wp:term":[{"taxonomy":"category","embeddable":true,"href":"https:\/\/gorica.info\/en\/wp-json\/wp\/v2\/categories?post=81004"},{"taxonomy":"post_tag","embeddable":true,"href":"https:\/\/gorica.info\/en\/wp-json\/wp\/v2\/tags?post=81004"}],"curies":[{"name":"wp","href":"https:\/\/api.w.org\/{rel}","templated":true}]}}