{"id":81768,"date":"2024-12-13T08:49:00","date_gmt":"2024-12-13T07:49:00","guid":{"rendered":"https:\/\/gorica.info\/?p=81768"},"modified":"2024-12-13T10:03:21","modified_gmt":"2024-12-13T09:03:21","slug":"premijer-plenkovic-velika-gorica-je-privlacna-mladim-obiteljima-s-djecom","status":"publish","type":"post","link":"https:\/\/gorica.info\/en\/premijer-plenkovic-velika-gorica-je-privlacna-mladim-obiteljima-s-djecom\/","title":{"rendered":"Premijer Plenkovi\u0107: Velika Gorica je privla\u010dna mladim obiteljima s djecom"},"content":{"rendered":"<p class=\"has-medium-font-size\">Na sve\u010danu akademiju povodom <strong>Dana grada<\/strong>, koja je odr\u017eana uo\u010di blagdana <strong><a href=\"https:\/\/gorica.info\/en\/danas-je-sveta-lucija-sije-se-bozicna-psenica-koja-ce-krasiti-blagdanski-stol\/\">svete Lucije<\/a><\/strong>, stigli su brojni visoki du\u017enosnici, saborski zastupnici, dr\u017eavni tajnici, gradona\u010delnici, na\u010delnici te drugi uzvanici i gosti.<\/p>\n\n\n\n<p class=\"has-medium-font-size\">U Veliku Goricu ponovno je stigao <strong>predsjednik Vlade Andrej Plenkovi\u0107<\/strong>, bio je tu i izaslanik predsjednika Hrvatskog sabora i gradona\u010delnik Zapre\u0161i\u0107a<strong> \u017deljko Turk<\/strong>, zamjenik \u017eupana Zagreba\u010dke \u017eupanije <strong>Ervin Kolarec.<\/strong><\/p>\n\n\n\n<figure class=\"wp-block-image size-large\"><img fetchpriority=\"high\" decoding=\"async\" width=\"1024\" height=\"683\" src=\"https:\/\/gorica.info\/wp-content\/uploads\/2024\/12\/dan-grada-akademija2024-1024x683.jpg\" alt=\"\" class=\"wp-image-81774\" srcset=\"https:\/\/gorica.info\/wp-content\/uploads\/2024\/12\/dan-grada-akademija2024-1024x683.jpg 1024w, https:\/\/gorica.info\/wp-content\/uploads\/2024\/12\/dan-grada-akademija2024-300x200.jpg 300w, https:\/\/gorica.info\/wp-content\/uploads\/2024\/12\/dan-grada-akademija2024-768x512.jpg 768w, https:\/\/gorica.info\/wp-content\/uploads\/2024\/12\/dan-grada-akademija2024-18x12.jpg 18w, https:\/\/gorica.info\/wp-content\/uploads\/2024\/12\/dan-grada-akademija2024-750x500.jpg 750w, https:\/\/gorica.info\/wp-content\/uploads\/2024\/12\/dan-grada-akademija2024-1140x760.jpg 1140w, https:\/\/gorica.info\/wp-content\/uploads\/2024\/12\/dan-grada-akademija2024.jpg 1100w\" sizes=\"(max-width: 1024px) 100vw, 1024px\" \/><\/figure>\n\n\n\n<p class=\"has-medium-font-size\">Predsjednik Gradskog vije\u0107a <strong>Darko Beki\u0107<\/strong> pozdravio je sve i podsjetio koliko je bio izazovan rad ovog saziva Vije\u0107a protekle \u010detiri godine.<\/p>\n\n\n\n<figure class=\"wp-block-image size-large\"><img decoding=\"async\" width=\"1024\" height=\"683\" src=\"https:\/\/gorica.info\/wp-content\/uploads\/2024\/12\/darko-bekic-dan-grada-1024x683.jpg\" alt=\"\" class=\"wp-image-81769\" srcset=\"https:\/\/gorica.info\/wp-content\/uploads\/2024\/12\/darko-bekic-dan-grada-1024x683.jpg 1024w, https:\/\/gorica.info\/wp-content\/uploads\/2024\/12\/darko-bekic-dan-grada-300x200.jpg 300w, https:\/\/gorica.info\/wp-content\/uploads\/2024\/12\/darko-bekic-dan-grada-768x512.jpg 768w, https:\/\/gorica.info\/wp-content\/uploads\/2024\/12\/darko-bekic-dan-grada-18x12.jpg 18w, https:\/\/gorica.info\/wp-content\/uploads\/2024\/12\/darko-bekic-dan-grada-750x500.jpg 750w, https:\/\/gorica.info\/wp-content\/uploads\/2024\/12\/darko-bekic-dan-grada-1140x760.jpg 1140w, https:\/\/gorica.info\/wp-content\/uploads\/2024\/12\/darko-bekic-dan-grada.jpg 1100w\" sizes=\"(max-width: 1024px) 100vw, 1024px\" \/><\/figure>\n\n\n\n<p class=\"has-medium-font-size\">U svim tim okolnostima na\u0161 grad, predvo\u0111en gradona\u010delnikom A\u010dkarom prona\u0161ao je u sinergiji i suradnji s Vladom optimalna rje\u0161enja, kazao je Beki\u0107 te podsjetio kako je <strong>Gradsko vije\u0107e<\/strong> donijelo je niz odluka i podr\u017ealo brojne projekte koji su pozitivno utjecali na <strong>razvoj Velike Gorice<\/strong>.<\/p>\n\n\n\n<p class=\"has-medium-font-size\">Zahvalio je<strong> svim vije\u0107nicima<\/strong> na suradnji i duhu parlamentarizma koji je u Gradskom vije\u0107u o\u010duvan. Unato\u010d razlikama u pogledima, <strong>50 posto odluka<\/strong> doneseno jednoglasno, istaknuo je Beki\u0107.<\/p>\n\n\n\n<h2 class=\"wp-block-heading has-medium-font-size\"><strong>Velika Gorica jedan je od najpo\u017eeljnijih gradova za \u017eivot<\/strong><\/h2>\n\n\n\n<p class=\"has-medium-font-size\">Gradona\u010delnik Kre\u0161imir A\u010dkar u svom je govoru istaknuo kako je <strong>Velika Gorica <\/strong>postala jedan od <strong>najpo\u017eeljnijih gradova<\/strong> za \u017eivot u Hrvatskoj.<\/p>\n\n\n\n<p class=\"has-medium-font-size\">&#8211; U posljednjih godinu dana ostvarili smo niz <strong>kapitalnih projekata<\/strong> koje smo godinama pri\u017eeljkivali. \u017delim zahvaliti svima koji su zaslu\u017eni \u0161to je danas Velika Gorica uz Grad Zadar prema podacima Dr\u017eavnog zavoda za statistiku jedan od najpo\u017eeljnijih gradova za \u017eivot \u2013 rekao je gradona\u010delnik. Uputio je posebnu zahvalu svim vrijednim i marljivim ljudima, koji \u010dine Veliku Goricu tako posebnom i jedinstvenom.<\/p>\n\n\n\n<figure class=\"wp-block-image size-large\"><img decoding=\"async\" width=\"1024\" height=\"683\" src=\"https:\/\/gorica.info\/wp-content\/uploads\/2024\/12\/kresimir-ackar-dan-grada-1024x683.jpg\" alt=\"velika gorica\" class=\"wp-image-81770\" srcset=\"https:\/\/gorica.info\/wp-content\/uploads\/2024\/12\/kresimir-ackar-dan-grada-1024x683.jpg 1024w, https:\/\/gorica.info\/wp-content\/uploads\/2024\/12\/kresimir-ackar-dan-grada-300x200.jpg 300w, https:\/\/gorica.info\/wp-content\/uploads\/2024\/12\/kresimir-ackar-dan-grada-768x512.jpg 768w, https:\/\/gorica.info\/wp-content\/uploads\/2024\/12\/kresimir-ackar-dan-grada-18x12.jpg 18w, https:\/\/gorica.info\/wp-content\/uploads\/2024\/12\/kresimir-ackar-dan-grada-750x500.jpg 750w, https:\/\/gorica.info\/wp-content\/uploads\/2024\/12\/kresimir-ackar-dan-grada-1140x760.jpg 1140w, https:\/\/gorica.info\/wp-content\/uploads\/2024\/12\/kresimir-ackar-dan-grada.jpg 1100w\" sizes=\"(max-width: 1024px) 100vw, 1024px\" \/><\/figure>\n\n\n\n<p class=\"has-medium-font-size\">Podsjetio je kako se sljede\u0107e godine obilje\u017eava<strong> 30 godina<\/strong> otkako je Velika Gorica dobila status grada.<\/p>\n\n\n\n<p class=\"has-medium-font-size\">\u017delim zahvaliti na tri desetlje\u0107a svima onima koji su utkali sebe i koji su gradili bolju Veliku Goricu \u2013 rekao je A\u010dkar.<\/p>\n\n\n\n<p class=\"has-medium-font-size\">Zamjenik \u017eupana Ervin Kolarec kazao je kako je <strong>Zagreba\u010dka \u017eupanija<\/strong> zna\u010dajnim sredstvima pomogla u realizaciji <strong><a href=\"https:\/\/gorica.info\/en\/premijer-plenkovic-i-zupan-kozic-otvorili-regionalni-centar-kompetentnosti\/\">Regionalnog centra kompetentnosti<\/a><\/strong> koji je izgra\u0111en u Velikoj Gorici te u gradnji nove Podru\u010dne \u0161kole u <a href=\"https:\/\/gorica.info\/en\/otvorena-nova-skola-i-vrtic-u-dubrancu-ovo-je-simbol-zajednistva-i-obnove-nakon-potresa\/\">Dubrancu.<\/a><\/p>\n\n\n\n<figure class=\"wp-block-image size-large\"><img loading=\"lazy\" decoding=\"async\" width=\"1024\" height=\"683\" src=\"https:\/\/gorica.info\/wp-content\/uploads\/2024\/12\/ervin-kolarec-dan-grada-1024x683.jpg\" alt=\"velika gorica\" class=\"wp-image-81771\" srcset=\"https:\/\/gorica.info\/wp-content\/uploads\/2024\/12\/ervin-kolarec-dan-grada-1024x683.jpg 1024w, https:\/\/gorica.info\/wp-content\/uploads\/2024\/12\/ervin-kolarec-dan-grada-300x200.jpg 300w, https:\/\/gorica.info\/wp-content\/uploads\/2024\/12\/ervin-kolarec-dan-grada-768x512.jpg 768w, https:\/\/gorica.info\/wp-content\/uploads\/2024\/12\/ervin-kolarec-dan-grada-18x12.jpg 18w, https:\/\/gorica.info\/wp-content\/uploads\/2024\/12\/ervin-kolarec-dan-grada-750x500.jpg 750w, https:\/\/gorica.info\/wp-content\/uploads\/2024\/12\/ervin-kolarec-dan-grada-1140x760.jpg 1140w, https:\/\/gorica.info\/wp-content\/uploads\/2024\/12\/ervin-kolarec-dan-grada.jpg 1100w\" sizes=\"(max-width: 1024px) 100vw, 1024px\" \/><\/figure>\n\n\n\n<p class=\"has-medium-font-size\">Ovih dana usvojen je novi \u017eupanijski prora\u010dun u kojem je osigurano 3 milijuna eura za <strong>Dom za starije<\/strong>, 500.000 eura za \u0161kolsku sportsku dvoranu u Kurilovcu &#8211; rekao je Kolarec.<\/p>\n\n\n\n<h2 class=\"wp-block-heading has-medium-font-size\"><strong>Ponosni smo na Veliku Goricu<\/strong><\/h2>\n\n\n\n<p class=\"has-medium-font-size\">\u017deljko Turk \u010destitao je gradona\u010delniku A\u010dkaru i njegovom timu ljudi na postignutim rezultatima.<\/p>\n\n\n\n<figure class=\"wp-block-image size-large\"><img loading=\"lazy\" decoding=\"async\" width=\"1024\" height=\"683\" src=\"https:\/\/gorica.info\/wp-content\/uploads\/2024\/12\/zeljko-turk-dan-grada-1024x683.jpg\" alt=\"\" class=\"wp-image-81772\" srcset=\"https:\/\/gorica.info\/wp-content\/uploads\/2024\/12\/zeljko-turk-dan-grada-1024x683.jpg 1024w, https:\/\/gorica.info\/wp-content\/uploads\/2024\/12\/zeljko-turk-dan-grada-300x200.jpg 300w, https:\/\/gorica.info\/wp-content\/uploads\/2024\/12\/zeljko-turk-dan-grada-768x512.jpg 768w, https:\/\/gorica.info\/wp-content\/uploads\/2024\/12\/zeljko-turk-dan-grada-18x12.jpg 18w, https:\/\/gorica.info\/wp-content\/uploads\/2024\/12\/zeljko-turk-dan-grada-750x500.jpg 750w, https:\/\/gorica.info\/wp-content\/uploads\/2024\/12\/zeljko-turk-dan-grada-1140x760.jpg 1140w, https:\/\/gorica.info\/wp-content\/uploads\/2024\/12\/zeljko-turk-dan-grada.jpg 1100w\" sizes=\"(max-width: 1024px) 100vw, 1024px\" \/><\/figure>\n\n\n\n<p class=\"has-medium-font-size\">&#8211; Ka\u017ee se da slika govori vi\u0161e od tisu\u0107u rije\u010di, a na primjeru Velike Gorice to je uistinu tako. Mi, \u017eitelji Zagreba\u010dke \u017eupanije,<strong> ponosni smo na Veliku Goricu<\/strong> koja svojim radom daje primjer i ostalima. Uop\u0107e ne sumnjam da \u0107emo se za godinu dana ponovno na\u0107i u istoj dvorani gdje \u0107e gradona\u010delnik A\u010dkar podnositi izvje\u0161\u0107e o onome \u0161to je u\u010dinio tijekom 2025. godine \u2013 rekao je Turk.<\/p>\n\n\n\n<p class=\"has-medium-font-size\"><strong>Velika Gorica ubrzano se razvija uz potporu Vlade<\/strong><\/p>\n\n\n\n<p class=\"has-medium-font-size\"><a href=\"https:\/\/vlada.gov.hr\/vijesti\/velika-gorica-u-sinergiji-s-vladom-ostvaruje-znacajne-rezultate\/43522\">Premijer <\/a>Andrej Plenkovi\u0107 svim Velikogori\u010dankama i Velikogori\u010danima \u010destitao je Dan grada, koji se nastavlja ubrzano razvijati uz potporu Vlade.<\/p>\n\n\n\n<figure class=\"wp-block-image size-large\"><img decoding=\"async\" src=\"https:\/\/gorica.info\/wp-content\/uploads\/2024\/12\/andrej-plenkovic-dan-grada2024-1024x683.jpg\" alt=\"velika gorica\" class=\"wp-image-81782\"\/><\/figure>\n\n\n\n<p class=\"has-medium-font-size\">U svom obra\u0107anju predsjednik Vlade izrazio je zadovoljstvo \u0161to je gradona\u010delnik Velike Gorice Kre\u0161imir A\u010dkar u okviru porezne reforme Vlade <strong>pridonio rastere\u0107enju pla\u0107a<\/strong> gra\u0111anima, a pritom je ostvario rast prihoda. Time su potvrdili procjene i kalkulacije da \u0107e izmjenama poreznih pravila jedinicama lokalne uprave <strong>ostati vi\u0161e sredstava <\/strong>za realizaciju projekata i politi\u010dkih prioriteta, rekao je premijer.<\/p>\n\n\n\n<p class=\"has-medium-font-size\"><strong>Brojna ulaganja<\/strong> u prometnu, odgojno-obrazovnu, poduzetni\u010dku i socijalnu infrastrukturu, kao i kulturnu ba\u0161tinu stvaraju nove prilike za zapo\u0161ljavanje i kvalitetnije uvjete za \u017eivot u Velikoj Gorici. Izmjenama Zakona o regionalnom razvoju RH stvorit \u0107emo preduvjete za jo\u0161 ve\u0107e financiranje projekata europskim sredstvima u Velikoj Gorici i Zagreba\u010dkoj \u017eupaniji \u2013 poru\u010dio je premijer.<\/p>\n\n\n\n<p class=\"has-medium-font-size\">&#8211; Ispravit \u0107emo nepravdu koja se dogodila kada su se dijelila sredstva iz Mehanizma integriranog teritorijalnog upravljanja. Odlu\u010dili smo da kroz deset godina oko 830 milijuna eura, uklju\u010duju\u0107i i participaciju lokalne razine bude alocirana gradovima sredi\u0161tima \u017eupanija i da se u distribuciju sredstava uklju\u010di \u0161iri krug jedinica lokalne samouprave koje dodiruju sredi\u0161ta \u017eupanija. Velika Gorica je, me\u0111utim, do sada pogre\u0161kom bila naslonjena na Zagreb. Stoga \u0107emo donijeti novi Zakon o regionalnom razvoju i V<strong>elika Gorica \u0107e biti centar <\/strong>na koji \u0107e se naslanjati druge jedinice lokalne samouprave. Stvaramo preduvjete za stalan i stabilan ekonomski rast &#8211; rekao je premijer.<\/p>\n\n\n\n<h2 class=\"wp-block-heading has-medium-font-size\"><strong>Rije\u0161ili ste temeljna pitanja va\u017ena gra\u0111anima<\/strong><\/h2>\n\n\n\n<p class=\"has-medium-font-size\">Za na\u0161 grad Plenkovi\u0107 ka\u017ee da smo ugodna sredina <strong>privla\u010dna mladim obiteljima<\/strong> s djecom zbog kvalitetnog \u017eivota.<\/p>\n\n\n\n<p class=\"has-medium-font-size\">&#8211; Ono \u0161to je dobro je da ste rije\u0161ili temeljna pitanja na koje ljudi tra\u017ee odgovor. Obitelji s djecom imaju besplatan vrti\u0107 zato i jeste grad koji je privla\u010dan za mlade i to va\u0161 \u010dini ugodnom sredinom. \u017divot ovdje je itekako ugodan i kvalitetan i za to imate na\u0161u veliku pohvalu \u2013 rekao je premijer. Najavio je da \u0107e Vlada pomo\u0107i izgradnju Centra za starije vrijednog 10 milijuna eura, a do 2028. godine Vlada je odlu\u010dila da se rije\u0161i i pitanje izgradnje dnevne bolnice.<\/p>\n\n\n\n<p class=\"has-medium-font-size\">Za projekte Velike Gorice bit \u0107e izdvojeno<strong> 30 milijuna eura<\/strong> iz Mehanizma integriranog teritorijalnog upravljanja NPOO-a.<\/p>\n\n\n\n<p class=\"has-medium-font-size\">Na sve\u010danoj akademiji dodijeljena su i javna priznanja zaslu\u017enim pojedincima i udrugama. Vi\u0161e o tome mo\u017ee pro\u010ditati<strong><a href=\"https:\/\/gorica.info\/en\/kovina-poruka-svim-mladima-hrvatska-je-mjesto-gdje-se-moze-uspjeti\/\"> ovdje.<\/a><\/strong><\/p>\n\n\n\n<figure class=\"wp-block-image size-large\"><img loading=\"lazy\" decoding=\"async\" width=\"1024\" height=\"683\" src=\"https:\/\/gorica.info\/wp-content\/uploads\/2024\/12\/dan-grada2024-svecana-akademija-1024x683.jpg\" alt=\"velika gorica\" class=\"wp-image-81773\" srcset=\"https:\/\/gorica.info\/wp-content\/uploads\/2024\/12\/dan-grada2024-svecana-akademija-1024x683.jpg 1024w, https:\/\/gorica.info\/wp-content\/uploads\/2024\/12\/dan-grada2024-svecana-akademija-300x200.jpg 300w, https:\/\/gorica.info\/wp-content\/uploads\/2024\/12\/dan-grada2024-svecana-akademija-768x512.jpg 768w, https:\/\/gorica.info\/wp-content\/uploads\/2024\/12\/dan-grada2024-svecana-akademija-18x12.jpg 18w, https:\/\/gorica.info\/wp-content\/uploads\/2024\/12\/dan-grada2024-svecana-akademija-750x500.jpg 750w, https:\/\/gorica.info\/wp-content\/uploads\/2024\/12\/dan-grada2024-svecana-akademija-1140x760.jpg 1140w, https:\/\/gorica.info\/wp-content\/uploads\/2024\/12\/dan-grada2024-svecana-akademija.jpg 1100w\" sizes=\"(max-width: 1024px) 100vw, 1024px\" \/><\/figure>\n\n\n\n<figure class=\"wp-block-gallery has-nested-images columns-default is-cropped wp-block-gallery-1 is-layout-flex wp-block-gallery-is-layout-flex\">\n<figure class=\"wp-block-image size-large\"><img loading=\"lazy\" decoding=\"async\" width=\"1024\" height=\"768\" data-id=\"81777\" src=\"https:\/\/gorica.info\/wp-content\/uploads\/2024\/12\/dan-grada-svecana-akademija6-1024x768.jpg\" alt=\"\" class=\"wp-image-81777\" srcset=\"https:\/\/gorica.info\/wp-content\/uploads\/2024\/12\/dan-grada-svecana-akademija6-1024x768.jpg 1024w, https:\/\/gorica.info\/wp-content\/uploads\/2024\/12\/dan-grada-svecana-akademija6-300x225.jpg 300w, https:\/\/gorica.info\/wp-content\/uploads\/2024\/12\/dan-grada-svecana-akademija6-768x576.jpg 768w, https:\/\/gorica.info\/wp-content\/uploads\/2024\/12\/dan-grada-svecana-akademija6-16x12.jpg 16w, https:\/\/gorica.info\/wp-content\/uploads\/2024\/12\/dan-grada-svecana-akademija6-750x562.jpg 750w, https:\/\/gorica.info\/wp-content\/uploads\/2024\/12\/dan-grada-svecana-akademija6.jpg 1067w\" sizes=\"(max-width: 1024px) 100vw, 1024px\" \/><\/figure>\n\n\n\n<figure class=\"wp-block-image size-large\"><img loading=\"lazy\" decoding=\"async\" width=\"1024\" height=\"768\" data-id=\"81775\" src=\"https:\/\/gorica.info\/wp-content\/uploads\/2024\/12\/dan-grada-svecana-akademija5-1024x768.jpg\" alt=\"\" class=\"wp-image-81775\" srcset=\"https:\/\/gorica.info\/wp-content\/uploads\/2024\/12\/dan-grada-svecana-akademija5-1024x768.jpg 1024w, https:\/\/gorica.info\/wp-content\/uploads\/2024\/12\/dan-grada-svecana-akademija5-300x225.jpg 300w, https:\/\/gorica.info\/wp-content\/uploads\/2024\/12\/dan-grada-svecana-akademija5-768x576.jpg 768w, https:\/\/gorica.info\/wp-content\/uploads\/2024\/12\/dan-grada-svecana-akademija5-16x12.jpg 16w, https:\/\/gorica.info\/wp-content\/uploads\/2024\/12\/dan-grada-svecana-akademija5-750x562.jpg 750w, https:\/\/gorica.info\/wp-content\/uploads\/2024\/12\/dan-grada-svecana-akademija5.jpg 1067w\" sizes=\"(max-width: 1024px) 100vw, 1024px\" \/><\/figure>\n\n\n\n<figure class=\"wp-block-image size-large\"><img loading=\"lazy\" decoding=\"async\" width=\"1024\" height=\"768\" data-id=\"81776\" src=\"https:\/\/gorica.info\/wp-content\/uploads\/2024\/12\/dan-grada-svecana-akademija4-1024x768.jpg\" alt=\"\" class=\"wp-image-81776\" srcset=\"https:\/\/gorica.info\/wp-content\/uploads\/2024\/12\/dan-grada-svecana-akademija4-1024x768.jpg 1024w, https:\/\/gorica.info\/wp-content\/uploads\/2024\/12\/dan-grada-svecana-akademija4-300x225.jpg 300w, https:\/\/gorica.info\/wp-content\/uploads\/2024\/12\/dan-grada-svecana-akademija4-768x576.jpg 768w, https:\/\/gorica.info\/wp-content\/uploads\/2024\/12\/dan-grada-svecana-akademija4-16x12.jpg 16w, https:\/\/gorica.info\/wp-content\/uploads\/2024\/12\/dan-grada-svecana-akademija4-750x562.jpg 750w, https:\/\/gorica.info\/wp-content\/uploads\/2024\/12\/dan-grada-svecana-akademija4.jpg 1067w\" sizes=\"(max-width: 1024px) 100vw, 1024px\" \/><\/figure>\n\n\n\n<figure class=\"wp-block-image size-large\"><img loading=\"lazy\" decoding=\"async\" width=\"1024\" height=\"768\" data-id=\"81779\" src=\"https:\/\/gorica.info\/wp-content\/uploads\/2024\/12\/dan-grada-svecana-akademija3-1024x768.jpg\" alt=\"\" class=\"wp-image-81779\" srcset=\"https:\/\/gorica.info\/wp-content\/uploads\/2024\/12\/dan-grada-svecana-akademija3-1024x768.jpg 1024w, https:\/\/gorica.info\/wp-content\/uploads\/2024\/12\/dan-grada-svecana-akademija3-300x225.jpg 300w, https:\/\/gorica.info\/wp-content\/uploads\/2024\/12\/dan-grada-svecana-akademija3-768x576.jpg 768w, https:\/\/gorica.info\/wp-content\/uploads\/2024\/12\/dan-grada-svecana-akademija3-16x12.jpg 16w, https:\/\/gorica.info\/wp-content\/uploads\/2024\/12\/dan-grada-svecana-akademija3-750x562.jpg 750w, https:\/\/gorica.info\/wp-content\/uploads\/2024\/12\/dan-grada-svecana-akademija3.jpg 1067w\" sizes=\"(max-width: 1024px) 100vw, 1024px\" \/><\/figure>\n\n\n\n<figure class=\"wp-block-image size-large\"><img loading=\"lazy\" decoding=\"async\" width=\"1024\" height=\"768\" data-id=\"81778\" src=\"https:\/\/gorica.info\/wp-content\/uploads\/2024\/12\/dan-grada-svecana-akademija2-1024x768.jpg\" alt=\"\" class=\"wp-image-81778\" srcset=\"https:\/\/gorica.info\/wp-content\/uploads\/2024\/12\/dan-grada-svecana-akademija2-1024x768.jpg 1024w, https:\/\/gorica.info\/wp-content\/uploads\/2024\/12\/dan-grada-svecana-akademija2-300x225.jpg 300w, https:\/\/gorica.info\/wp-content\/uploads\/2024\/12\/dan-grada-svecana-akademija2-768x576.jpg 768w, https:\/\/gorica.info\/wp-content\/uploads\/2024\/12\/dan-grada-svecana-akademija2-16x12.jpg 16w, https:\/\/gorica.info\/wp-content\/uploads\/2024\/12\/dan-grada-svecana-akademija2-750x562.jpg 750w, https:\/\/gorica.info\/wp-content\/uploads\/2024\/12\/dan-grada-svecana-akademija2.jpg 1067w\" sizes=\"(max-width: 1024px) 100vw, 1024px\" \/><\/figure>\n\n\n\n<figure class=\"wp-block-image size-large\"><img loading=\"lazy\" decoding=\"async\" width=\"1024\" height=\"768\" data-id=\"81780\" src=\"https:\/\/gorica.info\/wp-content\/uploads\/2024\/12\/dan-grada-svecana-akademija1-1024x768.jpg\" alt=\"\" class=\"wp-image-81780\" srcset=\"https:\/\/gorica.info\/wp-content\/uploads\/2024\/12\/dan-grada-svecana-akademija1-1024x768.jpg 1024w, https:\/\/gorica.info\/wp-content\/uploads\/2024\/12\/dan-grada-svecana-akademija1-300x225.jpg 300w, https:\/\/gorica.info\/wp-content\/uploads\/2024\/12\/dan-grada-svecana-akademija1-768x576.jpg 768w, https:\/\/gorica.info\/wp-content\/uploads\/2024\/12\/dan-grada-svecana-akademija1-16x12.jpg 16w, https:\/\/gorica.info\/wp-content\/uploads\/2024\/12\/dan-grada-svecana-akademija1-750x562.jpg 750w, https:\/\/gorica.info\/wp-content\/uploads\/2024\/12\/dan-grada-svecana-akademija1.jpg 1067w\" sizes=\"(max-width: 1024px) 100vw, 1024px\" \/><\/figure>\n\n\n\n<figure class=\"wp-block-image size-large\"><img loading=\"lazy\" decoding=\"async\" width=\"1024\" height=\"768\" data-id=\"81781\" src=\"https:\/\/gorica.info\/wp-content\/uploads\/2024\/12\/dan-grada-svecana-akademija-1024x768.jpg\" alt=\"\" class=\"wp-image-81781\" srcset=\"https:\/\/gorica.info\/wp-content\/uploads\/2024\/12\/dan-grada-svecana-akademija-1024x768.jpg 1024w, https:\/\/gorica.info\/wp-content\/uploads\/2024\/12\/dan-grada-svecana-akademija-300x225.jpg 300w, https:\/\/gorica.info\/wp-content\/uploads\/2024\/12\/dan-grada-svecana-akademija-768x576.jpg 768w, https:\/\/gorica.info\/wp-content\/uploads\/2024\/12\/dan-grada-svecana-akademija-16x12.jpg 16w, https:\/\/gorica.info\/wp-content\/uploads\/2024\/12\/dan-grada-svecana-akademija-750x562.jpg 750w, https:\/\/gorica.info\/wp-content\/uploads\/2024\/12\/dan-grada-svecana-akademija.jpg 1067w\" sizes=\"(max-width: 1024px) 100vw, 1024px\" \/><\/figure>\n<\/figure>","protected":false},"excerpt":{"rendered":"<p>Na sve\u010danu akademiju povodom Dana grada, koja je odr\u017eana uo\u010di blagdana svete Lucije, stigli su brojni visoki du\u017enosnici, saborski zastupnici, dr\u017eavni tajnici, gradona\u010delnici, na\u010delnici te drugi uzvanici i gosti. U Veliku Goricu ponovno je stigao predsjednik Vlade Andrej Plenkovi\u0107, bio je tu i izaslanik predsjednika Hrvatskog sabora i gradona\u010delnik Zapre\u0161i\u0107a \u017deljko Turk, zamjenik \u017eupana Zagreba\u010dke [&hellip;]<\/p>\n","protected":false},"author":23,"featured_media":81782,"comment_status":"closed","ping_status":"closed","sticky":false,"template":"","format":"standard","meta":{"limit_modified_date":"","last_modified_date":"","jnews-multi-image_gallery":[],"jnews_single_post":{"format":"standard","override":[{"template":"3","parallax":"1","fullscreen":"1","layout":"right-sidebar","sidebar":"default-sidebar","second_sidebar":"default-sidebar","sticky_sidebar":"1","share_position":"top","share_float_style":"share-monocrhome","show_featured":"1","show_post_meta":"1","show_post_author":"1","show_post_author_image":"1","show_post_date":"1","post_date_format":"default","post_date_format_custom":"Y\/m\/d","show_post_category":"1","show_post_reading_time":"1","post_reading_time_wpm":"300","post_calculate_word_method":"str_word_count","zoom_button_out_step":"2","zoom_button_in_step":"3","show_post_tag":"1","show_popup_post":"1","number_popup_post":"1","show_post_related":"1"}],"image_override":[{"single_post_thumbnail_size":"crop-500","single_post_gallery_size":"crop-500"}],"trending_post_position":"meta","trending_post_label":"Trending","sponsored_post_label":"Sponsored by","disable_ad":"0"},"jnews_primary_category":[],"jnews_override_counter":{"view_counter_number":"0","share_counter_number":"0","like_counter_number":"0","dislike_counter_number":"0"},"footnotes":""},"categories":[87],"tags":[300,1867,611,16306,1885,1684],"class_list":["post-81768","post","type-post","status-publish","format-standard","has-post-thumbnail","hentry","category-gorica","tag-andrej-plenkovic","tag-dan-grada","tag-ervin-kolarec","tag-svecana-akademija","tag-sveta-lucija","tag-zeljko-turk"],"yoast_head":"<!-- This site is optimized with the Yoast SEO Premium plugin v27.4 (Yoast SEO v27.4) - https:\/\/yoast.com\/product\/yoast-seo-premium-wordpress\/ -->\n<title>Premijer Plenkovi\u0107: Velika Gorica je privla\u010dna mladim obiteljima s djecom - Gorica Info<\/title>\n<meta name=\"description\" content=\"Premijer Andrej Plenkovi\u0107 na sve\u010danoj akademiji povodom Dana grada: Velika Gorica je privla\u010dna mladim obiteljima s djecom.\" \/>\n<meta name=\"robots\" content=\"index, follow, max-snippet:-1, max-image-preview:large, max-video-preview:-1\" \/>\n<link rel=\"canonical\" href=\"https:\/\/gorica.info\/en\/premijer-plenkovic-velika-gorica-je-privlacna-mladim-obiteljima-s-djecom\/\" \/>\n<meta property=\"og:locale\" content=\"en_US\" \/>\n<meta property=\"og:type\" content=\"article\" \/>\n<meta property=\"og:title\" content=\"Premijer Plenkovi\u0107: Velika Gorica je privla\u010dna mladim obiteljima s djecom\" \/>\n<meta property=\"og:description\" content=\"Premijer Andrej Plenkovi\u0107 na sve\u010danoj akademiji povodom Dana grada: Velika Gorica je privla\u010dna mladim obiteljima s djecom.\" \/>\n<meta property=\"og:url\" content=\"https:\/\/gorica.info\/en\/premijer-plenkovic-velika-gorica-je-privlacna-mladim-obiteljima-s-djecom\/\" \/>\n<meta property=\"og:site_name\" content=\"Gorica Info\" \/>\n<meta property=\"article:publisher\" content=\"https:\/\/www.facebook.com\/Goricainfo-106005144489262\" \/>\n<meta property=\"article:published_time\" content=\"2024-12-13T07:49:00+00:00\" \/>\n<meta property=\"article:modified_time\" content=\"2024-12-13T09:03:21+00:00\" \/>\n<meta property=\"og:image\" content=\"https:\/\/gorica.info\/wp-content\/uploads\/2024\/12\/andrej-plenkovic-dan-grada2024-e1734080299478.jpg\" \/>\n\t<meta property=\"og:image:width\" content=\"1200\" \/>\n\t<meta property=\"og:image:height\" content=\"674\" \/>\n\t<meta property=\"og:image:type\" content=\"image\/jpeg\" \/>\n<meta name=\"author\" content=\"Gorica. info\" \/>\n<meta name=\"twitter:card\" content=\"summary_large_image\" \/>\n<meta name=\"twitter:creator\" content=\"@GoricaInfo\" \/>\n<meta name=\"twitter:site\" content=\"@GoricaInfo\" \/>\n<meta name=\"twitter:label1\" content=\"Written by\" \/>\n\t<meta name=\"twitter:data1\" content=\"Gorica. info\" \/>\n\t<meta name=\"twitter:label2\" content=\"Est. reading time\" \/>\n\t<meta name=\"twitter:data2\" content=\"8 minutes\" \/>\n<meta name=\"geo.placename\" content=\"Velika Gorica\" \/>\n<meta name=\"geo.region\" content=\"Croatia\" \/>\n<!-- \/ Yoast SEO Premium plugin. -->","yoast_head_json":{"title":"Premijer Plenkovi\u0107: Velika Gorica je privla\u010dna mladim obiteljima s djecom - Gorica Info","description":"Premijer Andrej Plenkovi\u0107 na sve\u010danoj akademiji povodom Dana grada: Velika Gorica je privla\u010dna mladim obiteljima s djecom.","robots":{"index":"index","follow":"follow","max-snippet":"max-snippet:-1","max-image-preview":"max-image-preview:large","max-video-preview":"max-video-preview:-1"},"canonical":"https:\/\/gorica.info\/en\/premijer-plenkovic-velika-gorica-je-privlacna-mladim-obiteljima-s-djecom\/","og_locale":"en_US","og_type":"article","og_title":"Premijer Plenkovi\u0107: Velika Gorica je privla\u010dna mladim obiteljima s djecom","og_description":"Premijer Andrej Plenkovi\u0107 na sve\u010danoj akademiji povodom Dana grada: Velika Gorica je privla\u010dna mladim obiteljima s djecom.","og_url":"https:\/\/gorica.info\/en\/premijer-plenkovic-velika-gorica-je-privlacna-mladim-obiteljima-s-djecom\/","og_site_name":"Gorica Info","article_publisher":"https:\/\/www.facebook.com\/Goricainfo-106005144489262","article_published_time":"2024-12-13T07:49:00+00:00","article_modified_time":"2024-12-13T09:03:21+00:00","og_image":[{"width":1200,"height":674,"url":"https:\/\/gorica.info\/wp-content\/uploads\/2024\/12\/andrej-plenkovic-dan-grada2024-e1734080299478.jpg","type":"image\/jpeg"}],"author":"Gorica. info","twitter_card":"summary_large_image","twitter_creator":"@GoricaInfo","twitter_site":"@GoricaInfo","twitter_misc":{"Written by":"Gorica. info","Est. reading time":"8 minutes"},"schema":{"@context":"https:\/\/schema.org","@graph":[{"@type":"NewsArticle","@id":"https:\/\/gorica.info\/premijer-plenkovic-velika-gorica-je-privlacna-mladim-obiteljima-s-djecom\/#article","isPartOf":{"@id":"https:\/\/gorica.info\/premijer-plenkovic-velika-gorica-je-privlacna-mladim-obiteljima-s-djecom\/"},"author":{"name":"Gorica. info","@id":"https:\/\/gorica.info\/#\/schema\/person\/4499af1f22f322670b9b5977ccc2e3de"},"headline":"Premijer Plenkovi\u0107: Velika Gorica je privla\u010dna mladim obiteljima s djecom","datePublished":"2024-12-13T07:49:00+00:00","dateModified":"2024-12-13T09:03:21+00:00","mainEntityOfPage":{"@id":"https:\/\/gorica.info\/premijer-plenkovic-velika-gorica-je-privlacna-mladim-obiteljima-s-djecom\/"},"wordCount":895,"publisher":{"@id":"https:\/\/gorica.info\/#organization"},"image":{"@id":"https:\/\/gorica.info\/premijer-plenkovic-velika-gorica-je-privlacna-mladim-obiteljima-s-djecom\/#primaryimage"},"thumbnailUrl":"https:\/\/gorica.info\/wp-content\/uploads\/2024\/12\/andrej-plenkovic-dan-grada2024-e1734080299478.jpg","keywords":["Andrej Plenkovi\u0107","dan grada","ervin kolarec","sve\u010dana akademija","sveta lucija","\u017eeljko turk"],"articleSection":["GORICA"],"inLanguage":"en-US","copyrightYear":"2024","copyrightHolder":{"@id":"https:\/\/gorica.info\/en\/#organization"}},{"@type":"WebPage","@id":"https:\/\/gorica.info\/premijer-plenkovic-velika-gorica-je-privlacna-mladim-obiteljima-s-djecom\/","url":"https:\/\/gorica.info\/premijer-plenkovic-velika-gorica-je-privlacna-mladim-obiteljima-s-djecom\/","name":"Premijer Plenkovi\u0107: Velika Gorica je privla\u010dna mladim obiteljima s djecom - Gorica Info","isPartOf":{"@id":"https:\/\/gorica.info\/#website"},"primaryImageOfPage":{"@id":"https:\/\/gorica.info\/premijer-plenkovic-velika-gorica-je-privlacna-mladim-obiteljima-s-djecom\/#primaryimage"},"image":{"@id":"https:\/\/gorica.info\/premijer-plenkovic-velika-gorica-je-privlacna-mladim-obiteljima-s-djecom\/#primaryimage"},"thumbnailUrl":"https:\/\/gorica.info\/wp-content\/uploads\/2024\/12\/andrej-plenkovic-dan-grada2024-e1734080299478.jpg","datePublished":"2024-12-13T07:49:00+00:00","dateModified":"2024-12-13T09:03:21+00:00","description":"Premijer Andrej Plenkovi\u0107 na sve\u010danoj akademiji povodom Dana grada: Velika Gorica je privla\u010dna mladim obiteljima s djecom.","breadcrumb":{"@id":"https:\/\/gorica.info\/premijer-plenkovic-velika-gorica-je-privlacna-mladim-obiteljima-s-djecom\/#breadcrumb"},"inLanguage":"en-US","potentialAction":[{"@type":"ReadAction","target":["https:\/\/gorica.info\/premijer-plenkovic-velika-gorica-je-privlacna-mladim-obiteljima-s-djecom\/"]}]},{"@type":"ImageObject","inLanguage":"en-US","@id":"https:\/\/gorica.info\/premijer-plenkovic-velika-gorica-je-privlacna-mladim-obiteljima-s-djecom\/#primaryimage","url":"https:\/\/gorica.info\/wp-content\/uploads\/2024\/12\/andrej-plenkovic-dan-grada2024-e1734080299478.jpg","contentUrl":"https:\/\/gorica.info\/wp-content\/uploads\/2024\/12\/andrej-plenkovic-dan-grada2024-e1734080299478.jpg","width":1100,"height":618,"caption":"velika gorica"},{"@type":"BreadcrumbList","@id":"https:\/\/gorica.info\/premijer-plenkovic-velika-gorica-je-privlacna-mladim-obiteljima-s-djecom\/#breadcrumb","itemListElement":[{"@type":"ListItem","position":1,"name":"Po\u010detna stranica","item":"https:\/\/gorica.info\/"},{"@type":"ListItem","position":2,"name":"Premijer Plenkovi\u0107: Velika Gorica je privla\u010dna mladim obiteljima s djecom"}]},{"@type":"WebSite","@id":"https:\/\/gorica.info\/#website","url":"https:\/\/gorica.info\/","name":"Gorica Info","description":"Vijesti iz Velike Gorice i okolice.","publisher":{"@id":"https:\/\/gorica.info\/#organization"},"potentialAction":[{"@type":"SearchAction","target":{"@type":"EntryPoint","urlTemplate":"https:\/\/gorica.info\/?s={search_term_string}"},"query-input":{"@type":"PropertyValueSpecification","valueRequired":true,"valueName":"search_term_string"}}],"inLanguage":"en-US"},{"@type":["Organization","Place","NewsMediaOrganization"],"@id":"https:\/\/gorica.info\/#organization","name":"Gorica Info","url":"https:\/\/gorica.info\/","logo":{"@id":"https:\/\/gorica.info\/premijer-plenkovic-velika-gorica-je-privlacna-mladim-obiteljima-s-djecom\/#local-main-organization-logo"},"image":{"@id":"https:\/\/gorica.info\/premijer-plenkovic-velika-gorica-je-privlacna-mladim-obiteljima-s-djecom\/#local-main-organization-logo"},"sameAs":["https:\/\/www.facebook.com\/Goricainfo-106005144489262","https:\/\/x.com\/GoricaInfo","https:\/\/www.instagram.com\/gorica.info\/"],"address":{"@id":"https:\/\/gorica.info\/premijer-plenkovic-velika-gorica-je-privlacna-mladim-obiteljima-s-djecom\/#local-main-place-address"},"telephone":[],"openingHoursSpecification":[{"@type":"OpeningHoursSpecification","dayOfWeek":["Monday","Tuesday","Wednesday","Thursday","Friday","Saturday","Sunday"],"opens":"09:00","closes":"17:00"}],"email":"redakcija@gorica.info"},{"@type":"Person","@id":"https:\/\/gorica.info\/#\/schema\/person\/4499af1f22f322670b9b5977ccc2e3de","name":"Gorica. info","description":"Gorica.info je lokalni portal koji prati Veliku Goricu i okolici, svakodnevno donosi najnovije vijesti i pri\u010de, kulturna doga\u0111anja i aktualnosti koje oblikuju \u017eivot gra\u0111ana.","url":"https:\/\/gorica.info\/en\/author\/gorica-info\/"},{"@type":"PostalAddress","@id":"https:\/\/gorica.info\/premijer-plenkovic-velika-gorica-je-privlacna-mladim-obiteljima-s-djecom\/#local-main-place-address","streetAddress":"Horvatova 97","addressLocality":"Velika Gorica","postalCode":"10410","addressRegion":"Croatia","addressCountry":"HR"},{"@type":"ImageObject","inLanguage":"en-US","@id":"https:\/\/gorica.info\/premijer-plenkovic-velika-gorica-je-privlacna-mladim-obiteljima-s-djecom\/#local-main-organization-logo","url":"https:\/\/gorica.info\/wp-content\/uploads\/2024\/07\/Gorica-Info-Logo-mali.png","contentUrl":"https:\/\/gorica.info\/wp-content\/uploads\/2024\/07\/Gorica-Info-Logo-mali.png","width":450,"height":85,"caption":"Gorica Info"}]},"geo.placename":"Velika Gorica","geo.region":"Croatia"},"_links":{"self":[{"href":"https:\/\/gorica.info\/en\/wp-json\/wp\/v2\/posts\/81768","targetHints":{"allow":["GET"]}}],"collection":[{"href":"https:\/\/gorica.info\/en\/wp-json\/wp\/v2\/posts"}],"about":[{"href":"https:\/\/gorica.info\/en\/wp-json\/wp\/v2\/types\/post"}],"author":[{"embeddable":true,"href":"https:\/\/gorica.info\/en\/wp-json\/wp\/v2\/users\/23"}],"replies":[{"embeddable":true,"href":"https:\/\/gorica.info\/en\/wp-json\/wp\/v2\/comments?post=81768"}],"version-history":[{"count":3,"href":"https:\/\/gorica.info\/en\/wp-json\/wp\/v2\/posts\/81768\/revisions"}],"predecessor-version":[{"id":81785,"href":"https:\/\/gorica.info\/en\/wp-json\/wp\/v2\/posts\/81768\/revisions\/81785"}],"wp:featuredmedia":[{"embeddable":true,"href":"https:\/\/gorica.info\/en\/wp-json\/wp\/v2\/media\/81782"}],"wp:attachment":[{"href":"https:\/\/gorica.info\/en\/wp-json\/wp\/v2\/media?parent=81768"}],"wp:term":[{"taxonomy":"category","embeddable":true,"href":"https:\/\/gorica.info\/en\/wp-json\/wp\/v2\/categories?post=81768"},{"taxonomy":"post_tag","embeddable":true,"href":"https:\/\/gorica.info\/en\/wp-json\/wp\/v2\/tags?post=81768"}],"curies":[{"name":"wp","href":"https:\/\/api.w.org\/{rel}","templated":true}]}}