{"id":81789,"date":"2024-12-13T11:06:00","date_gmt":"2024-12-13T10:06:00","guid":{"rendered":"https:\/\/gorica.info\/?p=81789"},"modified":"2024-12-13T11:54:06","modified_gmt":"2024-12-13T10:54:06","slug":"za-dan-grada-polozeni-vijenci-i-svijece-za-poginule-branitelje","status":"publish","type":"post","link":"https:\/\/gorica.info\/en\/za-dan-grada-polozeni-vijenci-i-svijece-za-poginule-branitelje\/","title":{"rendered":"Za Dan grada: Polo\u017eeni vijenci i svije\u0107e za poginule branitelje"},"content":{"rendered":"<p class=\"has-medium-font-size\">U povodu <a href=\"https:\/\/gorica.info\/en\/premijer-plenkovic-velika-gorica-je-privlacna-mladim-obiteljima-s-djecom\/\"><strong>Dana grada<\/strong> <\/a>i blagdana<a href=\"https:\/\/gorica.info\/en\/danas-je-sveta-lucija-sije-se-bozicna-psenica-koja-ce-krasiti-blagdanski-stol\/\"> <strong>svete Lucije<\/strong><\/a><strong> <\/strong>izaslanstva Grada Velike Gorice, Gradskog vije\u0107a, politi\u010dkih stranaka, braniteljskih udruga i obitelji poginulih branitelja, udruga antifa\u0161ista, policije i vatrogasaca polo\u017eili su jutros vijence i zapalili svije\u0107e kod spomenika braniteljima.<\/p>\n\n\n\n<figure class=\"wp-block-image size-large\"><img fetchpriority=\"high\" decoding=\"async\" width=\"1024\" height=\"683\" src=\"https:\/\/gorica.info\/wp-content\/uploads\/2024\/12\/dan-grada-vijenci2-1024x683.jpg\" alt=\"\" class=\"wp-image-81792\" srcset=\"https:\/\/gorica.info\/wp-content\/uploads\/2024\/12\/dan-grada-vijenci2-1024x683.jpg 1024w, https:\/\/gorica.info\/wp-content\/uploads\/2024\/12\/dan-grada-vijenci2-300x200.jpg 300w, https:\/\/gorica.info\/wp-content\/uploads\/2024\/12\/dan-grada-vijenci2-768x512.jpg 768w, https:\/\/gorica.info\/wp-content\/uploads\/2024\/12\/dan-grada-vijenci2-18x12.jpg 18w, https:\/\/gorica.info\/wp-content\/uploads\/2024\/12\/dan-grada-vijenci2-750x500.jpg 750w, https:\/\/gorica.info\/wp-content\/uploads\/2024\/12\/dan-grada-vijenci2-1140x760.jpg 1140w, https:\/\/gorica.info\/wp-content\/uploads\/2024\/12\/dan-grada-vijenci2.jpg 1100w\" sizes=\"(max-width: 1024px) 100vw, 1024px\" \/><\/figure>\n\n\n\n<p class=\"has-medium-font-size\">Povodom Dana grada odali smo po\u010dast velikogori\u010dkim braniteljima, zbog kojih danas \u017eivimo u miru i slobodi, poru\u010dio je gradona\u010delnik<strong><a href=\"https:\/\/gorica.hr\/\"> Kre\u0161imir A\u010dkar.<\/a><\/strong><\/p>\n\n\n\n<figure class=\"wp-block-image size-large\"><img decoding=\"async\" width=\"1024\" height=\"473\" src=\"https:\/\/gorica.info\/wp-content\/uploads\/2024\/12\/dan-grada-vijenci5-1024x473.jpg\" alt=\"\" class=\"wp-image-81793\" srcset=\"https:\/\/gorica.info\/wp-content\/uploads\/2024\/12\/dan-grada-vijenci5-1024x473.jpg 1024w, https:\/\/gorica.info\/wp-content\/uploads\/2024\/12\/dan-grada-vijenci5-300x139.jpg 300w, https:\/\/gorica.info\/wp-content\/uploads\/2024\/12\/dan-grada-vijenci5-768x355.jpg 768w, https:\/\/gorica.info\/wp-content\/uploads\/2024\/12\/dan-grada-vijenci5-18x8.jpg 18w, https:\/\/gorica.info\/wp-content\/uploads\/2024\/12\/dan-grada-vijenci5-750x346.jpg 750w, https:\/\/gorica.info\/wp-content\/uploads\/2024\/12\/dan-grada-vijenci5-1140x526.jpg 1140w, https:\/\/gorica.info\/wp-content\/uploads\/2024\/12\/dan-grada-vijenci5.jpg 1100w\" sizes=\"(max-width: 1024px) 100vw, 1024px\" \/><\/figure>\n\n\n\n<p class=\"has-medium-font-size\">Gradona\u010delnik je sugra\u0111anima \u010destitao <strong>Dan grada.<\/strong><\/p>\n\n\n\n<p class=\"has-medium-font-size\">&#8211; Drage moje Velikogori\u010danke, dragi moji Velikogori\u010dani, s posebnim zadovoljstvom i ponosom \u010destitam vam Dan Grada Velike Gorice i blagdan na\u0161e za\u0161titnice Svete Lucije. Ovo je vrijeme kada slavimo na\u0161 grad, njegovu tradiciju i sve ljude koji ga \u010dine posebnim. U duhu obilje\u017eavanja Dana grada za sve na\u0161e sugra\u0111ane, ve\u0107 tradicionalno na sam Dan grada, osigurali smo niz pogodnosti.<\/p>\n\n\n\n<p class=\"has-medium-font-size\">Podsjetimo danas je na podru\u010dju na\u0161eg grada besplatan parking, besplatno klizanje, u Kinu Gorica mo\u017eete besplatno pogledati filmove. Tako\u0111er je besplatan ulaz na gradski bazen i <strong>Muzej Turopolja<\/strong>, a Gradska knji\u017enica djelomi\u010dno <strong>opra\u0161ta du\u017enicima zakasninu<\/strong>.<\/p>\n\n\n\n<p class=\"has-medium-font-size\">Proslava Dana grada zavr\u0161it \u0107e slavljeni\u010dkim koncertom <strong><a href=\"https:\/\/gorica.info\/en\/mladen-grdovic-pjeva-u-velikoj-gorici-za-dan-grada-koncert-je-na-radicevu-trgu\/\">Mladena Grdovi\u0107a<\/a><\/strong> Trgu Stjepana Radi\u0107a koji po\u010dinje u 20 sati.<\/p>\n\n\n\n<p class=\"has-medium-font-size\">Pozivam vas da zajedni\u010dki proslavimo Dan grada, u\u017eivaju\u0107i u bogatom programu koji smo pripremili \u2013 poru\u010dio je gradona\u010delnik A\u010dkar.<\/p>\n\n\n\n<figure class=\"wp-block-gallery has-nested-images columns-default is-cropped wp-block-gallery-1 is-layout-flex wp-block-gallery-is-layout-flex\">\n<figure class=\"wp-block-image size-large\"><img decoding=\"async\" width=\"1024\" height=\"473\" data-id=\"81798\" src=\"https:\/\/gorica.info\/wp-content\/uploads\/2024\/12\/dan-grada-vijenci9-1024x473.jpg\" alt=\"\" class=\"wp-image-81798\" srcset=\"https:\/\/gorica.info\/wp-content\/uploads\/2024\/12\/dan-grada-vijenci9-1024x473.jpg 1024w, https:\/\/gorica.info\/wp-content\/uploads\/2024\/12\/dan-grada-vijenci9-300x139.jpg 300w, https:\/\/gorica.info\/wp-content\/uploads\/2024\/12\/dan-grada-vijenci9-768x355.jpg 768w, https:\/\/gorica.info\/wp-content\/uploads\/2024\/12\/dan-grada-vijenci9-18x8.jpg 18w, https:\/\/gorica.info\/wp-content\/uploads\/2024\/12\/dan-grada-vijenci9-750x346.jpg 750w, https:\/\/gorica.info\/wp-content\/uploads\/2024\/12\/dan-grada-vijenci9-1140x526.jpg 1140w, https:\/\/gorica.info\/wp-content\/uploads\/2024\/12\/dan-grada-vijenci9.jpg 1100w\" sizes=\"(max-width: 1024px) 100vw, 1024px\" \/><\/figure>\n\n\n\n<figure class=\"wp-block-image size-large\"><img loading=\"lazy\" decoding=\"async\" width=\"1024\" height=\"473\" data-id=\"81799\" src=\"https:\/\/gorica.info\/wp-content\/uploads\/2024\/12\/dan-grada-vijenci10-1024x473.jpg\" alt=\"\" class=\"wp-image-81799\" srcset=\"https:\/\/gorica.info\/wp-content\/uploads\/2024\/12\/dan-grada-vijenci10-1024x473.jpg 1024w, https:\/\/gorica.info\/wp-content\/uploads\/2024\/12\/dan-grada-vijenci10-300x139.jpg 300w, https:\/\/gorica.info\/wp-content\/uploads\/2024\/12\/dan-grada-vijenci10-768x355.jpg 768w, https:\/\/gorica.info\/wp-content\/uploads\/2024\/12\/dan-grada-vijenci10-18x8.jpg 18w, https:\/\/gorica.info\/wp-content\/uploads\/2024\/12\/dan-grada-vijenci10-750x346.jpg 750w, https:\/\/gorica.info\/wp-content\/uploads\/2024\/12\/dan-grada-vijenci10-1140x526.jpg 1140w, https:\/\/gorica.info\/wp-content\/uploads\/2024\/12\/dan-grada-vijenci10.jpg 1100w\" sizes=\"(max-width: 1024px) 100vw, 1024px\" \/><\/figure>\n\n\n\n<figure class=\"wp-block-image size-large\"><img loading=\"lazy\" decoding=\"async\" width=\"1024\" height=\"568\" data-id=\"81797\" src=\"https:\/\/gorica.info\/wp-content\/uploads\/2024\/12\/dan-grada-vijenci8-1024x568.jpg\" alt=\"\" class=\"wp-image-81797\" srcset=\"https:\/\/gorica.info\/wp-content\/uploads\/2024\/12\/dan-grada-vijenci8-1024x568.jpg 1024w, https:\/\/gorica.info\/wp-content\/uploads\/2024\/12\/dan-grada-vijenci8-300x167.jpg 300w, https:\/\/gorica.info\/wp-content\/uploads\/2024\/12\/dan-grada-vijenci8-768x426.jpg 768w, https:\/\/gorica.info\/wp-content\/uploads\/2024\/12\/dan-grada-vijenci8-18x10.jpg 18w, https:\/\/gorica.info\/wp-content\/uploads\/2024\/12\/dan-grada-vijenci8-750x416.jpg 750w, https:\/\/gorica.info\/wp-content\/uploads\/2024\/12\/dan-grada-vijenci8-1140x633.jpg 1140w, https:\/\/gorica.info\/wp-content\/uploads\/2024\/12\/dan-grada-vijenci8.jpg 1100w\" sizes=\"(max-width: 1024px) 100vw, 1024px\" \/><\/figure>\n\n\n\n<figure class=\"wp-block-image size-large\"><img loading=\"lazy\" decoding=\"async\" width=\"1024\" height=\"472\" data-id=\"81795\" src=\"https:\/\/gorica.info\/wp-content\/uploads\/2024\/12\/dan-grada-vijenci7-1024x472.jpg\" alt=\"\" class=\"wp-image-81795\" srcset=\"https:\/\/gorica.info\/wp-content\/uploads\/2024\/12\/dan-grada-vijenci7-1024x472.jpg 1024w, https:\/\/gorica.info\/wp-content\/uploads\/2024\/12\/dan-grada-vijenci7-300x138.jpg 300w, https:\/\/gorica.info\/wp-content\/uploads\/2024\/12\/dan-grada-vijenci7-768x354.jpg 768w, https:\/\/gorica.info\/wp-content\/uploads\/2024\/12\/dan-grada-vijenci7-18x8.jpg 18w, https:\/\/gorica.info\/wp-content\/uploads\/2024\/12\/dan-grada-vijenci7-750x346.jpg 750w, https:\/\/gorica.info\/wp-content\/uploads\/2024\/12\/dan-grada-vijenci7-1140x525.jpg 1140w, https:\/\/gorica.info\/wp-content\/uploads\/2024\/12\/dan-grada-vijenci7.jpg 1100w\" sizes=\"(max-width: 1024px) 100vw, 1024px\" \/><\/figure>\n\n\n\n<figure class=\"wp-block-image size-large\"><img loading=\"lazy\" decoding=\"async\" width=\"1024\" height=\"683\" data-id=\"81796\" src=\"https:\/\/gorica.info\/wp-content\/uploads\/2024\/12\/dan-grada-vijenci1-1024x683.jpg\" alt=\"\" class=\"wp-image-81796\" srcset=\"https:\/\/gorica.info\/wp-content\/uploads\/2024\/12\/dan-grada-vijenci1-1024x683.jpg 1024w, https:\/\/gorica.info\/wp-content\/uploads\/2024\/12\/dan-grada-vijenci1-300x200.jpg 300w, https:\/\/gorica.info\/wp-content\/uploads\/2024\/12\/dan-grada-vijenci1-768x512.jpg 768w, https:\/\/gorica.info\/wp-content\/uploads\/2024\/12\/dan-grada-vijenci1-18x12.jpg 18w, https:\/\/gorica.info\/wp-content\/uploads\/2024\/12\/dan-grada-vijenci1-750x500.jpg 750w, https:\/\/gorica.info\/wp-content\/uploads\/2024\/12\/dan-grada-vijenci1-1140x760.jpg 1140w, https:\/\/gorica.info\/wp-content\/uploads\/2024\/12\/dan-grada-vijenci1.jpg 1100w\" sizes=\"(max-width: 1024px) 100vw, 1024px\" \/><\/figure>\n\n\n\n<figure class=\"wp-block-image size-large\"><img loading=\"lazy\" decoding=\"async\" width=\"1024\" height=\"683\" data-id=\"81794\" src=\"https:\/\/gorica.info\/wp-content\/uploads\/2024\/12\/dan-grada-vijenci-1024x683.jpg\" alt=\"\" class=\"wp-image-81794\" srcset=\"https:\/\/gorica.info\/wp-content\/uploads\/2024\/12\/dan-grada-vijenci-1024x683.jpg 1024w, https:\/\/gorica.info\/wp-content\/uploads\/2024\/12\/dan-grada-vijenci-300x200.jpg 300w, https:\/\/gorica.info\/wp-content\/uploads\/2024\/12\/dan-grada-vijenci-768x512.jpg 768w, https:\/\/gorica.info\/wp-content\/uploads\/2024\/12\/dan-grada-vijenci-18x12.jpg 18w, https:\/\/gorica.info\/wp-content\/uploads\/2024\/12\/dan-grada-vijenci-750x500.jpg 750w, https:\/\/gorica.info\/wp-content\/uploads\/2024\/12\/dan-grada-vijenci-1140x760.jpg 1140w, https:\/\/gorica.info\/wp-content\/uploads\/2024\/12\/dan-grada-vijenci.jpg 1100w\" sizes=\"(max-width: 1024px) 100vw, 1024px\" \/><\/figure>\n<\/figure>","protected":false},"excerpt":{"rendered":"<p>U povodu Dana grada i blagdana svete Lucije izaslanstva Grada Velike Gorice, Gradskog vije\u0107a, politi\u010dkih stranaka, braniteljskih udruga i obitelji poginulih branitelja, udruga antifa\u0161ista, policije i vatrogasaca polo\u017eili su jutros vijence i zapalili svije\u0107e kod spomenika braniteljima. Povodom Dana grada odali smo po\u010dast velikogori\u010dkim braniteljima, zbog kojih danas \u017eivimo u miru i slobodi, poru\u010dio je [&hellip;]<\/p>\n","protected":false},"author":25,"featured_media":81791,"comment_status":"closed","ping_status":"closed","sticky":false,"template":"","format":"standard","meta":{"limit_modified_date":"","last_modified_date":"","jnews-multi-image_gallery":[],"jnews_single_post":{"format":"standard"},"jnews_primary_category":[],"jnews_override_counter":[],"footnotes":""},"categories":[87],"tags":[1867,16294,1639,122,15549,15554],"class_list":["post-81789","post","type-post","status-publish","format-standard","has-post-thumbnail","hentry","category-gorica","tag-dan-grada","tag-koncert-mladena-grdovica","tag-svijece","tag-velika-gorica","tag-velika-gorica-danas","tag-vg-vijesti"],"yoast_head":"<!-- This site is optimized with the Yoast SEO Premium plugin v27.5 (Yoast SEO v27.5) - https:\/\/yoast.com\/product\/yoast-seo-premium-wordpress\/ -->\n<title>Za Dan grada: Polo\u017eeni vijenci i svije\u0107e za poginule branitelje - Gorica Info<\/title>\n<meta name=\"description\" content=\"Za Dan grada: Polo\u017eeni vijenci i svije\u0107e za poginule branitelje kod Golubice. Gradona\u010delnik A\u010dkar uputio je \u010destitku sugra\u0111anima.\" \/>\n<meta name=\"robots\" content=\"index, follow, max-snippet:-1, max-image-preview:large, max-video-preview:-1\" \/>\n<link rel=\"canonical\" href=\"https:\/\/gorica.info\/en\/za-dan-grada-polozeni-vijenci-i-svijece-za-poginule-branitelje\/\" \/>\n<meta property=\"og:locale\" content=\"en_US\" \/>\n<meta property=\"og:type\" content=\"article\" \/>\n<meta property=\"og:title\" content=\"Za Dan grada: Polo\u017eeni vijenci i svije\u0107e za poginule branitelje\" \/>\n<meta property=\"og:description\" content=\"Za Dan grada: Polo\u017eeni vijenci i svije\u0107e za poginule branitelje kod Golubice. Gradona\u010delnik A\u010dkar uputio je \u010destitku sugra\u0111anima.\" \/>\n<meta property=\"og:url\" content=\"https:\/\/gorica.info\/en\/za-dan-grada-polozeni-vijenci-i-svijece-za-poginule-branitelje\/\" \/>\n<meta property=\"og:site_name\" content=\"Gorica Info\" \/>\n<meta property=\"article:publisher\" content=\"https:\/\/www.facebook.com\/Goricainfo-106005144489262\" \/>\n<meta property=\"article:published_time\" content=\"2024-12-13T10:06:00+00:00\" \/>\n<meta property=\"article:modified_time\" content=\"2024-12-13T10:54:06+00:00\" \/>\n<meta property=\"og:image\" content=\"https:\/\/gorica.info\/wp-content\/uploads\/2024\/12\/dan-grada-vijenci-golubica.jpg\" \/>\n\t<meta property=\"og:image:width\" content=\"1200\" \/>\n\t<meta property=\"og:image:height\" content=\"800\" \/>\n\t<meta property=\"og:image:type\" content=\"image\/jpeg\" \/>\n<meta name=\"author\" content=\"Marta Horvat\" \/>\n<meta name=\"twitter:card\" content=\"summary_large_image\" \/>\n<meta name=\"twitter:creator\" content=\"@GoricaInfo\" \/>\n<meta name=\"twitter:site\" content=\"@GoricaInfo\" \/>\n<meta name=\"twitter:label1\" content=\"Written by\" \/>\n\t<meta name=\"twitter:data1\" content=\"Marta Horvat\" \/>\n\t<meta name=\"twitter:label2\" content=\"Est. reading time\" \/>\n\t<meta name=\"twitter:data2\" content=\"3 minutes\" \/>\n<meta name=\"geo.placename\" content=\"Velika Gorica\" \/>\n<meta name=\"geo.region\" content=\"Croatia\" \/>\n<!-- \/ Yoast SEO Premium plugin. -->","yoast_head_json":{"title":"Za Dan grada: Polo\u017eeni vijenci i svije\u0107e za poginule branitelje - Gorica Info","description":"Za Dan grada: Polo\u017eeni vijenci i svije\u0107e za poginule branitelje kod Golubice. Gradona\u010delnik A\u010dkar uputio je \u010destitku sugra\u0111anima.","robots":{"index":"index","follow":"follow","max-snippet":"max-snippet:-1","max-image-preview":"max-image-preview:large","max-video-preview":"max-video-preview:-1"},"canonical":"https:\/\/gorica.info\/en\/za-dan-grada-polozeni-vijenci-i-svijece-za-poginule-branitelje\/","og_locale":"en_US","og_type":"article","og_title":"Za Dan grada: Polo\u017eeni vijenci i svije\u0107e za poginule branitelje","og_description":"Za Dan grada: Polo\u017eeni vijenci i svije\u0107e za poginule branitelje kod Golubice. Gradona\u010delnik A\u010dkar uputio je \u010destitku sugra\u0111anima.","og_url":"https:\/\/gorica.info\/en\/za-dan-grada-polozeni-vijenci-i-svijece-za-poginule-branitelje\/","og_site_name":"Gorica Info","article_publisher":"https:\/\/www.facebook.com\/Goricainfo-106005144489262","article_published_time":"2024-12-13T10:06:00+00:00","article_modified_time":"2024-12-13T10:54:06+00:00","og_image":[{"width":1200,"height":800,"url":"https:\/\/gorica.info\/wp-content\/uploads\/2024\/12\/dan-grada-vijenci-golubica.jpg","type":"image\/jpeg"}],"author":"Marta Horvat","twitter_card":"summary_large_image","twitter_creator":"@GoricaInfo","twitter_site":"@GoricaInfo","twitter_misc":{"Written by":"Marta Horvat","Est. reading time":"3 minutes"},"schema":{"@context":"https:\/\/schema.org","@graph":[{"@type":"NewsArticle","@id":"https:\/\/gorica.info\/za-dan-grada-polozeni-vijenci-i-svijece-za-poginule-branitelje\/#article","isPartOf":{"@id":"https:\/\/gorica.info\/za-dan-grada-polozeni-vijenci-i-svijece-za-poginule-branitelje\/"},"author":{"name":"Marta Horvat","@id":"https:\/\/gorica.info\/#\/schema\/person\/b2df2f6fb2a9073c0fa5af2672befd52"},"headline":"Za Dan grada: Polo\u017eeni vijenci i svije\u0107e za poginule branitelje","datePublished":"2024-12-13T10:06:00+00:00","dateModified":"2024-12-13T10:54:06+00:00","mainEntityOfPage":{"@id":"https:\/\/gorica.info\/za-dan-grada-polozeni-vijenci-i-svijece-za-poginule-branitelje\/"},"wordCount":243,"publisher":{"@id":"https:\/\/gorica.info\/#organization"},"image":{"@id":"https:\/\/gorica.info\/za-dan-grada-polozeni-vijenci-i-svijece-za-poginule-branitelje\/#primaryimage"},"thumbnailUrl":"https:\/\/gorica.info\/wp-content\/uploads\/2024\/12\/dan-grada-vijenci-golubica.jpg","keywords":["dan grada","koncert mladena grdovi\u0107a","svije\u0107e","Velika Gorica","velika gorica danas","vg vijesti"],"articleSection":["GORICA"],"inLanguage":"en-US","copyrightYear":"2024","copyrightHolder":{"@id":"https:\/\/gorica.info\/en\/#organization"}},{"@type":"WebPage","@id":"https:\/\/gorica.info\/za-dan-grada-polozeni-vijenci-i-svijece-za-poginule-branitelje\/","url":"https:\/\/gorica.info\/za-dan-grada-polozeni-vijenci-i-svijece-za-poginule-branitelje\/","name":"Za Dan grada: Polo\u017eeni vijenci i svije\u0107e za poginule branitelje - Gorica Info","isPartOf":{"@id":"https:\/\/gorica.info\/#website"},"primaryImageOfPage":{"@id":"https:\/\/gorica.info\/za-dan-grada-polozeni-vijenci-i-svijece-za-poginule-branitelje\/#primaryimage"},"image":{"@id":"https:\/\/gorica.info\/za-dan-grada-polozeni-vijenci-i-svijece-za-poginule-branitelje\/#primaryimage"},"thumbnailUrl":"https:\/\/gorica.info\/wp-content\/uploads\/2024\/12\/dan-grada-vijenci-golubica.jpg","datePublished":"2024-12-13T10:06:00+00:00","dateModified":"2024-12-13T10:54:06+00:00","description":"Za Dan grada: Polo\u017eeni vijenci i svije\u0107e za poginule branitelje kod Golubice. Gradona\u010delnik A\u010dkar uputio je \u010destitku sugra\u0111anima.","breadcrumb":{"@id":"https:\/\/gorica.info\/za-dan-grada-polozeni-vijenci-i-svijece-za-poginule-branitelje\/#breadcrumb"},"inLanguage":"en-US","potentialAction":[{"@type":"ReadAction","target":["https:\/\/gorica.info\/za-dan-grada-polozeni-vijenci-i-svijece-za-poginule-branitelje\/"]}]},{"@type":"ImageObject","inLanguage":"en-US","@id":"https:\/\/gorica.info\/za-dan-grada-polozeni-vijenci-i-svijece-za-poginule-branitelje\/#primaryimage","url":"https:\/\/gorica.info\/wp-content\/uploads\/2024\/12\/dan-grada-vijenci-golubica.jpg","contentUrl":"https:\/\/gorica.info\/wp-content\/uploads\/2024\/12\/dan-grada-vijenci-golubica.jpg","width":1100,"height":733,"caption":"Foto: FB K. A\u010dkara"},{"@type":"BreadcrumbList","@id":"https:\/\/gorica.info\/za-dan-grada-polozeni-vijenci-i-svijece-za-poginule-branitelje\/#breadcrumb","itemListElement":[{"@type":"ListItem","position":1,"name":"Po\u010detna stranica","item":"https:\/\/gorica.info\/"},{"@type":"ListItem","position":2,"name":"Za Dan grada: Polo\u017eeni vijenci i svije\u0107e za poginule branitelje"}]},{"@type":"WebSite","@id":"https:\/\/gorica.info\/#website","url":"https:\/\/gorica.info\/","name":"Gorica Info","description":"Vijesti iz Velike Gorice i okolice.","publisher":{"@id":"https:\/\/gorica.info\/#organization"},"potentialAction":[{"@type":"SearchAction","target":{"@type":"EntryPoint","urlTemplate":"https:\/\/gorica.info\/?s={search_term_string}"},"query-input":{"@type":"PropertyValueSpecification","valueRequired":true,"valueName":"search_term_string"}}],"inLanguage":"en-US"},{"@type":["Organization","Place","NewsMediaOrganization"],"@id":"https:\/\/gorica.info\/#organization","name":"Gorica Info","url":"https:\/\/gorica.info\/","logo":{"@id":"https:\/\/gorica.info\/za-dan-grada-polozeni-vijenci-i-svijece-za-poginule-branitelje\/#local-main-organization-logo"},"image":{"@id":"https:\/\/gorica.info\/za-dan-grada-polozeni-vijenci-i-svijece-za-poginule-branitelje\/#local-main-organization-logo"},"sameAs":["https:\/\/www.facebook.com\/Goricainfo-106005144489262","https:\/\/x.com\/GoricaInfo","https:\/\/www.instagram.com\/gorica.info\/"],"address":{"@id":"https:\/\/gorica.info\/za-dan-grada-polozeni-vijenci-i-svijece-za-poginule-branitelje\/#local-main-place-address"},"telephone":[],"openingHoursSpecification":[{"@type":"OpeningHoursSpecification","dayOfWeek":["Monday","Tuesday","Wednesday","Thursday","Friday","Saturday","Sunday"],"opens":"09:00","closes":"17:00"}],"email":"redakcija@gorica.info"},{"@type":"Person","@id":"https:\/\/gorica.info\/#\/schema\/person\/b2df2f6fb2a9073c0fa5af2672befd52","name":"Marta Horvat","description":"Marta Horvat je studentica koja redovito pi\u0161e za portal, prati sva gradska doga\u0111anja i u\u017eiva isprobavati nove recept koje dijeli s na\u0161im \u010ditateljima.","url":"https:\/\/gorica.info\/en\/author\/marta-horvat\/"},{"@type":"PostalAddress","@id":"https:\/\/gorica.info\/za-dan-grada-polozeni-vijenci-i-svijece-za-poginule-branitelje\/#local-main-place-address","streetAddress":"Horvatova 97","addressLocality":"Velika Gorica","postalCode":"10410","addressRegion":"Croatia","addressCountry":"HR"},{"@type":"ImageObject","inLanguage":"en-US","@id":"https:\/\/gorica.info\/za-dan-grada-polozeni-vijenci-i-svijece-za-poginule-branitelje\/#local-main-organization-logo","url":"https:\/\/gorica.info\/wp-content\/uploads\/2024\/07\/Gorica-Info-Logo-mali.png","contentUrl":"https:\/\/gorica.info\/wp-content\/uploads\/2024\/07\/Gorica-Info-Logo-mali.png","width":450,"height":85,"caption":"Gorica Info"}]},"geo.placename":"Velika Gorica","geo.region":"Croatia"},"_links":{"self":[{"href":"https:\/\/gorica.info\/en\/wp-json\/wp\/v2\/posts\/81789","targetHints":{"allow":["GET"]}}],"collection":[{"href":"https:\/\/gorica.info\/en\/wp-json\/wp\/v2\/posts"}],"about":[{"href":"https:\/\/gorica.info\/en\/wp-json\/wp\/v2\/types\/post"}],"author":[{"embeddable":true,"href":"https:\/\/gorica.info\/en\/wp-json\/wp\/v2\/users\/25"}],"replies":[{"embeddable":true,"href":"https:\/\/gorica.info\/en\/wp-json\/wp\/v2\/comments?post=81789"}],"version-history":[{"count":4,"href":"https:\/\/gorica.info\/en\/wp-json\/wp\/v2\/posts\/81789\/revisions"}],"predecessor-version":[{"id":81805,"href":"https:\/\/gorica.info\/en\/wp-json\/wp\/v2\/posts\/81789\/revisions\/81805"}],"wp:featuredmedia":[{"embeddable":true,"href":"https:\/\/gorica.info\/en\/wp-json\/wp\/v2\/media\/81791"}],"wp:attachment":[{"href":"https:\/\/gorica.info\/en\/wp-json\/wp\/v2\/media?parent=81789"}],"wp:term":[{"taxonomy":"category","embeddable":true,"href":"https:\/\/gorica.info\/en\/wp-json\/wp\/v2\/categories?post=81789"},{"taxonomy":"post_tag","embeddable":true,"href":"https:\/\/gorica.info\/en\/wp-json\/wp\/v2\/tags?post=81789"}],"curies":[{"name":"wp","href":"https:\/\/api.w.org\/{rel}","templated":true}]}}