{"id":82974,"date":"2025-01-14T08:05:49","date_gmt":"2025-01-14T07:05:49","guid":{"rendered":"https:\/\/gorica.info\/?p=82974"},"modified":"2025-01-14T08:55:55","modified_gmt":"2025-01-14T07:55:55","slug":"besplatno-savjetovaliste-za-starije-osobe-objavljeni-su-termini-za-sijecanj-i-veljacu","status":"publish","type":"post","link":"https:\/\/gorica.info\/en\/besplatno-savjetovaliste-za-starije-osobe-objavljeni-su-termini-za-sijecanj-i-veljacu\/","title":{"rendered":"Besplatno savjetovali\u0161te za starije: Objavljeni termini za sije\u010danj i velja\u010du"},"content":{"rendered":"<p><span style=\"font-size: 20px;\">Objavljeni su termini za<strong> besplatno pravno i psiholo\u0161ko savjetovanje<\/strong> u <strong>sije\u010dnju i velja\u010di <\/strong>namijenjeno gori\u010dkim umirovljenicima i starijim osobama.<\/span><\/p>\n<p><span style=\"font-size: 20px;\">Podr\u0161ku osigurava stru\u010dni tim sastavljen od <strong>pravnice i psihologa<\/strong>, a pomo\u0107 se pru\u017ea u podru\u010djima pravno informiranje i savjetovanje te psiholo\u0161ko savjetovanje i podr\u0161ka.<\/span><\/p>\n<p><span style=\"font-size: 20px;\">Savjetovali\u0161te radi <strong>od 16 do 19 sati na adresi Trg kralja Tomislava 40<\/strong>, Velika Gorica (nakon prolaska kroz ve\u017eu, u prizemlju lijevo), a potrebno je naru\u010diti se na broj 095 3907 301.<\/span><\/p>\n<p><strong><span style=\"font-size: 20px;\">Termini za sije\u010danj: 14. 1., 21. 1. i 28. 1.<\/span><\/strong><\/p>\n<p><strong><span style=\"font-size: 20px;\">Termini za velja\u010du: 4. 2., 11. 2., 18. 2. i 25. 2.<\/span><\/strong><\/p>\n<p><span style=\"font-size: 20px;\">Na podru\u010dju <a href=\"https:\/\/gorica.info\/en\/starijim-osobama-u-prosincu-dostupno-besplatno-pravno-i-psiholosko-savjetovanje\/\">Velike Gorice<\/a> \u017eivi oko<strong> 9.500 osoba starijih od 65 godina<\/strong> koje se suo\u010davaju s brojnim problemima kao \u0161to su nedostatak informacija o dostupnim uslugama i aktivnostima, nedostatak prijevoza do zdravstvenih ustanova i drugih javnih institucija, nedostatak dru\u0161tvene interakcije, usamljenost, nedostatak emocionalne podr\u0161ke i sli\u010dno.<\/span><\/p>\n<p><span style=\"font-size: 20px;\">Do sada je kroz ovaj projekt preko 150 osoba starije \u017eivotne dobi koristilo uslugu besplatnog pravnog savjetovanja, uslugu besplatne psiholo\u0161ke pomo\u0107i i podr\u0161ke te uslugu individualnog psihosuporta.<\/span><\/p>\n<p><span style=\"font-size: 20px;\">Iz <a href=\"https:\/\/gorica.hr\/2025\/01\/besplatno-pravno-i-psiholosko-savjetovanje-za-osobe-starije-zivotne-dobi-8\/\">Gradske uprave<\/a> pozivaju osobe <strong>starije \u017eivotne dobi<\/strong> da se jave i iskoriste mogu\u0107nost besplatnog savjetovanja.<\/span><\/p>","protected":false},"excerpt":{"rendered":"<p>Objavljeni su termini za besplatno pravno i psiholo\u0161ko savjetovanje u sije\u010dnju i velja\u010di namijenjeno gori\u010dkim umirovljenicima i starijim osobama. Podr\u0161ku osigurava stru\u010dni tim sastavljen od pravnice i psihologa, a pomo\u0107 se pru\u017ea u podru\u010djima pravno informiranje i savjetovanje te psiholo\u0161ko savjetovanje i podr\u0161ka. Savjetovali\u0161te radi od 16 do 19 sati na adresi Trg kralja Tomislava [&hellip;]<\/p>\n","protected":false},"author":25,"featured_media":82975,"comment_status":"closed","ping_status":"closed","sticky":false,"template":"","format":"standard","meta":{"limit_modified_date":"","last_modified_date":"","jnews-multi-image_gallery":[],"jnews_single_post":{"subtitle":"","format":"standard","override":[{"template":"3","parallax":"1","fullscreen":"1","layout":"right-sidebar","sidebar":"default-sidebar","second_sidebar":"default-sidebar","sticky_sidebar":"1","share_position":"top","share_float_style":"share-monocrhome","show_featured":"1","show_post_meta":"1","show_post_author":"1","show_post_author_image":"1","show_post_date":"1","post_date_format":"default","post_date_format_custom":"Y\/m\/d","show_post_category":"1","show_post_reading_time":"1","post_reading_time_wpm":"300","post_calculate_word_method":"str_word_count","zoom_button_out_step":"2","zoom_button_in_step":"3","show_post_tag":"1","show_popup_post":"1","number_popup_post":"1","show_post_related":"1"}],"image_override":[{"single_post_thumbnail_size":"crop-500","single_post_gallery_size":"crop-500"}],"trending_post_position":"meta","trending_post_label":"Trending","sponsored_post_label":"Sponsored by","disable_ad":"0"},"jnews_primary_category":[],"jnews_override_counter":{"view_counter_number":"0","share_counter_number":"0","like_counter_number":"0","dislike_counter_number":"0"},"footnotes":""},"categories":[87],"tags":[4207,16796,16103,5490,443,16797,322,122,15549,15554],"class_list":["post-82974","post","type-post","status-publish","format-standard","has-post-thumbnail","hentry","category-gorica","tag-besplatno-savjetovanje","tag-pravnica","tag-pravno-savjetovaliste","tag-psihologinja","tag-starije-osobe","tag-termini","tag-umirovljenici","tag-velika-gorica","tag-velika-gorica-danas","tag-vg-vijesti"],"yoast_head":"<!-- This site is optimized with the Yoast SEO Premium plugin v27.4 (Yoast SEO v27.4) - https:\/\/yoast.com\/product\/yoast-seo-premium-wordpress\/ -->\n<title>Besplatno savjetovali\u0161te za starije: Objavljeni termini za sije\u010danj i velja\u010du - Gorica Info<\/title>\n<meta name=\"description\" content=\"Besplatno savjetovali\u0161te za starije osobe: Objavljeni su termini za sije\u010danj i velja\u010du. Savjetovali\u0161te radi od 16 do 19 sati.\" \/>\n<meta name=\"robots\" content=\"index, follow, max-snippet:-1, max-image-preview:large, max-video-preview:-1\" \/>\n<link rel=\"canonical\" href=\"https:\/\/gorica.info\/en\/besplatno-savjetovaliste-za-starije-osobe-objavljeni-su-termini-za-sijecanj-i-veljacu\/\" \/>\n<meta property=\"og:locale\" content=\"en_US\" \/>\n<meta property=\"og:type\" content=\"article\" \/>\n<meta property=\"og:title\" content=\"Besplatno savjetovali\u0161te za starije: Objavljeni termini za sije\u010danj i velja\u010du\" \/>\n<meta property=\"og:description\" content=\"Besplatno savjetovali\u0161te za starije osobe: Objavljeni su termini za sije\u010danj i velja\u010du. Savjetovali\u0161te radi od 16 do 19 sati.\" \/>\n<meta property=\"og:url\" content=\"https:\/\/gorica.info\/en\/besplatno-savjetovaliste-za-starije-osobe-objavljeni-su-termini-za-sijecanj-i-veljacu\/\" \/>\n<meta property=\"og:site_name\" content=\"Gorica Info\" \/>\n<meta property=\"article:publisher\" content=\"https:\/\/www.facebook.com\/Goricainfo-106005144489262\" \/>\n<meta property=\"article:published_time\" content=\"2025-01-14T07:05:49+00:00\" \/>\n<meta property=\"article:modified_time\" content=\"2025-01-14T07:55:55+00:00\" \/>\n<meta property=\"og:image\" content=\"https:\/\/gorica.info\/wp-content\/uploads\/2025\/01\/umirovljenici-unsplah.jpg\" \/>\n\t<meta property=\"og:image:width\" content=\"1200\" \/>\n\t<meta property=\"og:image:height\" content=\"676\" \/>\n\t<meta property=\"og:image:type\" content=\"image\/jpeg\" \/>\n<meta name=\"author\" content=\"Marta Horvat\" \/>\n<meta name=\"twitter:card\" content=\"summary_large_image\" \/>\n<meta name=\"twitter:creator\" content=\"@GoricaInfo\" \/>\n<meta name=\"twitter:site\" content=\"@GoricaInfo\" \/>\n<meta name=\"twitter:label1\" content=\"Written by\" \/>\n\t<meta name=\"twitter:data1\" content=\"Marta Horvat\" \/>\n\t<meta name=\"twitter:label2\" content=\"Est. reading time\" \/>\n\t<meta name=\"twitter:data2\" content=\"2 minutes\" \/>\n<meta name=\"geo.placename\" content=\"Velika Gorica\" \/>\n<meta name=\"geo.region\" content=\"Croatia\" \/>\n<!-- \/ Yoast SEO Premium plugin. -->","yoast_head_json":{"title":"Besplatno savjetovali\u0161te za starije: Objavljeni termini za sije\u010danj i velja\u010du - Gorica Info","description":"Besplatno savjetovali\u0161te za starije osobe: Objavljeni su termini za sije\u010danj i velja\u010du. Savjetovali\u0161te radi od 16 do 19 sati.","robots":{"index":"index","follow":"follow","max-snippet":"max-snippet:-1","max-image-preview":"max-image-preview:large","max-video-preview":"max-video-preview:-1"},"canonical":"https:\/\/gorica.info\/en\/besplatno-savjetovaliste-za-starije-osobe-objavljeni-su-termini-za-sijecanj-i-veljacu\/","og_locale":"en_US","og_type":"article","og_title":"Besplatno savjetovali\u0161te za starije: Objavljeni termini za sije\u010danj i velja\u010du","og_description":"Besplatno savjetovali\u0161te za starije osobe: Objavljeni su termini za sije\u010danj i velja\u010du. Savjetovali\u0161te radi od 16 do 19 sati.","og_url":"https:\/\/gorica.info\/en\/besplatno-savjetovaliste-za-starije-osobe-objavljeni-su-termini-za-sijecanj-i-veljacu\/","og_site_name":"Gorica Info","article_publisher":"https:\/\/www.facebook.com\/Goricainfo-106005144489262","article_published_time":"2025-01-14T07:05:49+00:00","article_modified_time":"2025-01-14T07:55:55+00:00","og_image":[{"width":1200,"height":676,"url":"https:\/\/gorica.info\/wp-content\/uploads\/2025\/01\/umirovljenici-unsplah.jpg","type":"image\/jpeg"}],"author":"Marta Horvat","twitter_card":"summary_large_image","twitter_creator":"@GoricaInfo","twitter_site":"@GoricaInfo","twitter_misc":{"Written by":"Marta Horvat","Est. reading time":"2 minutes"},"schema":{"@context":"https:\/\/schema.org","@graph":[{"@type":"NewsArticle","@id":"https:\/\/gorica.info\/besplatno-savjetovaliste-za-starije-osobe-objavljeni-su-termini-za-sijecanj-i-veljacu\/#article","isPartOf":{"@id":"https:\/\/gorica.info\/besplatno-savjetovaliste-za-starije-osobe-objavljeni-su-termini-za-sijecanj-i-veljacu\/"},"author":{"name":"Marta Horvat","@id":"https:\/\/gorica.info\/#\/schema\/person\/b2df2f6fb2a9073c0fa5af2672befd52"},"headline":"Besplatno savjetovali\u0161te za starije: Objavljeni termini za sije\u010danj i velja\u010du","datePublished":"2025-01-14T07:05:49+00:00","dateModified":"2025-01-14T07:55:55+00:00","mainEntityOfPage":{"@id":"https:\/\/gorica.info\/besplatno-savjetovaliste-za-starije-osobe-objavljeni-su-termini-za-sijecanj-i-veljacu\/"},"wordCount":200,"publisher":{"@id":"https:\/\/gorica.info\/#organization"},"image":{"@id":"https:\/\/gorica.info\/besplatno-savjetovaliste-za-starije-osobe-objavljeni-su-termini-za-sijecanj-i-veljacu\/#primaryimage"},"thumbnailUrl":"https:\/\/gorica.info\/wp-content\/uploads\/2025\/01\/umirovljenici-unsplah.jpg","keywords":["besplatno savjetovanje","pravnica","pravno savjetovali\u0161te","psihologinja","starije osobe","termini","umirovljenici","Velika Gorica","velika gorica danas","vg vijesti"],"articleSection":["GORICA"],"inLanguage":"en-US","copyrightYear":"2025","copyrightHolder":{"@id":"https:\/\/gorica.info\/en\/#organization"}},{"@type":"WebPage","@id":"https:\/\/gorica.info\/besplatno-savjetovaliste-za-starije-osobe-objavljeni-su-termini-za-sijecanj-i-veljacu\/","url":"https:\/\/gorica.info\/besplatno-savjetovaliste-za-starije-osobe-objavljeni-su-termini-za-sijecanj-i-veljacu\/","name":"Besplatno savjetovali\u0161te za starije: Objavljeni termini za sije\u010danj i velja\u010du - Gorica Info","isPartOf":{"@id":"https:\/\/gorica.info\/#website"},"primaryImageOfPage":{"@id":"https:\/\/gorica.info\/besplatno-savjetovaliste-za-starije-osobe-objavljeni-su-termini-za-sijecanj-i-veljacu\/#primaryimage"},"image":{"@id":"https:\/\/gorica.info\/besplatno-savjetovaliste-za-starije-osobe-objavljeni-su-termini-za-sijecanj-i-veljacu\/#primaryimage"},"thumbnailUrl":"https:\/\/gorica.info\/wp-content\/uploads\/2025\/01\/umirovljenici-unsplah.jpg","datePublished":"2025-01-14T07:05:49+00:00","dateModified":"2025-01-14T07:55:55+00:00","description":"Besplatno savjetovali\u0161te za starije osobe: Objavljeni su termini za sije\u010danj i velja\u010du. Savjetovali\u0161te radi od 16 do 19 sati.","breadcrumb":{"@id":"https:\/\/gorica.info\/besplatno-savjetovaliste-za-starije-osobe-objavljeni-su-termini-za-sijecanj-i-veljacu\/#breadcrumb"},"inLanguage":"en-US","potentialAction":[{"@type":"ReadAction","target":["https:\/\/gorica.info\/besplatno-savjetovaliste-za-starije-osobe-objavljeni-su-termini-za-sijecanj-i-veljacu\/"]}]},{"@type":"ImageObject","inLanguage":"en-US","@id":"https:\/\/gorica.info\/besplatno-savjetovaliste-za-starije-osobe-objavljeni-su-termini-za-sijecanj-i-veljacu\/#primaryimage","url":"https:\/\/gorica.info\/wp-content\/uploads\/2025\/01\/umirovljenici-unsplah.jpg","contentUrl":"https:\/\/gorica.info\/wp-content\/uploads\/2025\/01\/umirovljenici-unsplah.jpg","width":1100,"height":620,"caption":"Foto: Unsplah"},{"@type":"BreadcrumbList","@id":"https:\/\/gorica.info\/besplatno-savjetovaliste-za-starije-osobe-objavljeni-su-termini-za-sijecanj-i-veljacu\/#breadcrumb","itemListElement":[{"@type":"ListItem","position":1,"name":"Po\u010detna stranica","item":"https:\/\/gorica.info\/"},{"@type":"ListItem","position":2,"name":"Besplatno savjetovali\u0161te za starije: Objavljeni termini za sije\u010danj i velja\u010du"}]},{"@type":"WebSite","@id":"https:\/\/gorica.info\/#website","url":"https:\/\/gorica.info\/","name":"Gorica Info","description":"Vijesti iz Velike Gorice i okolice.","publisher":{"@id":"https:\/\/gorica.info\/#organization"},"potentialAction":[{"@type":"SearchAction","target":{"@type":"EntryPoint","urlTemplate":"https:\/\/gorica.info\/?s={search_term_string}"},"query-input":{"@type":"PropertyValueSpecification","valueRequired":true,"valueName":"search_term_string"}}],"inLanguage":"en-US"},{"@type":["Organization","Place","NewsMediaOrganization"],"@id":"https:\/\/gorica.info\/#organization","name":"Gorica Info","url":"https:\/\/gorica.info\/","logo":{"@id":"https:\/\/gorica.info\/besplatno-savjetovaliste-za-starije-osobe-objavljeni-su-termini-za-sijecanj-i-veljacu\/#local-main-organization-logo"},"image":{"@id":"https:\/\/gorica.info\/besplatno-savjetovaliste-za-starije-osobe-objavljeni-su-termini-za-sijecanj-i-veljacu\/#local-main-organization-logo"},"sameAs":["https:\/\/www.facebook.com\/Goricainfo-106005144489262","https:\/\/x.com\/GoricaInfo","https:\/\/www.instagram.com\/gorica.info\/"],"address":{"@id":"https:\/\/gorica.info\/besplatno-savjetovaliste-za-starije-osobe-objavljeni-su-termini-za-sijecanj-i-veljacu\/#local-main-place-address"},"telephone":[],"openingHoursSpecification":[{"@type":"OpeningHoursSpecification","dayOfWeek":["Monday","Tuesday","Wednesday","Thursday","Friday","Saturday","Sunday"],"opens":"09:00","closes":"17:00"}],"email":"redakcija@gorica.info"},{"@type":"Person","@id":"https:\/\/gorica.info\/#\/schema\/person\/b2df2f6fb2a9073c0fa5af2672befd52","name":"Marta Horvat","description":"Marta Horvat je studentica koja redovito pi\u0161e za portal, prati sva gradska doga\u0111anja i u\u017eiva isprobavati nove recept koje dijeli s na\u0161im \u010ditateljima.","url":"https:\/\/gorica.info\/en\/author\/marta-horvat\/"},{"@type":"PostalAddress","@id":"https:\/\/gorica.info\/besplatno-savjetovaliste-za-starije-osobe-objavljeni-su-termini-za-sijecanj-i-veljacu\/#local-main-place-address","streetAddress":"Horvatova 97","addressLocality":"Velika Gorica","postalCode":"10410","addressRegion":"Croatia","addressCountry":"HR"},{"@type":"ImageObject","inLanguage":"en-US","@id":"https:\/\/gorica.info\/besplatno-savjetovaliste-za-starije-osobe-objavljeni-su-termini-za-sijecanj-i-veljacu\/#local-main-organization-logo","url":"https:\/\/gorica.info\/wp-content\/uploads\/2024\/07\/Gorica-Info-Logo-mali.png","contentUrl":"https:\/\/gorica.info\/wp-content\/uploads\/2024\/07\/Gorica-Info-Logo-mali.png","width":450,"height":85,"caption":"Gorica Info"}]},"geo.placename":"Velika Gorica","geo.region":"Croatia"},"_links":{"self":[{"href":"https:\/\/gorica.info\/en\/wp-json\/wp\/v2\/posts\/82974","targetHints":{"allow":["GET"]}}],"collection":[{"href":"https:\/\/gorica.info\/en\/wp-json\/wp\/v2\/posts"}],"about":[{"href":"https:\/\/gorica.info\/en\/wp-json\/wp\/v2\/types\/post"}],"author":[{"embeddable":true,"href":"https:\/\/gorica.info\/en\/wp-json\/wp\/v2\/users\/25"}],"replies":[{"embeddable":true,"href":"https:\/\/gorica.info\/en\/wp-json\/wp\/v2\/comments?post=82974"}],"version-history":[{"count":4,"href":"https:\/\/gorica.info\/en\/wp-json\/wp\/v2\/posts\/82974\/revisions"}],"predecessor-version":[{"id":83242,"href":"https:\/\/gorica.info\/en\/wp-json\/wp\/v2\/posts\/82974\/revisions\/83242"}],"wp:featuredmedia":[{"embeddable":true,"href":"https:\/\/gorica.info\/en\/wp-json\/wp\/v2\/media\/82975"}],"wp:attachment":[{"href":"https:\/\/gorica.info\/en\/wp-json\/wp\/v2\/media?parent=82974"}],"wp:term":[{"taxonomy":"category","embeddable":true,"href":"https:\/\/gorica.info\/en\/wp-json\/wp\/v2\/categories?post=82974"},{"taxonomy":"post_tag","embeddable":true,"href":"https:\/\/gorica.info\/en\/wp-json\/wp\/v2\/tags?post=82974"}],"curies":[{"name":"wp","href":"https:\/\/api.w.org\/{rel}","templated":true}]}}