{"id":83067,"date":"2025-01-09T14:08:42","date_gmt":"2025-01-09T13:08:42","guid":{"rendered":"https:\/\/gorica.info\/?p=83067"},"modified":"2025-01-09T17:07:03","modified_gmt":"2025-01-09T16:07:03","slug":"djedica-90-vozilom-izletio-s-ceste-udario-u-ogradu-i-pobjegao","status":"publish","type":"post","link":"https:\/\/gorica.info\/en\/djedica-90-vozilom-izletio-s-ceste-udario-u-ogradu-i-pobjegao\/","title":{"rendered":"Djedica (90) vozilom izletio s ceste, udario u ogradu i pobjegao"},"content":{"rendered":"<p><span style=\"font-size: 20px;\"><strong>Vreme\u0161ni djedica (90)<\/strong> bez polo\u017eenog voza\u010dkog ispita automobilom je <strong>izletio s ceste<\/strong>, udario u ogradu i onda <strong>pobjegao<\/strong>. Nesre\u0107a se dogodila u srijedu oko 13.40 sati u mjestu Donji Javoranj na podru\u010dju Dvora. <\/span><\/p>\n<p><span style=\"font-size: 20px;\">Djedica je pro\u0161ao bez ozljeda, nastala je samo <strong>materijalna \u0161teta<\/strong> na automobilu, izvijestila je <a href=\"https:\/\/sisacko-moslavacka-policija.gov.hr\/vijesti-8\/izazvao-prometnu-nesrecu-i-pobjegao-s-mjesta-dogadjaja\/42457\">Policijska uprava sisa\u010dko-moslava\u010dka.<\/a><\/span><\/p>\n<p><span style=\"font-size: 20px;\">Do nesre\u0107e je do\u0161lo kada je 90-godi\u0161njak upravljao automobilom sisa\u010dkih registracija. Uslijed nekretanja sredinom obilje\u017eene prometne trake, sletio je van <strong>kolnika i udario u ogradu<\/strong>. Nakon toga se odvezao s mjesto nesre\u0107e, ali je ubrzo prona\u0111en, rekli su iz policije.<\/span><\/p>\n<p><span style=\"font-size: 20px;\">Zbog po\u010dinjenih<a href=\"https:\/\/gorica.info\/en\/mladic-je-imao-ludu-srecu-od-automobila-nije-ostalo-nista-zadobio-je-lakse-ozljede\/\"> prekr\u0161aja<\/a> 90-godi\u0161njak je zaradio <strong>optu\u017eni prijedlog<\/strong> i \u010deka ga <strong>nov\u010dana kazna<\/strong> zbog izazivanja <strong>prometne nesre\u0107e i bijega<\/strong> s mjesta doga\u0111aja.<\/span><\/p>","protected":false},"excerpt":{"rendered":"<p>Vreme\u0161ni djedica (90) bez polo\u017eenog voza\u010dkog ispita automobilom je izletio s ceste, udario u ogradu i onda pobjegao. Nesre\u0107a se dogodila u srijedu oko 13.40 sati u mjestu Donji Javoranj na podru\u010dju Dvora. Djedica je pro\u0161ao bez ozljeda, nastala je samo materijalna \u0161teta na automobilu, izvijestila je Policijska uprava sisa\u010dko-moslava\u010dka. Do nesre\u0107e je do\u0161lo kada [&hellip;]<\/p>\n","protected":false},"author":23,"featured_media":83068,"comment_status":"closed","ping_status":"closed","sticky":false,"template":"","format":"standard","meta":{"limit_modified_date":"","last_modified_date":"","jnews-multi-image_gallery":[],"jnews_single_post":{"subtitle":"","format":"standard","override":[{"template":"3","parallax":"1","fullscreen":"1","layout":"right-sidebar","sidebar":"default-sidebar","second_sidebar":"default-sidebar","sticky_sidebar":"1","share_position":"top","share_float_style":"share-monocrhome","show_featured":"1","show_post_meta":"1","show_post_author":"1","show_post_author_image":"1","show_post_date":"1","post_date_format":"default","post_date_format_custom":"Y\/m\/d","show_post_category":"1","show_post_reading_time":"1","post_reading_time_wpm":"300","post_calculate_word_method":"str_word_count","zoom_button_out_step":"2","zoom_button_in_step":"3","show_post_tag":"1","show_popup_post":"1","number_popup_post":"1","show_post_related":"1"}],"image_override":[{"single_post_thumbnail_size":"crop-500","single_post_gallery_size":"crop-500"}],"trending_post_position":"meta","trending_post_label":"Trending","sponsored_post_label":"Sponsored by","disable_ad":"0"},"jnews_primary_category":[],"jnews_override_counter":{"view_counter_number":"0","share_counter_number":"0","like_counter_number":"0","dislike_counter_number":"0"},"footnotes":""},"categories":[96],"tags":[5479,3674,16827,266,5718,16828,16824],"class_list":["post-83067","post","type-post","status-publish","format-standard","has-post-thumbnail","hentry","category-vijesti","tag-dvor","tag-optuzni-prijedlog","tag-pobjegao-s-mjesta-nesece","tag-policija","tag-prekrsaj","tag-udario-u-ogradu","tag-vremesni-djedica"],"yoast_head":"<!-- This site is optimized with the Yoast SEO Premium plugin v27.4 (Yoast SEO v27.4) - https:\/\/yoast.com\/product\/yoast-seo-premium-wordpress\/ -->\n<title>Djedica (90) vozilom izletio s ceste, udario u ogradu i pobjegao - Gorica Info<\/title>\n<meta name=\"description\" content=\"Djedica (90) vozilom izletio s ceste, udario u ogradu i pobjegao: Policija ga ubrzo prona\u0161la, utvrdili su da nikada nije polo\u017eio voza\u010dki.\" \/>\n<meta name=\"robots\" content=\"index, follow, max-snippet:-1, max-image-preview:large, max-video-preview:-1\" \/>\n<link rel=\"canonical\" href=\"https:\/\/gorica.info\/en\/djedica-90-vozilom-izletio-s-ceste-udario-u-ogradu-i-pobjegao\/\" \/>\n<meta property=\"og:locale\" content=\"en_US\" \/>\n<meta property=\"og:type\" content=\"article\" \/>\n<meta property=\"og:title\" content=\"Djedica (90) vozilom izletio s ceste, udario u ogradu i pobjegao\" \/>\n<meta property=\"og:description\" content=\"Djedica (90) vozilom izletio s ceste, udario u ogradu i pobjegao: Policija ga ubrzo prona\u0161la, utvrdili su da nikada nije polo\u017eio voza\u010dki.\" \/>\n<meta property=\"og:url\" content=\"https:\/\/gorica.info\/en\/djedica-90-vozilom-izletio-s-ceste-udario-u-ogradu-i-pobjegao\/\" \/>\n<meta property=\"og:site_name\" content=\"Gorica Info\" \/>\n<meta property=\"article:publisher\" content=\"https:\/\/www.facebook.com\/Goricainfo-106005144489262\" \/>\n<meta property=\"article:published_time\" content=\"2025-01-09T13:08:42+00:00\" \/>\n<meta property=\"article:modified_time\" content=\"2025-01-09T16:07:03+00:00\" \/>\n<meta property=\"og:image\" content=\"https:\/\/gorica.info\/wp-content\/uploads\/2025\/01\/policija1.jpg\" \/>\n\t<meta property=\"og:image:width\" content=\"750\" \/>\n\t<meta property=\"og:image:height\" content=\"500\" \/>\n\t<meta property=\"og:image:type\" content=\"image\/jpeg\" \/>\n<meta name=\"author\" content=\"Gorica. info\" \/>\n<meta name=\"twitter:card\" content=\"summary_large_image\" \/>\n<meta name=\"twitter:creator\" content=\"@GoricaInfo\" \/>\n<meta name=\"twitter:site\" content=\"@GoricaInfo\" \/>\n<meta name=\"twitter:label1\" content=\"Written by\" \/>\n\t<meta name=\"twitter:data1\" content=\"Gorica. info\" \/>\n\t<meta name=\"twitter:label2\" content=\"Est. reading time\" \/>\n\t<meta name=\"twitter:data2\" content=\"1 minute\" \/>\n<meta name=\"geo.placename\" content=\"Velika Gorica\" \/>\n<meta name=\"geo.region\" content=\"Croatia\" \/>\n<!-- \/ Yoast SEO Premium plugin. -->","yoast_head_json":{"title":"Djedica (90) vozilom izletio s ceste, udario u ogradu i pobjegao - Gorica Info","description":"Djedica (90) vozilom izletio s ceste, udario u ogradu i pobjegao: Policija ga ubrzo prona\u0161la, utvrdili su da nikada nije polo\u017eio voza\u010dki.","robots":{"index":"index","follow":"follow","max-snippet":"max-snippet:-1","max-image-preview":"max-image-preview:large","max-video-preview":"max-video-preview:-1"},"canonical":"https:\/\/gorica.info\/en\/djedica-90-vozilom-izletio-s-ceste-udario-u-ogradu-i-pobjegao\/","og_locale":"en_US","og_type":"article","og_title":"Djedica (90) vozilom izletio s ceste, udario u ogradu i pobjegao","og_description":"Djedica (90) vozilom izletio s ceste, udario u ogradu i pobjegao: Policija ga ubrzo prona\u0161la, utvrdili su da nikada nije polo\u017eio voza\u010dki.","og_url":"https:\/\/gorica.info\/en\/djedica-90-vozilom-izletio-s-ceste-udario-u-ogradu-i-pobjegao\/","og_site_name":"Gorica Info","article_publisher":"https:\/\/www.facebook.com\/Goricainfo-106005144489262","article_published_time":"2025-01-09T13:08:42+00:00","article_modified_time":"2025-01-09T16:07:03+00:00","og_image":[{"width":750,"height":500,"url":"https:\/\/gorica.info\/wp-content\/uploads\/2025\/01\/policija1.jpg","type":"image\/jpeg"}],"author":"Gorica. info","twitter_card":"summary_large_image","twitter_creator":"@GoricaInfo","twitter_site":"@GoricaInfo","twitter_misc":{"Written by":"Gorica. info","Est. reading time":"1 minute"},"schema":{"@context":"https:\/\/schema.org","@graph":[{"@type":"NewsArticle","@id":"https:\/\/gorica.info\/djedica-90-vozilom-izletio-s-ceste-udario-u-ogradu-i-pobjegao\/#article","isPartOf":{"@id":"https:\/\/gorica.info\/djedica-90-vozilom-izletio-s-ceste-udario-u-ogradu-i-pobjegao\/"},"author":{"name":"Gorica. info","@id":"https:\/\/gorica.info\/#\/schema\/person\/4499af1f22f322670b9b5977ccc2e3de"},"headline":"Djedica (90) vozilom izletio s ceste, udario u ogradu i pobjegao","datePublished":"2025-01-09T13:08:42+00:00","dateModified":"2025-01-09T16:07:03+00:00","mainEntityOfPage":{"@id":"https:\/\/gorica.info\/djedica-90-vozilom-izletio-s-ceste-udario-u-ogradu-i-pobjegao\/"},"wordCount":142,"publisher":{"@id":"https:\/\/gorica.info\/#organization"},"image":{"@id":"https:\/\/gorica.info\/djedica-90-vozilom-izletio-s-ceste-udario-u-ogradu-i-pobjegao\/#primaryimage"},"thumbnailUrl":"https:\/\/gorica.info\/wp-content\/uploads\/2025\/01\/policija1.jpg","keywords":["dvor","optu\u017eni prijedlog","pobjegao s mjesta nese\u0107e","policija","prekr\u0161aj","udario u ogradu","vreme\u0161ni djedica"],"articleSection":["VIJESTI"],"inLanguage":"en-US","copyrightYear":"2025","copyrightHolder":{"@id":"https:\/\/gorica.info\/en\/#organization"}},{"@type":"WebPage","@id":"https:\/\/gorica.info\/djedica-90-vozilom-izletio-s-ceste-udario-u-ogradu-i-pobjegao\/","url":"https:\/\/gorica.info\/djedica-90-vozilom-izletio-s-ceste-udario-u-ogradu-i-pobjegao\/","name":"Djedica (90) vozilom izletio s ceste, udario u ogradu i pobjegao - Gorica Info","isPartOf":{"@id":"https:\/\/gorica.info\/#website"},"primaryImageOfPage":{"@id":"https:\/\/gorica.info\/djedica-90-vozilom-izletio-s-ceste-udario-u-ogradu-i-pobjegao\/#primaryimage"},"image":{"@id":"https:\/\/gorica.info\/djedica-90-vozilom-izletio-s-ceste-udario-u-ogradu-i-pobjegao\/#primaryimage"},"thumbnailUrl":"https:\/\/gorica.info\/wp-content\/uploads\/2025\/01\/policija1.jpg","datePublished":"2025-01-09T13:08:42+00:00","dateModified":"2025-01-09T16:07:03+00:00","description":"Djedica (90) vozilom izletio s ceste, udario u ogradu i pobjegao: Policija ga ubrzo prona\u0161la, utvrdili su da nikada nije polo\u017eio voza\u010dki.","breadcrumb":{"@id":"https:\/\/gorica.info\/djedica-90-vozilom-izletio-s-ceste-udario-u-ogradu-i-pobjegao\/#breadcrumb"},"inLanguage":"en-US","potentialAction":[{"@type":"ReadAction","target":["https:\/\/gorica.info\/djedica-90-vozilom-izletio-s-ceste-udario-u-ogradu-i-pobjegao\/"]}]},{"@type":"ImageObject","inLanguage":"en-US","@id":"https:\/\/gorica.info\/djedica-90-vozilom-izletio-s-ceste-udario-u-ogradu-i-pobjegao\/#primaryimage","url":"https:\/\/gorica.info\/wp-content\/uploads\/2025\/01\/policija1.jpg","contentUrl":"https:\/\/gorica.info\/wp-content\/uploads\/2025\/01\/policija1.jpg","width":750,"height":500,"caption":"Foto: Policija"},{"@type":"BreadcrumbList","@id":"https:\/\/gorica.info\/djedica-90-vozilom-izletio-s-ceste-udario-u-ogradu-i-pobjegao\/#breadcrumb","itemListElement":[{"@type":"ListItem","position":1,"name":"Po\u010detna stranica","item":"https:\/\/gorica.info\/"},{"@type":"ListItem","position":2,"name":"Djedica (90) vozilom izletio s ceste, udario u ogradu i pobjegao"}]},{"@type":"WebSite","@id":"https:\/\/gorica.info\/#website","url":"https:\/\/gorica.info\/","name":"Gorica Info","description":"Vijesti iz Velike Gorice i okolice.","publisher":{"@id":"https:\/\/gorica.info\/#organization"},"potentialAction":[{"@type":"SearchAction","target":{"@type":"EntryPoint","urlTemplate":"https:\/\/gorica.info\/?s={search_term_string}"},"query-input":{"@type":"PropertyValueSpecification","valueRequired":true,"valueName":"search_term_string"}}],"inLanguage":"en-US"},{"@type":["Organization","Place","NewsMediaOrganization"],"@id":"https:\/\/gorica.info\/#organization","name":"Gorica Info","url":"https:\/\/gorica.info\/","logo":{"@id":"https:\/\/gorica.info\/djedica-90-vozilom-izletio-s-ceste-udario-u-ogradu-i-pobjegao\/#local-main-organization-logo"},"image":{"@id":"https:\/\/gorica.info\/djedica-90-vozilom-izletio-s-ceste-udario-u-ogradu-i-pobjegao\/#local-main-organization-logo"},"sameAs":["https:\/\/www.facebook.com\/Goricainfo-106005144489262","https:\/\/x.com\/GoricaInfo","https:\/\/www.instagram.com\/gorica.info\/"],"address":{"@id":"https:\/\/gorica.info\/djedica-90-vozilom-izletio-s-ceste-udario-u-ogradu-i-pobjegao\/#local-main-place-address"},"telephone":[],"openingHoursSpecification":[{"@type":"OpeningHoursSpecification","dayOfWeek":["Monday","Tuesday","Wednesday","Thursday","Friday","Saturday","Sunday"],"opens":"09:00","closes":"17:00"}],"email":"redakcija@gorica.info"},{"@type":"Person","@id":"https:\/\/gorica.info\/#\/schema\/person\/4499af1f22f322670b9b5977ccc2e3de","name":"Gorica. info","description":"Gorica.info je lokalni portal koji prati Veliku Goricu i okolici, svakodnevno donosi najnovije vijesti i pri\u010de, kulturna doga\u0111anja i aktualnosti koje oblikuju \u017eivot gra\u0111ana.","url":"https:\/\/gorica.info\/en\/author\/gorica-info\/"},{"@type":"PostalAddress","@id":"https:\/\/gorica.info\/djedica-90-vozilom-izletio-s-ceste-udario-u-ogradu-i-pobjegao\/#local-main-place-address","streetAddress":"Horvatova 97","addressLocality":"Velika Gorica","postalCode":"10410","addressRegion":"Croatia","addressCountry":"HR"},{"@type":"ImageObject","inLanguage":"en-US","@id":"https:\/\/gorica.info\/djedica-90-vozilom-izletio-s-ceste-udario-u-ogradu-i-pobjegao\/#local-main-organization-logo","url":"https:\/\/gorica.info\/wp-content\/uploads\/2024\/07\/Gorica-Info-Logo-mali.png","contentUrl":"https:\/\/gorica.info\/wp-content\/uploads\/2024\/07\/Gorica-Info-Logo-mali.png","width":450,"height":85,"caption":"Gorica Info"}]},"geo.placename":"Velika Gorica","geo.region":"Croatia"},"_links":{"self":[{"href":"https:\/\/gorica.info\/en\/wp-json\/wp\/v2\/posts\/83067","targetHints":{"allow":["GET"]}}],"collection":[{"href":"https:\/\/gorica.info\/en\/wp-json\/wp\/v2\/posts"}],"about":[{"href":"https:\/\/gorica.info\/en\/wp-json\/wp\/v2\/types\/post"}],"author":[{"embeddable":true,"href":"https:\/\/gorica.info\/en\/wp-json\/wp\/v2\/users\/23"}],"replies":[{"embeddable":true,"href":"https:\/\/gorica.info\/en\/wp-json\/wp\/v2\/comments?post=83067"}],"version-history":[{"count":3,"href":"https:\/\/gorica.info\/en\/wp-json\/wp\/v2\/posts\/83067\/revisions"}],"predecessor-version":[{"id":83071,"href":"https:\/\/gorica.info\/en\/wp-json\/wp\/v2\/posts\/83067\/revisions\/83071"}],"wp:featuredmedia":[{"embeddable":true,"href":"https:\/\/gorica.info\/en\/wp-json\/wp\/v2\/media\/83068"}],"wp:attachment":[{"href":"https:\/\/gorica.info\/en\/wp-json\/wp\/v2\/media?parent=83067"}],"wp:term":[{"taxonomy":"category","embeddable":true,"href":"https:\/\/gorica.info\/en\/wp-json\/wp\/v2\/categories?post=83067"},{"taxonomy":"post_tag","embeddable":true,"href":"https:\/\/gorica.info\/en\/wp-json\/wp\/v2\/tags?post=83067"}],"curies":[{"name":"wp","href":"https:\/\/api.w.org\/{rel}","templated":true}]}}