{"id":83522,"date":"2025-01-18T12:51:59","date_gmt":"2025-01-18T11:51:59","guid":{"rendered":"https:\/\/gorica.info\/?p=83522"},"modified":"2025-01-18T16:43:38","modified_gmt":"2025-01-18T15:43:38","slug":"otvoren-novi-most-u-cickoj-poljani-ovaj-most-spaja-ljude-obitelji-i-zajednicu","status":"publish","type":"post","link":"https:\/\/gorica.info\/en\/otvoren-novi-most-u-cickoj-poljani-ovaj-most-spaja-ljude-obitelji-i-zajednicu\/","title":{"rendered":"Otvoren novi most u \u010ci\u010dkoj Poljani: &#8220;Ovaj most spaja ljude, obitelji i zajednicu&#8221;"},"content":{"rendered":"<p><span style=\"font-size: 20px;\"><strong>Novi most<\/strong> u <strong>\u010ci\u010dkoj Poljani<\/strong> sve\u010dano je otvoren u subotu. Osim \u0161to \u0107e prometno povezati <strong>\u010ci\u010dku Poljanu i Ku\u010de<\/strong>, skratit \u0107e putovanje mje\u0161tana prema Velikoj Gorici, olak\u0161ati im svakodnevne aktivnosti, ali \u0107e omogu\u0107iti i bolji razvoj tog kraja.<\/span><\/p>\n<p><img fetchpriority=\"high\" decoding=\"async\" class=\"aligncenter wp-image-83524 size-large\" src=\"https:\/\/gorica.info\/wp-content\/uploads\/2025\/01\/most-otvorenje1-1024x768.jpg\" alt=\"\" width=\"1024\" height=\"768\" srcset=\"https:\/\/gorica.info\/wp-content\/uploads\/2025\/01\/most-otvorenje1-1024x768.jpg 1024w, https:\/\/gorica.info\/wp-content\/uploads\/2025\/01\/most-otvorenje1-300x225.jpg 300w, https:\/\/gorica.info\/wp-content\/uploads\/2025\/01\/most-otvorenje1-768x576.jpg 768w, https:\/\/gorica.info\/wp-content\/uploads\/2025\/01\/most-otvorenje1-16x12.jpg 16w, https:\/\/gorica.info\/wp-content\/uploads\/2025\/01\/most-otvorenje1-750x562.jpg 750w, https:\/\/gorica.info\/wp-content\/uploads\/2025\/01\/most-otvorenje1.jpg 1067w\" sizes=\"(max-width: 1024px) 100vw, 1024px\" \/><\/p>\n<p><span style=\"font-size: 20px;\">Prilikom sve\u010danog otvorenja <a href=\"https:\/\/gorica.hr\/\">gradona\u010delnik<\/a> <strong>Kre\u0161imir A\u010dkar<\/strong> naglasio je kako je predan rad svih uklju\u010denih doveo do realizacije ovog projekta koji nije samo poveznica izme\u0111u dva naselja, ve\u0107 simbol zajedni\u0161tva, povjerenja i napretka.<\/span><\/p>\n<p><img decoding=\"async\" class=\"aligncenter wp-image-83529 size-large\" src=\"https:\/\/gorica.info\/wp-content\/uploads\/2025\/01\/most-kresimir-ackar-1024x768.jpg\" alt=\"\" width=\"1024\" height=\"768\" srcset=\"https:\/\/gorica.info\/wp-content\/uploads\/2025\/01\/most-kresimir-ackar-1024x768.jpg 1024w, https:\/\/gorica.info\/wp-content\/uploads\/2025\/01\/most-kresimir-ackar-300x225.jpg 300w, https:\/\/gorica.info\/wp-content\/uploads\/2025\/01\/most-kresimir-ackar-768x576.jpg 768w, https:\/\/gorica.info\/wp-content\/uploads\/2025\/01\/most-kresimir-ackar-16x12.jpg 16w, https:\/\/gorica.info\/wp-content\/uploads\/2025\/01\/most-kresimir-ackar-750x562.jpg 750w, https:\/\/gorica.info\/wp-content\/uploads\/2025\/01\/most-kresimir-ackar.jpg 1067w\" sizes=\"(max-width: 1024px) 100vw, 1024px\" \/><\/p>\n<p><span style=\"font-size: 20px;\">&#8211; Vrijednost ovog <a href=\"https:\/\/gorica.info\/en\/pocela-izgradnja-novog-mosta-preko-rijeke-odre-ovo-je-veliki-dan-za-poljanu-cicku-ali-i-za-cijelu-veliku-goricu\/\">mosta<\/a> daleko nadilazi beton, \u010delik i drvo od kojih je napravljen. On spaja ljude, obitelji i zajednice, omogu\u0107ava svakodnevni \u017eivot i olak\u0161ava budu\u0107nost. Ponosni smo \u0161to je ovaj most osmi\u0161ljen ne samo za sada\u0161nje potrebe, nego i za sve budu\u0107e nara\u0161taje. <\/span><\/p>\n<p><span style=\"font-size: 20px;\">Na\u0161i unuci, praunuci i generacije koje dolaze prelazit \u0107e ga na putu prema \u0161koli, poslu, prijateljima. Ovaj most postaje <strong>trajni podsjetnik<\/strong> na to \u0161to zajedni\u0161tvo mo\u017ee posti\u0107i, ne\u0161to \u0161to traje desetlje\u0107ima i oblikuje \u017eivote svih nas &#8211; istaknuo je A\u010dkar.<\/span><\/p>\n<p><img decoding=\"async\" class=\"aligncenter wp-image-83531 size-large\" src=\"https:\/\/gorica.info\/wp-content\/uploads\/2025\/01\/most-otvorenje6-1-1024x768.jpg\" alt=\"\" width=\"1024\" height=\"768\" srcset=\"https:\/\/gorica.info\/wp-content\/uploads\/2025\/01\/most-otvorenje6-1-1024x768.jpg 1024w, https:\/\/gorica.info\/wp-content\/uploads\/2025\/01\/most-otvorenje6-1-300x225.jpg 300w, https:\/\/gorica.info\/wp-content\/uploads\/2025\/01\/most-otvorenje6-1-768x576.jpg 768w, https:\/\/gorica.info\/wp-content\/uploads\/2025\/01\/most-otvorenje6-1-16x12.jpg 16w, https:\/\/gorica.info\/wp-content\/uploads\/2025\/01\/most-otvorenje6-1-750x562.jpg 750w, https:\/\/gorica.info\/wp-content\/uploads\/2025\/01\/most-otvorenje6-1.jpg 1067w\" sizes=\"(max-width: 1024px) 100vw, 1024px\" \/> <span style=\"font-size: 20px;\">Zahvalio je predsjedniku Mjesnog odbora \u010ci\u010dka Poljana, <strong>Darinku Gu\u010di\u0107u<\/strong> i predsjedniku Mjesnog odora Ku\u010de, <strong>Stjepanu Fabijan\u010di\u0107u<\/strong> na izvrsnoj suradnji, kao i mje\u0161tanima na podr\u0161ci i strpljenju.<\/span><\/p>\n<p><img loading=\"lazy\" decoding=\"async\" class=\"aligncenter wp-image-83528 size-large\" src=\"https:\/\/gorica.info\/wp-content\/uploads\/2025\/01\/most-otvorenje6-1024x768.jpg\" alt=\"\" width=\"1024\" height=\"768\" srcset=\"https:\/\/gorica.info\/wp-content\/uploads\/2025\/01\/most-otvorenje6-1024x768.jpg 1024w, https:\/\/gorica.info\/wp-content\/uploads\/2025\/01\/most-otvorenje6-300x225.jpg 300w, https:\/\/gorica.info\/wp-content\/uploads\/2025\/01\/most-otvorenje6-768x576.jpg 768w, https:\/\/gorica.info\/wp-content\/uploads\/2025\/01\/most-otvorenje6-16x12.jpg 16w, https:\/\/gorica.info\/wp-content\/uploads\/2025\/01\/most-otvorenje6-750x562.jpg 750w, https:\/\/gorica.info\/wp-content\/uploads\/2025\/01\/most-otvorenje6.jpg 1067w\" sizes=\"(max-width: 1024px) 100vw, 1024px\" \/><\/p>\n<p><span style=\"font-size: 20px;\"><strong>Hrastov most<\/strong> star gotovo 70 godina koji je uni\u0161ten u poplavama sada je zamijenio novi betonski<strong> dug 50 metara<\/strong> s obostrane pje\u0161a\u010dke staze. Izgra\u0111en je uz kori\u0161tenje najmodernijih tehnologija i standarda, kako bi bio siguran, dugotrajan i funkcionalan za generacije koje dolaze. Cijela investicija vrijedna je oko <strong>1,2 milijuna eura<\/strong>.<\/span><\/p>\n<p><span style=\"font-size: 20px;\">&#8211; Ovaj<a href=\"https:\/\/gorica.info\/en\/u-subotu-je-svecano-otvorenje-novog-mosta-u-cickoj-poljani\/\"> most<\/a> od velikog je zna\u010daja za sve na\u0161e mje\u0161tane. Osim \u0161to \u0107emo imati bolju povezanost s gradom i okolicom, na\u0161 \u0107e kraj dobiti priliku za ostvarenjem turisti\u010dkog potencijala. <\/span><\/p>\n<p><span style=\"font-size: 20px;\">U ime svih mje\u0161tana zahvaljujem gradona\u010delniku Kre\u0161imiru A\u010dkaru i njegovom timu \u0161to su prepoznali va\u017enost ovog projekta i \u0161to su nam bili podr\u0161ka na svakom koraku pri ostvarenju dugo o\u010dekivane \u017eelje \u2013 istaknuo je predsjednik Mjesnog odbora \u010ci\u010dka Poljana, Darinko Gu\u010di\u0107.<\/span><\/p>\n<p><img loading=\"lazy\" decoding=\"async\" class=\"aligncenter wp-image-83532 size-large\" src=\"https:\/\/gorica.info\/wp-content\/uploads\/2025\/01\/most-otvorenje8-1024x768.jpg\" alt=\"\" width=\"1024\" height=\"768\" srcset=\"https:\/\/gorica.info\/wp-content\/uploads\/2025\/01\/most-otvorenje8-1024x768.jpg 1024w, https:\/\/gorica.info\/wp-content\/uploads\/2025\/01\/most-otvorenje8-300x225.jpg 300w, https:\/\/gorica.info\/wp-content\/uploads\/2025\/01\/most-otvorenje8-768x576.jpg 768w, https:\/\/gorica.info\/wp-content\/uploads\/2025\/01\/most-otvorenje8-16x12.jpg 16w, https:\/\/gorica.info\/wp-content\/uploads\/2025\/01\/most-otvorenje8-750x562.jpg 750w, https:\/\/gorica.info\/wp-content\/uploads\/2025\/01\/most-otvorenje8.jpg 1067w\" sizes=\"(max-width: 1024px) 100vw, 1024px\" \/><\/p>\n<p><img loading=\"lazy\" decoding=\"async\" class=\"aligncenter wp-image-83533 size-large\" src=\"https:\/\/gorica.info\/wp-content\/uploads\/2025\/01\/most-darinko-gucic-1024x768.jpg\" alt=\"\" width=\"1024\" height=\"768\" srcset=\"https:\/\/gorica.info\/wp-content\/uploads\/2025\/01\/most-darinko-gucic-1024x768.jpg 1024w, https:\/\/gorica.info\/wp-content\/uploads\/2025\/01\/most-darinko-gucic-300x225.jpg 300w, https:\/\/gorica.info\/wp-content\/uploads\/2025\/01\/most-darinko-gucic-768x576.jpg 768w, https:\/\/gorica.info\/wp-content\/uploads\/2025\/01\/most-darinko-gucic-16x12.jpg 16w, https:\/\/gorica.info\/wp-content\/uploads\/2025\/01\/most-darinko-gucic-750x562.jpg 750w, https:\/\/gorica.info\/wp-content\/uploads\/2025\/01\/most-darinko-gucic.jpg 1067w\" sizes=\"(max-width: 1024px) 100vw, 1024px\" \/><\/p>\n<p><img loading=\"lazy\" decoding=\"async\" class=\"aligncenter wp-image-83525 size-large\" src=\"https:\/\/gorica.info\/wp-content\/uploads\/2025\/01\/most-otvorenje2-1024x768.jpg\" alt=\"\" width=\"1024\" height=\"768\" srcset=\"https:\/\/gorica.info\/wp-content\/uploads\/2025\/01\/most-otvorenje2-1024x768.jpg 1024w, https:\/\/gorica.info\/wp-content\/uploads\/2025\/01\/most-otvorenje2-300x225.jpg 300w, https:\/\/gorica.info\/wp-content\/uploads\/2025\/01\/most-otvorenje2-768x576.jpg 768w, https:\/\/gorica.info\/wp-content\/uploads\/2025\/01\/most-otvorenje2-16x12.jpg 16w, https:\/\/gorica.info\/wp-content\/uploads\/2025\/01\/most-otvorenje2-750x562.jpg 750w, https:\/\/gorica.info\/wp-content\/uploads\/2025\/01\/most-otvorenje2.jpg 1067w\" sizes=\"(max-width: 1024px) 100vw, 1024px\" \/> <img loading=\"lazy\" decoding=\"async\" class=\"aligncenter wp-image-83526 size-large\" src=\"https:\/\/gorica.info\/wp-content\/uploads\/2025\/01\/most-otvorenje4-1024x768.jpg\" alt=\"otvoren\" width=\"1024\" height=\"768\" srcset=\"https:\/\/gorica.info\/wp-content\/uploads\/2025\/01\/most-otvorenje4-1024x768.jpg 1024w, https:\/\/gorica.info\/wp-content\/uploads\/2025\/01\/most-otvorenje4-300x225.jpg 300w, https:\/\/gorica.info\/wp-content\/uploads\/2025\/01\/most-otvorenje4-768x576.jpg 768w, https:\/\/gorica.info\/wp-content\/uploads\/2025\/01\/most-otvorenje4-16x12.jpg 16w, https:\/\/gorica.info\/wp-content\/uploads\/2025\/01\/most-otvorenje4-750x562.jpg 750w, https:\/\/gorica.info\/wp-content\/uploads\/2025\/01\/most-otvorenje4.jpg 1067w\" sizes=\"(max-width: 1024px) 100vw, 1024px\" \/> <img loading=\"lazy\" decoding=\"async\" class=\"aligncenter wp-image-83527 size-large\" src=\"https:\/\/gorica.info\/wp-content\/uploads\/2025\/01\/most-otvorenje5-1024x768.jpg\" alt=\"otvoren\" width=\"1024\" height=\"768\" srcset=\"https:\/\/gorica.info\/wp-content\/uploads\/2025\/01\/most-otvorenje5-1024x768.jpg 1024w, https:\/\/gorica.info\/wp-content\/uploads\/2025\/01\/most-otvorenje5-300x225.jpg 300w, https:\/\/gorica.info\/wp-content\/uploads\/2025\/01\/most-otvorenje5-768x576.jpg 768w, https:\/\/gorica.info\/wp-content\/uploads\/2025\/01\/most-otvorenje5-16x12.jpg 16w, https:\/\/gorica.info\/wp-content\/uploads\/2025\/01\/most-otvorenje5-750x562.jpg 750w, https:\/\/gorica.info\/wp-content\/uploads\/2025\/01\/most-otvorenje5.jpg 1067w\" sizes=\"(max-width: 1024px) 100vw, 1024px\" \/><\/p>\n<p><img loading=\"lazy\" decoding=\"async\" class=\"aligncenter wp-image-83530 size-full\" src=\"https:\/\/gorica.info\/wp-content\/uploads\/2025\/01\/most-fb.jpg\" alt=\"otvoren\" width=\"641\" height=\"697\" srcset=\"https:\/\/gorica.info\/wp-content\/uploads\/2025\/01\/most-fb.jpg 641w, https:\/\/gorica.info\/wp-content\/uploads\/2025\/01\/most-fb-276x300.jpg 276w, https:\/\/gorica.info\/wp-content\/uploads\/2025\/01\/most-fb-11x12.jpg 11w\" sizes=\"(max-width: 641px) 100vw, 641px\" \/><\/p>\n<p>&nbsp;<\/p>","protected":false},"excerpt":{"rendered":"<p>Novi most u \u010ci\u010dkoj Poljani sve\u010dano je otvoren u subotu. Osim \u0161to \u0107e prometno povezati \u010ci\u010dku Poljanu i Ku\u010de, skratit \u0107e putovanje mje\u0161tana prema Velikoj Gorici, olak\u0161ati im svakodnevne aktivnosti, ali \u0107e omogu\u0107iti i bolji razvoj tog kraja. Prilikom sve\u010danog otvorenja gradona\u010delnik Kre\u0161imir A\u010dkar naglasio je kako je predan rad svih uklju\u010denih doveo do realizacije [&hellip;]<\/p>\n","protected":false},"author":28,"featured_media":83523,"comment_status":"closed","ping_status":"closed","sticky":false,"template":"","format":"standard","meta":{"limit_modified_date":"","last_modified_date":"","jnews-multi-image_gallery":[],"jnews_single_post":{"subtitle":"","format":"standard","override":[{"template":"3","parallax":"1","fullscreen":"1","layout":"right-sidebar","sidebar":"default-sidebar","second_sidebar":"default-sidebar","sticky_sidebar":"1","share_position":"top","share_float_style":"share-monocrhome","show_featured":"1","show_post_meta":"1","show_post_author":"1","show_post_author_image":"1","show_post_date":"1","post_date_format":"default","post_date_format_custom":"Y\/m\/d","show_post_category":"1","show_post_reading_time":"1","post_reading_time_wpm":"300","post_calculate_word_method":"str_word_count","zoom_button_out_step":"2","zoom_button_in_step":"3","show_post_tag":"1","show_popup_post":"1","number_popup_post":"1","show_post_related":"1"}],"image_override":[{"single_post_thumbnail_size":"crop-500","single_post_gallery_size":"crop-500"}],"trending_post_position":"meta","trending_post_label":"Trending","sponsored_post_label":"Sponsored by","disable_ad":"0"},"jnews_primary_category":[],"jnews_override_counter":{"view_counter_number":"0","share_counter_number":"0","like_counter_number":"0","dislike_counter_number":"0"},"footnotes":""},"categories":[87],"tags":[264,3849,253,412,2620,2393,7298,122,15554],"class_list":["post-83522","post","type-post","status-publish","format-standard","has-post-thumbnail","hentry","category-gorica","tag-cicka-poljana","tag-darinko-gucic","tag-kresimir-ackar","tag-kuce","tag-novi-most","tag-otvorenje","tag-svecanost","tag-velika-gorica","tag-vg-vijesti"],"yoast_head":"<!-- This site is optimized with the Yoast SEO Premium plugin v27.4 (Yoast SEO v27.4) - https:\/\/yoast.com\/product\/yoast-seo-premium-wordpress\/ -->\n<title>Otvoren novi most u \u010ci\u010dkoj Poljani: &quot;Ovaj most spaja ljude, obitelji i zajednicu&quot; - Gorica Info<\/title>\n<meta name=\"description\" content=\"Otvoren novi most u \u010ci\u010dkoj Poljani: Ovaj most spaja ljude, obitelji i zajednicu, poru\u010dio je na sve\u010danosti gradona\u010delnik Kreimir A\u010dkar.\" \/>\n<meta name=\"robots\" content=\"index, follow, max-snippet:-1, max-image-preview:large, max-video-preview:-1\" \/>\n<link rel=\"canonical\" href=\"https:\/\/gorica.info\/en\/otvoren-novi-most-u-cickoj-poljani-ovaj-most-spaja-ljude-obitelji-i-zajednicu\/\" \/>\n<meta property=\"og:locale\" content=\"en_US\" \/>\n<meta property=\"og:type\" content=\"article\" \/>\n<meta property=\"og:title\" content=\"Otvoren novi most u \u010ci\u010dkoj Poljani: &quot;Ovaj most spaja ljude, obitelji i zajednicu&quot;\" \/>\n<meta property=\"og:description\" content=\"Otvoren novi most u \u010ci\u010dkoj Poljani: Ovaj most spaja ljude, obitelji i zajednicu, poru\u010dio je na sve\u010danosti gradona\u010delnik Kreimir A\u010dkar.\" \/>\n<meta property=\"og:url\" content=\"https:\/\/gorica.info\/en\/otvoren-novi-most-u-cickoj-poljani-ovaj-most-spaja-ljude-obitelji-i-zajednicu\/\" \/>\n<meta property=\"og:site_name\" content=\"Gorica Info\" \/>\n<meta property=\"article:publisher\" content=\"https:\/\/www.facebook.com\/Goricainfo-106005144489262\" \/>\n<meta property=\"article:published_time\" content=\"2025-01-18T11:51:59+00:00\" \/>\n<meta property=\"article:modified_time\" content=\"2025-01-18T15:43:38+00:00\" \/>\n<meta property=\"og:image\" content=\"https:\/\/gorica.info\/wp-content\/uploads\/2025\/01\/most-otvorenje.jpg\" \/>\n\t<meta property=\"og:image:width\" content=\"1067\" \/>\n\t<meta property=\"og:image:height\" content=\"800\" \/>\n\t<meta property=\"og:image:type\" content=\"image\/jpeg\" \/>\n<meta name=\"author\" content=\"Matej Crnoga\u0107a\" \/>\n<meta name=\"twitter:card\" content=\"summary_large_image\" \/>\n<meta name=\"twitter:creator\" content=\"@GoricaInfo\" \/>\n<meta name=\"twitter:site\" content=\"@GoricaInfo\" \/>\n<meta name=\"twitter:label1\" content=\"Written by\" \/>\n\t<meta name=\"twitter:data1\" content=\"Matej Crnoga\u0107a\" \/>\n\t<meta name=\"twitter:label2\" content=\"Est. reading time\" \/>\n\t<meta name=\"twitter:data2\" content=\"4 minutes\" \/>\n<meta name=\"geo.placename\" content=\"Velika Gorica\" \/>\n<meta name=\"geo.region\" content=\"Croatia\" \/>\n<!-- \/ Yoast SEO Premium plugin. -->","yoast_head_json":{"title":"Otvoren novi most u \u010ci\u010dkoj Poljani: \"Ovaj most spaja ljude, obitelji i zajednicu\" - Gorica Info","description":"Otvoren novi most u \u010ci\u010dkoj Poljani: Ovaj most spaja ljude, obitelji i zajednicu, poru\u010dio je na sve\u010danosti gradona\u010delnik Kreimir A\u010dkar.","robots":{"index":"index","follow":"follow","max-snippet":"max-snippet:-1","max-image-preview":"max-image-preview:large","max-video-preview":"max-video-preview:-1"},"canonical":"https:\/\/gorica.info\/en\/otvoren-novi-most-u-cickoj-poljani-ovaj-most-spaja-ljude-obitelji-i-zajednicu\/","og_locale":"en_US","og_type":"article","og_title":"Otvoren novi most u \u010ci\u010dkoj Poljani: \"Ovaj most spaja ljude, obitelji i zajednicu\"","og_description":"Otvoren novi most u \u010ci\u010dkoj Poljani: Ovaj most spaja ljude, obitelji i zajednicu, poru\u010dio je na sve\u010danosti gradona\u010delnik Kreimir A\u010dkar.","og_url":"https:\/\/gorica.info\/en\/otvoren-novi-most-u-cickoj-poljani-ovaj-most-spaja-ljude-obitelji-i-zajednicu\/","og_site_name":"Gorica Info","article_publisher":"https:\/\/www.facebook.com\/Goricainfo-106005144489262","article_published_time":"2025-01-18T11:51:59+00:00","article_modified_time":"2025-01-18T15:43:38+00:00","og_image":[{"width":1067,"height":800,"url":"https:\/\/gorica.info\/wp-content\/uploads\/2025\/01\/most-otvorenje.jpg","type":"image\/jpeg"}],"author":"Matej Crnoga\u0107a","twitter_card":"summary_large_image","twitter_creator":"@GoricaInfo","twitter_site":"@GoricaInfo","twitter_misc":{"Written by":"Matej Crnoga\u0107a","Est. reading time":"4 minutes"},"schema":{"@context":"https:\/\/schema.org","@graph":[{"@type":"NewsArticle","@id":"https:\/\/gorica.info\/otvoren-novi-most-u-cickoj-poljani-ovaj-most-spaja-ljude-obitelji-i-zajednicu\/#article","isPartOf":{"@id":"https:\/\/gorica.info\/otvoren-novi-most-u-cickoj-poljani-ovaj-most-spaja-ljude-obitelji-i-zajednicu\/"},"author":{"name":"Matej Crnoga\u0107a","@id":"https:\/\/gorica.info\/#\/schema\/person\/5c83680f0111fb6fee0bb5f7beae5672"},"headline":"Otvoren novi most u \u010ci\u010dkoj Poljani: &#8220;Ovaj most spaja ljude, obitelji i zajednicu&#8221;","datePublished":"2025-01-18T11:51:59+00:00","dateModified":"2025-01-18T15:43:38+00:00","mainEntityOfPage":{"@id":"https:\/\/gorica.info\/otvoren-novi-most-u-cickoj-poljani-ovaj-most-spaja-ljude-obitelji-i-zajednicu\/"},"wordCount":366,"publisher":{"@id":"https:\/\/gorica.info\/#organization"},"image":{"@id":"https:\/\/gorica.info\/otvoren-novi-most-u-cickoj-poljani-ovaj-most-spaja-ljude-obitelji-i-zajednicu\/#primaryimage"},"thumbnailUrl":"https:\/\/gorica.info\/wp-content\/uploads\/2025\/01\/most-otvorenje.jpg","keywords":["\u010ci\u010dka Poljana","darinko gu\u010di\u0107","Kre\u0161imir A\u010dkar","ku\u0107e","novi most","otvorenje","sve\u010danost","Velika Gorica","vg vijesti"],"articleSection":["GORICA"],"inLanguage":"en-US","copyrightYear":"2025","copyrightHolder":{"@id":"https:\/\/gorica.info\/en\/#organization"}},{"@type":"WebPage","@id":"https:\/\/gorica.info\/otvoren-novi-most-u-cickoj-poljani-ovaj-most-spaja-ljude-obitelji-i-zajednicu\/","url":"https:\/\/gorica.info\/otvoren-novi-most-u-cickoj-poljani-ovaj-most-spaja-ljude-obitelji-i-zajednicu\/","name":"Otvoren novi most u \u010ci\u010dkoj Poljani: \"Ovaj most spaja ljude, obitelji i zajednicu\" - Gorica Info","isPartOf":{"@id":"https:\/\/gorica.info\/#website"},"primaryImageOfPage":{"@id":"https:\/\/gorica.info\/otvoren-novi-most-u-cickoj-poljani-ovaj-most-spaja-ljude-obitelji-i-zajednicu\/#primaryimage"},"image":{"@id":"https:\/\/gorica.info\/otvoren-novi-most-u-cickoj-poljani-ovaj-most-spaja-ljude-obitelji-i-zajednicu\/#primaryimage"},"thumbnailUrl":"https:\/\/gorica.info\/wp-content\/uploads\/2025\/01\/most-otvorenje.jpg","datePublished":"2025-01-18T11:51:59+00:00","dateModified":"2025-01-18T15:43:38+00:00","description":"Otvoren novi most u \u010ci\u010dkoj Poljani: Ovaj most spaja ljude, obitelji i zajednicu, poru\u010dio je na sve\u010danosti gradona\u010delnik Kreimir A\u010dkar.","breadcrumb":{"@id":"https:\/\/gorica.info\/otvoren-novi-most-u-cickoj-poljani-ovaj-most-spaja-ljude-obitelji-i-zajednicu\/#breadcrumb"},"inLanguage":"en-US","potentialAction":[{"@type":"ReadAction","target":["https:\/\/gorica.info\/otvoren-novi-most-u-cickoj-poljani-ovaj-most-spaja-ljude-obitelji-i-zajednicu\/"]}]},{"@type":"ImageObject","inLanguage":"en-US","@id":"https:\/\/gorica.info\/otvoren-novi-most-u-cickoj-poljani-ovaj-most-spaja-ljude-obitelji-i-zajednicu\/#primaryimage","url":"https:\/\/gorica.info\/wp-content\/uploads\/2025\/01\/most-otvorenje.jpg","contentUrl":"https:\/\/gorica.info\/wp-content\/uploads\/2025\/01\/most-otvorenje.jpg","width":1067,"height":800,"caption":"Foto: Matej Crnoga\u0107a"},{"@type":"BreadcrumbList","@id":"https:\/\/gorica.info\/otvoren-novi-most-u-cickoj-poljani-ovaj-most-spaja-ljude-obitelji-i-zajednicu\/#breadcrumb","itemListElement":[{"@type":"ListItem","position":1,"name":"Po\u010detna stranica","item":"https:\/\/gorica.info\/"},{"@type":"ListItem","position":2,"name":"Otvoren novi most u \u010ci\u010dkoj Poljani: &#8220;Ovaj most spaja ljude, obitelji i zajednicu&#8221;"}]},{"@type":"WebSite","@id":"https:\/\/gorica.info\/#website","url":"https:\/\/gorica.info\/","name":"Gorica Info","description":"Vijesti iz Velike Gorice i okolice.","publisher":{"@id":"https:\/\/gorica.info\/#organization"},"potentialAction":[{"@type":"SearchAction","target":{"@type":"EntryPoint","urlTemplate":"https:\/\/gorica.info\/?s={search_term_string}"},"query-input":{"@type":"PropertyValueSpecification","valueRequired":true,"valueName":"search_term_string"}}],"inLanguage":"en-US"},{"@type":["Organization","Place","NewsMediaOrganization"],"@id":"https:\/\/gorica.info\/#organization","name":"Gorica Info","url":"https:\/\/gorica.info\/","logo":{"@id":"https:\/\/gorica.info\/otvoren-novi-most-u-cickoj-poljani-ovaj-most-spaja-ljude-obitelji-i-zajednicu\/#local-main-organization-logo"},"image":{"@id":"https:\/\/gorica.info\/otvoren-novi-most-u-cickoj-poljani-ovaj-most-spaja-ljude-obitelji-i-zajednicu\/#local-main-organization-logo"},"sameAs":["https:\/\/www.facebook.com\/Goricainfo-106005144489262","https:\/\/x.com\/GoricaInfo","https:\/\/www.instagram.com\/gorica.info\/"],"address":{"@id":"https:\/\/gorica.info\/otvoren-novi-most-u-cickoj-poljani-ovaj-most-spaja-ljude-obitelji-i-zajednicu\/#local-main-place-address"},"telephone":[],"openingHoursSpecification":[{"@type":"OpeningHoursSpecification","dayOfWeek":["Monday","Tuesday","Wednesday","Thursday","Friday","Saturday","Sunday"],"opens":"09:00","closes":"17:00"}],"email":"redakcija@gorica.info"},{"@type":"Person","@id":"https:\/\/gorica.info\/#\/schema\/person\/5c83680f0111fb6fee0bb5f7beae5672","name":"Matej Crnoga\u0107a","description":"Matej Crnoga\u0107a je iskusni novinar s bogatim iskustvom u tiskanom i televizijskom novinarstvu.","url":"https:\/\/gorica.info\/en\/author\/matej-crnogaca\/"},{"@type":"PostalAddress","@id":"https:\/\/gorica.info\/otvoren-novi-most-u-cickoj-poljani-ovaj-most-spaja-ljude-obitelji-i-zajednicu\/#local-main-place-address","streetAddress":"Horvatova 97","addressLocality":"Velika Gorica","postalCode":"10410","addressRegion":"Croatia","addressCountry":"HR"},{"@type":"ImageObject","inLanguage":"en-US","@id":"https:\/\/gorica.info\/otvoren-novi-most-u-cickoj-poljani-ovaj-most-spaja-ljude-obitelji-i-zajednicu\/#local-main-organization-logo","url":"https:\/\/gorica.info\/wp-content\/uploads\/2024\/07\/Gorica-Info-Logo-mali.png","contentUrl":"https:\/\/gorica.info\/wp-content\/uploads\/2024\/07\/Gorica-Info-Logo-mali.png","width":450,"height":85,"caption":"Gorica Info"}]},"geo.placename":"Velika Gorica","geo.region":"Croatia"},"_links":{"self":[{"href":"https:\/\/gorica.info\/en\/wp-json\/wp\/v2\/posts\/83522","targetHints":{"allow":["GET"]}}],"collection":[{"href":"https:\/\/gorica.info\/en\/wp-json\/wp\/v2\/posts"}],"about":[{"href":"https:\/\/gorica.info\/en\/wp-json\/wp\/v2\/types\/post"}],"author":[{"embeddable":true,"href":"https:\/\/gorica.info\/en\/wp-json\/wp\/v2\/users\/28"}],"replies":[{"embeddable":true,"href":"https:\/\/gorica.info\/en\/wp-json\/wp\/v2\/comments?post=83522"}],"version-history":[{"count":3,"href":"https:\/\/gorica.info\/en\/wp-json\/wp\/v2\/posts\/83522\/revisions"}],"predecessor-version":[{"id":83537,"href":"https:\/\/gorica.info\/en\/wp-json\/wp\/v2\/posts\/83522\/revisions\/83537"}],"wp:featuredmedia":[{"embeddable":true,"href":"https:\/\/gorica.info\/en\/wp-json\/wp\/v2\/media\/83523"}],"wp:attachment":[{"href":"https:\/\/gorica.info\/en\/wp-json\/wp\/v2\/media?parent=83522"}],"wp:term":[{"taxonomy":"category","embeddable":true,"href":"https:\/\/gorica.info\/en\/wp-json\/wp\/v2\/categories?post=83522"},{"taxonomy":"post_tag","embeddable":true,"href":"https:\/\/gorica.info\/en\/wp-json\/wp\/v2\/tags?post=83522"}],"curies":[{"name":"wp","href":"https:\/\/api.w.org\/{rel}","templated":true}]}}