{"id":83694,"date":"2025-01-22T17:03:46","date_gmt":"2025-01-22T16:03:46","guid":{"rendered":"https:\/\/gorica.info\/?p=83694"},"modified":"2025-01-22T17:59:58","modified_gmt":"2025-01-22T16:59:58","slug":"preminuo-je-legendarni-hrvatski-glazbenik-ciro-gasparac","status":"publish","type":"post","link":"https:\/\/gorica.info\/en\/preminuo-je-legendarni-hrvatski-glazbenik-ciro-gasparac\/","title":{"rendered":"Preminuo je legendarni hrvatski glazbenik \u0106iro Ga\u0161parac"},"content":{"rendered":"<p><span style=\"font-size: 20px;\">Poznati hrvatski glazbenik <strong>Boris \u0106iro Ga\u0161parac<\/strong> preminuo je u <strong>80. godini \u017eivota<\/strong> u bolnici Rebro.<\/span><\/p>\n<p><span style=\"font-size: 20px;\"><a href=\"https:\/\/hr.wikipedia.org\/wiki\/Boris_%C4%86iro_Ga%C5%A1parac\">Ro\u0111en je<\/a> 13. svibnja 1945. u Po\u017eegi, a dugi niz godina \u017eivio je u<a href=\"https:\/\/gorica.info\/en\/the-voice-kids-hrvatska-gabriel-svetopetric-iz-velike-gorice-ide-dalje\/\"> Velikoj Gorici<\/a>.<\/span><\/p>\n<p><span style=\"font-size: 20px;\">Njegov <strong>glazbeni put<\/strong> po\u010deo je jo\u0161 u mladosti, kada je bio bubnjar jazz sastava &#8220;Crni \u0161est&#8221;. Kasnije je svirao gitaru, bas gitaru i usnu harmoniku, a instrumente je nau\u010dio svirati samouko, dijele\u0107i svoje znanje i s mladim u\u010denicima gitare.<\/span><\/p>\n<p><span style=\"font-size: 20px;\"><strong>Solo pjevanje<\/strong> usavr\u0161avao je u glazbenoj \u0161koli \u201eVatroslav Lisinski\u201c, razmi\u0161ljaju\u0107i \u010dak i o karijeri u klasi\u010dnoj glazbi. Ipak, tambura\u0161ka pjesma <strong>&#8220;La\u017ee selo, la\u017eu ljudi&#8221;<\/strong> odredila je njegov glazbeni smjer.<\/span><\/p>\n<p><span style=\"font-size: 20px;\"><strong>Godine 1991.<\/strong> nastupio je na <a href=\"https:\/\/zlatne-zice-slavonije.hr\/\">po\u017ee\u0161kom festivalu<\/a><strong> Zlatne \u017eice Slavonije<\/strong>, a pjesma &#8220;La\u017ee selo, la\u017eu ljudi&#8221;, koja ga je proslavila, postala je nezaboravni tambura\u0161ki hit. Publika ga pamti po brojnim hitovima poput &#8220;Da sam imo \u0161aku dukata&#8221;, &#8220;U srce te dira&#8221; i &#8220;I kad nisam s tobom bit \u0107u&#8221;.<\/span><\/p>\n<p><span style=\"font-size: 20px;\">\u0106iro Ga\u0161parac bit \u0107e pokopan na <strong>Krematoriju na Mirogoju<\/strong> u <strong>utorak, 28. sije\u010dnja<\/strong> u 13.20 sati.<\/span><\/p>\n<div class=\"jeg_video_container jeg_video_content\"><iframe title=\"Estam i Boris \u010ciro Ga\u0161parac - La\u017ee selo, la\u017eu ljudi\" width=\"500\" height=\"375\" src=\"https:\/\/www.youtube.com\/embed\/znG9gxUnHWE?feature=oembed&#038;enablejsapi=1&#038;origin=https:\/\/gorica.info\" frameborder=\"0\" allow=\"accelerometer; autoplay; clipboard-write; encrypted-media; gyroscope; picture-in-picture; web-share\" referrerpolicy=\"strict-origin-when-cross-origin\" allowfullscreen><\/iframe><\/div>\n<p>&nbsp;<\/p>","protected":false},"excerpt":{"rendered":"<p>Poznati hrvatski glazbenik Boris \u0106iro Ga\u0161parac preminuo je u 80. godini \u017eivota u bolnici Rebro. Ro\u0111en je 13. svibnja 1945. u Po\u017eegi, a dugi niz godina \u017eivio je u Velikoj Gorici. Njegov glazbeni put po\u010deo je jo\u0161 u mladosti, kada je bio bubnjar jazz sastava &#8220;Crni \u0161est&#8221;. Kasnije je svirao gitaru, bas gitaru i usnu [&hellip;]<\/p>\n","protected":false},"author":23,"featured_media":83695,"comment_status":"closed","ping_status":"closed","sticky":false,"template":"","format":"standard","meta":{"limit_modified_date":"","last_modified_date":"","jnews-multi-image_gallery":[],"jnews_single_post":{"subtitle":"","format":"standard","override":[{"template":"3","parallax":"1","fullscreen":"1","layout":"right-sidebar","sidebar":"default-sidebar","second_sidebar":"default-sidebar","sticky_sidebar":"1","share_position":"top","share_float_style":"share-monocrhome","show_featured":"1","show_post_meta":"1","show_post_author":"1","show_post_author_image":"1","show_post_date":"1","post_date_format":"default","post_date_format_custom":"Y\/m\/d","show_post_category":"1","show_post_reading_time":"1","post_reading_time_wpm":"300","post_calculate_word_method":"str_word_count","zoom_button_out_step":"2","zoom_button_in_step":"3","show_post_tag":"1","show_popup_post":"1","number_popup_post":"1","show_post_related":"1"}],"image_override":[{"single_post_thumbnail_size":"crop-500","single_post_gallery_size":"crop-500"}],"trending_post_position":"meta","trending_post_label":"Trending","sponsored_post_label":"Sponsored by","disable_ad":"0"},"jnews_primary_category":[],"jnews_override_counter":{"view_counter_number":"0","share_counter_number":"0","like_counter_number":"0","dislike_counter_number":"0"},"footnotes":""},"categories":[96],"tags":[17059,11981,7354,8421,122,15554],"class_list":["post-83694","post","type-post","status-publish","format-standard","has-post-thumbnail","hentry","category-vijesti","tag-ciro-gasparac","tag-legendarni-pjevac","tag-mirogoj","tag-sprovod","tag-velika-gorica","tag-vg-vijesti"],"yoast_head":"<!-- This site is optimized with the Yoast SEO Premium plugin v27.4 (Yoast SEO v27.4) - https:\/\/yoast.com\/product\/yoast-seo-premium-wordpress\/ -->\n<title>Preminuo je legendarni hrvatski glazbenik \u0106iro Ga\u0161parac - Gorica Info<\/title>\n<meta name=\"description\" content=\"Preminuo je legendarni hrvatski glazbenik \u0106iro Ga\u0161parac. Pokop \u0107e biti 28. sije\u010dnja na Krematoriju na Mirogoju.\" \/>\n<meta name=\"robots\" content=\"index, follow, max-snippet:-1, max-image-preview:large, max-video-preview:-1\" \/>\n<link rel=\"canonical\" href=\"https:\/\/gorica.info\/en\/preminuo-je-legendarni-hrvatski-glazbenik-ciro-gasparac\/\" \/>\n<meta property=\"og:locale\" content=\"en_US\" \/>\n<meta property=\"og:type\" content=\"article\" \/>\n<meta property=\"og:title\" content=\"Preminuo je legendarni hrvatski glazbenik \u0106iro Ga\u0161parac\" \/>\n<meta property=\"og:description\" content=\"Preminuo je legendarni hrvatski glazbenik \u0106iro Ga\u0161parac. Pokop \u0107e biti 28. sije\u010dnja na Krematoriju na Mirogoju.\" \/>\n<meta property=\"og:url\" content=\"https:\/\/gorica.info\/en\/preminuo-je-legendarni-hrvatski-glazbenik-ciro-gasparac\/\" \/>\n<meta property=\"og:site_name\" content=\"Gorica Info\" \/>\n<meta property=\"article:publisher\" content=\"https:\/\/www.facebook.com\/Goricainfo-106005144489262\" \/>\n<meta property=\"article:published_time\" content=\"2025-01-22T16:03:46+00:00\" \/>\n<meta property=\"article:modified_time\" content=\"2025-01-22T16:59:58+00:00\" \/>\n<meta property=\"og:image\" content=\"https:\/\/gorica.info\/wp-content\/uploads\/2025\/01\/ciro-gasparac-youtube.jpg\" \/>\n\t<meta property=\"og:image:width\" content=\"759\" \/>\n\t<meta property=\"og:image:height\" content=\"493\" \/>\n\t<meta property=\"og:image:type\" content=\"image\/jpeg\" \/>\n<meta name=\"author\" content=\"Gorica. info\" \/>\n<meta name=\"twitter:card\" content=\"summary_large_image\" \/>\n<meta name=\"twitter:creator\" content=\"@GoricaInfo\" \/>\n<meta name=\"twitter:site\" content=\"@GoricaInfo\" \/>\n<meta name=\"twitter:label1\" content=\"Written by\" \/>\n\t<meta name=\"twitter:data1\" content=\"Gorica. info\" \/>\n\t<meta name=\"twitter:label2\" content=\"Est. reading time\" \/>\n\t<meta name=\"twitter:data2\" content=\"2 minutes\" \/>\n<meta name=\"geo.placename\" content=\"Velika Gorica\" \/>\n<meta name=\"geo.region\" content=\"Croatia\" \/>\n<!-- \/ Yoast SEO Premium plugin. -->","yoast_head_json":{"title":"Preminuo je legendarni hrvatski glazbenik \u0106iro Ga\u0161parac - Gorica Info","description":"Preminuo je legendarni hrvatski glazbenik \u0106iro Ga\u0161parac. Pokop \u0107e biti 28. sije\u010dnja na Krematoriju na Mirogoju.","robots":{"index":"index","follow":"follow","max-snippet":"max-snippet:-1","max-image-preview":"max-image-preview:large","max-video-preview":"max-video-preview:-1"},"canonical":"https:\/\/gorica.info\/en\/preminuo-je-legendarni-hrvatski-glazbenik-ciro-gasparac\/","og_locale":"en_US","og_type":"article","og_title":"Preminuo je legendarni hrvatski glazbenik \u0106iro Ga\u0161parac","og_description":"Preminuo je legendarni hrvatski glazbenik \u0106iro Ga\u0161parac. Pokop \u0107e biti 28. sije\u010dnja na Krematoriju na Mirogoju.","og_url":"https:\/\/gorica.info\/en\/preminuo-je-legendarni-hrvatski-glazbenik-ciro-gasparac\/","og_site_name":"Gorica Info","article_publisher":"https:\/\/www.facebook.com\/Goricainfo-106005144489262","article_published_time":"2025-01-22T16:03:46+00:00","article_modified_time":"2025-01-22T16:59:58+00:00","og_image":[{"width":759,"height":493,"url":"https:\/\/gorica.info\/wp-content\/uploads\/2025\/01\/ciro-gasparac-youtube.jpg","type":"image\/jpeg"}],"author":"Gorica. info","twitter_card":"summary_large_image","twitter_creator":"@GoricaInfo","twitter_site":"@GoricaInfo","twitter_misc":{"Written by":"Gorica. info","Est. reading time":"2 minutes"},"schema":{"@context":"https:\/\/schema.org","@graph":[{"@type":"NewsArticle","@id":"https:\/\/gorica.info\/preminuo-je-legendarni-hrvatski-glazbenik-ciro-gasparac\/#article","isPartOf":{"@id":"https:\/\/gorica.info\/preminuo-je-legendarni-hrvatski-glazbenik-ciro-gasparac\/"},"author":{"name":"Gorica. info","@id":"https:\/\/gorica.info\/#\/schema\/person\/4499af1f22f322670b9b5977ccc2e3de"},"headline":"Preminuo je legendarni hrvatski glazbenik \u0106iro Ga\u0161parac","datePublished":"2025-01-22T16:03:46+00:00","dateModified":"2025-01-22T16:59:58+00:00","mainEntityOfPage":{"@id":"https:\/\/gorica.info\/preminuo-je-legendarni-hrvatski-glazbenik-ciro-gasparac\/"},"wordCount":200,"publisher":{"@id":"https:\/\/gorica.info\/#organization"},"image":{"@id":"https:\/\/gorica.info\/preminuo-je-legendarni-hrvatski-glazbenik-ciro-gasparac\/#primaryimage"},"thumbnailUrl":"https:\/\/gorica.info\/wp-content\/uploads\/2025\/01\/ciro-gasparac-youtube.jpg","keywords":["\u0107iro ga\u0161parac","legendarni pjeva\u010d","mirogoj","sprovod","Velika Gorica","vg vijesti"],"articleSection":["VIJESTI"],"inLanguage":"en-US","copyrightYear":"2025","copyrightHolder":{"@id":"https:\/\/gorica.info\/en\/#organization"}},{"@type":"WebPage","@id":"https:\/\/gorica.info\/preminuo-je-legendarni-hrvatski-glazbenik-ciro-gasparac\/","url":"https:\/\/gorica.info\/preminuo-je-legendarni-hrvatski-glazbenik-ciro-gasparac\/","name":"Preminuo je legendarni hrvatski glazbenik \u0106iro Ga\u0161parac - Gorica Info","isPartOf":{"@id":"https:\/\/gorica.info\/#website"},"primaryImageOfPage":{"@id":"https:\/\/gorica.info\/preminuo-je-legendarni-hrvatski-glazbenik-ciro-gasparac\/#primaryimage"},"image":{"@id":"https:\/\/gorica.info\/preminuo-je-legendarni-hrvatski-glazbenik-ciro-gasparac\/#primaryimage"},"thumbnailUrl":"https:\/\/gorica.info\/wp-content\/uploads\/2025\/01\/ciro-gasparac-youtube.jpg","datePublished":"2025-01-22T16:03:46+00:00","dateModified":"2025-01-22T16:59:58+00:00","description":"Preminuo je legendarni hrvatski glazbenik \u0106iro Ga\u0161parac. Pokop \u0107e biti 28. sije\u010dnja na Krematoriju na Mirogoju.","breadcrumb":{"@id":"https:\/\/gorica.info\/preminuo-je-legendarni-hrvatski-glazbenik-ciro-gasparac\/#breadcrumb"},"inLanguage":"en-US","potentialAction":[{"@type":"ReadAction","target":["https:\/\/gorica.info\/preminuo-je-legendarni-hrvatski-glazbenik-ciro-gasparac\/"]}]},{"@type":"ImageObject","inLanguage":"en-US","@id":"https:\/\/gorica.info\/preminuo-je-legendarni-hrvatski-glazbenik-ciro-gasparac\/#primaryimage","url":"https:\/\/gorica.info\/wp-content\/uploads\/2025\/01\/ciro-gasparac-youtube.jpg","contentUrl":"https:\/\/gorica.info\/wp-content\/uploads\/2025\/01\/ciro-gasparac-youtube.jpg","width":759,"height":493,"caption":"Izvor: YouTube"},{"@type":"BreadcrumbList","@id":"https:\/\/gorica.info\/preminuo-je-legendarni-hrvatski-glazbenik-ciro-gasparac\/#breadcrumb","itemListElement":[{"@type":"ListItem","position":1,"name":"Po\u010detna stranica","item":"https:\/\/gorica.info\/"},{"@type":"ListItem","position":2,"name":"Preminuo je legendarni hrvatski glazbenik \u0106iro Ga\u0161parac"}]},{"@type":"WebSite","@id":"https:\/\/gorica.info\/#website","url":"https:\/\/gorica.info\/","name":"Gorica Info","description":"Vijesti iz Velike Gorice i okolice.","publisher":{"@id":"https:\/\/gorica.info\/#organization"},"potentialAction":[{"@type":"SearchAction","target":{"@type":"EntryPoint","urlTemplate":"https:\/\/gorica.info\/?s={search_term_string}"},"query-input":{"@type":"PropertyValueSpecification","valueRequired":true,"valueName":"search_term_string"}}],"inLanguage":"en-US"},{"@type":["Organization","Place","NewsMediaOrganization"],"@id":"https:\/\/gorica.info\/#organization","name":"Gorica Info","url":"https:\/\/gorica.info\/","logo":{"@id":"https:\/\/gorica.info\/preminuo-je-legendarni-hrvatski-glazbenik-ciro-gasparac\/#local-main-organization-logo"},"image":{"@id":"https:\/\/gorica.info\/preminuo-je-legendarni-hrvatski-glazbenik-ciro-gasparac\/#local-main-organization-logo"},"sameAs":["https:\/\/www.facebook.com\/Goricainfo-106005144489262","https:\/\/x.com\/GoricaInfo","https:\/\/www.instagram.com\/gorica.info\/"],"address":{"@id":"https:\/\/gorica.info\/preminuo-je-legendarni-hrvatski-glazbenik-ciro-gasparac\/#local-main-place-address"},"telephone":[],"openingHoursSpecification":[{"@type":"OpeningHoursSpecification","dayOfWeek":["Monday","Tuesday","Wednesday","Thursday","Friday","Saturday","Sunday"],"opens":"09:00","closes":"17:00"}],"email":"redakcija@gorica.info"},{"@type":"Person","@id":"https:\/\/gorica.info\/#\/schema\/person\/4499af1f22f322670b9b5977ccc2e3de","name":"Gorica. info","description":"Gorica.info je lokalni portal koji prati Veliku Goricu i okolici, svakodnevno donosi najnovije vijesti i pri\u010de, kulturna doga\u0111anja i aktualnosti koje oblikuju \u017eivot gra\u0111ana.","url":"https:\/\/gorica.info\/en\/author\/gorica-info\/"},{"@type":"PostalAddress","@id":"https:\/\/gorica.info\/preminuo-je-legendarni-hrvatski-glazbenik-ciro-gasparac\/#local-main-place-address","streetAddress":"Horvatova 97","addressLocality":"Velika Gorica","postalCode":"10410","addressRegion":"Croatia","addressCountry":"HR"},{"@type":"ImageObject","inLanguage":"en-US","@id":"https:\/\/gorica.info\/preminuo-je-legendarni-hrvatski-glazbenik-ciro-gasparac\/#local-main-organization-logo","url":"https:\/\/gorica.info\/wp-content\/uploads\/2024\/07\/Gorica-Info-Logo-mali.png","contentUrl":"https:\/\/gorica.info\/wp-content\/uploads\/2024\/07\/Gorica-Info-Logo-mali.png","width":450,"height":85,"caption":"Gorica Info"}]},"geo.placename":"Velika Gorica","geo.region":"Croatia"},"_links":{"self":[{"href":"https:\/\/gorica.info\/en\/wp-json\/wp\/v2\/posts\/83694","targetHints":{"allow":["GET"]}}],"collection":[{"href":"https:\/\/gorica.info\/en\/wp-json\/wp\/v2\/posts"}],"about":[{"href":"https:\/\/gorica.info\/en\/wp-json\/wp\/v2\/types\/post"}],"author":[{"embeddable":true,"href":"https:\/\/gorica.info\/en\/wp-json\/wp\/v2\/users\/23"}],"replies":[{"embeddable":true,"href":"https:\/\/gorica.info\/en\/wp-json\/wp\/v2\/comments?post=83694"}],"version-history":[{"count":2,"href":"https:\/\/gorica.info\/en\/wp-json\/wp\/v2\/posts\/83694\/revisions"}],"predecessor-version":[{"id":83697,"href":"https:\/\/gorica.info\/en\/wp-json\/wp\/v2\/posts\/83694\/revisions\/83697"}],"wp:featuredmedia":[{"embeddable":true,"href":"https:\/\/gorica.info\/en\/wp-json\/wp\/v2\/media\/83695"}],"wp:attachment":[{"href":"https:\/\/gorica.info\/en\/wp-json\/wp\/v2\/media?parent=83694"}],"wp:term":[{"taxonomy":"category","embeddable":true,"href":"https:\/\/gorica.info\/en\/wp-json\/wp\/v2\/categories?post=83694"},{"taxonomy":"post_tag","embeddable":true,"href":"https:\/\/gorica.info\/en\/wp-json\/wp\/v2\/tags?post=83694"}],"curies":[{"name":"wp","href":"https:\/\/api.w.org\/{rel}","templated":true}]}}