{"id":83907,"date":"2025-01-27T08:07:57","date_gmt":"2025-01-27T07:07:57","guid":{"rendered":"https:\/\/gorica.info\/?p=83907"},"modified":"2025-01-27T09:57:31","modified_gmt":"2025-01-27T08:57:31","slug":"mihael-pal-osvojio-drugo-mjesto-u-blik-kids-ligi-u-pazinu","status":"publish","type":"post","link":"https:\/\/gorica.info\/en\/mihael-pal-osvojio-drugo-mjesto-u-blik-kids-ligi-u-pazinu\/","title":{"rendered":"Mihael Pal osvojio drugo mjesto u BLIK kids ligi u Pazinu"},"content":{"rendered":"<p><span style=\"font-size: 20px;\">Talentirani sportski penja\u010d iz Bu\u0161evca<strong> Mihael Pal<\/strong> osvojio je u nedjelju <strong>drugo mjesto<\/strong> u prvom kolu<strong> BLIK Kids lige 2025.<\/strong> koja se odr\u017eala u dvorani SPK Hiperaktiv u Pazinu.<\/span><\/p>\n<p><span style=\"font-size: 20px;\">Prvo mjesto osvojio je <strong>Vito Vedran Rogovi\u0107<\/strong> iz SPK Hiperaktiv, a tre\u0107e mjesto <strong>Tomislav \u0160tokovi\u0107<\/strong> iz SPK OnSight.\u00a0<\/span><\/p>\n<p><img fetchpriority=\"high\" decoding=\"async\" class=\"aligncenter wp-image-83909 size-full\" src=\"https:\/\/gorica.info\/wp-content\/uploads\/2025\/01\/mihael-pazin1.jpg\" alt=\"\" width=\"634\" height=\"800\" srcset=\"https:\/\/gorica.info\/wp-content\/uploads\/2025\/01\/mihael-pazin1.jpg 634w, https:\/\/gorica.info\/wp-content\/uploads\/2025\/01\/mihael-pazin1-238x300.jpg 238w, https:\/\/gorica.info\/wp-content\/uploads\/2025\/01\/mihael-pazin1-10x12.jpg 10w\" sizes=\"(max-width: 634px) 100vw, 634px\" \/><\/p>\n<p><span style=\"font-size: 20px;\">Mihael se natjecao u kategoriji <strong>mla\u0111i juniori<\/strong> i popeo je<strong> pet staza<\/strong> iz prvog poku\u0161aja, a jednu iz tre\u0107eg. Dvije staze nije stigao popeti, javila nam je Mihaelova mama Jasmina.<\/span><\/p>\n<p><span style=\"font-size: 20px;\">U <a href=\"https:\/\/gorica.info\/en\/mihael-pal-opet-najbolji-trebalo-mu-je-samo-21-sekunda-da-dode-do-vrha-i-pobijedi\/\">penjanju<\/a> Boulder disciplinom oku\u0161alo se <strong>165 natjecatelja<\/strong>. Boulder discipline je penjanje na <strong>niskim stijenama<\/strong>, izme\u0111u 2 i 5 metara visine, a na podu je strunja\u010da koja amortizira pad.<\/span><\/p>\n<p><img decoding=\"async\" class=\"aligncenter wp-image-83911 size-full\" src=\"https:\/\/gorica.info\/wp-content\/uploads\/2025\/01\/mihael-pazin4.jpg\" alt=\"\" width=\"451\" height=\"800\" srcset=\"https:\/\/gorica.info\/wp-content\/uploads\/2025\/01\/mihael-pazin4.jpg 451w, https:\/\/gorica.info\/wp-content\/uploads\/2025\/01\/mihael-pazin4-169x300.jpg 169w, https:\/\/gorica.info\/wp-content\/uploads\/2025\/01\/mihael-pazin4-7x12.jpg 7w\" sizes=\"(max-width: 451px) 100vw, 451px\" \/><\/p>\n<p><span style=\"font-size: 20px;\">Mihael je zadovoljan, ka\u017ee da mu je bilo odli\u010dno jer je u dosta<strong> dobroj\u00a0 formi<\/strong>.<\/span><\/p>\n<p><span style=\"font-size: 20px;\">&#8211; Popeo sam stazu broj 8 jedini, nitko nije ni do polovice do\u0161ao (do Zone). Cijela dvorana mi je pljeskala. Ove godine su zamrznute penja\u010dke kategorije, pa sam i opet ulazna kategorija. Moram jo\u0161 vi\u0161e pobolj\u0161ati rad nogu i skokove da jo\u0161 vi\u0161e napredujem. <\/span><\/p>\n<p><span style=\"font-size: 20px;\">Malo sam se za\u010dudio danas jer je ve\u0107ina penja\u010da bila starija i vi\u0161a od mene, ali dao sam sve od sebe. Nadam se da \u0107u i u idu\u0107a dva kola biti me\u0111u <strong>prva tri natjecatelja<\/strong>. Ovo natjecanje mi je bila odli\u010dna vje\u017eba za budu\u0107a natjecanja i odli\u010dan ulaz u ovu natjecateljsku sezonu \u2013 isti\u010de Mihael.<\/span><\/p>\n<p><span style=\"font-size: 20px;\"><a href=\"https:\/\/www.facebook.com\/blikkids\/\"><strong>BLIK KIDS liga<\/strong><\/a> je Boulder Lige Istre i Kvarnera te obuhva\u0107a <a href=\"https:\/\/gorica.info\/en\/mihael-pal-osvojio-srebrnu-medalju-na-jakom-penjackom-natjecanju-u-austriji\/\">natjecatelje<\/a> raznih penja\u010dkih iskustva. Drugo kolo odr\u017eat \u0107e se 9. velja\u010de u Rijeci, a Mihaelu \u017eelimo puno uspjeha.\u00a0<\/span><\/p>\n<p><span style=\"font-size: 20px;\">Medalje i ostale vrijedne nagrade podijelit \u0107e se u finalu kod zadnjeg kola.<\/span>\u00a0\u00a0<img decoding=\"async\" class=\"aligncenter wp-image-83910 size-large\" src=\"https:\/\/gorica.info\/wp-content\/uploads\/2025\/01\/mihael-pazin3-1024x768.jpg\" alt=\"\" width=\"1024\" height=\"768\" srcset=\"https:\/\/gorica.info\/wp-content\/uploads\/2025\/01\/mihael-pazin3-1024x768.jpg 1024w, https:\/\/gorica.info\/wp-content\/uploads\/2025\/01\/mihael-pazin3-300x225.jpg 300w, https:\/\/gorica.info\/wp-content\/uploads\/2025\/01\/mihael-pazin3-768x576.jpg 768w, https:\/\/gorica.info\/wp-content\/uploads\/2025\/01\/mihael-pazin3-16x12.jpg 16w, https:\/\/gorica.info\/wp-content\/uploads\/2025\/01\/mihael-pazin3-750x562.jpg 750w, https:\/\/gorica.info\/wp-content\/uploads\/2025\/01\/mihael-pazin3.jpg 1067w\" sizes=\"(max-width: 1024px) 100vw, 1024px\" \/><\/p>","protected":false},"excerpt":{"rendered":"<p>Talentirani sportski penja\u010d iz Bu\u0161evca Mihael Pal osvojio je u nedjelju drugo mjesto u prvom kolu BLIK Kids lige 2025. koja se odr\u017eala u dvorani SPK Hiperaktiv u Pazinu. Prvo mjesto osvojio je Vito Vedran Rogovi\u0107 iz SPK Hiperaktiv, a tre\u0107e mjesto Tomislav \u0160tokovi\u0107 iz SPK OnSight.\u00a0 Mihael se natjecao u kategoriji mla\u0111i juniori i [&hellip;]<\/p>\n","protected":false},"author":23,"featured_media":83908,"comment_status":"closed","ping_status":"closed","sticky":false,"template":"","format":"standard","meta":{"limit_modified_date":"1","last_modified_date":"","jnews-multi-image_gallery":[],"jnews_single_post":{"subtitle":"","format":"standard","override":[{"template":"3","parallax":"1","fullscreen":"1","layout":"right-sidebar","sidebar":"default-sidebar","second_sidebar":"default-sidebar","sticky_sidebar":"1","share_position":"top","share_float_style":"share-monocrhome","show_featured":"1","show_post_meta":"1","show_post_author":"1","show_post_author_image":"1","show_post_date":"1","post_date_format":"default","post_date_format_custom":"Y\/m\/d","show_post_category":"1","show_post_reading_time":"1","post_reading_time_wpm":"300","post_calculate_word_method":"str_word_count","zoom_button_out_step":"2","zoom_button_in_step":"3","show_post_tag":"1","show_popup_post":"1","number_popup_post":"1","show_post_related":"1"}],"image_override":[{"single_post_thumbnail_size":"crop-500","single_post_gallery_size":"crop-500"}],"trending_post_position":"meta","trending_post_label":"Trending","sponsored_post_label":"Sponsored by","disable_ad":"0"},"jnews_primary_category":[],"jnews_override_counter":{"view_counter_number":"0","share_counter_number":"0","like_counter_number":"0","dislike_counter_number":"0"},"footnotes":""},"categories":[99],"tags":[17145,17144,2888,3060,2207,6512,17147,3061,122,17146],"class_list":["post-83907","post","type-post","status-publish","format-standard","has-post-thumbnail","hentry","category-sport","tag-blik-kids-liga","tag-boulder-disciplina","tag-busevec","tag-mihael-pal","tag-natjecanje","tag-pazin","tag-penjanje","tag-sportsko-penjanje","tag-velika-gorica","tag-vg-vijesti-sport"],"yoast_head":"<!-- This site is optimized with the Yoast SEO Premium plugin v27.4 (Yoast SEO v27.4) - https:\/\/yoast.com\/product\/yoast-seo-premium-wordpress\/ -->\n<title>Mihael Pal osvojio drugo mjesto u BLIK kids ligi u Pazinu - Gorica Info<\/title>\n<meta name=\"description\" content=\"Mihael Pal osvojio drugo mjesto u BLIK kids ligi u Pazinu. Mladi penja\u010di natjecali su se u Boulder disciplini.\" \/>\n<meta name=\"robots\" content=\"index, follow, max-snippet:-1, max-image-preview:large, max-video-preview:-1\" \/>\n<link rel=\"canonical\" href=\"https:\/\/gorica.info\/en\/mihael-pal-osvojio-drugo-mjesto-u-blik-kids-ligi-u-pazinu\/\" \/>\n<meta property=\"og:locale\" content=\"en_US\" \/>\n<meta property=\"og:type\" content=\"article\" \/>\n<meta property=\"og:title\" content=\"Mihael Pal osvojio drugo mjesto u BLIK kids ligi u Pazinu\" \/>\n<meta property=\"og:description\" content=\"Mihael Pal osvojio drugo mjesto u BLIK kids ligi u Pazinu. Mladi penja\u010di natjecali su se u Boulder disciplini.\" \/>\n<meta property=\"og:url\" content=\"https:\/\/gorica.info\/en\/mihael-pal-osvojio-drugo-mjesto-u-blik-kids-ligi-u-pazinu\/\" \/>\n<meta property=\"og:site_name\" content=\"Gorica Info\" \/>\n<meta property=\"article:publisher\" content=\"https:\/\/www.facebook.com\/Goricainfo-106005144489262\" \/>\n<meta property=\"article:published_time\" content=\"2025-01-27T07:07:57+00:00\" \/>\n<meta property=\"article:modified_time\" content=\"2025-01-27T08:57:31+00:00\" \/>\n<meta property=\"og:image\" content=\"https:\/\/gorica.info\/wp-content\/uploads\/2025\/01\/mihael-pazin-e1737963409558.jpg\" \/>\n\t<meta property=\"og:image:width\" content=\"616\" \/>\n\t<meta property=\"og:image:height\" content=\"552\" \/>\n\t<meta property=\"og:image:type\" content=\"image\/jpeg\" \/>\n<meta name=\"author\" content=\"Gorica. info\" \/>\n<meta name=\"twitter:card\" content=\"summary_large_image\" \/>\n<meta name=\"twitter:creator\" content=\"@GoricaInfo\" \/>\n<meta name=\"twitter:site\" content=\"@GoricaInfo\" \/>\n<meta name=\"twitter:label1\" content=\"Written by\" \/>\n\t<meta name=\"twitter:data1\" content=\"Gorica. info\" \/>\n\t<meta name=\"twitter:label2\" content=\"Est. reading time\" \/>\n\t<meta name=\"twitter:data2\" content=\"3 minutes\" \/>\n<meta name=\"geo.placename\" content=\"Velika Gorica\" \/>\n<meta name=\"geo.region\" content=\"Croatia\" \/>\n<!-- \/ Yoast SEO Premium plugin. -->","yoast_head_json":{"title":"Mihael Pal osvojio drugo mjesto u BLIK kids ligi u Pazinu - Gorica Info","description":"Mihael Pal osvojio drugo mjesto u BLIK kids ligi u Pazinu. Mladi penja\u010di natjecali su se u Boulder disciplini.","robots":{"index":"index","follow":"follow","max-snippet":"max-snippet:-1","max-image-preview":"max-image-preview:large","max-video-preview":"max-video-preview:-1"},"canonical":"https:\/\/gorica.info\/en\/mihael-pal-osvojio-drugo-mjesto-u-blik-kids-ligi-u-pazinu\/","og_locale":"en_US","og_type":"article","og_title":"Mihael Pal osvojio drugo mjesto u BLIK kids ligi u Pazinu","og_description":"Mihael Pal osvojio drugo mjesto u BLIK kids ligi u Pazinu. Mladi penja\u010di natjecali su se u Boulder disciplini.","og_url":"https:\/\/gorica.info\/en\/mihael-pal-osvojio-drugo-mjesto-u-blik-kids-ligi-u-pazinu\/","og_site_name":"Gorica Info","article_publisher":"https:\/\/www.facebook.com\/Goricainfo-106005144489262","article_published_time":"2025-01-27T07:07:57+00:00","article_modified_time":"2025-01-27T08:57:31+00:00","og_image":[{"width":616,"height":552,"url":"https:\/\/gorica.info\/wp-content\/uploads\/2025\/01\/mihael-pazin-e1737963409558.jpg","type":"image\/jpeg"}],"author":"Gorica. info","twitter_card":"summary_large_image","twitter_creator":"@GoricaInfo","twitter_site":"@GoricaInfo","twitter_misc":{"Written by":"Gorica. info","Est. reading time":"3 minutes"},"schema":{"@context":"https:\/\/schema.org","@graph":[{"@type":"NewsArticle","@id":"https:\/\/gorica.info\/mihael-pal-osvojio-drugo-mjesto-u-blik-kids-ligi-u-pazinu\/#article","isPartOf":{"@id":"https:\/\/gorica.info\/mihael-pal-osvojio-drugo-mjesto-u-blik-kids-ligi-u-pazinu\/"},"author":{"name":"Gorica. info","@id":"https:\/\/gorica.info\/#\/schema\/person\/4499af1f22f322670b9b5977ccc2e3de"},"headline":"Mihael Pal osvojio drugo mjesto u BLIK kids ligi u Pazinu","datePublished":"2025-01-27T07:07:57+00:00","dateModified":"2025-01-27T08:57:31+00:00","mainEntityOfPage":{"@id":"https:\/\/gorica.info\/mihael-pal-osvojio-drugo-mjesto-u-blik-kids-ligi-u-pazinu\/"},"wordCount":297,"publisher":{"@id":"https:\/\/gorica.info\/#organization"},"image":{"@id":"https:\/\/gorica.info\/mihael-pal-osvojio-drugo-mjesto-u-blik-kids-ligi-u-pazinu\/#primaryimage"},"thumbnailUrl":"https:\/\/gorica.info\/wp-content\/uploads\/2025\/01\/mihael-pazin-e1737963409558.jpg","keywords":["blik kids liga","boulder disciplina","bu\u0161evec","mihael pal","natjecanje","pazin","penjanje","sportsko penjanje","Velika Gorica","vg vijesti sport"],"articleSection":["SPORT"],"inLanguage":"en-US","copyrightYear":"2025","copyrightHolder":{"@id":"https:\/\/gorica.info\/en\/#organization"}},{"@type":"WebPage","@id":"https:\/\/gorica.info\/mihael-pal-osvojio-drugo-mjesto-u-blik-kids-ligi-u-pazinu\/","url":"https:\/\/gorica.info\/mihael-pal-osvojio-drugo-mjesto-u-blik-kids-ligi-u-pazinu\/","name":"Mihael Pal osvojio drugo mjesto u BLIK kids ligi u Pazinu - Gorica Info","isPartOf":{"@id":"https:\/\/gorica.info\/#website"},"primaryImageOfPage":{"@id":"https:\/\/gorica.info\/mihael-pal-osvojio-drugo-mjesto-u-blik-kids-ligi-u-pazinu\/#primaryimage"},"image":{"@id":"https:\/\/gorica.info\/mihael-pal-osvojio-drugo-mjesto-u-blik-kids-ligi-u-pazinu\/#primaryimage"},"thumbnailUrl":"https:\/\/gorica.info\/wp-content\/uploads\/2025\/01\/mihael-pazin-e1737963409558.jpg","datePublished":"2025-01-27T07:07:57+00:00","dateModified":"2025-01-27T08:57:31+00:00","description":"Mihael Pal osvojio drugo mjesto u BLIK kids ligi u Pazinu. Mladi penja\u010di natjecali su se u Boulder disciplini.","breadcrumb":{"@id":"https:\/\/gorica.info\/mihael-pal-osvojio-drugo-mjesto-u-blik-kids-ligi-u-pazinu\/#breadcrumb"},"inLanguage":"en-US","potentialAction":[{"@type":"ReadAction","target":["https:\/\/gorica.info\/mihael-pal-osvojio-drugo-mjesto-u-blik-kids-ligi-u-pazinu\/"]}]},{"@type":"ImageObject","inLanguage":"en-US","@id":"https:\/\/gorica.info\/mihael-pal-osvojio-drugo-mjesto-u-blik-kids-ligi-u-pazinu\/#primaryimage","url":"https:\/\/gorica.info\/wp-content\/uploads\/2025\/01\/mihael-pazin-e1737963409558.jpg","contentUrl":"https:\/\/gorica.info\/wp-content\/uploads\/2025\/01\/mihael-pazin-e1737963409558.jpg","width":616,"height":552,"caption":"Foto: Privatna arhiva"},{"@type":"BreadcrumbList","@id":"https:\/\/gorica.info\/mihael-pal-osvojio-drugo-mjesto-u-blik-kids-ligi-u-pazinu\/#breadcrumb","itemListElement":[{"@type":"ListItem","position":1,"name":"Po\u010detna stranica","item":"https:\/\/gorica.info\/"},{"@type":"ListItem","position":2,"name":"Mihael Pal osvojio drugo mjesto u BLIK kids ligi u Pazinu"}]},{"@type":"WebSite","@id":"https:\/\/gorica.info\/#website","url":"https:\/\/gorica.info\/","name":"Gorica Info","description":"Vijesti iz Velike Gorice i okolice.","publisher":{"@id":"https:\/\/gorica.info\/#organization"},"potentialAction":[{"@type":"SearchAction","target":{"@type":"EntryPoint","urlTemplate":"https:\/\/gorica.info\/?s={search_term_string}"},"query-input":{"@type":"PropertyValueSpecification","valueRequired":true,"valueName":"search_term_string"}}],"inLanguage":"en-US"},{"@type":["Organization","Place","NewsMediaOrganization"],"@id":"https:\/\/gorica.info\/#organization","name":"Gorica Info","url":"https:\/\/gorica.info\/","logo":{"@id":"https:\/\/gorica.info\/mihael-pal-osvojio-drugo-mjesto-u-blik-kids-ligi-u-pazinu\/#local-main-organization-logo"},"image":{"@id":"https:\/\/gorica.info\/mihael-pal-osvojio-drugo-mjesto-u-blik-kids-ligi-u-pazinu\/#local-main-organization-logo"},"sameAs":["https:\/\/www.facebook.com\/Goricainfo-106005144489262","https:\/\/x.com\/GoricaInfo","https:\/\/www.instagram.com\/gorica.info\/"],"address":{"@id":"https:\/\/gorica.info\/mihael-pal-osvojio-drugo-mjesto-u-blik-kids-ligi-u-pazinu\/#local-main-place-address"},"telephone":[],"openingHoursSpecification":[{"@type":"OpeningHoursSpecification","dayOfWeek":["Monday","Tuesday","Wednesday","Thursday","Friday","Saturday","Sunday"],"opens":"09:00","closes":"17:00"}],"email":"redakcija@gorica.info"},{"@type":"Person","@id":"https:\/\/gorica.info\/#\/schema\/person\/4499af1f22f322670b9b5977ccc2e3de","name":"Gorica. info","description":"Gorica.info je lokalni portal koji prati Veliku Goricu i okolici, svakodnevno donosi najnovije vijesti i pri\u010de, kulturna doga\u0111anja i aktualnosti koje oblikuju \u017eivot gra\u0111ana.","url":"https:\/\/gorica.info\/en\/author\/gorica-info\/"},{"@type":"PostalAddress","@id":"https:\/\/gorica.info\/mihael-pal-osvojio-drugo-mjesto-u-blik-kids-ligi-u-pazinu\/#local-main-place-address","streetAddress":"Horvatova 97","addressLocality":"Velika Gorica","postalCode":"10410","addressRegion":"Croatia","addressCountry":"HR"},{"@type":"ImageObject","inLanguage":"en-US","@id":"https:\/\/gorica.info\/mihael-pal-osvojio-drugo-mjesto-u-blik-kids-ligi-u-pazinu\/#local-main-organization-logo","url":"https:\/\/gorica.info\/wp-content\/uploads\/2024\/07\/Gorica-Info-Logo-mali.png","contentUrl":"https:\/\/gorica.info\/wp-content\/uploads\/2024\/07\/Gorica-Info-Logo-mali.png","width":450,"height":85,"caption":"Gorica Info"}]},"geo.placename":"Velika Gorica","geo.region":"Croatia"},"_links":{"self":[{"href":"https:\/\/gorica.info\/en\/wp-json\/wp\/v2\/posts\/83907","targetHints":{"allow":["GET"]}}],"collection":[{"href":"https:\/\/gorica.info\/en\/wp-json\/wp\/v2\/posts"}],"about":[{"href":"https:\/\/gorica.info\/en\/wp-json\/wp\/v2\/types\/post"}],"author":[{"embeddable":true,"href":"https:\/\/gorica.info\/en\/wp-json\/wp\/v2\/users\/23"}],"replies":[{"embeddable":true,"href":"https:\/\/gorica.info\/en\/wp-json\/wp\/v2\/comments?post=83907"}],"version-history":[{"count":2,"href":"https:\/\/gorica.info\/en\/wp-json\/wp\/v2\/posts\/83907\/revisions"}],"predecessor-version":[{"id":83965,"href":"https:\/\/gorica.info\/en\/wp-json\/wp\/v2\/posts\/83907\/revisions\/83965"}],"wp:featuredmedia":[{"embeddable":true,"href":"https:\/\/gorica.info\/en\/wp-json\/wp\/v2\/media\/83908"}],"wp:attachment":[{"href":"https:\/\/gorica.info\/en\/wp-json\/wp\/v2\/media?parent=83907"}],"wp:term":[{"taxonomy":"category","embeddable":true,"href":"https:\/\/gorica.info\/en\/wp-json\/wp\/v2\/categories?post=83907"},{"taxonomy":"post_tag","embeddable":true,"href":"https:\/\/gorica.info\/en\/wp-json\/wp\/v2\/tags?post=83907"}],"curies":[{"name":"wp","href":"https:\/\/api.w.org\/{rel}","templated":true}]}}