{"id":84574,"date":"2025-02-08T08:42:15","date_gmt":"2025-02-08T07:42:15","guid":{"rendered":"https:\/\/gorica.info\/?p=84574"},"modified":"2025-02-08T08:58:04","modified_gmt":"2025-02-08T07:58:04","slug":"drustvo-zena-novo-cice-poziva-na-mjerenje-krvnog-tlaka-i-secera","status":"publish","type":"post","link":"https:\/\/gorica.info\/en\/drustvo-zena-novo-cice-poziva-na-mjerenje-krvnog-tlaka-i-secera\/","title":{"rendered":"Dru\u0161tvo \u017eena Novo \u010ci\u010de poziva na mjerenje krvnog tlaka i \u0161e\u0107era"},"content":{"rendered":"<p><span style=\"font-size: 20px;\"><strong>Dru\u0161tvo \u017eena Novo \u010ci\u010de<\/strong> u subotu organizira javnozdravstvenu akciju kojom \u017eeli upozoriti na va\u017enost <strong>prevencije mo\u017edanog udara kod \u017eena<\/strong>.<\/span><\/p>\n<p><span style=\"font-size: 20px;\">Ova akcija dio je kampanje povodom <a href=\"https:\/\/www.facebook.com\/profile.php?id=100057543314277\"><strong>Dana crvenih haljina<\/strong><\/a>. Program po\u010dinje <strong>u 9:30 sati<\/strong> kada \u0107e okupljene \u017eene krenuti<strong> od KUD-a Novo \u010ci\u010de prema ljekarni<\/strong>.<\/span><\/p>\n<p><span style=\"font-size: 20px;\"><strong>Od 10:30 do 11:30 sati<\/strong> organizirano je <strong>besplatno mjerenje krvnog tlaka<\/strong> i razine <strong>\u0161e\u0107era u krvi<\/strong> jer se \u017eene \u017eeli osvijestiti da su<strong> preventivni pregledi<\/strong> va\u017eni za njihovo zdravlje.<\/span><\/p>\n<p><span style=\"font-size: 20px;\"><a href=\"https:\/\/gorica.info\/en\/dan-crvenih-haljina-mozdani-udar-se-moze-sprijeciti\/\">Kampanja<\/a> ima za cilj potaknuti \u017eene da se brinu o svom zdravlju, prvenstveno zdravlju srca i krvnih \u017eila, jer je ve\u0107inu tih bolesti mogu\u0107e sprije\u010diti zdravim \u017eivotnim navikama. <\/span><\/p>\n<p><span style=\"font-size: 20px;\">Tako\u0111er\u00a0 \u017eeli potaknuti stru\u010dnjake u zdravstvu da obrate posebnu pozornost na <strong>sr\u010dani i mo\u017edani udar kod \u017eena<\/strong>, zbog njihovih razlika u odnosu na mu\u0161karce.<\/span><\/p>\n<p><span style=\"font-size: 20px;\">Mo\u017edani udar u \u017eena nedovoljno je prepoznat, nedovoljno istra\u017een i nedovoljno lije\u010den, isti\u010du iz\u00a0<a href=\"http:\/\/dan%20crvenih%20haljina:%20Mo%C5%BEdani%20udar%20se%20mo%C5%BEe%20sprije%C4%8Diti\/\">Hrvatskog zavoda za javno zdravstvo.<\/a><\/span><\/p>","protected":false},"excerpt":{"rendered":"<p>Dru\u0161tvo \u017eena Novo \u010ci\u010de u subotu organizira javnozdravstvenu akciju kojom \u017eeli upozoriti na va\u017enost prevencije mo\u017edanog udara kod \u017eena. Ova akcija dio je kampanje povodom Dana crvenih haljina. Program po\u010dinje u 9:30 sati kada \u0107e okupljene \u017eene krenuti od KUD-a Novo \u010ci\u010de prema ljekarni. Od 10:30 do 11:30 sati organizirano je besplatno mjerenje krvnog tlaka [&hellip;]<\/p>\n","protected":false},"author":23,"featured_media":84575,"comment_status":"closed","ping_status":"closed","sticky":false,"template":"","format":"standard","meta":{"limit_modified_date":"1","last_modified_date":"","jnews-multi-image_gallery":[],"jnews_single_post":{"subtitle":"","format":"standard","override":[{"template":"3","parallax":"1","fullscreen":"1","layout":"right-sidebar","sidebar":"default-sidebar","second_sidebar":"default-sidebar","sticky_sidebar":"1","share_position":"top","share_float_style":"share-monocrhome","show_featured":"1","show_post_meta":"1","show_post_author":"1","show_post_author_image":"1","show_post_date":"1","post_date_format":"default","post_date_format_custom":"Y\/m\/d","show_post_category":"1","show_post_reading_time":"1","post_reading_time_wpm":"300","post_calculate_word_method":"str_word_count","zoom_button_out_step":"2","zoom_button_in_step":"3","show_post_tag":"1","show_popup_post":"1","number_popup_post":"1","show_post_related":"1"}],"image_override":[{"single_post_thumbnail_size":"crop-500","single_post_gallery_size":"crop-500"}],"trending_post_position":"meta","trending_post_label":"Trending","sponsored_post_label":"Sponsored by","disable_ad":"0"},"jnews_primary_category":[],"jnews_override_counter":{"view_counter_number":"0","share_counter_number":"0","like_counter_number":"0","dislike_counter_number":"0"},"footnotes":""},"categories":[87],"tags":[607,4603,4604,3629,17409,3780,8745],"class_list":["post-84574","post","type-post","status-publish","format-standard","has-post-thumbnail","hentry","category-gorica","tag-akcija","tag-dan-crvenih-haljina","tag-drustvo-zena-novo-cice","tag-mozdani-udar","tag-poziv-zenama","tag-preventivni-pregledi","tag-zdravlje-zena"],"yoast_head":"<!-- This site is optimized with the Yoast SEO Premium plugin v27.4 (Yoast SEO v27.4) - https:\/\/yoast.com\/product\/yoast-seo-premium-wordpress\/ -->\n<title>Dru\u0161tvo \u017eena Novo \u010ci\u010de poziva na mjerenje krvnog tlaka i \u0161e\u0107era - Gorica Info<\/title>\n<meta name=\"description\" content=\"Dru\u0161tvo \u017eena Novo \u010ci\u010de poziva na mjerenje krvnog tlaka i \u0161e\u0107era povodom Dana crvenih haljina kako bi se upozorilo na mo\u017edani udar kod \u017eena.\" \/>\n<meta name=\"robots\" content=\"index, follow, max-snippet:-1, max-image-preview:large, max-video-preview:-1\" \/>\n<link rel=\"canonical\" href=\"https:\/\/gorica.info\/en\/drustvo-zena-novo-cice-poziva-na-mjerenje-krvnog-tlaka-i-secera\/\" \/>\n<meta property=\"og:locale\" content=\"en_US\" \/>\n<meta property=\"og:type\" content=\"article\" \/>\n<meta property=\"og:title\" content=\"Dru\u0161tvo \u017eena Novo \u010ci\u010de poziva na mjerenje krvnog tlaka i \u0161e\u0107era\" \/>\n<meta property=\"og:description\" content=\"Dru\u0161tvo \u017eena Novo \u010ci\u010de poziva na mjerenje krvnog tlaka i \u0161e\u0107era povodom Dana crvenih haljina kako bi se upozorilo na mo\u017edani udar kod \u017eena.\" \/>\n<meta property=\"og:url\" content=\"https:\/\/gorica.info\/en\/drustvo-zena-novo-cice-poziva-na-mjerenje-krvnog-tlaka-i-secera\/\" \/>\n<meta property=\"og:site_name\" content=\"Gorica Info\" \/>\n<meta property=\"article:publisher\" content=\"https:\/\/www.facebook.com\/Goricainfo-106005144489262\" \/>\n<meta property=\"article:published_time\" content=\"2025-02-08T07:42:15+00:00\" \/>\n<meta property=\"article:modified_time\" content=\"2025-02-08T07:58:04+00:00\" \/>\n<meta property=\"og:image\" content=\"https:\/\/gorica.info\/wp-content\/uploads\/2025\/02\/drustvo-zena-novo-cice-dan-crvenih-haljina.jpg\" \/>\n\t<meta property=\"og:image:width\" content=\"1200\" \/>\n\t<meta property=\"og:image:height\" content=\"740\" \/>\n\t<meta property=\"og:image:type\" content=\"image\/jpeg\" \/>\n<meta name=\"author\" content=\"Gorica. info\" \/>\n<meta name=\"twitter:card\" content=\"summary_large_image\" \/>\n<meta name=\"twitter:creator\" content=\"@GoricaInfo\" \/>\n<meta name=\"twitter:site\" content=\"@GoricaInfo\" \/>\n<meta name=\"twitter:label1\" content=\"Written by\" \/>\n\t<meta name=\"twitter:data1\" content=\"Gorica. info\" \/>\n\t<meta name=\"twitter:label2\" content=\"Est. reading time\" \/>\n\t<meta name=\"twitter:data2\" content=\"1 minute\" \/>\n<meta name=\"geo.placename\" content=\"Velika Gorica\" \/>\n<meta name=\"geo.region\" content=\"Croatia\" \/>\n<!-- \/ Yoast SEO Premium plugin. -->","yoast_head_json":{"title":"Dru\u0161tvo \u017eena Novo \u010ci\u010de poziva na mjerenje krvnog tlaka i \u0161e\u0107era - Gorica Info","description":"Dru\u0161tvo \u017eena Novo \u010ci\u010de poziva na mjerenje krvnog tlaka i \u0161e\u0107era povodom Dana crvenih haljina kako bi se upozorilo na mo\u017edani udar kod \u017eena.","robots":{"index":"index","follow":"follow","max-snippet":"max-snippet:-1","max-image-preview":"max-image-preview:large","max-video-preview":"max-video-preview:-1"},"canonical":"https:\/\/gorica.info\/en\/drustvo-zena-novo-cice-poziva-na-mjerenje-krvnog-tlaka-i-secera\/","og_locale":"en_US","og_type":"article","og_title":"Dru\u0161tvo \u017eena Novo \u010ci\u010de poziva na mjerenje krvnog tlaka i \u0161e\u0107era","og_description":"Dru\u0161tvo \u017eena Novo \u010ci\u010de poziva na mjerenje krvnog tlaka i \u0161e\u0107era povodom Dana crvenih haljina kako bi se upozorilo na mo\u017edani udar kod \u017eena.","og_url":"https:\/\/gorica.info\/en\/drustvo-zena-novo-cice-poziva-na-mjerenje-krvnog-tlaka-i-secera\/","og_site_name":"Gorica Info","article_publisher":"https:\/\/www.facebook.com\/Goricainfo-106005144489262","article_published_time":"2025-02-08T07:42:15+00:00","article_modified_time":"2025-02-08T07:58:04+00:00","og_image":[{"width":1200,"height":740,"url":"https:\/\/gorica.info\/wp-content\/uploads\/2025\/02\/drustvo-zena-novo-cice-dan-crvenih-haljina.jpg","type":"image\/jpeg"}],"author":"Gorica. info","twitter_card":"summary_large_image","twitter_creator":"@GoricaInfo","twitter_site":"@GoricaInfo","twitter_misc":{"Written by":"Gorica. info","Est. reading time":"1 minute"},"schema":{"@context":"https:\/\/schema.org","@graph":[{"@type":"NewsArticle","@id":"https:\/\/gorica.info\/drustvo-zena-novo-cice-poziva-na-mjerenje-krvnog-tlaka-i-secera\/#article","isPartOf":{"@id":"https:\/\/gorica.info\/drustvo-zena-novo-cice-poziva-na-mjerenje-krvnog-tlaka-i-secera\/"},"author":{"name":"Gorica. info","@id":"https:\/\/gorica.info\/#\/schema\/person\/4499af1f22f322670b9b5977ccc2e3de"},"headline":"Dru\u0161tvo \u017eena Novo \u010ci\u010de poziva na mjerenje krvnog tlaka i \u0161e\u0107era","datePublished":"2025-02-08T07:42:15+00:00","dateModified":"2025-02-08T07:58:04+00:00","mainEntityOfPage":{"@id":"https:\/\/gorica.info\/drustvo-zena-novo-cice-poziva-na-mjerenje-krvnog-tlaka-i-secera\/"},"wordCount":175,"publisher":{"@id":"https:\/\/gorica.info\/#organization"},"image":{"@id":"https:\/\/gorica.info\/drustvo-zena-novo-cice-poziva-na-mjerenje-krvnog-tlaka-i-secera\/#primaryimage"},"thumbnailUrl":"https:\/\/gorica.info\/wp-content\/uploads\/2025\/02\/drustvo-zena-novo-cice-dan-crvenih-haljina.jpg","keywords":["akcija","dan crvenih haljina","dru\u0161tvo \u017eena novo \u010di\u010de","mo\u017edani udar","poziv \u017eenama","preventivni pregledi","zdravlje \u017eena"],"articleSection":["GORICA"],"inLanguage":"en-US","copyrightYear":"2025","copyrightHolder":{"@id":"https:\/\/gorica.info\/en\/#organization"}},{"@type":"WebPage","@id":"https:\/\/gorica.info\/drustvo-zena-novo-cice-poziva-na-mjerenje-krvnog-tlaka-i-secera\/","url":"https:\/\/gorica.info\/drustvo-zena-novo-cice-poziva-na-mjerenje-krvnog-tlaka-i-secera\/","name":"Dru\u0161tvo \u017eena Novo \u010ci\u010de poziva na mjerenje krvnog tlaka i \u0161e\u0107era - Gorica Info","isPartOf":{"@id":"https:\/\/gorica.info\/#website"},"primaryImageOfPage":{"@id":"https:\/\/gorica.info\/drustvo-zena-novo-cice-poziva-na-mjerenje-krvnog-tlaka-i-secera\/#primaryimage"},"image":{"@id":"https:\/\/gorica.info\/drustvo-zena-novo-cice-poziva-na-mjerenje-krvnog-tlaka-i-secera\/#primaryimage"},"thumbnailUrl":"https:\/\/gorica.info\/wp-content\/uploads\/2025\/02\/drustvo-zena-novo-cice-dan-crvenih-haljina.jpg","datePublished":"2025-02-08T07:42:15+00:00","dateModified":"2025-02-08T07:58:04+00:00","description":"Dru\u0161tvo \u017eena Novo \u010ci\u010de poziva na mjerenje krvnog tlaka i \u0161e\u0107era povodom Dana crvenih haljina kako bi se upozorilo na mo\u017edani udar kod \u017eena.","breadcrumb":{"@id":"https:\/\/gorica.info\/drustvo-zena-novo-cice-poziva-na-mjerenje-krvnog-tlaka-i-secera\/#breadcrumb"},"inLanguage":"en-US","potentialAction":[{"@type":"ReadAction","target":["https:\/\/gorica.info\/drustvo-zena-novo-cice-poziva-na-mjerenje-krvnog-tlaka-i-secera\/"]}]},{"@type":"ImageObject","inLanguage":"en-US","@id":"https:\/\/gorica.info\/drustvo-zena-novo-cice-poziva-na-mjerenje-krvnog-tlaka-i-secera\/#primaryimage","url":"https:\/\/gorica.info\/wp-content\/uploads\/2025\/02\/drustvo-zena-novo-cice-dan-crvenih-haljina.jpg","contentUrl":"https:\/\/gorica.info\/wp-content\/uploads\/2025\/02\/drustvo-zena-novo-cice-dan-crvenih-haljina.jpg","width":1100,"height":678,"caption":"Foto: Dru\u0161tvo \u017eena Novo \u010ci\u010de"},{"@type":"BreadcrumbList","@id":"https:\/\/gorica.info\/drustvo-zena-novo-cice-poziva-na-mjerenje-krvnog-tlaka-i-secera\/#breadcrumb","itemListElement":[{"@type":"ListItem","position":1,"name":"Po\u010detna stranica","item":"https:\/\/gorica.info\/"},{"@type":"ListItem","position":2,"name":"Dru\u0161tvo \u017eena Novo \u010ci\u010de poziva na mjerenje krvnog tlaka i \u0161e\u0107era"}]},{"@type":"WebSite","@id":"https:\/\/gorica.info\/#website","url":"https:\/\/gorica.info\/","name":"Gorica Info","description":"Vijesti iz Velike Gorice i okolice.","publisher":{"@id":"https:\/\/gorica.info\/#organization"},"potentialAction":[{"@type":"SearchAction","target":{"@type":"EntryPoint","urlTemplate":"https:\/\/gorica.info\/?s={search_term_string}"},"query-input":{"@type":"PropertyValueSpecification","valueRequired":true,"valueName":"search_term_string"}}],"inLanguage":"en-US"},{"@type":["Organization","Place","NewsMediaOrganization"],"@id":"https:\/\/gorica.info\/#organization","name":"Gorica Info","url":"https:\/\/gorica.info\/","logo":{"@id":"https:\/\/gorica.info\/drustvo-zena-novo-cice-poziva-na-mjerenje-krvnog-tlaka-i-secera\/#local-main-organization-logo"},"image":{"@id":"https:\/\/gorica.info\/drustvo-zena-novo-cice-poziva-na-mjerenje-krvnog-tlaka-i-secera\/#local-main-organization-logo"},"sameAs":["https:\/\/www.facebook.com\/Goricainfo-106005144489262","https:\/\/x.com\/GoricaInfo","https:\/\/www.instagram.com\/gorica.info\/"],"address":{"@id":"https:\/\/gorica.info\/drustvo-zena-novo-cice-poziva-na-mjerenje-krvnog-tlaka-i-secera\/#local-main-place-address"},"telephone":[],"openingHoursSpecification":[{"@type":"OpeningHoursSpecification","dayOfWeek":["Monday","Tuesday","Wednesday","Thursday","Friday","Saturday","Sunday"],"opens":"09:00","closes":"17:00"}],"email":"redakcija@gorica.info"},{"@type":"Person","@id":"https:\/\/gorica.info\/#\/schema\/person\/4499af1f22f322670b9b5977ccc2e3de","name":"Gorica. info","description":"Gorica.info je lokalni portal koji prati Veliku Goricu i okolici, svakodnevno donosi najnovije vijesti i pri\u010de, kulturna doga\u0111anja i aktualnosti koje oblikuju \u017eivot gra\u0111ana.","url":"https:\/\/gorica.info\/en\/author\/gorica-info\/"},{"@type":"PostalAddress","@id":"https:\/\/gorica.info\/drustvo-zena-novo-cice-poziva-na-mjerenje-krvnog-tlaka-i-secera\/#local-main-place-address","streetAddress":"Horvatova 97","addressLocality":"Velika Gorica","postalCode":"10410","addressRegion":"Croatia","addressCountry":"HR"},{"@type":"ImageObject","inLanguage":"en-US","@id":"https:\/\/gorica.info\/drustvo-zena-novo-cice-poziva-na-mjerenje-krvnog-tlaka-i-secera\/#local-main-organization-logo","url":"https:\/\/gorica.info\/wp-content\/uploads\/2024\/07\/Gorica-Info-Logo-mali.png","contentUrl":"https:\/\/gorica.info\/wp-content\/uploads\/2024\/07\/Gorica-Info-Logo-mali.png","width":450,"height":85,"caption":"Gorica Info"}]},"geo.placename":"Velika Gorica","geo.region":"Croatia"},"_links":{"self":[{"href":"https:\/\/gorica.info\/en\/wp-json\/wp\/v2\/posts\/84574","targetHints":{"allow":["GET"]}}],"collection":[{"href":"https:\/\/gorica.info\/en\/wp-json\/wp\/v2\/posts"}],"about":[{"href":"https:\/\/gorica.info\/en\/wp-json\/wp\/v2\/types\/post"}],"author":[{"embeddable":true,"href":"https:\/\/gorica.info\/en\/wp-json\/wp\/v2\/users\/23"}],"replies":[{"embeddable":true,"href":"https:\/\/gorica.info\/en\/wp-json\/wp\/v2\/comments?post=84574"}],"version-history":[{"count":2,"href":"https:\/\/gorica.info\/en\/wp-json\/wp\/v2\/posts\/84574\/revisions"}],"predecessor-version":[{"id":84577,"href":"https:\/\/gorica.info\/en\/wp-json\/wp\/v2\/posts\/84574\/revisions\/84577"}],"wp:featuredmedia":[{"embeddable":true,"href":"https:\/\/gorica.info\/en\/wp-json\/wp\/v2\/media\/84575"}],"wp:attachment":[{"href":"https:\/\/gorica.info\/en\/wp-json\/wp\/v2\/media?parent=84574"}],"wp:term":[{"taxonomy":"category","embeddable":true,"href":"https:\/\/gorica.info\/en\/wp-json\/wp\/v2\/categories?post=84574"},{"taxonomy":"post_tag","embeddable":true,"href":"https:\/\/gorica.info\/en\/wp-json\/wp\/v2\/tags?post=84574"}],"curies":[{"name":"wp","href":"https:\/\/api.w.org\/{rel}","templated":true}]}}