{"id":84889,"date":"2026-02-14T10:27:09","date_gmt":"2026-02-14T09:27:09","guid":{"rendered":"https:\/\/gorica.info\/?p=84889"},"modified":"2026-02-15T14:11:25","modified_gmt":"2026-02-15T13:11:25","slug":"danas-je-valentinovo-znate-li-tko-je-bio-sveti-valentin-i-zasto-je-vazan-14-veljace","status":"publish","type":"post","link":"https:\/\/gorica.info\/en\/danas-je-valentinovo-znate-li-tko-je-bio-sveti-valentin-i-zasto-je-vazan-14-veljace\/","title":{"rendered":"Danas je Valentinovo: Znate li tko je bio sveti Valentin i za\u0161to je va\u017ean 14. velja\u010de?"},"content":{"rendered":"<p><span style=\"font-size: 20px\"><strong>Valentinovo<\/strong> ili <strong>Dan svetog Valentina<\/strong> obilje\u017eava se 14. velja\u010de. Taj se dan slavi i kao <strong>Dan zaljubljenih<\/strong>.<\/span><\/p>\n<blockquote><p><span style=\"font-size: 20px\">Simbol Valentinova je rimski bog Kupid prikazan sa lukom i strijelom. Smatra se da se onaj koga on pogodi sa strijelom odmah zaljubi.<\/span><\/p><\/blockquote>\n<p><span style=\"font-size: 20px\">Valentin je bio <strong>ranokr\u0161\u0107anski svetac<\/strong> koji je \u017eivio u 3. stolje\u0107u poslije Krista. <\/span><span style=\"font-size: 20px\">Prema jednoj drugoj legendi Valentin je <strong>tajno vjen\u010davao<\/strong> rimske vojnike u doba dok je postojala zabrana stupanja u<\/span><a style=\"font-size: 20px\" href=\"https:\/\/gorica.info\/en\/danas-se-obiljezava-dan-braka-evo-koliko-se-osoba-vjenca-a-koliko-razvede\/\"> brak<\/a><span style=\"font-size: 20px\">. <\/span><\/p>\n<p><span style=\"font-size: 20px\">Smatralo se da bi vojnike brak sputavao na boji\u0161tu. <\/span><a style=\"font-size: 20px\" href=\"https:\/\/hr.wikipedia.org\/wiki\/Sveti_Valentin\">Sve\u0107enik Valentin<\/a><span style=\"font-size: 20px\"> oglu\u0161io se o tu zapovijed te po\u010deo potajno vjen\u010davati mlade parove riskiraju\u0107i tako da zavr\u0161i u zatvoru i da bude pogubljen. <\/span><\/p>\n<p><span style=\"font-size: 20px\">Kada se otkrilo \u0161to radi, uhi\u0107en je i <strong>pogubljen 14. velja\u010de<\/strong>. Ubrzo je progla\u0161en svecem, a kasnije kada se kr\u0161\u0107anstvo u\u010dvrstilo i kada su prestali progoni, odlu\u010deno je da se taj datum slavi kao Dan svetog Valentina.<\/span><\/p>\n<blockquote><p><span style=\"font-size: 20px\"><strong>Tradicija<\/strong> slavljenja Valentinova vjerojatno je jedna od najdu\u017eih u povijesti kr\u0161\u0107anstva.<\/span><\/p><\/blockquote>\n<p><span style=\"font-size: 20px\"> Prve \u010destitke za Valentinovo datiraju iz Engleske i \u0160kotske, u ranom srednjem vijeku, kada je postojao obi\u010daj da se na pragu svoje odabranice <strong>ostavi ljubavna poruka<\/strong> ili \u010destitka ukra\u0161ena \u010dipkom, ukrasnom vrpcom ili nekim drugim materijalom.<\/span><\/p>\n<p><span style=\"font-size: 20px\">U nekim zemljama je postojao obi\u010daj da se djevojci dade odje\u0107a, a ako ona tu odje\u0107u zadr\u017ei, to bi bio znak da pristaje na udaju.<\/span><\/p>\n<p><span style=\"font-size: 20px\">Valentinovo se slavi na <strong>razli\u010dite na\u010dine<\/strong>, nije ograni\u010deno samo na parove. Valentinovo slavi ljubav djeteta prema roditeljima i obrnuto, dragim prijateljima i svima onima koje nosimo duboko u srcu.<\/span><\/p>\n<blockquote><p><span style=\"font-size: 20px\"><strong>Valentinovo je u Hrvatskoj<\/strong> postalo popularno u novije vrijeme, tijekom 1990-ih godina pod utjecajem zapadne kulture. <\/span><\/p><\/blockquote>\n<p><span style=\"font-size: 20px\">Iako nije dio tradicionalne hrvatske ba\u0161tine, Valentinovo je brzo steklo popularnost, prvenstveno me\u0111u mla\u0111om populacijom.<\/span><\/p>\n<p><span style=\"font-size: 20px\"> Danas se Valentinovo u na\u0161oj zemlji obilje\u017eava na sli\u010dan na\u010din kao i u drugim zemljama: razmjenom darova (cvije\u0107a, \u010dokolade, nakita), romanti\u010dnim ve\u010derama, izlascima&#8230;\u00a0\u00a0<\/span><\/p>","protected":false},"excerpt":{"rendered":"<p>Valentinovo ili Dan svetog Valentina obilje\u017eava se 14. velja\u010de. Taj se dan slavi i kao Dan zaljubljenih. Simbol Valentinova je rimski bog Kupid prikazan sa lukom i strijelom. Smatra se da se onaj koga on pogodi sa strijelom odmah zaljubi. Valentin je bio ranokr\u0161\u0107anski svetac koji je \u017eivio u 3. stolje\u0107u poslije Krista. Prema jednoj [&hellip;]<\/p>\n","protected":false},"author":25,"featured_media":84890,"comment_status":"closed","ping_status":"closed","sticky":false,"template":"","format":"standard","meta":{"limit_modified_date":"1","last_modified_date":"","jnews-multi-image_gallery":[],"jnews_single_post":{"subtitle":"Tradicija slavljenja Valentinova vjerojatno je jedna od najdu\u017eih u povijesti kr\u0161\u0107anstva","format":"standard","override":[{"template":"3","parallax":"1","fullscreen":"1","layout":"right-sidebar","sidebar":"default-sidebar","second_sidebar":"default-sidebar","sticky_sidebar":"1","share_position":"top","share_float_style":"share-monocrhome","show_featured":"1","show_post_meta":"1","show_post_author":"1","show_post_author_image":"1","show_post_date":"1","post_date_format":"default","post_date_format_custom":"Y\/m\/d","show_post_category":"1","show_post_reading_time":"1","post_reading_time_wpm":"300","post_calculate_word_method":"str_word_count","zoom_button_out_step":"2","zoom_button_in_step":"3","show_post_tag":"1","show_popup_post":"1","number_popup_post":"1","show_post_related":"1","show_comment_section":"1"}],"image_override":[{"single_post_thumbnail_size":"crop-500","single_post_gallery_size":"crop-500"}],"trending_post_position":"meta","trending_post_label":"Trending","sponsored_post_label":"Sponsored by","disable_ad":"0"},"jnews_primary_category":[],"jnews_override_counter":{"view_counter_number":"0","share_counter_number":"0","like_counter_number":"0","dislike_counter_number":"0"},"footnotes":""},"categories":[109],"tags":[655,4143,17018,17555,17554,17553,3797,16967],"class_list":["post-84889","post","type-post","status-publish","format-standard","has-post-thumbnail","hentry","category-zivot","tag-brak","tag-dan-zaljubljenih","tag-ljubav","tag-ljubav-prema-bliznjima","tag-mucenik","tag-sveti-valentin","tag-valentinovo","tag-zaljubljeni"],"yoast_head":"<!-- This site is optimized with the Yoast SEO Premium plugin v27.4 (Yoast SEO v27.4) - https:\/\/yoast.com\/product\/yoast-seo-premium-wordpress\/ -->\n<title>Danas je Valentinovo: Znate li tko je bio sveti Valentin i za\u0161to je va\u017ean 14. velja\u010de? - Gorica Info<\/title>\n<meta name=\"description\" content=\"Danas je Valentinovo. Zamnoge je to Dan zaljubljenih. Znate li tko je bio sveti Valentin i za\u0161to je va\u017ean 14. velja\u010de?\" \/>\n<meta name=\"robots\" content=\"index, follow, max-snippet:-1, max-image-preview:large, max-video-preview:-1\" \/>\n<link rel=\"canonical\" href=\"https:\/\/gorica.info\/en\/danas-je-valentinovo-znate-li-tko-je-bio-sveti-valentin-i-zasto-je-vazan-14-veljace\/\" \/>\n<meta property=\"og:locale\" content=\"en_US\" \/>\n<meta property=\"og:type\" content=\"article\" \/>\n<meta property=\"og:title\" content=\"Danas je Valentinovo: Znate li tko je bio sveti Valentin i za\u0161to je va\u017ean 14. velja\u010de?\" \/>\n<meta property=\"og:description\" content=\"Danas je Valentinovo. Zamnoge je to Dan zaljubljenih. Znate li tko je bio sveti Valentin i za\u0161to je va\u017ean 14. velja\u010de?\" \/>\n<meta property=\"og:url\" content=\"https:\/\/gorica.info\/en\/danas-je-valentinovo-znate-li-tko-je-bio-sveti-valentin-i-zasto-je-vazan-14-veljace\/\" \/>\n<meta property=\"og:site_name\" content=\"Gorica Info\" \/>\n<meta property=\"article:publisher\" content=\"https:\/\/www.facebook.com\/Goricainfo-106005144489262\" \/>\n<meta property=\"article:published_time\" content=\"2026-02-14T09:27:09+00:00\" \/>\n<meta property=\"article:modified_time\" content=\"2026-02-15T13:11:25+00:00\" \/>\n<meta property=\"og:image\" content=\"https:\/\/gorica.info\/wp-content\/uploads\/2025\/02\/valentinovo-foto-unsplah.jpg\" \/>\n\t<meta property=\"og:image:width\" content=\"1100\" \/>\n\t<meta property=\"og:image:height\" content=\"734\" \/>\n\t<meta property=\"og:image:type\" content=\"image\/jpeg\" \/>\n<meta name=\"author\" content=\"Marta Horvat\" \/>\n<meta name=\"twitter:card\" content=\"summary_large_image\" \/>\n<meta name=\"twitter:creator\" content=\"@GoricaInfo\" \/>\n<meta name=\"twitter:site\" content=\"@GoricaInfo\" \/>\n<meta name=\"twitter:label1\" content=\"Written by\" \/>\n\t<meta name=\"twitter:data1\" content=\"Marta Horvat\" \/>\n\t<meta name=\"twitter:label2\" content=\"Est. reading time\" \/>\n\t<meta name=\"twitter:data2\" content=\"2 minutes\" \/>\n<meta name=\"geo.placename\" content=\"Velika Gorica\" \/>\n<meta name=\"geo.region\" content=\"Croatia\" \/>\n<!-- \/ Yoast SEO Premium plugin. -->","yoast_head_json":{"title":"Danas je Valentinovo: Znate li tko je bio sveti Valentin i za\u0161to je va\u017ean 14. velja\u010de? - Gorica Info","description":"Danas je Valentinovo. Zamnoge je to Dan zaljubljenih. Znate li tko je bio sveti Valentin i za\u0161to je va\u017ean 14. velja\u010de?","robots":{"index":"index","follow":"follow","max-snippet":"max-snippet:-1","max-image-preview":"max-image-preview:large","max-video-preview":"max-video-preview:-1"},"canonical":"https:\/\/gorica.info\/en\/danas-je-valentinovo-znate-li-tko-je-bio-sveti-valentin-i-zasto-je-vazan-14-veljace\/","og_locale":"en_US","og_type":"article","og_title":"Danas je Valentinovo: Znate li tko je bio sveti Valentin i za\u0161to je va\u017ean 14. velja\u010de?","og_description":"Danas je Valentinovo. Zamnoge je to Dan zaljubljenih. Znate li tko je bio sveti Valentin i za\u0161to je va\u017ean 14. velja\u010de?","og_url":"https:\/\/gorica.info\/en\/danas-je-valentinovo-znate-li-tko-je-bio-sveti-valentin-i-zasto-je-vazan-14-veljace\/","og_site_name":"Gorica Info","article_publisher":"https:\/\/www.facebook.com\/Goricainfo-106005144489262","article_published_time":"2026-02-14T09:27:09+00:00","article_modified_time":"2026-02-15T13:11:25+00:00","og_image":[{"width":1100,"height":734,"url":"https:\/\/gorica.info\/wp-content\/uploads\/2025\/02\/valentinovo-foto-unsplah.jpg","type":"image\/jpeg"}],"author":"Marta Horvat","twitter_card":"summary_large_image","twitter_creator":"@GoricaInfo","twitter_site":"@GoricaInfo","twitter_misc":{"Written by":"Marta Horvat","Est. reading time":"2 minutes"},"schema":{"@context":"https:\/\/schema.org","@graph":[{"@type":"NewsArticle","@id":"https:\/\/gorica.info\/danas-je-valentinovo-znate-li-tko-je-bio-sveti-valentin-i-zasto-je-vazan-14-veljace\/#article","isPartOf":{"@id":"https:\/\/gorica.info\/danas-je-valentinovo-znate-li-tko-je-bio-sveti-valentin-i-zasto-je-vazan-14-veljace\/"},"author":{"name":"Marta Horvat","@id":"https:\/\/gorica.info\/#\/schema\/person\/b2df2f6fb2a9073c0fa5af2672befd52"},"headline":"Danas je Valentinovo: Znate li tko je bio sveti Valentin i za\u0161to je va\u017ean 14. velja\u010de?","datePublished":"2026-02-14T09:27:09+00:00","dateModified":"2026-02-15T13:11:25+00:00","mainEntityOfPage":{"@id":"https:\/\/gorica.info\/danas-je-valentinovo-znate-li-tko-je-bio-sveti-valentin-i-zasto-je-vazan-14-veljace\/"},"wordCount":350,"publisher":{"@id":"https:\/\/gorica.info\/#organization"},"image":{"@id":"https:\/\/gorica.info\/danas-je-valentinovo-znate-li-tko-je-bio-sveti-valentin-i-zasto-je-vazan-14-veljace\/#primaryimage"},"thumbnailUrl":"https:\/\/gorica.info\/wp-content\/uploads\/2025\/02\/valentinovo-foto-unsplah.jpg","keywords":["brak","dan zaljubljenih","ljubav","ljubav prema bli\u017enjima","mu\u010denik","sveti valentin","valentinovo","zaljubljeni"],"articleSection":["\u017dIVOT"],"inLanguage":"en-US","copyrightYear":"2026","copyrightHolder":{"@id":"https:\/\/gorica.info\/en\/#organization"}},{"@type":"WebPage","@id":"https:\/\/gorica.info\/danas-je-valentinovo-znate-li-tko-je-bio-sveti-valentin-i-zasto-je-vazan-14-veljace\/","url":"https:\/\/gorica.info\/danas-je-valentinovo-znate-li-tko-je-bio-sveti-valentin-i-zasto-je-vazan-14-veljace\/","name":"Danas je Valentinovo: Znate li tko je bio sveti Valentin i za\u0161to je va\u017ean 14. velja\u010de? - Gorica Info","isPartOf":{"@id":"https:\/\/gorica.info\/#website"},"primaryImageOfPage":{"@id":"https:\/\/gorica.info\/danas-je-valentinovo-znate-li-tko-je-bio-sveti-valentin-i-zasto-je-vazan-14-veljace\/#primaryimage"},"image":{"@id":"https:\/\/gorica.info\/danas-je-valentinovo-znate-li-tko-je-bio-sveti-valentin-i-zasto-je-vazan-14-veljace\/#primaryimage"},"thumbnailUrl":"https:\/\/gorica.info\/wp-content\/uploads\/2025\/02\/valentinovo-foto-unsplah.jpg","datePublished":"2026-02-14T09:27:09+00:00","dateModified":"2026-02-15T13:11:25+00:00","description":"Danas je Valentinovo. Zamnoge je to Dan zaljubljenih. Znate li tko je bio sveti Valentin i za\u0161to je va\u017ean 14. velja\u010de?","breadcrumb":{"@id":"https:\/\/gorica.info\/danas-je-valentinovo-znate-li-tko-je-bio-sveti-valentin-i-zasto-je-vazan-14-veljace\/#breadcrumb"},"inLanguage":"en-US","potentialAction":[{"@type":"ReadAction","target":["https:\/\/gorica.info\/danas-je-valentinovo-znate-li-tko-je-bio-sveti-valentin-i-zasto-je-vazan-14-veljace\/"]}]},{"@type":"ImageObject","inLanguage":"en-US","@id":"https:\/\/gorica.info\/danas-je-valentinovo-znate-li-tko-je-bio-sveti-valentin-i-zasto-je-vazan-14-veljace\/#primaryimage","url":"https:\/\/gorica.info\/wp-content\/uploads\/2025\/02\/valentinovo-foto-unsplah.jpg","contentUrl":"https:\/\/gorica.info\/wp-content\/uploads\/2025\/02\/valentinovo-foto-unsplah.jpg","width":1100,"height":734,"caption":"Foto: Unsplah"},{"@type":"BreadcrumbList","@id":"https:\/\/gorica.info\/danas-je-valentinovo-znate-li-tko-je-bio-sveti-valentin-i-zasto-je-vazan-14-veljace\/#breadcrumb","itemListElement":[{"@type":"ListItem","position":1,"name":"Po\u010detna stranica","item":"https:\/\/gorica.info\/"},{"@type":"ListItem","position":2,"name":"Danas je Valentinovo: Znate li tko je bio sveti Valentin i za\u0161to je va\u017ean 14. velja\u010de?"}]},{"@type":"WebSite","@id":"https:\/\/gorica.info\/#website","url":"https:\/\/gorica.info\/","name":"Gorica Info","description":"Vijesti iz Velike Gorice i okolice.","publisher":{"@id":"https:\/\/gorica.info\/#organization"},"potentialAction":[{"@type":"SearchAction","target":{"@type":"EntryPoint","urlTemplate":"https:\/\/gorica.info\/?s={search_term_string}"},"query-input":{"@type":"PropertyValueSpecification","valueRequired":true,"valueName":"search_term_string"}}],"inLanguage":"en-US"},{"@type":["Organization","Place","NewsMediaOrganization"],"@id":"https:\/\/gorica.info\/#organization","name":"Gorica Info","url":"https:\/\/gorica.info\/","logo":{"@id":"https:\/\/gorica.info\/danas-je-valentinovo-znate-li-tko-je-bio-sveti-valentin-i-zasto-je-vazan-14-veljace\/#local-main-organization-logo"},"image":{"@id":"https:\/\/gorica.info\/danas-je-valentinovo-znate-li-tko-je-bio-sveti-valentin-i-zasto-je-vazan-14-veljace\/#local-main-organization-logo"},"sameAs":["https:\/\/www.facebook.com\/Goricainfo-106005144489262","https:\/\/x.com\/GoricaInfo","https:\/\/www.instagram.com\/gorica.info\/"],"address":{"@id":"https:\/\/gorica.info\/danas-je-valentinovo-znate-li-tko-je-bio-sveti-valentin-i-zasto-je-vazan-14-veljace\/#local-main-place-address"},"telephone":[],"openingHoursSpecification":[{"@type":"OpeningHoursSpecification","dayOfWeek":["Monday","Tuesday","Wednesday","Thursday","Friday","Saturday","Sunday"],"opens":"09:00","closes":"17:00"}],"email":"redakcija@gorica.info"},{"@type":"Person","@id":"https:\/\/gorica.info\/#\/schema\/person\/b2df2f6fb2a9073c0fa5af2672befd52","name":"Marta Horvat","description":"Marta Horvat je studentica koja redovito pi\u0161e za portal, prati sva gradska doga\u0111anja i u\u017eiva isprobavati nove recept koje dijeli s na\u0161im \u010ditateljima.","url":"https:\/\/gorica.info\/en\/author\/marta-horvat\/"},{"@type":"PostalAddress","@id":"https:\/\/gorica.info\/danas-je-valentinovo-znate-li-tko-je-bio-sveti-valentin-i-zasto-je-vazan-14-veljace\/#local-main-place-address","streetAddress":"Horvatova 97","addressLocality":"Velika Gorica","postalCode":"10410","addressRegion":"Croatia","addressCountry":"HR"},{"@type":"ImageObject","inLanguage":"en-US","@id":"https:\/\/gorica.info\/danas-je-valentinovo-znate-li-tko-je-bio-sveti-valentin-i-zasto-je-vazan-14-veljace\/#local-main-organization-logo","url":"https:\/\/gorica.info\/wp-content\/uploads\/2024\/07\/Gorica-Info-Logo-mali.png","contentUrl":"https:\/\/gorica.info\/wp-content\/uploads\/2024\/07\/Gorica-Info-Logo-mali.png","width":450,"height":85,"caption":"Gorica Info"}]},"geo.placename":"Velika Gorica","geo.region":"Croatia"},"_links":{"self":[{"href":"https:\/\/gorica.info\/en\/wp-json\/wp\/v2\/posts\/84889","targetHints":{"allow":["GET"]}}],"collection":[{"href":"https:\/\/gorica.info\/en\/wp-json\/wp\/v2\/posts"}],"about":[{"href":"https:\/\/gorica.info\/en\/wp-json\/wp\/v2\/types\/post"}],"author":[{"embeddable":true,"href":"https:\/\/gorica.info\/en\/wp-json\/wp\/v2\/users\/25"}],"replies":[{"embeddable":true,"href":"https:\/\/gorica.info\/en\/wp-json\/wp\/v2\/comments?post=84889"}],"version-history":[{"count":5,"href":"https:\/\/gorica.info\/en\/wp-json\/wp\/v2\/posts\/84889\/revisions"}],"predecessor-version":[{"id":101744,"href":"https:\/\/gorica.info\/en\/wp-json\/wp\/v2\/posts\/84889\/revisions\/101744"}],"wp:featuredmedia":[{"embeddable":true,"href":"https:\/\/gorica.info\/en\/wp-json\/wp\/v2\/media\/84890"}],"wp:attachment":[{"href":"https:\/\/gorica.info\/en\/wp-json\/wp\/v2\/media?parent=84889"}],"wp:term":[{"taxonomy":"category","embeddable":true,"href":"https:\/\/gorica.info\/en\/wp-json\/wp\/v2\/categories?post=84889"},{"taxonomy":"post_tag","embeddable":true,"href":"https:\/\/gorica.info\/en\/wp-json\/wp\/v2\/tags?post=84889"}],"curies":[{"name":"wp","href":"https:\/\/api.w.org\/{rel}","templated":true}]}}