{"id":84940,"date":"2025-02-14T13:26:41","date_gmt":"2025-02-14T12:26:41","guid":{"rendered":"https:\/\/gorica.info\/?p=84940"},"modified":"2025-02-14T17:48:12","modified_gmt":"2025-02-14T16:48:12","slug":"pijana-vozacica-zabila-se-u-kolonu-vozila-imala-je-vise-od-dva-promila-u-krvi","status":"publish","type":"post","link":"https:\/\/gorica.info\/en\/pijana-vozacica-zabila-se-u-kolonu-vozila-imala-je-vise-od-dva-promila-u-krvi\/","title":{"rendered":"Pijana voza\u010dica zabila se u kolonu vozila: Imala je vi\u0161e od dva promila u krvi"},"content":{"rendered":"<p><span style=\"font-size: 20px;\"><strong>Pijana voza\u010dica<\/strong> zabila je u kolonu vozila s vi\u0161e od <strong>dva promila alkohola u krvi<\/strong>. Nesre\u0107a se dogodila na zagreba\u010dkom \u010crnomercu u srijedu oko 15.35 sati. Voza\u010dica (32) vozila je Ulicom Gustava Krkleca osobni automobil marke Volkswagen zagreba\u010dkih registarskih oznaka, objavila je <a href=\"https:\/\/zagrebacka-policija.gov.hr\/vijesti\/uhicena-vozacica-koja-je-uzrokovala-prometnu-nesrecu-s-2-07-g-kg-alkohola\/100443\">policija<\/a>.<\/span><\/p>\n<p><span style=\"font-size: 20px;\">Dolaskom do ku\u0107nog broja 22, nije prilagodila brzinu kretanja vozila te je tom prilikom <strong>naletjela na stra\u017enji dio<\/strong> osobnog automobila marke BMW zagreba\u010dkih registarskih oznaka. BMW-om je <strong>upravljao 57-godi\u0161njak<\/strong> koji je u tom trenutku bio zaustavljen zbog kolone vozila ispred sebe.<\/span><\/p>\n<figure id=\"attachment_84942\" aria-describedby=\"caption-attachment-84942\" style=\"width: 750px\" class=\"wp-caption aligncenter\"><img fetchpriority=\"high\" decoding=\"async\" class=\"wp-image-84942 size-full\" src=\"https:\/\/gorica.info\/wp-content\/uploads\/2025\/02\/prometna-nesreca-vozacica2-foto-puz.png\" alt=\"\" width=\"750\" height=\"500\" srcset=\"https:\/\/gorica.info\/wp-content\/uploads\/2025\/02\/prometna-nesreca-vozacica2-foto-puz.png 750w, https:\/\/gorica.info\/wp-content\/uploads\/2025\/02\/prometna-nesreca-vozacica2-foto-puz-300x200.png 300w, https:\/\/gorica.info\/wp-content\/uploads\/2025\/02\/prometna-nesreca-vozacica2-foto-puz-18x12.png 18w\" sizes=\"(max-width: 750px) 100vw, 750px\" \/><figcaption id=\"caption-attachment-84942\" class=\"wp-caption-text\">Fto: Policijska uprava zagreba\u010dka<\/figcaption><\/figure>\n<p><span style=\"font-size: 20px;\">Od tog naleta <strong>BMW<\/strong> je odba\u010den naprijed, gdje je prednjim dijelom naletio na stra\u017enji <strong>dio Smarta<\/strong> zagreba\u010dkih registarskih oznaka kojim je upravljala 50-godi\u0161njakinja. Smart je tako\u0111er u trenutku prometne nesre\u0107e bio<strong> zaustavljen zbog kolone vozila<\/strong> ispred sebe. \u00a0<\/span><\/p>\n<figure id=\"attachment_84943\" aria-describedby=\"caption-attachment-84943\" style=\"width: 750px\" class=\"wp-caption aligncenter\"><img decoding=\"async\" class=\"wp-image-84943 size-full\" src=\"https:\/\/gorica.info\/wp-content\/uploads\/2025\/02\/prometna-nesreca-vozacica-foto-puz.png\" alt=\"\" width=\"750\" height=\"500\" srcset=\"https:\/\/gorica.info\/wp-content\/uploads\/2025\/02\/prometna-nesreca-vozacica-foto-puz.png 750w, https:\/\/gorica.info\/wp-content\/uploads\/2025\/02\/prometna-nesreca-vozacica-foto-puz-300x200.png 300w, https:\/\/gorica.info\/wp-content\/uploads\/2025\/02\/prometna-nesreca-vozacica-foto-puz-18x12.png 18w\" sizes=\"(max-width: 750px) 100vw, 750px\" \/><figcaption id=\"caption-attachment-84943\" class=\"wp-caption-text\">Foto: Policijska uprava zagreba\u010dka<\/figcaption><\/figure>\n<p><span style=\"font-size: 20px;\">U prometnoj nesre\u0107i nastala je <strong>materijalna \u0161teta.<\/strong><\/span><\/p>\n<p><span style=\"font-size: 20px;\">Voza\u010dica je uhi\u0107ena i prepra\u0107ena na <strong>Op\u0107inski prekr\u0161ajnu sud<\/strong> u Zagrebu. <a href=\"https:\/\/gorica.info\/en\/teretnim-vozilom-zabio-se-zastitnu-ogradu-tesko-je-ozlijeden\/\">Policija<\/a> je u optu\u017enom prijedlogu predlo\u017eila da se protiv okrivljene izrekne <strong>najve\u0107a nov\u010dana kazna<\/strong> te za\u0161titna mjera zabrane upravljanja vozilima B kategorije u trajanju od tri mjeseca.<\/span><\/p>\n<p><span style=\"font-size: 20px;\">Sud joj je izrekao nov\u010danu kaznu u iznosu od <strong>1.580 eura i za\u0161titnu mjeru<\/strong> zabrane upravljanja vozilima B kategorije u trajanju od mjesec dana.<\/span><\/p>","protected":false},"excerpt":{"rendered":"<p>Pijana voza\u010dica zabila je u kolonu vozila s vi\u0161e od dva promila alkohola u krvi. Nesre\u0107a se dogodila na zagreba\u010dkom \u010crnomercu u srijedu oko 15.35 sati. Voza\u010dica (32) vozila je Ulicom Gustava Krkleca osobni automobil marke Volkswagen zagreba\u010dkih registarskih oznaka, objavila je policija. Dolaskom do ku\u0107nog broja 22, nije prilagodila brzinu kretanja vozila te je [&hellip;]<\/p>\n","protected":false},"author":23,"featured_media":84941,"comment_status":"closed","ping_status":"closed","sticky":false,"template":"","format":"standard","meta":{"limit_modified_date":"1","last_modified_date":"","jnews-multi-image_gallery":[],"jnews_single_post":{"subtitle":"","format":"standard","override":[{"template":"3","parallax":"1","fullscreen":"1","layout":"right-sidebar","sidebar":"default-sidebar","second_sidebar":"default-sidebar","sticky_sidebar":"1","share_position":"top","share_float_style":"share-monocrhome","show_featured":"1","show_post_meta":"1","show_post_author":"1","show_post_author_image":"1","show_post_date":"1","post_date_format":"default","post_date_format_custom":"Y\/m\/d","show_post_category":"1","show_post_reading_time":"1","post_reading_time_wpm":"300","post_calculate_word_method":"str_word_count","zoom_button_out_step":"2","zoom_button_in_step":"3","show_post_tag":"1","show_popup_post":"1","number_popup_post":"1","show_post_related":"1"}],"image_override":[{"single_post_thumbnail_size":"crop-500","single_post_gallery_size":"crop-500"}],"trending_post_position":"meta","trending_post_label":"Trending","sponsored_post_label":"Sponsored by","disable_ad":"0"},"jnews_primary_category":[],"jnews_override_counter":{"view_counter_number":"0","share_counter_number":"0","like_counter_number":"0","dislike_counter_number":"0"},"footnotes":""},"categories":[96],"tags":[3035,4006,800,5196,1202,15554,17572,288],"class_list":["post-84940","post","type-post","status-publish","format-standard","has-post-thumbnail","hentry","category-vijesti","tag-crnomerec","tag-materijalna-steta","tag-novcana-kazna","tag-pijana-vozacica","tag-prekrsajni-sud","tag-vg-vijesti","tag-zabila-se-u-kolonu-vozila","tag-zagreb"],"yoast_head":"<!-- This site is optimized with the Yoast SEO Premium plugin v27.5 (Yoast SEO v27.5) - https:\/\/yoast.com\/product\/yoast-seo-premium-wordpress\/ -->\n<title>Pijana voza\u010dica zabila se u kolonu vozila: Imala je vi\u0161e od dva promila u krvi - Gorica Info<\/title>\n<meta name=\"description\" content=\"Pijana voza\u010dica zabila se u kolonu vozila: Imala je vi\u0161e od dva promila alkohola u krvi. Mora platiti 1580 eura kazne i ne smije voziti.\" \/>\n<meta name=\"robots\" content=\"index, follow, max-snippet:-1, max-image-preview:large, max-video-preview:-1\" \/>\n<link rel=\"canonical\" href=\"https:\/\/gorica.info\/en\/pijana-vozacica-zabila-se-u-kolonu-vozila-imala-je-vise-od-dva-promila-u-krvi\/\" \/>\n<meta property=\"og:locale\" content=\"en_US\" \/>\n<meta property=\"og:type\" content=\"article\" \/>\n<meta property=\"og:title\" content=\"Pijana voza\u010dica zabila se u kolonu vozila: Imala je vi\u0161e od dva promila u krvi\" \/>\n<meta property=\"og:description\" content=\"Pijana voza\u010dica zabila se u kolonu vozila: Imala je vi\u0161e od dva promila alkohola u krvi. Mora platiti 1580 eura kazne i ne smije voziti.\" \/>\n<meta property=\"og:url\" content=\"https:\/\/gorica.info\/en\/pijana-vozacica-zabila-se-u-kolonu-vozila-imala-je-vise-od-dva-promila-u-krvi\/\" \/>\n<meta property=\"og:site_name\" content=\"Gorica Info\" \/>\n<meta property=\"article:publisher\" content=\"https:\/\/www.facebook.com\/Goricainfo-106005144489262\" \/>\n<meta property=\"article:published_time\" content=\"2025-02-14T12:26:41+00:00\" \/>\n<meta property=\"article:modified_time\" content=\"2025-02-14T16:48:12+00:00\" \/>\n<meta property=\"og:image\" content=\"https:\/\/gorica.info\/wp-content\/uploads\/2025\/02\/prometna-nesreca-vozacica1-foto-puz.png\" \/>\n\t<meta property=\"og:image:width\" content=\"750\" \/>\n\t<meta property=\"og:image:height\" content=\"500\" \/>\n\t<meta property=\"og:image:type\" content=\"image\/png\" \/>\n<meta name=\"author\" content=\"Gorica. info\" \/>\n<meta name=\"twitter:card\" content=\"summary_large_image\" \/>\n<meta name=\"twitter:creator\" content=\"@GoricaInfo\" \/>\n<meta name=\"twitter:site\" content=\"@GoricaInfo\" \/>\n<meta name=\"twitter:label1\" content=\"Written by\" \/>\n\t<meta name=\"twitter:data1\" content=\"Gorica. info\" \/>\n\t<meta name=\"twitter:label2\" content=\"Est. reading time\" \/>\n\t<meta name=\"twitter:data2\" content=\"2 minutes\" \/>\n<meta name=\"geo.placename\" content=\"Velika Gorica\" \/>\n<meta name=\"geo.region\" content=\"Croatia\" \/>\n<!-- \/ Yoast SEO Premium plugin. -->","yoast_head_json":{"title":"Pijana voza\u010dica zabila se u kolonu vozila: Imala je vi\u0161e od dva promila u krvi - Gorica Info","description":"Pijana voza\u010dica zabila se u kolonu vozila: Imala je vi\u0161e od dva promila alkohola u krvi. Mora platiti 1580 eura kazne i ne smije voziti.","robots":{"index":"index","follow":"follow","max-snippet":"max-snippet:-1","max-image-preview":"max-image-preview:large","max-video-preview":"max-video-preview:-1"},"canonical":"https:\/\/gorica.info\/en\/pijana-vozacica-zabila-se-u-kolonu-vozila-imala-je-vise-od-dva-promila-u-krvi\/","og_locale":"en_US","og_type":"article","og_title":"Pijana voza\u010dica zabila se u kolonu vozila: Imala je vi\u0161e od dva promila u krvi","og_description":"Pijana voza\u010dica zabila se u kolonu vozila: Imala je vi\u0161e od dva promila alkohola u krvi. Mora platiti 1580 eura kazne i ne smije voziti.","og_url":"https:\/\/gorica.info\/en\/pijana-vozacica-zabila-se-u-kolonu-vozila-imala-je-vise-od-dva-promila-u-krvi\/","og_site_name":"Gorica Info","article_publisher":"https:\/\/www.facebook.com\/Goricainfo-106005144489262","article_published_time":"2025-02-14T12:26:41+00:00","article_modified_time":"2025-02-14T16:48:12+00:00","og_image":[{"width":750,"height":500,"url":"https:\/\/gorica.info\/wp-content\/uploads\/2025\/02\/prometna-nesreca-vozacica1-foto-puz.png","type":"image\/png"}],"author":"Gorica. info","twitter_card":"summary_large_image","twitter_creator":"@GoricaInfo","twitter_site":"@GoricaInfo","twitter_misc":{"Written by":"Gorica. info","Est. reading time":"2 minutes"},"schema":{"@context":"https:\/\/schema.org","@graph":[{"@type":"NewsArticle","@id":"https:\/\/gorica.info\/pijana-vozacica-zabila-se-u-kolonu-vozila-imala-je-vise-od-dva-promila-u-krvi\/#article","isPartOf":{"@id":"https:\/\/gorica.info\/pijana-vozacica-zabila-se-u-kolonu-vozila-imala-je-vise-od-dva-promila-u-krvi\/"},"author":{"name":"Gorica. info","@id":"https:\/\/gorica.info\/#\/schema\/person\/4499af1f22f322670b9b5977ccc2e3de"},"headline":"Pijana voza\u010dica zabila se u kolonu vozila: Imala je vi\u0161e od dva promila u krvi","datePublished":"2025-02-14T12:26:41+00:00","dateModified":"2025-02-14T16:48:12+00:00","mainEntityOfPage":{"@id":"https:\/\/gorica.info\/pijana-vozacica-zabila-se-u-kolonu-vozila-imala-je-vise-od-dva-promila-u-krvi\/"},"wordCount":256,"publisher":{"@id":"https:\/\/gorica.info\/#organization"},"image":{"@id":"https:\/\/gorica.info\/pijana-vozacica-zabila-se-u-kolonu-vozila-imala-je-vise-od-dva-promila-u-krvi\/#primaryimage"},"thumbnailUrl":"https:\/\/gorica.info\/wp-content\/uploads\/2025\/02\/prometna-nesreca-vozacica1-foto-puz.png","keywords":["\u010drnomerec","materijalna \u0161teta","nov\u010dana kazna","pijana voza\u010dica","prekr\u0161ajni sud","vg vijesti","zabila se u kolonu vozila","Zagreb"],"articleSection":["VIJESTI"],"inLanguage":"en-US","copyrightYear":"2025","copyrightHolder":{"@id":"https:\/\/gorica.info\/en\/#organization"}},{"@type":"WebPage","@id":"https:\/\/gorica.info\/pijana-vozacica-zabila-se-u-kolonu-vozila-imala-je-vise-od-dva-promila-u-krvi\/","url":"https:\/\/gorica.info\/pijana-vozacica-zabila-se-u-kolonu-vozila-imala-je-vise-od-dva-promila-u-krvi\/","name":"Pijana voza\u010dica zabila se u kolonu vozila: Imala je vi\u0161e od dva promila u krvi - Gorica Info","isPartOf":{"@id":"https:\/\/gorica.info\/#website"},"primaryImageOfPage":{"@id":"https:\/\/gorica.info\/pijana-vozacica-zabila-se-u-kolonu-vozila-imala-je-vise-od-dva-promila-u-krvi\/#primaryimage"},"image":{"@id":"https:\/\/gorica.info\/pijana-vozacica-zabila-se-u-kolonu-vozila-imala-je-vise-od-dva-promila-u-krvi\/#primaryimage"},"thumbnailUrl":"https:\/\/gorica.info\/wp-content\/uploads\/2025\/02\/prometna-nesreca-vozacica1-foto-puz.png","datePublished":"2025-02-14T12:26:41+00:00","dateModified":"2025-02-14T16:48:12+00:00","description":"Pijana voza\u010dica zabila se u kolonu vozila: Imala je vi\u0161e od dva promila alkohola u krvi. Mora platiti 1580 eura kazne i ne smije voziti.","breadcrumb":{"@id":"https:\/\/gorica.info\/pijana-vozacica-zabila-se-u-kolonu-vozila-imala-je-vise-od-dva-promila-u-krvi\/#breadcrumb"},"inLanguage":"en-US","potentialAction":[{"@type":"ReadAction","target":["https:\/\/gorica.info\/pijana-vozacica-zabila-se-u-kolonu-vozila-imala-je-vise-od-dva-promila-u-krvi\/"]}]},{"@type":"ImageObject","inLanguage":"en-US","@id":"https:\/\/gorica.info\/pijana-vozacica-zabila-se-u-kolonu-vozila-imala-je-vise-od-dva-promila-u-krvi\/#primaryimage","url":"https:\/\/gorica.info\/wp-content\/uploads\/2025\/02\/prometna-nesreca-vozacica1-foto-puz.png","contentUrl":"https:\/\/gorica.info\/wp-content\/uploads\/2025\/02\/prometna-nesreca-vozacica1-foto-puz.png","width":750,"height":500,"caption":"Foto: Policijska uprava zagreba\u010dka"},{"@type":"BreadcrumbList","@id":"https:\/\/gorica.info\/pijana-vozacica-zabila-se-u-kolonu-vozila-imala-je-vise-od-dva-promila-u-krvi\/#breadcrumb","itemListElement":[{"@type":"ListItem","position":1,"name":"Po\u010detna stranica","item":"https:\/\/gorica.info\/"},{"@type":"ListItem","position":2,"name":"Pijana voza\u010dica zabila se u kolonu vozila: Imala je vi\u0161e od dva promila u krvi"}]},{"@type":"WebSite","@id":"https:\/\/gorica.info\/#website","url":"https:\/\/gorica.info\/","name":"Gorica Info","description":"Vijesti iz Velike Gorice i okolice.","publisher":{"@id":"https:\/\/gorica.info\/#organization"},"potentialAction":[{"@type":"SearchAction","target":{"@type":"EntryPoint","urlTemplate":"https:\/\/gorica.info\/?s={search_term_string}"},"query-input":{"@type":"PropertyValueSpecification","valueRequired":true,"valueName":"search_term_string"}}],"inLanguage":"en-US"},{"@type":["Organization","Place","NewsMediaOrganization"],"@id":"https:\/\/gorica.info\/#organization","name":"Gorica Info","url":"https:\/\/gorica.info\/","logo":{"@id":"https:\/\/gorica.info\/pijana-vozacica-zabila-se-u-kolonu-vozila-imala-je-vise-od-dva-promila-u-krvi\/#local-main-organization-logo"},"image":{"@id":"https:\/\/gorica.info\/pijana-vozacica-zabila-se-u-kolonu-vozila-imala-je-vise-od-dva-promila-u-krvi\/#local-main-organization-logo"},"sameAs":["https:\/\/www.facebook.com\/Goricainfo-106005144489262","https:\/\/x.com\/GoricaInfo","https:\/\/www.instagram.com\/gorica.info\/"],"address":{"@id":"https:\/\/gorica.info\/pijana-vozacica-zabila-se-u-kolonu-vozila-imala-je-vise-od-dva-promila-u-krvi\/#local-main-place-address"},"telephone":[],"openingHoursSpecification":[{"@type":"OpeningHoursSpecification","dayOfWeek":["Monday","Tuesday","Wednesday","Thursday","Friday","Saturday","Sunday"],"opens":"09:00","closes":"17:00"}],"email":"redakcija@gorica.info"},{"@type":"Person","@id":"https:\/\/gorica.info\/#\/schema\/person\/4499af1f22f322670b9b5977ccc2e3de","name":"Gorica. info","description":"Gorica.info je lokalni portal koji prati Veliku Goricu i okolici, svakodnevno donosi najnovije vijesti i pri\u010de, kulturna doga\u0111anja i aktualnosti koje oblikuju \u017eivot gra\u0111ana.","url":"https:\/\/gorica.info\/en\/author\/gorica-info\/"},{"@type":"PostalAddress","@id":"https:\/\/gorica.info\/pijana-vozacica-zabila-se-u-kolonu-vozila-imala-je-vise-od-dva-promila-u-krvi\/#local-main-place-address","streetAddress":"Horvatova 97","addressLocality":"Velika Gorica","postalCode":"10410","addressRegion":"Croatia","addressCountry":"HR"},{"@type":"ImageObject","inLanguage":"en-US","@id":"https:\/\/gorica.info\/pijana-vozacica-zabila-se-u-kolonu-vozila-imala-je-vise-od-dva-promila-u-krvi\/#local-main-organization-logo","url":"https:\/\/gorica.info\/wp-content\/uploads\/2024\/07\/Gorica-Info-Logo-mali.png","contentUrl":"https:\/\/gorica.info\/wp-content\/uploads\/2024\/07\/Gorica-Info-Logo-mali.png","width":450,"height":85,"caption":"Gorica Info"}]},"geo.placename":"Velika Gorica","geo.region":"Croatia"},"_links":{"self":[{"href":"https:\/\/gorica.info\/en\/wp-json\/wp\/v2\/posts\/84940","targetHints":{"allow":["GET"]}}],"collection":[{"href":"https:\/\/gorica.info\/en\/wp-json\/wp\/v2\/posts"}],"about":[{"href":"https:\/\/gorica.info\/en\/wp-json\/wp\/v2\/types\/post"}],"author":[{"embeddable":true,"href":"https:\/\/gorica.info\/en\/wp-json\/wp\/v2\/users\/23"}],"replies":[{"embeddable":true,"href":"https:\/\/gorica.info\/en\/wp-json\/wp\/v2\/comments?post=84940"}],"version-history":[{"count":1,"href":"https:\/\/gorica.info\/en\/wp-json\/wp\/v2\/posts\/84940\/revisions"}],"predecessor-version":[{"id":84944,"href":"https:\/\/gorica.info\/en\/wp-json\/wp\/v2\/posts\/84940\/revisions\/84944"}],"wp:featuredmedia":[{"embeddable":true,"href":"https:\/\/gorica.info\/en\/wp-json\/wp\/v2\/media\/84941"}],"wp:attachment":[{"href":"https:\/\/gorica.info\/en\/wp-json\/wp\/v2\/media?parent=84940"}],"wp:term":[{"taxonomy":"category","embeddable":true,"href":"https:\/\/gorica.info\/en\/wp-json\/wp\/v2\/categories?post=84940"},{"taxonomy":"post_tag","embeddable":true,"href":"https:\/\/gorica.info\/en\/wp-json\/wp\/v2\/tags?post=84940"}],"curies":[{"name":"wp","href":"https:\/\/api.w.org\/{rel}","templated":true}]}}