{"id":84991,"date":"2025-02-15T14:24:45","date_gmt":"2025-02-15T13:24:45","guid":{"rendered":"https:\/\/gorica.info\/?p=84991"},"modified":"2025-02-15T17:12:19","modified_gmt":"2025-02-15T16:12:19","slug":"tesko-ozlijedena-pjesakinja-autom-je-udario-policajac-izvan-sluzbe-pod-utjecajem-alkohola","status":"publish","type":"post","link":"https:\/\/gorica.info\/en\/tesko-ozlijedena-pjesakinja-autom-je-udario-policajac-izvan-sluzbe-pod-utjecajem-alkohola\/","title":{"rendered":"Te\u0161ko ozlije\u0111ena pje\u0161akinja: Autom je udario policajac izvan slu\u017ebe"},"content":{"rendered":"<p><span style=\"font-size: 20px;\"><strong>U naletu automobila<\/strong> te\u0161ke ozljede zadobila je <strong>38-godi\u0161nja pje\u0161akinja<\/strong>. Nesre\u0107u je skrivio policajac izvan slu\u017ebe koji je bio <strong>pod utjecajem alkohola<\/strong>, objavila je <a href=\"https:\/\/zagrebacka-policija.gov.hr\/vijesti\/prometna-nesreca-na-podrucju-vrbovca-100455\/100455\">Policijska uprava zagreba\u010dka.<\/a><\/span><\/p>\n<p><span style=\"font-size: 20px;\">Nesre\u0107a se dogodila u petak oko 16.50 sati na podru\u010dju Vrbovca,. Policijski slu\u017ebenik izvan slu\u017ebe upravljao je osobnim automobilom zagreba\u010dkih registarskih oznaka, pod utjecajem alkohola u organizmu, a kretao se dr\u017eavnom cestom broj 26 u smjeru juga kroz mjesto Zgali\u0161\u0107e. Iz policije <strong>nisu naveli<\/strong> koliko je policajcu izmjereno promila alkohola u krvi.<\/span><\/p>\n<p><span style=\"font-size: 20px;\">Dolaskom do blizine raskri\u017eja s nerazvrstanom cestom, <strong>vozilom je pre\u0161ao na lijevu prometnu traku<\/strong> namijenjenu za kretanje automobila iz suprotnog smjera. Tada je naletio na pje\u0161akinju, 38-godi\u0161nju stranu dr\u017eavljanku (strankinja na privremenom boravku), a koja se <strong>kretala uz lijevi rub kolnika<\/strong> u smjeru juga.<\/span><\/p>\n<p><span style=\"font-size: 20px;\">U <a href=\"https:\/\/gorica.info\/en\/tri-osobe-tesko-ozlijedene-u-frontalnom-sudaru-nesrecu-skrivio-policajac-van-sluzbe\/\">prometnoj nesre\u0107i<\/a> pje\u0161akinja je te\u0161ko ozlije\u0111ena, a lije\u010dni\u010dka pomo\u0107 joj je pru\u017eena u Klini\u010dkoj bolnici Dubrava.<\/span><\/p>\n<p><span style=\"font-size: 20px;\">Po dovr\u0161enom kriminalisti\u010dkom istra\u017eivanju osumnji\u010deni <a href=\"https:\/\/gorica.info\/en\/pijani-policajac-u-sluzbenom-policijskom-vozilu-sletio-u-odvodni-kanal\/\">policajac<\/a> \u0107e biti predan pritvorskom nadzorniku, zbog sumnje u po\u010dinjenje kaznenog djela izazivanja prometne nesre\u0107e.<\/span><\/p>\n<p><span style=\"font-size: 20px;\">Rje\u0161enjem na\u010delnika Policijske uprave zagreba\u010dke, policajac je <strong>udaljen iz slu\u017ebe<\/strong> zbog sumnje u po\u010dinjenje <strong>te\u017ee povrede slu\u017ebene du\u017enosti<\/strong> te \u0107e se protiv njega podnijeti zahtjev za pokretanjem disciplinskog postupka.<\/span><\/p>","protected":false},"excerpt":{"rendered":"<p>U naletu automobila te\u0161ke ozljede zadobila je 38-godi\u0161nja pje\u0161akinja. Nesre\u0107u je skrivio policajac izvan slu\u017ebe koji je bio pod utjecajem alkohola, objavila je Policijska uprava zagreba\u010dka. Nesre\u0107a se dogodila u petak oko 16.50 sati na podru\u010dju Vrbovca,. Policijski slu\u017ebenik izvan slu\u017ebe upravljao je osobnim automobilom zagreba\u010dkih registarskih oznaka, pod utjecajem alkohola u organizmu, a kretao [&hellip;]<\/p>\n","protected":false},"author":23,"featured_media":84992,"comment_status":"closed","ping_status":"closed","sticky":false,"template":"","format":"standard","meta":{"limit_modified_date":"1","last_modified_date":"","jnews-multi-image_gallery":[],"jnews_single_post":{"subtitle":"","format":"standard","override":[{"template":"3","parallax":"1","fullscreen":"1","layout":"right-sidebar","sidebar":"default-sidebar","second_sidebar":"default-sidebar","sticky_sidebar":"1","share_position":"top","share_float_style":"share-monocrhome","show_featured":"1","show_post_meta":"1","show_post_author":"1","show_post_author_image":"1","show_post_date":"1","post_date_format":"default","post_date_format_custom":"Y\/m\/d","show_post_category":"1","show_post_reading_time":"1","post_reading_time_wpm":"300","post_calculate_word_method":"str_word_count","zoom_button_out_step":"2","zoom_button_in_step":"3","show_post_tag":"1","show_popup_post":"1","number_popup_post":"1","show_post_related":"1"}],"image_override":[{"single_post_thumbnail_size":"crop-500","single_post_gallery_size":"crop-500"}],"trending_post_position":"meta","trending_post_label":"Trending","sponsored_post_label":"Sponsored by","disable_ad":"0"},"jnews_primary_category":[],"jnews_override_counter":{"view_counter_number":"0","share_counter_number":"0","like_counter_number":"0","dislike_counter_number":"0"},"footnotes":""},"categories":[96],"tags":[519,2824,1597,17592,7186,17591,2288],"class_list":["post-84991","post","type-post","status-publish","format-standard","has-post-thumbnail","hentry","category-vijesti","tag-nesreca","tag-pijani-policajac","tag-pjesakinja","tag-policajac-izvan-sluzbe","tag-strana-drzavljanka","tag-udaljen-iz-sluzbe","tag-vrbovec"],"yoast_head":"<!-- This site is optimized with the Yoast SEO Premium plugin v27.5 (Yoast SEO v27.5) - https:\/\/yoast.com\/product\/yoast-seo-premium-wordpress\/ -->\n<title>Te\u0161ko ozlije\u0111ena pje\u0161akinja: Autom je udario policajac izvan slu\u017ebe - Gorica Info<\/title>\n<meta name=\"description\" content=\"Te\u0161ko ozlije\u0111ena pje\u0161akinja na vrbove\u010dkom podru\u010dju.: Autom je udario policajac izvan slu\u017ebe koji je bio pod utjecajem alkohola.\" \/>\n<meta name=\"robots\" content=\"index, follow, max-snippet:-1, max-image-preview:large, max-video-preview:-1\" \/>\n<link rel=\"canonical\" href=\"https:\/\/gorica.info\/en\/tesko-ozlijedena-pjesakinja-autom-je-udario-policajac-izvan-sluzbe-pod-utjecajem-alkohola\/\" \/>\n<meta property=\"og:locale\" content=\"en_US\" \/>\n<meta property=\"og:type\" content=\"article\" \/>\n<meta property=\"og:title\" content=\"Te\u0161ko ozlije\u0111ena pje\u0161akinja: Autom je udario policajac izvan slu\u017ebe\" \/>\n<meta property=\"og:description\" content=\"Te\u0161ko ozlije\u0111ena pje\u0161akinja na vrbove\u010dkom podru\u010dju.: Autom je udario policajac izvan slu\u017ebe koji je bio pod utjecajem alkohola.\" \/>\n<meta property=\"og:url\" content=\"https:\/\/gorica.info\/en\/tesko-ozlijedena-pjesakinja-autom-je-udario-policajac-izvan-sluzbe-pod-utjecajem-alkohola\/\" \/>\n<meta property=\"og:site_name\" content=\"Gorica Info\" \/>\n<meta property=\"article:publisher\" content=\"https:\/\/www.facebook.com\/Goricainfo-106005144489262\" \/>\n<meta property=\"article:published_time\" content=\"2025-02-15T13:24:45+00:00\" \/>\n<meta property=\"article:modified_time\" content=\"2025-02-15T16:12:19+00:00\" \/>\n<meta property=\"og:image\" content=\"https:\/\/gorica.info\/wp-content\/uploads\/2025\/02\/policijski-auto.jpg\" \/>\n\t<meta property=\"og:image:width\" content=\"750\" \/>\n\t<meta property=\"og:image:height\" content=\"500\" \/>\n\t<meta property=\"og:image:type\" content=\"image\/jpeg\" \/>\n<meta name=\"author\" content=\"Gorica. info\" \/>\n<meta name=\"twitter:card\" content=\"summary_large_image\" \/>\n<meta name=\"twitter:creator\" content=\"@GoricaInfo\" \/>\n<meta name=\"twitter:site\" content=\"@GoricaInfo\" \/>\n<meta name=\"twitter:label1\" content=\"Written by\" \/>\n\t<meta name=\"twitter:data1\" content=\"Gorica. info\" \/>\n\t<meta name=\"twitter:label2\" content=\"Est. reading time\" \/>\n\t<meta name=\"twitter:data2\" content=\"2 minutes\" \/>\n<meta name=\"geo.placename\" content=\"Velika Gorica\" \/>\n<meta name=\"geo.region\" content=\"Croatia\" \/>\n<!-- \/ Yoast SEO Premium plugin. -->","yoast_head_json":{"title":"Te\u0161ko ozlije\u0111ena pje\u0161akinja: Autom je udario policajac izvan slu\u017ebe - Gorica Info","description":"Te\u0161ko ozlije\u0111ena pje\u0161akinja na vrbove\u010dkom podru\u010dju.: Autom je udario policajac izvan slu\u017ebe koji je bio pod utjecajem alkohola.","robots":{"index":"index","follow":"follow","max-snippet":"max-snippet:-1","max-image-preview":"max-image-preview:large","max-video-preview":"max-video-preview:-1"},"canonical":"https:\/\/gorica.info\/en\/tesko-ozlijedena-pjesakinja-autom-je-udario-policajac-izvan-sluzbe-pod-utjecajem-alkohola\/","og_locale":"en_US","og_type":"article","og_title":"Te\u0161ko ozlije\u0111ena pje\u0161akinja: Autom je udario policajac izvan slu\u017ebe","og_description":"Te\u0161ko ozlije\u0111ena pje\u0161akinja na vrbove\u010dkom podru\u010dju.: Autom je udario policajac izvan slu\u017ebe koji je bio pod utjecajem alkohola.","og_url":"https:\/\/gorica.info\/en\/tesko-ozlijedena-pjesakinja-autom-je-udario-policajac-izvan-sluzbe-pod-utjecajem-alkohola\/","og_site_name":"Gorica Info","article_publisher":"https:\/\/www.facebook.com\/Goricainfo-106005144489262","article_published_time":"2025-02-15T13:24:45+00:00","article_modified_time":"2025-02-15T16:12:19+00:00","og_image":[{"width":750,"height":500,"url":"https:\/\/gorica.info\/wp-content\/uploads\/2025\/02\/policijski-auto.jpg","type":"image\/jpeg"}],"author":"Gorica. info","twitter_card":"summary_large_image","twitter_creator":"@GoricaInfo","twitter_site":"@GoricaInfo","twitter_misc":{"Written by":"Gorica. info","Est. reading time":"2 minutes"},"schema":{"@context":"https:\/\/schema.org","@graph":[{"@type":"NewsArticle","@id":"https:\/\/gorica.info\/tesko-ozlijedena-pjesakinja-autom-je-udario-policajac-izvan-sluzbe-pod-utjecajem-alkohola\/#article","isPartOf":{"@id":"https:\/\/gorica.info\/tesko-ozlijedena-pjesakinja-autom-je-udario-policajac-izvan-sluzbe-pod-utjecajem-alkohola\/"},"author":{"name":"Gorica. info","@id":"https:\/\/gorica.info\/#\/schema\/person\/4499af1f22f322670b9b5977ccc2e3de"},"headline":"Te\u0161ko ozlije\u0111ena pje\u0161akinja: Autom je udario policajac izvan slu\u017ebe","datePublished":"2025-02-15T13:24:45+00:00","dateModified":"2025-02-15T16:12:19+00:00","mainEntityOfPage":{"@id":"https:\/\/gorica.info\/tesko-ozlijedena-pjesakinja-autom-je-udario-policajac-izvan-sluzbe-pod-utjecajem-alkohola\/"},"wordCount":239,"publisher":{"@id":"https:\/\/gorica.info\/#organization"},"image":{"@id":"https:\/\/gorica.info\/tesko-ozlijedena-pjesakinja-autom-je-udario-policajac-izvan-sluzbe-pod-utjecajem-alkohola\/#primaryimage"},"thumbnailUrl":"https:\/\/gorica.info\/wp-content\/uploads\/2025\/02\/policijski-auto.jpg","keywords":["nesre\u0107a","pijani policajac","pje\u0161akinja","policajac izvan slu\u017ebe","strana dr\u017eavljanka","udaljen iz slu\u017ebe","vrbovec"],"articleSection":["VIJESTI"],"inLanguage":"en-US","copyrightYear":"2025","copyrightHolder":{"@id":"https:\/\/gorica.info\/en\/#organization"}},{"@type":"WebPage","@id":"https:\/\/gorica.info\/tesko-ozlijedena-pjesakinja-autom-je-udario-policajac-izvan-sluzbe-pod-utjecajem-alkohola\/","url":"https:\/\/gorica.info\/tesko-ozlijedena-pjesakinja-autom-je-udario-policajac-izvan-sluzbe-pod-utjecajem-alkohola\/","name":"Te\u0161ko ozlije\u0111ena pje\u0161akinja: Autom je udario policajac izvan slu\u017ebe - Gorica Info","isPartOf":{"@id":"https:\/\/gorica.info\/#website"},"primaryImageOfPage":{"@id":"https:\/\/gorica.info\/tesko-ozlijedena-pjesakinja-autom-je-udario-policajac-izvan-sluzbe-pod-utjecajem-alkohola\/#primaryimage"},"image":{"@id":"https:\/\/gorica.info\/tesko-ozlijedena-pjesakinja-autom-je-udario-policajac-izvan-sluzbe-pod-utjecajem-alkohola\/#primaryimage"},"thumbnailUrl":"https:\/\/gorica.info\/wp-content\/uploads\/2025\/02\/policijski-auto.jpg","datePublished":"2025-02-15T13:24:45+00:00","dateModified":"2025-02-15T16:12:19+00:00","description":"Te\u0161ko ozlije\u0111ena pje\u0161akinja na vrbove\u010dkom podru\u010dju.: Autom je udario policajac izvan slu\u017ebe koji je bio pod utjecajem alkohola.","breadcrumb":{"@id":"https:\/\/gorica.info\/tesko-ozlijedena-pjesakinja-autom-je-udario-policajac-izvan-sluzbe-pod-utjecajem-alkohola\/#breadcrumb"},"inLanguage":"en-US","potentialAction":[{"@type":"ReadAction","target":["https:\/\/gorica.info\/tesko-ozlijedena-pjesakinja-autom-je-udario-policajac-izvan-sluzbe-pod-utjecajem-alkohola\/"]}]},{"@type":"ImageObject","inLanguage":"en-US","@id":"https:\/\/gorica.info\/tesko-ozlijedena-pjesakinja-autom-je-udario-policajac-izvan-sluzbe-pod-utjecajem-alkohola\/#primaryimage","url":"https:\/\/gorica.info\/wp-content\/uploads\/2025\/02\/policijski-auto.jpg","contentUrl":"https:\/\/gorica.info\/wp-content\/uploads\/2025\/02\/policijski-auto.jpg","width":750,"height":500,"caption":"Foto: Policija"},{"@type":"BreadcrumbList","@id":"https:\/\/gorica.info\/tesko-ozlijedena-pjesakinja-autom-je-udario-policajac-izvan-sluzbe-pod-utjecajem-alkohola\/#breadcrumb","itemListElement":[{"@type":"ListItem","position":1,"name":"Po\u010detna stranica","item":"https:\/\/gorica.info\/"},{"@type":"ListItem","position":2,"name":"Te\u0161ko ozlije\u0111ena pje\u0161akinja: Autom je udario policajac izvan slu\u017ebe"}]},{"@type":"WebSite","@id":"https:\/\/gorica.info\/#website","url":"https:\/\/gorica.info\/","name":"Gorica Info","description":"Vijesti iz Velike Gorice i okolice.","publisher":{"@id":"https:\/\/gorica.info\/#organization"},"potentialAction":[{"@type":"SearchAction","target":{"@type":"EntryPoint","urlTemplate":"https:\/\/gorica.info\/?s={search_term_string}"},"query-input":{"@type":"PropertyValueSpecification","valueRequired":true,"valueName":"search_term_string"}}],"inLanguage":"en-US"},{"@type":["Organization","Place","NewsMediaOrganization"],"@id":"https:\/\/gorica.info\/#organization","name":"Gorica Info","url":"https:\/\/gorica.info\/","logo":{"@id":"https:\/\/gorica.info\/tesko-ozlijedena-pjesakinja-autom-je-udario-policajac-izvan-sluzbe-pod-utjecajem-alkohola\/#local-main-organization-logo"},"image":{"@id":"https:\/\/gorica.info\/tesko-ozlijedena-pjesakinja-autom-je-udario-policajac-izvan-sluzbe-pod-utjecajem-alkohola\/#local-main-organization-logo"},"sameAs":["https:\/\/www.facebook.com\/Goricainfo-106005144489262","https:\/\/x.com\/GoricaInfo","https:\/\/www.instagram.com\/gorica.info\/"],"address":{"@id":"https:\/\/gorica.info\/tesko-ozlijedena-pjesakinja-autom-je-udario-policajac-izvan-sluzbe-pod-utjecajem-alkohola\/#local-main-place-address"},"telephone":[],"openingHoursSpecification":[{"@type":"OpeningHoursSpecification","dayOfWeek":["Monday","Tuesday","Wednesday","Thursday","Friday","Saturday","Sunday"],"opens":"09:00","closes":"17:00"}],"email":"redakcija@gorica.info"},{"@type":"Person","@id":"https:\/\/gorica.info\/#\/schema\/person\/4499af1f22f322670b9b5977ccc2e3de","name":"Gorica. info","description":"Gorica.info je lokalni portal koji prati Veliku Goricu i okolici, svakodnevno donosi najnovije vijesti i pri\u010de, kulturna doga\u0111anja i aktualnosti koje oblikuju \u017eivot gra\u0111ana.","url":"https:\/\/gorica.info\/en\/author\/gorica-info\/"},{"@type":"PostalAddress","@id":"https:\/\/gorica.info\/tesko-ozlijedena-pjesakinja-autom-je-udario-policajac-izvan-sluzbe-pod-utjecajem-alkohola\/#local-main-place-address","streetAddress":"Horvatova 97","addressLocality":"Velika Gorica","postalCode":"10410","addressRegion":"Croatia","addressCountry":"HR"},{"@type":"ImageObject","inLanguage":"en-US","@id":"https:\/\/gorica.info\/tesko-ozlijedena-pjesakinja-autom-je-udario-policajac-izvan-sluzbe-pod-utjecajem-alkohola\/#local-main-organization-logo","url":"https:\/\/gorica.info\/wp-content\/uploads\/2024\/07\/Gorica-Info-Logo-mali.png","contentUrl":"https:\/\/gorica.info\/wp-content\/uploads\/2024\/07\/Gorica-Info-Logo-mali.png","width":450,"height":85,"caption":"Gorica Info"}]},"geo.placename":"Velika Gorica","geo.region":"Croatia"},"_links":{"self":[{"href":"https:\/\/gorica.info\/en\/wp-json\/wp\/v2\/posts\/84991","targetHints":{"allow":["GET"]}}],"collection":[{"href":"https:\/\/gorica.info\/en\/wp-json\/wp\/v2\/posts"}],"about":[{"href":"https:\/\/gorica.info\/en\/wp-json\/wp\/v2\/types\/post"}],"author":[{"embeddable":true,"href":"https:\/\/gorica.info\/en\/wp-json\/wp\/v2\/users\/23"}],"replies":[{"embeddable":true,"href":"https:\/\/gorica.info\/en\/wp-json\/wp\/v2\/comments?post=84991"}],"version-history":[{"count":1,"href":"https:\/\/gorica.info\/en\/wp-json\/wp\/v2\/posts\/84991\/revisions"}],"predecessor-version":[{"id":84993,"href":"https:\/\/gorica.info\/en\/wp-json\/wp\/v2\/posts\/84991\/revisions\/84993"}],"wp:featuredmedia":[{"embeddable":true,"href":"https:\/\/gorica.info\/en\/wp-json\/wp\/v2\/media\/84992"}],"wp:attachment":[{"href":"https:\/\/gorica.info\/en\/wp-json\/wp\/v2\/media?parent=84991"}],"wp:term":[{"taxonomy":"category","embeddable":true,"href":"https:\/\/gorica.info\/en\/wp-json\/wp\/v2\/categories?post=84991"},{"taxonomy":"post_tag","embeddable":true,"href":"https:\/\/gorica.info\/en\/wp-json\/wp\/v2\/tags?post=84991"}],"curies":[{"name":"wp","href":"https:\/\/api.w.org\/{rel}","templated":true}]}}