{"id":84996,"date":"2025-02-16T12:07:25","date_gmt":"2025-02-16T11:07:25","guid":{"rendered":"https:\/\/gorica.info\/?p=84996"},"modified":"2025-02-18T07:47:41","modified_gmt":"2025-02-18T06:47:41","slug":"jasen-boko-odrzat-ce-putopisno-predavanje-u-gradskoj-knjiznici-i-predstaviti-knjigu","status":"publish","type":"post","link":"https:\/\/gorica.info\/en\/jasen-boko-odrzat-ce-putopisno-predavanje-u-gradskoj-knjiznici-i-predstaviti-knjigu\/","title":{"rendered":"Jasen Boko odr\u017eat \u0107e putopisno predavanje u Gradskoj knji\u017enici i predstaviti knjigu"},"content":{"rendered":"<p><span style=\"font-size: 20px;\"><strong>Poznati Putopisac Jasen Boko<\/strong> gostuje u Gradskoj knji\u017enici. Boko \u0107e u ponedjeljak, <strong>17. velja\u010de od 19 sati<\/strong> u Sredi\u0161njem odjelu predstaviti knjigu \u201eNa putu svile \u2013 Kako nam je lagao Marko Polo\u201c.<\/span><\/p>\n<p><span style=\"font-size: 20px;\">Putuju\u0107i slavnom rutom<strong> iz Kine prema Europi<\/strong>, Boko mijenja sva mogu\u0107a prijevozna sredstva \u2013 od deva, taksija, d\u017eipova do autobusa za spavanje pa nam prepri\u010dava <strong>zanimljive susrete<\/strong> sa stanovnicima.<\/span><\/p>\n<p><span style=\"font-size: 20px;\">Boko to podru\u010dje stavlja u <strong>povijesni kontekst<\/strong> opisuju\u0107i kako se i \u010dime odvijala trgovina, kako su se na tom podru\u010dju razvijale i propadale civilizacije, kakav su utjecaj imale religije i dru\u0161tvena ure\u0111enja.<\/span><\/p>\n<p><span style=\"font-size: 20px;\">Zahvaljuju\u0107i komentarima i citatima slavnog trgovca Marka Pola, doznajemo \u0161to je sve izmislio i gdje vjerojatno uop\u0107e nije bio. Ovaj je <a href=\"https:\/\/gorica.info\/en\/poznati-glazbenik-i-putopisac-hrvoje-rupcic-gostovao-u-gradskoj-knjiznici\/\">putopis<\/a> u isto vrijeme izuzetno zabavan, povremeno napet, ponekad tu\u017ean, ali vrlo dirljiv pa se \u010dita kao roman, isti\u010du iz <a href=\"https:\/\/www.knjiznica-vg.hr\/putopisno-predavanje-i-predstavljanje-knjige-jasena-boke-na-putu-svile-kako-nam-je-lagao-marko-polo\/\">Gradske knji\u017enice<\/a>.<\/span><\/p>\n<p><span style=\"font-size: 20px;\">Jasen Boko diplomirani je profesor knji\u017eevnosti i dramaturg. U dvadeset i pet godina pisanja za scenu napisao je dvadesetak drama izvedenih na scenama Hrvatske, Slovenije, BiH i Srbije u \u010detrdesetak profesionalnih produkcija. Za svoj knji\u017eevni rad nagra\u0111ivan je s vi\u0161e nagrada (Kiklop, Marin Dr\u017ei\u0107, Mali Maruli\u0107\u2026).<\/span><\/p>\n<p><span style=\"font-size: 20px;\">Objavio je <strong>vi\u0161e putopisa<\/strong> Peta strana svijeta (2006.), Na Putu svile \u2013 tragovima Marka Pola (2009.), Tragovima Odiseja (2012.), Za Aleksandrom Velikim u srce Azije (2014.), Latinskom Amerikom uzvodno \u2013 Za Che Guevarom od Patagonije do Kube (2019.).\u00a0<\/span><span style=\"font-size: 20px;\"> \u017divot i smrt uz svetu rijeku, Gangesom od Himalaje do Bengalskog zaljeva (2020.) <\/span><\/p>\n<p><span style=\"font-size: 20px;\">Na Putu svile \u2013 Kako nam je lagao Marko Polo, drugo izmijenjeno i dopunjeno izdanje objavio je 2024. , a iste godine izlazi i putopis Od Dnjepra do Jadrana (U potrazi za prapostojbinom Hrvata, Slavena, Indoeuropljana).<\/span><\/p>","protected":false},"excerpt":{"rendered":"<p>Poznati Putopisac Jasen Boko gostuje u Gradskoj knji\u017enici. Boko \u0107e u ponedjeljak, 17. velja\u010de od 19 sati u Sredi\u0161njem odjelu predstaviti knjigu \u201eNa putu svile \u2013 Kako nam je lagao Marko Polo\u201c. Putuju\u0107i slavnom rutom iz Kine prema Europi, Boko mijenja sva mogu\u0107a prijevozna sredstva \u2013 od deva, taksija, d\u017eipova do autobusa za spavanje pa [&hellip;]<\/p>\n","protected":false},"author":25,"featured_media":85001,"comment_status":"closed","ping_status":"closed","sticky":false,"template":"","format":"standard","meta":{"limit_modified_date":"1","last_modified_date":"","jnews-multi-image_gallery":[],"jnews_single_post":{"subtitle":"","format":"standard","override":[{"template":"3","parallax":"1","fullscreen":"1","layout":"right-sidebar","sidebar":"default-sidebar","second_sidebar":"default-sidebar","sticky_sidebar":"1","share_position":"top","share_float_style":"share-monocrhome","show_featured":"1","show_post_meta":"1","show_post_author":"1","show_post_author_image":"1","show_post_date":"1","post_date_format":"default","post_date_format_custom":"Y\/m\/d","show_post_category":"1","show_post_reading_time":"1","post_reading_time_wpm":"300","post_calculate_word_method":"str_word_count","zoom_button_out_step":"2","zoom_button_in_step":"3","show_post_tag":"1","show_popup_post":"1","number_popup_post":"1","show_post_related":"1"}],"image_override":[{"single_post_thumbnail_size":"crop-500","single_post_gallery_size":"crop-500"}],"trending_post_position":"meta","trending_post_label":"Trending","sponsored_post_label":"Sponsored by","disable_ad":"0"},"jnews_primary_category":[],"jnews_override_counter":{"view_counter_number":"0","share_counter_number":"0","like_counter_number":"0","dislike_counter_number":"0"},"footnotes":""},"categories":[84],"tags":[223,17594,783,17593,17595,122,15554],"class_list":["post-84996","post","type-post","status-publish","format-standard","has-post-thumbnail","hentry","category-kultura","tag-gradska-knjiznica","tag-jasen-boko","tag-kina","tag-marko-polo","tag-putopsino-predavanje","tag-velika-gorica","tag-vg-vijesti"],"yoast_head":"<!-- This site is optimized with the Yoast SEO Premium plugin v27.5 (Yoast SEO v27.5) - https:\/\/yoast.com\/product\/yoast-seo-premium-wordpress\/ -->\n<title>Jasen Boko odr\u017eat \u0107e putopisno predavanje u Gradskoj knji\u017enici i predstaviti knjigu - Gorica Info<\/title>\n<meta name=\"description\" content=\"Jasen Boko odr\u017eat \u0107e putopisno predavanje u Gradskoj knji\u017enici i predstaviti knjigu \u201eNa putu svile \u2013 Kako nam je lagao Marko Polo\u201c\" \/>\n<meta name=\"robots\" content=\"index, follow, max-snippet:-1, max-image-preview:large, max-video-preview:-1\" \/>\n<link rel=\"canonical\" href=\"https:\/\/gorica.info\/en\/jasen-boko-odrzat-ce-putopisno-predavanje-u-gradskoj-knjiznici-i-predstaviti-knjigu\/\" \/>\n<meta property=\"og:locale\" content=\"en_US\" \/>\n<meta property=\"og:type\" content=\"article\" \/>\n<meta property=\"og:title\" content=\"Jasen Boko odr\u017eat \u0107e putopisno predavanje u Gradskoj knji\u017enici i predstaviti knjigu\" \/>\n<meta property=\"og:description\" content=\"Jasen Boko odr\u017eat \u0107e putopisno predavanje u Gradskoj knji\u017enici i predstaviti knjigu \u201eNa putu svile \u2013 Kako nam je lagao Marko Polo\u201c\" \/>\n<meta property=\"og:url\" content=\"https:\/\/gorica.info\/en\/jasen-boko-odrzat-ce-putopisno-predavanje-u-gradskoj-knjiznici-i-predstaviti-knjigu\/\" \/>\n<meta property=\"og:site_name\" content=\"Gorica Info\" \/>\n<meta property=\"article:publisher\" content=\"https:\/\/www.facebook.com\/Goricainfo-106005144489262\" \/>\n<meta property=\"article:published_time\" content=\"2025-02-16T11:07:25+00:00\" \/>\n<meta property=\"article:modified_time\" content=\"2025-02-18T06:47:41+00:00\" \/>\n<meta property=\"og:image\" content=\"https:\/\/gorica.info\/wp-content\/uploads\/2025\/02\/gradska-knjiznica-jasen-boko.jpg\" \/>\n\t<meta property=\"og:image:width\" content=\"1200\" \/>\n\t<meta property=\"og:image:height\" content=\"674\" \/>\n\t<meta property=\"og:image:type\" content=\"image\/jpeg\" \/>\n<meta name=\"author\" content=\"Marta Horvat\" \/>\n<meta name=\"twitter:card\" content=\"summary_large_image\" \/>\n<meta name=\"twitter:creator\" content=\"@GoricaInfo\" \/>\n<meta name=\"twitter:site\" content=\"@GoricaInfo\" \/>\n<meta name=\"twitter:label1\" content=\"Written by\" \/>\n\t<meta name=\"twitter:data1\" content=\"Marta Horvat\" \/>\n\t<meta name=\"twitter:label2\" content=\"Est. reading time\" \/>\n\t<meta name=\"twitter:data2\" content=\"2 minutes\" \/>\n<meta name=\"geo.placename\" content=\"Velika Gorica\" \/>\n<meta name=\"geo.region\" content=\"Croatia\" \/>\n<!-- \/ Yoast SEO Premium plugin. -->","yoast_head_json":{"title":"Jasen Boko odr\u017eat \u0107e putopisno predavanje u Gradskoj knji\u017enici i predstaviti knjigu - Gorica Info","description":"Jasen Boko odr\u017eat \u0107e putopisno predavanje u Gradskoj knji\u017enici i predstaviti knjigu \u201eNa putu svile \u2013 Kako nam je lagao Marko Polo\u201c","robots":{"index":"index","follow":"follow","max-snippet":"max-snippet:-1","max-image-preview":"max-image-preview:large","max-video-preview":"max-video-preview:-1"},"canonical":"https:\/\/gorica.info\/en\/jasen-boko-odrzat-ce-putopisno-predavanje-u-gradskoj-knjiznici-i-predstaviti-knjigu\/","og_locale":"en_US","og_type":"article","og_title":"Jasen Boko odr\u017eat \u0107e putopisno predavanje u Gradskoj knji\u017enici i predstaviti knjigu","og_description":"Jasen Boko odr\u017eat \u0107e putopisno predavanje u Gradskoj knji\u017enici i predstaviti knjigu \u201eNa putu svile \u2013 Kako nam je lagao Marko Polo\u201c","og_url":"https:\/\/gorica.info\/en\/jasen-boko-odrzat-ce-putopisno-predavanje-u-gradskoj-knjiznici-i-predstaviti-knjigu\/","og_site_name":"Gorica Info","article_publisher":"https:\/\/www.facebook.com\/Goricainfo-106005144489262","article_published_time":"2025-02-16T11:07:25+00:00","article_modified_time":"2025-02-18T06:47:41+00:00","og_image":[{"width":1200,"height":674,"url":"https:\/\/gorica.info\/wp-content\/uploads\/2025\/02\/gradska-knjiznica-jasen-boko.jpg","type":"image\/jpeg"}],"author":"Marta Horvat","twitter_card":"summary_large_image","twitter_creator":"@GoricaInfo","twitter_site":"@GoricaInfo","twitter_misc":{"Written by":"Marta Horvat","Est. reading time":"2 minutes"},"schema":{"@context":"https:\/\/schema.org","@graph":[{"@type":"NewsArticle","@id":"https:\/\/gorica.info\/jasen-boko-odrzat-ce-putopisno-predavanje-u-gradskoj-knjiznici-i-predstaviti-knjigu\/#article","isPartOf":{"@id":"https:\/\/gorica.info\/jasen-boko-odrzat-ce-putopisno-predavanje-u-gradskoj-knjiznici-i-predstaviti-knjigu\/"},"author":{"name":"Marta Horvat","@id":"https:\/\/gorica.info\/#\/schema\/person\/b2df2f6fb2a9073c0fa5af2672befd52"},"headline":"Jasen Boko odr\u017eat \u0107e putopisno predavanje u Gradskoj knji\u017enici i predstaviti knjigu","datePublished":"2025-02-16T11:07:25+00:00","dateModified":"2025-02-18T06:47:41+00:00","mainEntityOfPage":{"@id":"https:\/\/gorica.info\/jasen-boko-odrzat-ce-putopisno-predavanje-u-gradskoj-knjiznici-i-predstaviti-knjigu\/"},"wordCount":291,"publisher":{"@id":"https:\/\/gorica.info\/#organization"},"image":{"@id":"https:\/\/gorica.info\/jasen-boko-odrzat-ce-putopisno-predavanje-u-gradskoj-knjiznici-i-predstaviti-knjigu\/#primaryimage"},"thumbnailUrl":"https:\/\/gorica.info\/wp-content\/uploads\/2025\/02\/gradska-knjiznica-jasen-boko.jpg","keywords":["gradska knji\u017enica","jasen boko","kina","marko polo","putopsino predavanje","Velika Gorica","vg vijesti"],"articleSection":["KULTURA"],"inLanguage":"en-US","copyrightYear":"2025","copyrightHolder":{"@id":"https:\/\/gorica.info\/en\/#organization"}},{"@type":"WebPage","@id":"https:\/\/gorica.info\/jasen-boko-odrzat-ce-putopisno-predavanje-u-gradskoj-knjiznici-i-predstaviti-knjigu\/","url":"https:\/\/gorica.info\/jasen-boko-odrzat-ce-putopisno-predavanje-u-gradskoj-knjiznici-i-predstaviti-knjigu\/","name":"Jasen Boko odr\u017eat \u0107e putopisno predavanje u Gradskoj knji\u017enici i predstaviti knjigu - Gorica Info","isPartOf":{"@id":"https:\/\/gorica.info\/#website"},"primaryImageOfPage":{"@id":"https:\/\/gorica.info\/jasen-boko-odrzat-ce-putopisno-predavanje-u-gradskoj-knjiznici-i-predstaviti-knjigu\/#primaryimage"},"image":{"@id":"https:\/\/gorica.info\/jasen-boko-odrzat-ce-putopisno-predavanje-u-gradskoj-knjiznici-i-predstaviti-knjigu\/#primaryimage"},"thumbnailUrl":"https:\/\/gorica.info\/wp-content\/uploads\/2025\/02\/gradska-knjiznica-jasen-boko.jpg","datePublished":"2025-02-16T11:07:25+00:00","dateModified":"2025-02-18T06:47:41+00:00","description":"Jasen Boko odr\u017eat \u0107e putopisno predavanje u Gradskoj knji\u017enici i predstaviti knjigu \u201eNa putu svile \u2013 Kako nam je lagao Marko Polo\u201c","breadcrumb":{"@id":"https:\/\/gorica.info\/jasen-boko-odrzat-ce-putopisno-predavanje-u-gradskoj-knjiznici-i-predstaviti-knjigu\/#breadcrumb"},"inLanguage":"en-US","potentialAction":[{"@type":"ReadAction","target":["https:\/\/gorica.info\/jasen-boko-odrzat-ce-putopisno-predavanje-u-gradskoj-knjiznici-i-predstaviti-knjigu\/"]}]},{"@type":"ImageObject","inLanguage":"en-US","@id":"https:\/\/gorica.info\/jasen-boko-odrzat-ce-putopisno-predavanje-u-gradskoj-knjiznici-i-predstaviti-knjigu\/#primaryimage","url":"https:\/\/gorica.info\/wp-content\/uploads\/2025\/02\/gradska-knjiznica-jasen-boko.jpg","contentUrl":"https:\/\/gorica.info\/wp-content\/uploads\/2025\/02\/gradska-knjiznica-jasen-boko.jpg","width":1100,"height":618,"caption":"Foto: Gorica.info \/ Jasen Boko"},{"@type":"BreadcrumbList","@id":"https:\/\/gorica.info\/jasen-boko-odrzat-ce-putopisno-predavanje-u-gradskoj-knjiznici-i-predstaviti-knjigu\/#breadcrumb","itemListElement":[{"@type":"ListItem","position":1,"name":"Po\u010detna stranica","item":"https:\/\/gorica.info\/"},{"@type":"ListItem","position":2,"name":"Jasen Boko odr\u017eat \u0107e putopisno predavanje u Gradskoj knji\u017enici i predstaviti knjigu"}]},{"@type":"WebSite","@id":"https:\/\/gorica.info\/#website","url":"https:\/\/gorica.info\/","name":"Gorica Info","description":"Vijesti iz Velike Gorice i okolice.","publisher":{"@id":"https:\/\/gorica.info\/#organization"},"potentialAction":[{"@type":"SearchAction","target":{"@type":"EntryPoint","urlTemplate":"https:\/\/gorica.info\/?s={search_term_string}"},"query-input":{"@type":"PropertyValueSpecification","valueRequired":true,"valueName":"search_term_string"}}],"inLanguage":"en-US"},{"@type":["Organization","Place","NewsMediaOrganization"],"@id":"https:\/\/gorica.info\/#organization","name":"Gorica Info","url":"https:\/\/gorica.info\/","logo":{"@id":"https:\/\/gorica.info\/jasen-boko-odrzat-ce-putopisno-predavanje-u-gradskoj-knjiznici-i-predstaviti-knjigu\/#local-main-organization-logo"},"image":{"@id":"https:\/\/gorica.info\/jasen-boko-odrzat-ce-putopisno-predavanje-u-gradskoj-knjiznici-i-predstaviti-knjigu\/#local-main-organization-logo"},"sameAs":["https:\/\/www.facebook.com\/Goricainfo-106005144489262","https:\/\/x.com\/GoricaInfo","https:\/\/www.instagram.com\/gorica.info\/"],"address":{"@id":"https:\/\/gorica.info\/jasen-boko-odrzat-ce-putopisno-predavanje-u-gradskoj-knjiznici-i-predstaviti-knjigu\/#local-main-place-address"},"telephone":[],"openingHoursSpecification":[{"@type":"OpeningHoursSpecification","dayOfWeek":["Monday","Tuesday","Wednesday","Thursday","Friday","Saturday","Sunday"],"opens":"09:00","closes":"17:00"}],"email":"redakcija@gorica.info"},{"@type":"Person","@id":"https:\/\/gorica.info\/#\/schema\/person\/b2df2f6fb2a9073c0fa5af2672befd52","name":"Marta Horvat","description":"Marta Horvat je studentica koja redovito pi\u0161e za portal, prati sva gradska doga\u0111anja i u\u017eiva isprobavati nove recept koje dijeli s na\u0161im \u010ditateljima.","url":"https:\/\/gorica.info\/en\/author\/marta-horvat\/"},{"@type":"PostalAddress","@id":"https:\/\/gorica.info\/jasen-boko-odrzat-ce-putopisno-predavanje-u-gradskoj-knjiznici-i-predstaviti-knjigu\/#local-main-place-address","streetAddress":"Horvatova 97","addressLocality":"Velika Gorica","postalCode":"10410","addressRegion":"Croatia","addressCountry":"HR"},{"@type":"ImageObject","inLanguage":"en-US","@id":"https:\/\/gorica.info\/jasen-boko-odrzat-ce-putopisno-predavanje-u-gradskoj-knjiznici-i-predstaviti-knjigu\/#local-main-organization-logo","url":"https:\/\/gorica.info\/wp-content\/uploads\/2024\/07\/Gorica-Info-Logo-mali.png","contentUrl":"https:\/\/gorica.info\/wp-content\/uploads\/2024\/07\/Gorica-Info-Logo-mali.png","width":450,"height":85,"caption":"Gorica Info"}]},"geo.placename":"Velika Gorica","geo.region":"Croatia"},"_links":{"self":[{"href":"https:\/\/gorica.info\/en\/wp-json\/wp\/v2\/posts\/84996","targetHints":{"allow":["GET"]}}],"collection":[{"href":"https:\/\/gorica.info\/en\/wp-json\/wp\/v2\/posts"}],"about":[{"href":"https:\/\/gorica.info\/en\/wp-json\/wp\/v2\/types\/post"}],"author":[{"embeddable":true,"href":"https:\/\/gorica.info\/en\/wp-json\/wp\/v2\/users\/25"}],"replies":[{"embeddable":true,"href":"https:\/\/gorica.info\/en\/wp-json\/wp\/v2\/comments?post=84996"}],"version-history":[{"count":2,"href":"https:\/\/gorica.info\/en\/wp-json\/wp\/v2\/posts\/84996\/revisions"}],"predecessor-version":[{"id":85000,"href":"https:\/\/gorica.info\/en\/wp-json\/wp\/v2\/posts\/84996\/revisions\/85000"}],"wp:featuredmedia":[{"embeddable":true,"href":"https:\/\/gorica.info\/en\/wp-json\/wp\/v2\/media\/85001"}],"wp:attachment":[{"href":"https:\/\/gorica.info\/en\/wp-json\/wp\/v2\/media?parent=84996"}],"wp:term":[{"taxonomy":"category","embeddable":true,"href":"https:\/\/gorica.info\/en\/wp-json\/wp\/v2\/categories?post=84996"},{"taxonomy":"post_tag","embeddable":true,"href":"https:\/\/gorica.info\/en\/wp-json\/wp\/v2\/tags?post=84996"}],"curies":[{"name":"wp","href":"https:\/\/api.w.org\/{rel}","templated":true}]}}