{"id":85137,"date":"2025-02-19T07:02:12","date_gmt":"2025-02-19T06:02:12","guid":{"rendered":"https:\/\/gorica.info\/?p=85137"},"modified":"2025-02-19T07:44:01","modified_gmt":"2025-02-19T06:44:01","slug":"nova-tragedija-u-prometu-poginule-dvije-osobe","status":"publish","type":"post","link":"https:\/\/gorica.info\/en\/nova-tragedija-u-prometu-poginule-dvije-osobe\/","title":{"rendered":"Nova tragedija u prometu: Poginule dvije osobe"},"content":{"rendered":"<p><span style=\"font-size: 20px;\">Policijska uprava karlova\u010dka objavila je <strong>nove detalje stra\u0161ne nesre\u0107e<\/strong> u kojoj su no\u0107as \u017eivote izgubili <strong>19-godi\u0161nji mladi\u0107<\/strong> i <strong>18-godi\u0161nja djevojka<\/strong>.<\/span><\/p>\n<p><span style=\"font-size: 20px;\">&#8211; No\u0107as u 00.25 sati na lokalnoj cesti u naselju Mrzljaki, op\u0107ina Dragani\u0107, dogodila se prometna nesre\u0107a u kojoj su dvije osobe smrtno stradale. <\/span><\/p>\n<p><span style=\"font-size: 20px;\">Osobnim automobilom karlova\u010dkih registarskih oznaka upravljao je 19-godi\u0161njak te je uslijed<strong> neprilago\u0111ene brzine<\/strong> vozilom sletio izvan kolnika u <strong>zemljani kanal oborinskih voda.<\/strong> Vozilo se\u00a0zatim prevrnulo na krov te stra\u017enjim dijelom udarilo u betonski mosti\u0107. <\/span><\/p>\n<p><span style=\"font-size: 20px;\">U\u00a0<\/span><span style=\"font-size: 20px;\"> prometnoj nesre\u0107i smrtni su stradali voza\u010d i 18-godi\u0161nja putnica.<\/span><\/p>\n<p><span style=\"font-size: 20px;\">O\u010devidom je utvr\u0111eno da<strong> nisu koristili sigurnosni pojas<\/strong>, objavili su iz <a href=\"https:\/\/karlovacka-policija.gov.hr\/vijesti\/u-prometnoj-nesreci-dvije-osobe-smrtno-stradale\/41292\">PU karlova\u010dke<\/a>. <\/span><\/p>\n<p><span style=\"font-size: 20px;\">Policija \u0107e dr\u017eavnom odvjetni\u0161tvu poslati izvje\u0161\u0107e o prometnoj nesre\u0107i.<\/span><\/p>\n<p>_____________________________________________________________________________________________________________________<\/p>\n<p><span style=\"font-size: 20px;\"><strong>Nova tragedija u prometu<\/strong> u no\u0107i s utorka na srijedu. Kako javlja <a href=\"https:\/\/kaportal.net.hr\/aktualno\/vijesti\/crna-kronika\/1347895\/teska-prometna-nesreca-kod-draganica-u-slijetanju-vozila-smrtno-su-stradale-dvije-osobe\/\">karlova\u010dki KAportal<\/a> te\u0161ka prometna nesre\u0107a dogodila se no\u0107as u 0:20 sati\u00a0<strong>u mjestu Mrzljaki kod Dragani\u0107a<\/strong>, a policija je izvijestila da su u njoj smrtno stradale dvije osobe.<\/span><\/p>\n<p><span style=\"font-size: 20px;\">Karlova\u010dki portal doznaje da je do\u0161lo do slijetanja osobnog automobila s ceste u kanal. Policija je odmah po\u010dela o\u010devid, a njegovi rezultati \u0107e pokazati za\u0161to se dogodila nova tragedija na hrvatskim cestama koje su <strong><a href=\"https:\/\/gorica.info\/en\/strasna-tragedija-vozac-bjezao-policiji-poginuo-djecak\/\">posljednjih dana popri\u0161te stra\u0161nih nesre\u0107a<\/a><\/strong>.<\/span><\/p>","protected":false},"excerpt":{"rendered":"<p>Policijska uprava karlova\u010dka objavila je nove detalje stra\u0161ne nesre\u0107e u kojoj su no\u0107as \u017eivote izgubili 19-godi\u0161nji mladi\u0107 i 18-godi\u0161nja djevojka. &#8211; No\u0107as u 00.25 sati na lokalnoj cesti u naselju Mrzljaki, op\u0107ina Dragani\u0107, dogodila se prometna nesre\u0107a u kojoj su dvije osobe smrtno stradale. Osobnim automobilom karlova\u010dkih registarskih oznaka upravljao je 19-godi\u0161njak te je uslijed [&hellip;]<\/p>\n","protected":false},"author":23,"featured_media":55949,"comment_status":"closed","ping_status":"closed","sticky":false,"template":"","format":"standard","meta":{"limit_modified_date":"1","last_modified_date":"","jnews-multi-image_gallery":[],"jnews_single_post":{"subtitle":"","format":"standard","override":[{"template":"3","parallax":"1","fullscreen":"1","layout":"right-sidebar","sidebar":"default-sidebar","second_sidebar":"default-sidebar","sticky_sidebar":"1","share_position":"top","share_float_style":"share-monocrhome","show_featured":"1","show_post_meta":"1","show_post_author":"1","show_post_author_image":"1","show_post_date":"1","post_date_format":"default","post_date_format_custom":"Y\/m\/d","show_post_category":"1","show_post_reading_time":"1","post_reading_time_wpm":"300","post_calculate_word_method":"str_word_count","zoom_button_out_step":"2","zoom_button_in_step":"3","show_post_tag":"1","show_popup_post":"1","number_popup_post":"1","show_post_related":"1"}],"image_override":[{"single_post_thumbnail_size":"crop-500","single_post_gallery_size":"crop-500"}],"trending_post_position":"meta","trending_post_label":"Trending","sponsored_post_label":"Sponsored by","disable_ad":"0"},"jnews_primary_category":[],"jnews_override_counter":{"view_counter_number":"0","share_counter_number":"0","like_counter_number":"0","dislike_counter_number":"0"},"footnotes":""},"categories":[93],"tags":[1465,17647,3157,266,305],"class_list":["post-85137","post","type-post","status-publish","format-standard","has-post-thumbnail","hentry","category-crna-kronika","tag-draganic","tag-dvije-poginule-osobe","tag-karlovac","tag-policija","tag-prometna-nesreca"],"yoast_head":"<!-- This site is optimized with the Yoast SEO Premium plugin v27.4 (Yoast SEO v27.4) - https:\/\/yoast.com\/product\/yoast-seo-premium-wordpress\/ -->\n<title>Nova tragedija u prometu: Poginule dvije osobe - Gorica Info<\/title>\n<meta name=\"description\" content=\"Nova tragedija u prometu u no\u0107i s utorka na srijedu u mjestu Mrzljaki kod Dragani\u0107a, policija je izvijestila da su poginule dvije osobe\" \/>\n<meta name=\"robots\" content=\"index, follow, max-snippet:-1, max-image-preview:large, max-video-preview:-1\" \/>\n<link rel=\"canonical\" href=\"https:\/\/gorica.info\/en\/nova-tragedija-u-prometu-poginule-dvije-osobe\/\" \/>\n<meta property=\"og:locale\" content=\"en_US\" \/>\n<meta property=\"og:type\" content=\"article\" \/>\n<meta property=\"og:title\" content=\"Nova tragedija u prometu: Poginule dvije osobe\" \/>\n<meta property=\"og:description\" content=\"Nova tragedija u prometu u no\u0107i s utorka na srijedu u mjestu Mrzljaki kod Dragani\u0107a, policija je izvijestila da su poginule dvije osobe\" \/>\n<meta property=\"og:url\" content=\"https:\/\/gorica.info\/en\/nova-tragedija-u-prometu-poginule-dvije-osobe\/\" \/>\n<meta property=\"og:site_name\" content=\"Gorica Info\" \/>\n<meta property=\"article:publisher\" content=\"https:\/\/www.facebook.com\/Goricainfo-106005144489262\" \/>\n<meta property=\"article:published_time\" content=\"2025-02-19T06:02:12+00:00\" \/>\n<meta property=\"article:modified_time\" content=\"2025-02-19T06:44:01+00:00\" \/>\n<meta property=\"og:image\" content=\"https:\/\/gorica.info\/wp-content\/uploads\/2023\/10\/udarna-vijest-novo.jpg\" \/>\n\t<meta property=\"og:image:width\" content=\"1118\" \/>\n\t<meta property=\"og:image:height\" content=\"800\" \/>\n\t<meta property=\"og:image:type\" content=\"image\/jpeg\" \/>\n<meta name=\"author\" content=\"Gorica. info\" \/>\n<meta name=\"twitter:card\" content=\"summary_large_image\" \/>\n<meta name=\"twitter:creator\" content=\"@GoricaInfo\" \/>\n<meta name=\"twitter:site\" content=\"@GoricaInfo\" \/>\n<meta name=\"twitter:label1\" content=\"Written by\" \/>\n\t<meta name=\"twitter:data1\" content=\"Gorica. info\" \/>\n\t<meta name=\"twitter:label2\" content=\"Est. reading time\" \/>\n\t<meta name=\"twitter:data2\" content=\"2 minutes\" \/>\n<meta name=\"geo.placename\" content=\"Velika Gorica\" \/>\n<meta name=\"geo.region\" content=\"Croatia\" \/>\n<!-- \/ Yoast SEO Premium plugin. -->","yoast_head_json":{"title":"Nova tragedija u prometu: Poginule dvije osobe - Gorica Info","description":"Nova tragedija u prometu u no\u0107i s utorka na srijedu u mjestu Mrzljaki kod Dragani\u0107a, policija je izvijestila da su poginule dvije osobe","robots":{"index":"index","follow":"follow","max-snippet":"max-snippet:-1","max-image-preview":"max-image-preview:large","max-video-preview":"max-video-preview:-1"},"canonical":"https:\/\/gorica.info\/en\/nova-tragedija-u-prometu-poginule-dvije-osobe\/","og_locale":"en_US","og_type":"article","og_title":"Nova tragedija u prometu: Poginule dvije osobe","og_description":"Nova tragedija u prometu u no\u0107i s utorka na srijedu u mjestu Mrzljaki kod Dragani\u0107a, policija je izvijestila da su poginule dvije osobe","og_url":"https:\/\/gorica.info\/en\/nova-tragedija-u-prometu-poginule-dvije-osobe\/","og_site_name":"Gorica Info","article_publisher":"https:\/\/www.facebook.com\/Goricainfo-106005144489262","article_published_time":"2025-02-19T06:02:12+00:00","article_modified_time":"2025-02-19T06:44:01+00:00","og_image":[{"width":1118,"height":800,"url":"https:\/\/gorica.info\/wp-content\/uploads\/2023\/10\/udarna-vijest-novo.jpg","type":"image\/jpeg"}],"author":"Gorica. info","twitter_card":"summary_large_image","twitter_creator":"@GoricaInfo","twitter_site":"@GoricaInfo","twitter_misc":{"Written by":"Gorica. info","Est. reading time":"2 minutes"},"schema":{"@context":"https:\/\/schema.org","@graph":[{"@type":"NewsArticle","@id":"https:\/\/gorica.info\/nova-tragedija-u-prometu-poginule-dvije-osobe\/#article","isPartOf":{"@id":"https:\/\/gorica.info\/nova-tragedija-u-prometu-poginule-dvije-osobe\/"},"author":{"name":"Gorica. info","@id":"https:\/\/gorica.info\/#\/schema\/person\/4499af1f22f322670b9b5977ccc2e3de"},"headline":"Nova tragedija u prometu: Poginule dvije osobe","datePublished":"2025-02-19T06:02:12+00:00","dateModified":"2025-02-19T06:44:01+00:00","mainEntityOfPage":{"@id":"https:\/\/gorica.info\/nova-tragedija-u-prometu-poginule-dvije-osobe\/"},"wordCount":231,"publisher":{"@id":"https:\/\/gorica.info\/#organization"},"image":{"@id":"https:\/\/gorica.info\/nova-tragedija-u-prometu-poginule-dvije-osobe\/#primaryimage"},"thumbnailUrl":"https:\/\/gorica.info\/wp-content\/uploads\/2023\/10\/udarna-vijest-novo.jpg","keywords":["dragani\u0107","dvije poginule osobe","karlovac","policija","prometna nesre\u0107a"],"articleSection":["CRNA KRONIKA"],"inLanguage":"en-US","copyrightYear":"2025","copyrightHolder":{"@id":"https:\/\/gorica.info\/en\/#organization"}},{"@type":"WebPage","@id":"https:\/\/gorica.info\/nova-tragedija-u-prometu-poginule-dvije-osobe\/","url":"https:\/\/gorica.info\/nova-tragedija-u-prometu-poginule-dvije-osobe\/","name":"Nova tragedija u prometu: Poginule dvije osobe - Gorica Info","isPartOf":{"@id":"https:\/\/gorica.info\/#website"},"primaryImageOfPage":{"@id":"https:\/\/gorica.info\/nova-tragedija-u-prometu-poginule-dvije-osobe\/#primaryimage"},"image":{"@id":"https:\/\/gorica.info\/nova-tragedija-u-prometu-poginule-dvije-osobe\/#primaryimage"},"thumbnailUrl":"https:\/\/gorica.info\/wp-content\/uploads\/2023\/10\/udarna-vijest-novo.jpg","datePublished":"2025-02-19T06:02:12+00:00","dateModified":"2025-02-19T06:44:01+00:00","description":"Nova tragedija u prometu u no\u0107i s utorka na srijedu u mjestu Mrzljaki kod Dragani\u0107a, policija je izvijestila da su poginule dvije osobe","breadcrumb":{"@id":"https:\/\/gorica.info\/nova-tragedija-u-prometu-poginule-dvije-osobe\/#breadcrumb"},"inLanguage":"en-US","potentialAction":[{"@type":"ReadAction","target":["https:\/\/gorica.info\/nova-tragedija-u-prometu-poginule-dvije-osobe\/"]}]},{"@type":"ImageObject","inLanguage":"en-US","@id":"https:\/\/gorica.info\/nova-tragedija-u-prometu-poginule-dvije-osobe\/#primaryimage","url":"https:\/\/gorica.info\/wp-content\/uploads\/2023\/10\/udarna-vijest-novo.jpg","contentUrl":"https:\/\/gorica.info\/wp-content\/uploads\/2023\/10\/udarna-vijest-novo.jpg","width":1100,"height":787,"caption":"a1 nova tragedija"},{"@type":"BreadcrumbList","@id":"https:\/\/gorica.info\/nova-tragedija-u-prometu-poginule-dvije-osobe\/#breadcrumb","itemListElement":[{"@type":"ListItem","position":1,"name":"Po\u010detna stranica","item":"https:\/\/gorica.info\/"},{"@type":"ListItem","position":2,"name":"Nova tragedija u prometu: Poginule dvije osobe"}]},{"@type":"WebSite","@id":"https:\/\/gorica.info\/#website","url":"https:\/\/gorica.info\/","name":"Gorica Info","description":"Vijesti iz Velike Gorice i okolice.","publisher":{"@id":"https:\/\/gorica.info\/#organization"},"potentialAction":[{"@type":"SearchAction","target":{"@type":"EntryPoint","urlTemplate":"https:\/\/gorica.info\/?s={search_term_string}"},"query-input":{"@type":"PropertyValueSpecification","valueRequired":true,"valueName":"search_term_string"}}],"inLanguage":"en-US"},{"@type":["Organization","Place","NewsMediaOrganization"],"@id":"https:\/\/gorica.info\/#organization","name":"Gorica Info","url":"https:\/\/gorica.info\/","logo":{"@id":"https:\/\/gorica.info\/nova-tragedija-u-prometu-poginule-dvije-osobe\/#local-main-organization-logo"},"image":{"@id":"https:\/\/gorica.info\/nova-tragedija-u-prometu-poginule-dvije-osobe\/#local-main-organization-logo"},"sameAs":["https:\/\/www.facebook.com\/Goricainfo-106005144489262","https:\/\/x.com\/GoricaInfo","https:\/\/www.instagram.com\/gorica.info\/"],"address":{"@id":"https:\/\/gorica.info\/nova-tragedija-u-prometu-poginule-dvije-osobe\/#local-main-place-address"},"telephone":[],"openingHoursSpecification":[{"@type":"OpeningHoursSpecification","dayOfWeek":["Monday","Tuesday","Wednesday","Thursday","Friday","Saturday","Sunday"],"opens":"09:00","closes":"17:00"}],"email":"redakcija@gorica.info"},{"@type":"Person","@id":"https:\/\/gorica.info\/#\/schema\/person\/4499af1f22f322670b9b5977ccc2e3de","name":"Gorica. info","description":"Gorica.info je lokalni portal koji prati Veliku Goricu i okolici, svakodnevno donosi najnovije vijesti i pri\u010de, kulturna doga\u0111anja i aktualnosti koje oblikuju \u017eivot gra\u0111ana.","url":"https:\/\/gorica.info\/en\/author\/gorica-info\/"},{"@type":"PostalAddress","@id":"https:\/\/gorica.info\/nova-tragedija-u-prometu-poginule-dvije-osobe\/#local-main-place-address","streetAddress":"Horvatova 97","addressLocality":"Velika Gorica","postalCode":"10410","addressRegion":"Croatia","addressCountry":"HR"},{"@type":"ImageObject","inLanguage":"en-US","@id":"https:\/\/gorica.info\/nova-tragedija-u-prometu-poginule-dvije-osobe\/#local-main-organization-logo","url":"https:\/\/gorica.info\/wp-content\/uploads\/2024\/07\/Gorica-Info-Logo-mali.png","contentUrl":"https:\/\/gorica.info\/wp-content\/uploads\/2024\/07\/Gorica-Info-Logo-mali.png","width":450,"height":85,"caption":"Gorica Info"}]},"geo.placename":"Velika Gorica","geo.region":"Croatia"},"_links":{"self":[{"href":"https:\/\/gorica.info\/en\/wp-json\/wp\/v2\/posts\/85137","targetHints":{"allow":["GET"]}}],"collection":[{"href":"https:\/\/gorica.info\/en\/wp-json\/wp\/v2\/posts"}],"about":[{"href":"https:\/\/gorica.info\/en\/wp-json\/wp\/v2\/types\/post"}],"author":[{"embeddable":true,"href":"https:\/\/gorica.info\/en\/wp-json\/wp\/v2\/users\/23"}],"replies":[{"embeddable":true,"href":"https:\/\/gorica.info\/en\/wp-json\/wp\/v2\/comments?post=85137"}],"version-history":[{"count":3,"href":"https:\/\/gorica.info\/en\/wp-json\/wp\/v2\/posts\/85137\/revisions"}],"predecessor-version":[{"id":85139,"href":"https:\/\/gorica.info\/en\/wp-json\/wp\/v2\/posts\/85137\/revisions\/85139"}],"wp:featuredmedia":[{"embeddable":true,"href":"https:\/\/gorica.info\/en\/wp-json\/wp\/v2\/media\/55949"}],"wp:attachment":[{"href":"https:\/\/gorica.info\/en\/wp-json\/wp\/v2\/media?parent=85137"}],"wp:term":[{"taxonomy":"category","embeddable":true,"href":"https:\/\/gorica.info\/en\/wp-json\/wp\/v2\/categories?post=85137"},{"taxonomy":"post_tag","embeddable":true,"href":"https:\/\/gorica.info\/en\/wp-json\/wp\/v2\/tags?post=85137"}],"curies":[{"name":"wp","href":"https:\/\/api.w.org\/{rel}","templated":true}]}}