{"id":85152,"date":"2025-02-19T11:31:20","date_gmt":"2025-02-19T10:31:20","guid":{"rendered":"https:\/\/gorica.info\/?p=85152"},"modified":"2025-02-19T11:32:01","modified_gmt":"2025-02-19T10:32:01","slug":"dvojac-opljackao-umirovljenika-ukrali-mu-novac-i-nakit","status":"publish","type":"post","link":"https:\/\/gorica.info\/en\/dvojac-opljackao-umirovljenika-ukrali-mu-novac-i-nakit\/","title":{"rendered":"Dvojac oplja\u010dkao umirovljenika: Ukrali mu novac i nakit"},"content":{"rendered":"<p><span style=\"font-size: 20px;\"><strong>Dvojica<\/strong> nepoznatih mu\u0161karaca oplja\u010dkala su <strong>umirovljenika iz Ribnice<\/strong>. U utorak ujutro oko 7.30 sati u Ribarovoj ulici, dvojica su nepoznatih po\u010dinitelja <strong>pozvonila na vrata 72-godi\u0161njaka.<\/strong><\/span><\/p>\n<p><span style=\"font-size: 20px;\">I dok je jedan<strong> razgovarao s umirovljenikom<\/strong>, drugi je iskoristio to vrijeme u\u0161ao u <a href=\"https:\/\/gorica.info\/en\/opljackana-obiteljska-kuca-lopov-odnio-novac-i-nakit\/\">ku\u0107u<\/a> te ukrao <strong>novac i nakit<\/strong>.<\/span><\/p>\n<p><span style=\"font-size: 20px;\"><a href=\"https:\/\/gorica.info\/en\/opljackana-95-godisnja-baka-nepoznata-zena-pozvonila-joj-na-vrata\/\">Materijalna \u0161teta<\/a> iznosi <strong>nekoliko stotina eura<\/strong>, izvijestila je <a href=\"https:\/\/zagrebacka-policija.gov.hr\/vijesti\/drska-kradja-u-velikoj-gorici-100480\/100480\">policija.<\/a><\/span><\/p>","protected":false},"excerpt":{"rendered":"<p>Dvojica nepoznatih mu\u0161karaca oplja\u010dkala su umirovljenika iz Ribnice. U utorak ujutro oko 7.30 sati u Ribarovoj ulici, dvojica su nepoznatih po\u010dinitelja pozvonila na vrata 72-godi\u0161njaka. I dok je jedan razgovarao s umirovljenikom, drugi je iskoristio to vrijeme u\u0161ao u ku\u0107u te ukrao novac i nakit. Materijalna \u0161teta iznosi nekoliko stotina eura, izvijestila je policija.<\/p>","protected":false},"author":23,"featured_media":85153,"comment_status":"closed","ping_status":"closed","sticky":false,"template":"","format":"standard","meta":{"limit_modified_date":"1","last_modified_date":"","jnews-multi-image_gallery":[],"jnews_single_post":{"subtitle":"","format":"standard","override":[{"template":"3","parallax":"1","fullscreen":"1","layout":"right-sidebar","sidebar":"default-sidebar","second_sidebar":"default-sidebar","sticky_sidebar":"1","share_position":"top","share_float_style":"share-monocrhome","show_featured":"1","show_post_meta":"1","show_post_author":"1","show_post_author_image":"1","show_post_date":"1","post_date_format":"default","post_date_format_custom":"Y\/m\/d","show_post_category":"1","show_post_reading_time":"1","post_reading_time_wpm":"300","post_calculate_word_method":"str_word_count","zoom_button_out_step":"2","zoom_button_in_step":"3","show_post_tag":"1","show_popup_post":"1","number_popup_post":"1","show_post_related":"1"}],"image_override":[{"single_post_thumbnail_size":"crop-500","single_post_gallery_size":"crop-500"}],"trending_post_position":"meta","trending_post_label":"Trending","sponsored_post_label":"Sponsored by","disable_ad":"0"},"jnews_primary_category":[],"jnews_override_counter":{"view_counter_number":"0","share_counter_number":"0","like_counter_number":"0","dislike_counter_number":"0"},"footnotes":""},"categories":[87],"tags":[14678,17652,419,17653,17655,265,266,3934,2647,15554],"class_list":["post-85152","post","type-post","status-publish","format-standard","has-post-thumbnail","hentry","category-gorica","tag-drska-krada","tag-dvojica-lopova","tag-krada","tag-opljackali-umirovljenika","tag-ostao-bez-nakita","tag-pljacka","tag-policija","tag-ribnica","tag-ukrali-novac","tag-vg-vijesti"],"yoast_head":"<!-- This site is optimized with the Yoast SEO Premium plugin v27.4 (Yoast SEO v27.4) - https:\/\/yoast.com\/product\/yoast-seo-premium-wordpress\/ -->\n<title>Dvojac oplja\u010dkao umirovljenika: Ukrali mu novac i nakit - Gorica Info<\/title>\n<meta name=\"description\" content=\"Drska kra\u0111a u ribnici. Dvojac je oplja\u010dkao umirovljenika. Ukrali su mu novac i nakit, izvijestila je policija.\" \/>\n<meta name=\"robots\" content=\"index, follow, max-snippet:-1, max-image-preview:large, max-video-preview:-1\" \/>\n<link rel=\"canonical\" href=\"https:\/\/gorica.info\/en\/dvojac-opljackao-umirovljenika-ukrali-mu-novac-i-nakit\/\" \/>\n<meta property=\"og:locale\" content=\"en_US\" \/>\n<meta property=\"og:type\" content=\"article\" \/>\n<meta property=\"og:title\" content=\"Dvojac oplja\u010dkao umirovljenika: Ukrali mu novac i nakit\" \/>\n<meta property=\"og:description\" content=\"Drska kra\u0111a u ribnici. Dvojac je oplja\u010dkao umirovljenika. Ukrali su mu novac i nakit, izvijestila je policija.\" \/>\n<meta property=\"og:url\" content=\"https:\/\/gorica.info\/en\/dvojac-opljackao-umirovljenika-ukrali-mu-novac-i-nakit\/\" \/>\n<meta property=\"og:site_name\" content=\"Gorica Info\" \/>\n<meta property=\"article:publisher\" content=\"https:\/\/www.facebook.com\/Goricainfo-106005144489262\" \/>\n<meta property=\"article:published_time\" content=\"2025-02-19T10:31:20+00:00\" \/>\n<meta property=\"article:modified_time\" content=\"2025-02-19T10:32:01+00:00\" \/>\n<meta property=\"og:image\" content=\"https:\/\/gorica.info\/wp-content\/uploads\/2025\/02\/policija-vozilo1.jpg\" \/>\n\t<meta property=\"og:image:width\" content=\"750\" \/>\n\t<meta property=\"og:image:height\" content=\"500\" \/>\n\t<meta property=\"og:image:type\" content=\"image\/jpeg\" \/>\n<meta name=\"author\" content=\"Gorica. info\" \/>\n<meta name=\"twitter:card\" content=\"summary_large_image\" \/>\n<meta name=\"twitter:creator\" content=\"@GoricaInfo\" \/>\n<meta name=\"twitter:site\" content=\"@GoricaInfo\" \/>\n<meta name=\"twitter:label1\" content=\"Written by\" \/>\n\t<meta name=\"twitter:data1\" content=\"Gorica. info\" \/>\n\t<meta name=\"twitter:label2\" content=\"Est. reading time\" \/>\n\t<meta name=\"twitter:data2\" content=\"1 minute\" \/>\n<meta name=\"geo.placename\" content=\"Velika Gorica\" \/>\n<meta name=\"geo.region\" content=\"Croatia\" \/>\n<!-- \/ Yoast SEO Premium plugin. -->","yoast_head_json":{"title":"Dvojac oplja\u010dkao umirovljenika: Ukrali mu novac i nakit - Gorica Info","description":"Drska kra\u0111a u ribnici. Dvojac je oplja\u010dkao umirovljenika. Ukrali su mu novac i nakit, izvijestila je policija.","robots":{"index":"index","follow":"follow","max-snippet":"max-snippet:-1","max-image-preview":"max-image-preview:large","max-video-preview":"max-video-preview:-1"},"canonical":"https:\/\/gorica.info\/en\/dvojac-opljackao-umirovljenika-ukrali-mu-novac-i-nakit\/","og_locale":"en_US","og_type":"article","og_title":"Dvojac oplja\u010dkao umirovljenika: Ukrali mu novac i nakit","og_description":"Drska kra\u0111a u ribnici. Dvojac je oplja\u010dkao umirovljenika. Ukrali su mu novac i nakit, izvijestila je policija.","og_url":"https:\/\/gorica.info\/en\/dvojac-opljackao-umirovljenika-ukrali-mu-novac-i-nakit\/","og_site_name":"Gorica Info","article_publisher":"https:\/\/www.facebook.com\/Goricainfo-106005144489262","article_published_time":"2025-02-19T10:31:20+00:00","article_modified_time":"2025-02-19T10:32:01+00:00","og_image":[{"width":750,"height":500,"url":"https:\/\/gorica.info\/wp-content\/uploads\/2025\/02\/policija-vozilo1.jpg","type":"image\/jpeg"}],"author":"Gorica. info","twitter_card":"summary_large_image","twitter_creator":"@GoricaInfo","twitter_site":"@GoricaInfo","twitter_misc":{"Written by":"Gorica. info","Est. reading time":"1 minute"},"schema":{"@context":"https:\/\/schema.org","@graph":[{"@type":"NewsArticle","@id":"https:\/\/gorica.info\/dvojac-opljackao-umirovljenika-ukrali-mu-novac-i-nakit\/#article","isPartOf":{"@id":"https:\/\/gorica.info\/dvojac-opljackao-umirovljenika-ukrali-mu-novac-i-nakit\/"},"author":{"name":"Gorica. info","@id":"https:\/\/gorica.info\/#\/schema\/person\/4499af1f22f322670b9b5977ccc2e3de"},"headline":"Dvojac oplja\u010dkao umirovljenika: Ukrali mu novac i nakit","datePublished":"2025-02-19T10:31:20+00:00","dateModified":"2025-02-19T10:32:01+00:00","mainEntityOfPage":{"@id":"https:\/\/gorica.info\/dvojac-opljackao-umirovljenika-ukrali-mu-novac-i-nakit\/"},"wordCount":68,"publisher":{"@id":"https:\/\/gorica.info\/#organization"},"image":{"@id":"https:\/\/gorica.info\/dvojac-opljackao-umirovljenika-ukrali-mu-novac-i-nakit\/#primaryimage"},"thumbnailUrl":"https:\/\/gorica.info\/wp-content\/uploads\/2025\/02\/policija-vozilo1.jpg","keywords":["drska kra\u0111a","dvojica lopova","kra\u0111a","oplja\u010dkali umirovljenika","ostao bez nakita","plja\u010dka","policija","ribnica","ukrali novac","vg vijesti"],"articleSection":["GORICA"],"inLanguage":"en-US","copyrightYear":"2025","copyrightHolder":{"@id":"https:\/\/gorica.info\/en\/#organization"}},{"@type":"WebPage","@id":"https:\/\/gorica.info\/dvojac-opljackao-umirovljenika-ukrali-mu-novac-i-nakit\/","url":"https:\/\/gorica.info\/dvojac-opljackao-umirovljenika-ukrali-mu-novac-i-nakit\/","name":"Dvojac oplja\u010dkao umirovljenika: Ukrali mu novac i nakit - Gorica Info","isPartOf":{"@id":"https:\/\/gorica.info\/#website"},"primaryImageOfPage":{"@id":"https:\/\/gorica.info\/dvojac-opljackao-umirovljenika-ukrali-mu-novac-i-nakit\/#primaryimage"},"image":{"@id":"https:\/\/gorica.info\/dvojac-opljackao-umirovljenika-ukrali-mu-novac-i-nakit\/#primaryimage"},"thumbnailUrl":"https:\/\/gorica.info\/wp-content\/uploads\/2025\/02\/policija-vozilo1.jpg","datePublished":"2025-02-19T10:31:20+00:00","dateModified":"2025-02-19T10:32:01+00:00","description":"Drska kra\u0111a u ribnici. Dvojac je oplja\u010dkao umirovljenika. Ukrali su mu novac i nakit, izvijestila je policija.","breadcrumb":{"@id":"https:\/\/gorica.info\/dvojac-opljackao-umirovljenika-ukrali-mu-novac-i-nakit\/#breadcrumb"},"inLanguage":"en-US","potentialAction":[{"@type":"ReadAction","target":["https:\/\/gorica.info\/dvojac-opljackao-umirovljenika-ukrali-mu-novac-i-nakit\/"]}]},{"@type":"ImageObject","inLanguage":"en-US","@id":"https:\/\/gorica.info\/dvojac-opljackao-umirovljenika-ukrali-mu-novac-i-nakit\/#primaryimage","url":"https:\/\/gorica.info\/wp-content\/uploads\/2025\/02\/policija-vozilo1.jpg","contentUrl":"https:\/\/gorica.info\/wp-content\/uploads\/2025\/02\/policija-vozilo1.jpg","width":750,"height":500,"caption":"Foto: Policija"},{"@type":"BreadcrumbList","@id":"https:\/\/gorica.info\/dvojac-opljackao-umirovljenika-ukrali-mu-novac-i-nakit\/#breadcrumb","itemListElement":[{"@type":"ListItem","position":1,"name":"Po\u010detna stranica","item":"https:\/\/gorica.info\/"},{"@type":"ListItem","position":2,"name":"Dvojac oplja\u010dkao umirovljenika: Ukrali mu novac i nakit"}]},{"@type":"WebSite","@id":"https:\/\/gorica.info\/#website","url":"https:\/\/gorica.info\/","name":"Gorica Info","description":"Vijesti iz Velike Gorice i okolice.","publisher":{"@id":"https:\/\/gorica.info\/#organization"},"potentialAction":[{"@type":"SearchAction","target":{"@type":"EntryPoint","urlTemplate":"https:\/\/gorica.info\/?s={search_term_string}"},"query-input":{"@type":"PropertyValueSpecification","valueRequired":true,"valueName":"search_term_string"}}],"inLanguage":"en-US"},{"@type":["Organization","Place","NewsMediaOrganization"],"@id":"https:\/\/gorica.info\/#organization","name":"Gorica Info","url":"https:\/\/gorica.info\/","logo":{"@id":"https:\/\/gorica.info\/dvojac-opljackao-umirovljenika-ukrali-mu-novac-i-nakit\/#local-main-organization-logo"},"image":{"@id":"https:\/\/gorica.info\/dvojac-opljackao-umirovljenika-ukrali-mu-novac-i-nakit\/#local-main-organization-logo"},"sameAs":["https:\/\/www.facebook.com\/Goricainfo-106005144489262","https:\/\/x.com\/GoricaInfo","https:\/\/www.instagram.com\/gorica.info\/"],"address":{"@id":"https:\/\/gorica.info\/dvojac-opljackao-umirovljenika-ukrali-mu-novac-i-nakit\/#local-main-place-address"},"telephone":[],"openingHoursSpecification":[{"@type":"OpeningHoursSpecification","dayOfWeek":["Monday","Tuesday","Wednesday","Thursday","Friday","Saturday","Sunday"],"opens":"09:00","closes":"17:00"}],"email":"redakcija@gorica.info"},{"@type":"Person","@id":"https:\/\/gorica.info\/#\/schema\/person\/4499af1f22f322670b9b5977ccc2e3de","name":"Gorica. info","description":"Gorica.info je lokalni portal koji prati Veliku Goricu i okolici, svakodnevno donosi najnovije vijesti i pri\u010de, kulturna doga\u0111anja i aktualnosti koje oblikuju \u017eivot gra\u0111ana.","url":"https:\/\/gorica.info\/en\/author\/gorica-info\/"},{"@type":"PostalAddress","@id":"https:\/\/gorica.info\/dvojac-opljackao-umirovljenika-ukrali-mu-novac-i-nakit\/#local-main-place-address","streetAddress":"Horvatova 97","addressLocality":"Velika Gorica","postalCode":"10410","addressRegion":"Croatia","addressCountry":"HR"},{"@type":"ImageObject","inLanguage":"en-US","@id":"https:\/\/gorica.info\/dvojac-opljackao-umirovljenika-ukrali-mu-novac-i-nakit\/#local-main-organization-logo","url":"https:\/\/gorica.info\/wp-content\/uploads\/2024\/07\/Gorica-Info-Logo-mali.png","contentUrl":"https:\/\/gorica.info\/wp-content\/uploads\/2024\/07\/Gorica-Info-Logo-mali.png","width":450,"height":85,"caption":"Gorica Info"}]},"geo.placename":"Velika Gorica","geo.region":"Croatia"},"_links":{"self":[{"href":"https:\/\/gorica.info\/en\/wp-json\/wp\/v2\/posts\/85152","targetHints":{"allow":["GET"]}}],"collection":[{"href":"https:\/\/gorica.info\/en\/wp-json\/wp\/v2\/posts"}],"about":[{"href":"https:\/\/gorica.info\/en\/wp-json\/wp\/v2\/types\/post"}],"author":[{"embeddable":true,"href":"https:\/\/gorica.info\/en\/wp-json\/wp\/v2\/users\/23"}],"replies":[{"embeddable":true,"href":"https:\/\/gorica.info\/en\/wp-json\/wp\/v2\/comments?post=85152"}],"version-history":[{"count":1,"href":"https:\/\/gorica.info\/en\/wp-json\/wp\/v2\/posts\/85152\/revisions"}],"predecessor-version":[{"id":85154,"href":"https:\/\/gorica.info\/en\/wp-json\/wp\/v2\/posts\/85152\/revisions\/85154"}],"wp:featuredmedia":[{"embeddable":true,"href":"https:\/\/gorica.info\/en\/wp-json\/wp\/v2\/media\/85153"}],"wp:attachment":[{"href":"https:\/\/gorica.info\/en\/wp-json\/wp\/v2\/media?parent=85152"}],"wp:term":[{"taxonomy":"category","embeddable":true,"href":"https:\/\/gorica.info\/en\/wp-json\/wp\/v2\/categories?post=85152"},{"taxonomy":"post_tag","embeddable":true,"href":"https:\/\/gorica.info\/en\/wp-json\/wp\/v2\/tags?post=85152"}],"curies":[{"name":"wp","href":"https:\/\/api.w.org\/{rel}","templated":true}]}}