{"id":85822,"date":"2025-03-03T13:25:14","date_gmt":"2025-03-03T12:25:14","guid":{"rendered":"https:\/\/gorica.info\/?p=85822"},"modified":"2025-03-03T15:22:27","modified_gmt":"2025-03-03T14:22:27","slug":"dodijeljeni-ugovori-operativnim-snagama-sustava-civilne-zastite-vise-od-milijun-eura","status":"publish","type":"post","link":"https:\/\/gorica.info\/en\/dodijeljeni-ugovori-operativnim-snagama-sustava-civilne-zastite-vise-od-milijun-eura\/","title":{"rendered":"Dodijeljeni ugovori: Operativnim snagama Civilne za\u0161tite vi\u0161e od milijun eura"},"content":{"rendered":"<p><span style=\"font-size: 20px;\"><strong>Vi\u0161e od milijun eura<\/strong> vrijedne ugovore dodijelio je danas u <strong>Velikoj Gorici<\/strong> do\u017eupan <strong>Ervin Kolarec<\/strong> predstavnicima \u017eupanijskih snaga <strong>Civilne za\u0161tite<\/strong>. Radi se o iznosu od <strong>1.048.300 eura<\/strong>, a sredstva su u odnosu na pro\u0161lu godinu pove\u0107ana za <strong>301 tisu\u0107u eura<\/strong>, kazao je Kolarec, koji je i na\u010delnik <strong>Sto\u017eera Civilne za\u0161tite<\/strong> <a href=\"https:\/\/gorica.info\/en\/vise-od-250-pripadnika-civilne-zastite-zagrebacke-zupanije-pokazalo-spremnost-za-spasavanja-u-trenucima-prirodnih-nepogoda-i-nesreca\/\">Zagreba\u010dke \u017eupanije<\/a>.<\/span><\/p>\n<p><span style=\"font-size: 20px;\"><a href=\"https:\/\/www.zagrebacka-zupanija.hr\/\">Operativne snage<\/a> Civilne za\u0161tite sredstva \u0107e utro\u0161iti za <strong>nabavu nove opreme<\/strong>.\u00a0<\/span><\/p>\n<p><img fetchpriority=\"high\" decoding=\"async\" class=\"aligncenter wp-image-85826 size-full\" src=\"https:\/\/gorica.info\/wp-content\/uploads\/2025\/03\/civilna-zastita-ugovori-zg-zupanija-foto-goricainfo.jpg\" alt=\"\" width=\"1065\" height=\"800\" srcset=\"https:\/\/gorica.info\/wp-content\/uploads\/2025\/03\/civilna-zastita-ugovori-zg-zupanija-foto-goricainfo.jpg 1065w, https:\/\/gorica.info\/wp-content\/uploads\/2025\/03\/civilna-zastita-ugovori-zg-zupanija-foto-goricainfo-300x225.jpg 300w, https:\/\/gorica.info\/wp-content\/uploads\/2025\/03\/civilna-zastita-ugovori-zg-zupanija-foto-goricainfo-1024x769.jpg 1024w, https:\/\/gorica.info\/wp-content\/uploads\/2025\/03\/civilna-zastita-ugovori-zg-zupanija-foto-goricainfo-768x577.jpg 768w, https:\/\/gorica.info\/wp-content\/uploads\/2025\/03\/civilna-zastita-ugovori-zg-zupanija-foto-goricainfo-16x12.jpg 16w, https:\/\/gorica.info\/wp-content\/uploads\/2025\/03\/civilna-zastita-ugovori-zg-zupanija-foto-goricainfo-750x563.jpg 750w\" sizes=\"(max-width: 1065px) 100vw, 1065px\" \/><\/p>\n<p><span style=\"font-size: 20px;\">Za \u017eupanijsku<a href=\"https:\/\/gorica.info\/en\/u-potrazi-za-nestalim-djetetom-sudjeluju-i-goricki-vatrogasci\/\"> Vatrogasnu zajednicu<\/a> osigurano je <strong>998.300 eura<\/strong>, Dru\u0161tvo Crvenog kri\u017ea Zagreba\u010dke \u017eupanije dobilo je <strong>16.000 eura<\/strong> za sufinanciranje opremanja \u017eupanijskih interventnih timova. Za <strong>Hrvatsku gorsku slu\u017ebu spa\u0161avanja<\/strong> &#8211; Stanice Samobor i Zagreb iz \u017eupanijskog prora\u010duna <strong>sti\u017ee 26.000 eura<\/strong>, a za programe Hrvatske udruge za obuku potra\u017enih pasa <strong>8.000 eura<\/strong>.<\/span><\/p>\n<p><img decoding=\"async\" class=\"aligncenter wp-image-85824 size-full\" src=\"https:\/\/gorica.info\/wp-content\/uploads\/2025\/03\/civilna-zastita-ervin-kolarec.jpg\" alt=\"\" width=\"1067\" height=\"800\" srcset=\"https:\/\/gorica.info\/wp-content\/uploads\/2025\/03\/civilna-zastita-ervin-kolarec.jpg 1067w, https:\/\/gorica.info\/wp-content\/uploads\/2025\/03\/civilna-zastita-ervin-kolarec-300x225.jpg 300w, https:\/\/gorica.info\/wp-content\/uploads\/2025\/03\/civilna-zastita-ervin-kolarec-1024x768.jpg 1024w, https:\/\/gorica.info\/wp-content\/uploads\/2025\/03\/civilna-zastita-ervin-kolarec-768x576.jpg 768w, https:\/\/gorica.info\/wp-content\/uploads\/2025\/03\/civilna-zastita-ervin-kolarec-16x12.jpg 16w, https:\/\/gorica.info\/wp-content\/uploads\/2025\/03\/civilna-zastita-ervin-kolarec-750x562.jpg 750w\" sizes=\"(max-width: 1067px) 100vw, 1067px\" \/><\/p>\n<p><span style=\"font-size: 20px;\">&#8211; Posebno mi je drago \u0161to povodom Dana civilne za\u0161tite mo\u017eemo dodijeliti ugovore na\u0161im operativnim snagama. Civilna za\u0161tita su dobrovoljne snage, a mi smo prepoznali njihov rad i njihovo djelovanje. Osigurali smo nikad ve\u0107a financijska sredstva, radi se o 1.048.300 eura \u0161to je u odnosu na pro\u0161lu godinu pove\u0107anje za vi\u0161e od 300 tisu\u0107a eura &#8211; rekao je do\u017eupan Kolarec.<\/span><\/p>\n<p><span style=\"font-size: 20px;\">Najve\u0107i dio sredstava <strong>ide za Vatrogasnu zajednicu<\/strong> za za\u0161titu od po\u017eara, kazao je Kolarec. Udvostru\u010dili smo tako\u0111er sredstva za Hrvatsku udrugu za obuku potra\u017enih pasa, dodijelit \u0107emo ugovor i vrijednim djelatnicima \u017dupanijskog Crvenog kri\u017ea, a isto tako i HGSS-u.<\/span><\/p>\n<p><span style=\"font-size: 20px;\">Zahvalio je operativnim snagama Civilne za\u0161tite koji <strong>rade i poma\u017eu<\/strong> u svim kriznim situacijama, uvijek su tu kada na\u0161i \u017eitelji trebaju njihovu pomo\u0107, istaknuo je Kolarec. Mogu potvrditi da \u0107emo, kao i do sada, uvijek biti uz one koji budu trebali pomo\u0107 civilne za\u0161tite, rekao je zamjenik \u017eupana.<\/span><\/p>\n<p><img decoding=\"async\" class=\"aligncenter wp-image-85825 size-full\" src=\"https:\/\/gorica.info\/wp-content\/uploads\/2025\/03\/civilna-zastita-slavko-povrlisek.jpg\" alt=\"za\u0161tite\" width=\"1067\" height=\"800\" srcset=\"https:\/\/gorica.info\/wp-content\/uploads\/2025\/03\/civilna-zastita-slavko-povrlisek.jpg 1067w, https:\/\/gorica.info\/wp-content\/uploads\/2025\/03\/civilna-zastita-slavko-povrlisek-300x225.jpg 300w, https:\/\/gorica.info\/wp-content\/uploads\/2025\/03\/civilna-zastita-slavko-povrlisek-1024x768.jpg 1024w, https:\/\/gorica.info\/wp-content\/uploads\/2025\/03\/civilna-zastita-slavko-povrlisek-768x576.jpg 768w, https:\/\/gorica.info\/wp-content\/uploads\/2025\/03\/civilna-zastita-slavko-povrlisek-16x12.jpg 16w, https:\/\/gorica.info\/wp-content\/uploads\/2025\/03\/civilna-zastita-slavko-povrlisek-750x562.jpg 750w\" sizes=\"(max-width: 1067px) 100vw, 1067px\" \/><\/p>\n<h3>Za vatrogasce i za\u0161titu od po\u017eara gotovo milijun eura<\/h3>\n<p><span style=\"font-size: 20px;\"><strong>Slavko Povrli\u0161ek<\/strong>, predsjednik Vatrogasne zajednice Zagreba\u010dke \u017eupanije zahvalio je na osiguranim sredstvima koja \u0107e biti utro\u0161ena na stru\u010dno usavr\u0161avanje i nabavu nove tehnike.<\/span><\/p>\n<p><span style=\"font-size: 20px;\">&#8211; Ove godine do\u0161li smo gotovo na milijun eura, \u0161to je znatno pove\u0107anje u odnosu na pro\u0161lu godinu. U ime svih vatrogasca mogu re\u0107i da \u0107emo sredstva opravdati svojim radom, a ulo\u017eit \u0107emo ih u stru\u010dno usavr\u0161avanje, unaprje\u0111enje i pra\u0107enje noviteta kako bi \u0161to kvalitetnije, bolje i br\u017ee mogli spasiti tu\u0111i \u017eivot i imovinu te na\u0161im \u017eiteljima u\u010dinili \u017eivot ljep\u0161im &#8211; kazao je Povrli\u0161ek.<\/span><\/p>\n<h3>Crvenom kri\u017eu 16.000 eura za nadstandard<\/h3>\n<p><span style=\"font-size: 20px;\">\u017dupanijski Crveni kri\u017e \u0107e, kako je rekla ravnateljica <strong>Drinka Sopta<\/strong>, sredstva \u0107e utro\u0161iti za nadstandard \u017eupanijskih interventnih timova. Ravnateljica je posebno pohvalila odli\u010dnu suradnju sa Zagreba\u010dkom \u017eupanijom.<\/span><\/p>\n<p><span style=\"font-size: 20px;\">&#8211; Pored redovnih sredstava koje dobivamo na temelju Zakona o Hrvatskom Crvenom kri\u017eu koja iznose <strong>vi\u0161e od 380 tisu\u0107a eura<\/strong>, ovo je nadstandard koji po\u0161tujemo i zahvaljujemo se \u2013 istaknula je Drinka Sopta.<\/span><\/p>\n<p><img loading=\"lazy\" decoding=\"async\" class=\"aligncenter wp-image-85828 size-full\" src=\"https:\/\/gorica.info\/wp-content\/uploads\/2025\/03\/civilna-zastita-ugovori1.jpg\" alt=\"za\u0161tite\" width=\"1067\" height=\"800\" srcset=\"https:\/\/gorica.info\/wp-content\/uploads\/2025\/03\/civilna-zastita-ugovori1.jpg 1067w, https:\/\/gorica.info\/wp-content\/uploads\/2025\/03\/civilna-zastita-ugovori1-300x225.jpg 300w, https:\/\/gorica.info\/wp-content\/uploads\/2025\/03\/civilna-zastita-ugovori1-1024x768.jpg 1024w, https:\/\/gorica.info\/wp-content\/uploads\/2025\/03\/civilna-zastita-ugovori1-768x576.jpg 768w, https:\/\/gorica.info\/wp-content\/uploads\/2025\/03\/civilna-zastita-ugovori1-16x12.jpg 16w, https:\/\/gorica.info\/wp-content\/uploads\/2025\/03\/civilna-zastita-ugovori1-750x562.jpg 750w\" sizes=\"(max-width: 1067px) 100vw, 1067px\" \/><\/p>\n<p><span style=\"font-size: 20px;\">Dopredsjednica Hrvatske udruge za obuku potra\u017enih pasa, <strong>Petra \u010covi\u0107<\/strong> tako\u0111er je zahvalila na osiguranim sredstvima, a posebno ih veseli \u0161to su <strong>ove godine udvostru\u010dena<\/strong>. Sav novac ide za \u00a0\u0161kolovanje <strong>novih mladih potra\u017enih pasa<\/strong> i <strong>opremanje vodi\u010da<\/strong> za slu\u010daj potrage u ru\u0161evinama.<\/span><\/p>\n<p><span style=\"font-size: 20px;\">&#8211; Trenuta\u010dno<strong> imamo 11 pasa<\/strong>, a sredstva \u0107emo najvi\u0161e koristiti za <strong>zamjenu dotrajale opreme<\/strong> koja nam je potrebna u ru\u0161evinama te za daljnju obuku na\u0161ih pasa. S obzirom na to da na podru\u010dju Hrvatske nemamo dovoljno ru\u0161evina, moramo odlaziti u susjednu Sloveniju, Ma\u0111arsku i Austriju kako bi na novim mjestima mogli obu\u010diti na\u0161e pse, a ne da znaju napamet gdje su skrivene osobe \u2013 pojasnila je \u010covi\u0107.<\/span><\/p>\n<p><span style=\"font-size: 20px;\">U ime HGSS Stanice Samobor ugovor je preuzeo <strong>Nikola Tot<\/strong> koji je najavio da \u0107e novac utro\u0161iti na <strong>obuke i te\u010dajeve<\/strong> te <strong>posebnu opremu<\/strong> koju koriste, a bez koje ne mogu spa\u0161avati ljude.<\/span><\/p>\n<p><span style=\"font-size: 20px;\">Pro\u010delnik Podru\u010dnog ureda Civilne za\u0161tite Zagreb <strong>Bo\u017eidar \u010curi\u0107<\/strong> tako\u0111er je kazao kako su im sredstva prijeko potrebna da bi mogli obnoviti opremu.\u00a0<\/span><\/p>\n<p><img loading=\"lazy\" decoding=\"async\" class=\"aligncenter wp-image-85830 size-full\" src=\"https:\/\/gorica.info\/wp-content\/uploads\/2025\/03\/civilna-zastita-ugovori3.jpg\" alt=\"\" width=\"1067\" height=\"800\" srcset=\"https:\/\/gorica.info\/wp-content\/uploads\/2025\/03\/civilna-zastita-ugovori3.jpg 1067w, https:\/\/gorica.info\/wp-content\/uploads\/2025\/03\/civilna-zastita-ugovori3-300x225.jpg 300w, https:\/\/gorica.info\/wp-content\/uploads\/2025\/03\/civilna-zastita-ugovori3-1024x768.jpg 1024w, https:\/\/gorica.info\/wp-content\/uploads\/2025\/03\/civilna-zastita-ugovori3-768x576.jpg 768w, https:\/\/gorica.info\/wp-content\/uploads\/2025\/03\/civilna-zastita-ugovori3-16x12.jpg 16w, https:\/\/gorica.info\/wp-content\/uploads\/2025\/03\/civilna-zastita-ugovori3-750x562.jpg 750w\" sizes=\"(max-width: 1067px) 100vw, 1067px\" \/><\/p>\n<p><img loading=\"lazy\" decoding=\"async\" class=\"aligncenter wp-image-85823 size-full\" src=\"https:\/\/gorica.info\/wp-content\/uploads\/2025\/03\/civilna-zastita-drinka-sopta.jpg\" alt=\"\" width=\"1067\" height=\"800\" srcset=\"https:\/\/gorica.info\/wp-content\/uploads\/2025\/03\/civilna-zastita-drinka-sopta.jpg 1067w, https:\/\/gorica.info\/wp-content\/uploads\/2025\/03\/civilna-zastita-drinka-sopta-300x225.jpg 300w, https:\/\/gorica.info\/wp-content\/uploads\/2025\/03\/civilna-zastita-drinka-sopta-1024x768.jpg 1024w, https:\/\/gorica.info\/wp-content\/uploads\/2025\/03\/civilna-zastita-drinka-sopta-768x576.jpg 768w, https:\/\/gorica.info\/wp-content\/uploads\/2025\/03\/civilna-zastita-drinka-sopta-16x12.jpg 16w, https:\/\/gorica.info\/wp-content\/uploads\/2025\/03\/civilna-zastita-drinka-sopta-750x562.jpg 750w\" sizes=\"(max-width: 1067px) 100vw, 1067px\" \/> <img loading=\"lazy\" decoding=\"async\" class=\"aligncenter wp-image-85829 size-full\" src=\"https:\/\/gorica.info\/wp-content\/uploads\/2025\/03\/civilna-zastita-ugovori2.jpg\" alt=\"\" width=\"1067\" height=\"800\" srcset=\"https:\/\/gorica.info\/wp-content\/uploads\/2025\/03\/civilna-zastita-ugovori2.jpg 1067w, https:\/\/gorica.info\/wp-content\/uploads\/2025\/03\/civilna-zastita-ugovori2-300x225.jpg 300w, https:\/\/gorica.info\/wp-content\/uploads\/2025\/03\/civilna-zastita-ugovori2-1024x768.jpg 1024w, https:\/\/gorica.info\/wp-content\/uploads\/2025\/03\/civilna-zastita-ugovori2-768x576.jpg 768w, https:\/\/gorica.info\/wp-content\/uploads\/2025\/03\/civilna-zastita-ugovori2-16x12.jpg 16w, https:\/\/gorica.info\/wp-content\/uploads\/2025\/03\/civilna-zastita-ugovori2-750x562.jpg 750w\" sizes=\"(max-width: 1067px) 100vw, 1067px\" \/> <span style=\"font-size: 20px;\"><em>Programski sadr\u017eaj nastao u suradnji sa Zagreba\u010dkom \u017eupanijom<\/em><\/span><\/p>","protected":false},"excerpt":{"rendered":"<p>Vi\u0161e od milijun eura vrijedne ugovore dodijelio je danas u Velikoj Gorici do\u017eupan Ervin Kolarec predstavnicima \u017eupanijskih snaga Civilne za\u0161tite. Radi se o iznosu od 1.048.300 eura, a sredstva su u odnosu na pro\u0161lu godinu pove\u0107ana za 301 tisu\u0107u eura, kazao je Kolarec, koji je i na\u010delnik Sto\u017eera Civilne za\u0161tite Zagreba\u010dke \u017eupanije. Operativne snage Civilne [&hellip;]<\/p>\n","protected":false},"author":23,"featured_media":85827,"comment_status":"closed","ping_status":"closed","sticky":false,"template":"","format":"standard","meta":{"limit_modified_date":"1","last_modified_date":"","jnews-multi-image_gallery":[],"jnews_single_post":{"subtitle":"","format":"standard","override":[{"template":"3","parallax":"1","fullscreen":"1","layout":"right-sidebar","sidebar":"default-sidebar","second_sidebar":"default-sidebar","sticky_sidebar":"1","share_position":"top","share_float_style":"share-monocrhome","show_featured":"1","show_post_meta":"1","show_post_author":"1","show_post_author_image":"1","show_post_date":"1","post_date_format":"default","post_date_format_custom":"Y\/m\/d","show_post_category":"1","show_post_reading_time":"1","post_reading_time_wpm":"300","post_calculate_word_method":"str_word_count","zoom_button_out_step":"2","zoom_button_in_step":"3","show_post_tag":"1","show_popup_post":"1","number_popup_post":"1","show_post_related":"1"}],"image_override":[{"single_post_thumbnail_size":"crop-500","single_post_gallery_size":"crop-500"}],"trending_post_position":"meta","trending_post_label":"Trending","sponsored_post_label":"Sponsored by","disable_ad":"0"},"jnews_primary_category":[],"jnews_override_counter":{"view_counter_number":"0","share_counter_number":"0","like_counter_number":"0","dislike_counter_number":"0"},"footnotes":""},"categories":[108],"tags":[1424,17873,611,4102,15554,149],"class_list":["post-85822","post","type-post","status-publish","format-standard","has-post-thumbnail","hentry","category-zupanija","tag-civilna-zastita","tag-dodijeljeni-ugovori","tag-ervin-kolarec","tag-operativne-snage","tag-vg-vijesti","tag-zagrebacka-zupanija"],"yoast_head":"<!-- This site is optimized with the Yoast SEO Premium plugin v27.4 (Yoast SEO v27.4) - https:\/\/yoast.com\/product\/yoast-seo-premium-wordpress\/ -->\n<title>Dodijeljeni ugovori: Operativnim snagama Civilne za\u0161tite vi\u0161e od milijun eura - Gorica Info<\/title>\n<meta name=\"description\" content=\"Dodijeljeni ugovori: Operativnim snagama sustava civilne za\u0161tite vi\u0161e od milijun eura. Ugovore je dodijelio do\u017eupan Ervin Kolarec.\" \/>\n<meta name=\"robots\" content=\"index, follow, max-snippet:-1, max-image-preview:large, max-video-preview:-1\" \/>\n<link rel=\"canonical\" href=\"https:\/\/gorica.info\/en\/dodijeljeni-ugovori-operativnim-snagama-sustava-civilne-zastite-vise-od-milijun-eura\/\" \/>\n<meta property=\"og:locale\" content=\"en_US\" \/>\n<meta property=\"og:type\" content=\"article\" \/>\n<meta property=\"og:title\" content=\"Dodijeljeni ugovori: Operativnim snagama Civilne za\u0161tite vi\u0161e od milijun eura\" \/>\n<meta property=\"og:description\" content=\"Dodijeljeni ugovori: Operativnim snagama sustava civilne za\u0161tite vi\u0161e od milijun eura. Ugovore je dodijelio do\u017eupan Ervin Kolarec.\" \/>\n<meta property=\"og:url\" content=\"https:\/\/gorica.info\/en\/dodijeljeni-ugovori-operativnim-snagama-sustava-civilne-zastite-vise-od-milijun-eura\/\" \/>\n<meta property=\"og:site_name\" content=\"Gorica Info\" \/>\n<meta property=\"article:publisher\" content=\"https:\/\/www.facebook.com\/Goricainfo-106005144489262\" \/>\n<meta property=\"article:published_time\" content=\"2025-03-03T12:25:14+00:00\" \/>\n<meta property=\"article:modified_time\" content=\"2025-03-03T14:22:27+00:00\" \/>\n<meta property=\"og:image\" content=\"https:\/\/gorica.info\/wp-content\/uploads\/2025\/03\/civilna-zastita-ugovori.jpg\" \/>\n\t<meta property=\"og:image:width\" content=\"1067\" \/>\n\t<meta property=\"og:image:height\" content=\"800\" \/>\n\t<meta property=\"og:image:type\" content=\"image\/jpeg\" \/>\n<meta name=\"author\" content=\"Gorica. info\" \/>\n<meta name=\"twitter:card\" content=\"summary_large_image\" \/>\n<meta name=\"twitter:creator\" content=\"@GoricaInfo\" \/>\n<meta name=\"twitter:site\" content=\"@GoricaInfo\" \/>\n<meta name=\"twitter:label1\" content=\"Written by\" \/>\n\t<meta name=\"twitter:data1\" content=\"Gorica. info\" \/>\n\t<meta name=\"twitter:label2\" content=\"Est. reading time\" \/>\n\t<meta name=\"twitter:data2\" content=\"5 minutes\" \/>\n<meta name=\"geo.placename\" content=\"Velika Gorica\" \/>\n<meta name=\"geo.region\" content=\"Croatia\" \/>\n<!-- \/ Yoast SEO Premium plugin. -->","yoast_head_json":{"title":"Dodijeljeni ugovori: Operativnim snagama Civilne za\u0161tite vi\u0161e od milijun eura - Gorica Info","description":"Dodijeljeni ugovori: Operativnim snagama sustava civilne za\u0161tite vi\u0161e od milijun eura. Ugovore je dodijelio do\u017eupan Ervin Kolarec.","robots":{"index":"index","follow":"follow","max-snippet":"max-snippet:-1","max-image-preview":"max-image-preview:large","max-video-preview":"max-video-preview:-1"},"canonical":"https:\/\/gorica.info\/en\/dodijeljeni-ugovori-operativnim-snagama-sustava-civilne-zastite-vise-od-milijun-eura\/","og_locale":"en_US","og_type":"article","og_title":"Dodijeljeni ugovori: Operativnim snagama Civilne za\u0161tite vi\u0161e od milijun eura","og_description":"Dodijeljeni ugovori: Operativnim snagama sustava civilne za\u0161tite vi\u0161e od milijun eura. Ugovore je dodijelio do\u017eupan Ervin Kolarec.","og_url":"https:\/\/gorica.info\/en\/dodijeljeni-ugovori-operativnim-snagama-sustava-civilne-zastite-vise-od-milijun-eura\/","og_site_name":"Gorica Info","article_publisher":"https:\/\/www.facebook.com\/Goricainfo-106005144489262","article_published_time":"2025-03-03T12:25:14+00:00","article_modified_time":"2025-03-03T14:22:27+00:00","og_image":[{"width":1067,"height":800,"url":"https:\/\/gorica.info\/wp-content\/uploads\/2025\/03\/civilna-zastita-ugovori.jpg","type":"image\/jpeg"}],"author":"Gorica. info","twitter_card":"summary_large_image","twitter_creator":"@GoricaInfo","twitter_site":"@GoricaInfo","twitter_misc":{"Written by":"Gorica. info","Est. reading time":"5 minutes"},"schema":{"@context":"https:\/\/schema.org","@graph":[{"@type":"NewsArticle","@id":"https:\/\/gorica.info\/dodijeljeni-ugovori-operativnim-snagama-sustava-civilne-zastite-vise-od-milijun-eura\/#article","isPartOf":{"@id":"https:\/\/gorica.info\/dodijeljeni-ugovori-operativnim-snagama-sustava-civilne-zastite-vise-od-milijun-eura\/"},"author":{"name":"Gorica. info","@id":"https:\/\/gorica.info\/#\/schema\/person\/4499af1f22f322670b9b5977ccc2e3de"},"headline":"Dodijeljeni ugovori: Operativnim snagama Civilne za\u0161tite vi\u0161e od milijun eura","datePublished":"2025-03-03T12:25:14+00:00","dateModified":"2025-03-03T14:22:27+00:00","mainEntityOfPage":{"@id":"https:\/\/gorica.info\/dodijeljeni-ugovori-operativnim-snagama-sustava-civilne-zastite-vise-od-milijun-eura\/"},"wordCount":689,"publisher":{"@id":"https:\/\/gorica.info\/#organization"},"image":{"@id":"https:\/\/gorica.info\/dodijeljeni-ugovori-operativnim-snagama-sustava-civilne-zastite-vise-od-milijun-eura\/#primaryimage"},"thumbnailUrl":"https:\/\/gorica.info\/wp-content\/uploads\/2025\/03\/civilna-zastita-ugovori.jpg","keywords":["civilna za\u0161tita","dodijeljeni ugovori","ervin kolarec","operativne snage","vg vijesti","Zagreba\u010dka \u017eupanija"],"articleSection":["\u017dUPANIJA"],"inLanguage":"en-US","copyrightYear":"2025","copyrightHolder":{"@id":"https:\/\/gorica.info\/en\/#organization"}},{"@type":"WebPage","@id":"https:\/\/gorica.info\/dodijeljeni-ugovori-operativnim-snagama-sustava-civilne-zastite-vise-od-milijun-eura\/","url":"https:\/\/gorica.info\/dodijeljeni-ugovori-operativnim-snagama-sustava-civilne-zastite-vise-od-milijun-eura\/","name":"Dodijeljeni ugovori: Operativnim snagama Civilne za\u0161tite vi\u0161e od milijun eura - Gorica Info","isPartOf":{"@id":"https:\/\/gorica.info\/#website"},"primaryImageOfPage":{"@id":"https:\/\/gorica.info\/dodijeljeni-ugovori-operativnim-snagama-sustava-civilne-zastite-vise-od-milijun-eura\/#primaryimage"},"image":{"@id":"https:\/\/gorica.info\/dodijeljeni-ugovori-operativnim-snagama-sustava-civilne-zastite-vise-od-milijun-eura\/#primaryimage"},"thumbnailUrl":"https:\/\/gorica.info\/wp-content\/uploads\/2025\/03\/civilna-zastita-ugovori.jpg","datePublished":"2025-03-03T12:25:14+00:00","dateModified":"2025-03-03T14:22:27+00:00","description":"Dodijeljeni ugovori: Operativnim snagama sustava civilne za\u0161tite vi\u0161e od milijun eura. Ugovore je dodijelio do\u017eupan Ervin Kolarec.","breadcrumb":{"@id":"https:\/\/gorica.info\/dodijeljeni-ugovori-operativnim-snagama-sustava-civilne-zastite-vise-od-milijun-eura\/#breadcrumb"},"inLanguage":"en-US","potentialAction":[{"@type":"ReadAction","target":["https:\/\/gorica.info\/dodijeljeni-ugovori-operativnim-snagama-sustava-civilne-zastite-vise-od-milijun-eura\/"]}]},{"@type":"ImageObject","inLanguage":"en-US","@id":"https:\/\/gorica.info\/dodijeljeni-ugovori-operativnim-snagama-sustava-civilne-zastite-vise-od-milijun-eura\/#primaryimage","url":"https:\/\/gorica.info\/wp-content\/uploads\/2025\/03\/civilna-zastita-ugovori.jpg","contentUrl":"https:\/\/gorica.info\/wp-content\/uploads\/2025\/03\/civilna-zastita-ugovori.jpg","width":1067,"height":800,"caption":"Foto: Gorica.info"},{"@type":"BreadcrumbList","@id":"https:\/\/gorica.info\/dodijeljeni-ugovori-operativnim-snagama-sustava-civilne-zastite-vise-od-milijun-eura\/#breadcrumb","itemListElement":[{"@type":"ListItem","position":1,"name":"Po\u010detna stranica","item":"https:\/\/gorica.info\/"},{"@type":"ListItem","position":2,"name":"Dodijeljeni ugovori: Operativnim snagama Civilne za\u0161tite vi\u0161e od milijun eura"}]},{"@type":"WebSite","@id":"https:\/\/gorica.info\/#website","url":"https:\/\/gorica.info\/","name":"Gorica Info","description":"Vijesti iz Velike Gorice i okolice.","publisher":{"@id":"https:\/\/gorica.info\/#organization"},"potentialAction":[{"@type":"SearchAction","target":{"@type":"EntryPoint","urlTemplate":"https:\/\/gorica.info\/?s={search_term_string}"},"query-input":{"@type":"PropertyValueSpecification","valueRequired":true,"valueName":"search_term_string"}}],"inLanguage":"en-US"},{"@type":["Organization","Place","NewsMediaOrganization"],"@id":"https:\/\/gorica.info\/#organization","name":"Gorica Info","url":"https:\/\/gorica.info\/","logo":{"@id":"https:\/\/gorica.info\/dodijeljeni-ugovori-operativnim-snagama-sustava-civilne-zastite-vise-od-milijun-eura\/#local-main-organization-logo"},"image":{"@id":"https:\/\/gorica.info\/dodijeljeni-ugovori-operativnim-snagama-sustava-civilne-zastite-vise-od-milijun-eura\/#local-main-organization-logo"},"sameAs":["https:\/\/www.facebook.com\/Goricainfo-106005144489262","https:\/\/x.com\/GoricaInfo","https:\/\/www.instagram.com\/gorica.info\/"],"address":{"@id":"https:\/\/gorica.info\/dodijeljeni-ugovori-operativnim-snagama-sustava-civilne-zastite-vise-od-milijun-eura\/#local-main-place-address"},"telephone":[],"openingHoursSpecification":[{"@type":"OpeningHoursSpecification","dayOfWeek":["Monday","Tuesday","Wednesday","Thursday","Friday","Saturday","Sunday"],"opens":"09:00","closes":"17:00"}],"email":"redakcija@gorica.info"},{"@type":"Person","@id":"https:\/\/gorica.info\/#\/schema\/person\/4499af1f22f322670b9b5977ccc2e3de","name":"Gorica. info","description":"Gorica.info je lokalni portal koji prati Veliku Goricu i okolici, svakodnevno donosi najnovije vijesti i pri\u010de, kulturna doga\u0111anja i aktualnosti koje oblikuju \u017eivot gra\u0111ana.","url":"https:\/\/gorica.info\/en\/author\/gorica-info\/"},{"@type":"PostalAddress","@id":"https:\/\/gorica.info\/dodijeljeni-ugovori-operativnim-snagama-sustava-civilne-zastite-vise-od-milijun-eura\/#local-main-place-address","streetAddress":"Horvatova 97","addressLocality":"Velika Gorica","postalCode":"10410","addressRegion":"Croatia","addressCountry":"HR"},{"@type":"ImageObject","inLanguage":"en-US","@id":"https:\/\/gorica.info\/dodijeljeni-ugovori-operativnim-snagama-sustava-civilne-zastite-vise-od-milijun-eura\/#local-main-organization-logo","url":"https:\/\/gorica.info\/wp-content\/uploads\/2024\/07\/Gorica-Info-Logo-mali.png","contentUrl":"https:\/\/gorica.info\/wp-content\/uploads\/2024\/07\/Gorica-Info-Logo-mali.png","width":450,"height":85,"caption":"Gorica Info"}]},"geo.placename":"Velika Gorica","geo.region":"Croatia"},"_links":{"self":[{"href":"https:\/\/gorica.info\/en\/wp-json\/wp\/v2\/posts\/85822","targetHints":{"allow":["GET"]}}],"collection":[{"href":"https:\/\/gorica.info\/en\/wp-json\/wp\/v2\/posts"}],"about":[{"href":"https:\/\/gorica.info\/en\/wp-json\/wp\/v2\/types\/post"}],"author":[{"embeddable":true,"href":"https:\/\/gorica.info\/en\/wp-json\/wp\/v2\/users\/23"}],"replies":[{"embeddable":true,"href":"https:\/\/gorica.info\/en\/wp-json\/wp\/v2\/comments?post=85822"}],"version-history":[{"count":3,"href":"https:\/\/gorica.info\/en\/wp-json\/wp\/v2\/posts\/85822\/revisions"}],"predecessor-version":[{"id":85834,"href":"https:\/\/gorica.info\/en\/wp-json\/wp\/v2\/posts\/85822\/revisions\/85834"}],"wp:featuredmedia":[{"embeddable":true,"href":"https:\/\/gorica.info\/en\/wp-json\/wp\/v2\/media\/85827"}],"wp:attachment":[{"href":"https:\/\/gorica.info\/en\/wp-json\/wp\/v2\/media?parent=85822"}],"wp:term":[{"taxonomy":"category","embeddable":true,"href":"https:\/\/gorica.info\/en\/wp-json\/wp\/v2\/categories?post=85822"},{"taxonomy":"post_tag","embeddable":true,"href":"https:\/\/gorica.info\/en\/wp-json\/wp\/v2\/tags?post=85822"}],"curies":[{"name":"wp","href":"https:\/\/api.w.org\/{rel}","templated":true}]}}