{"id":86123,"date":"2025-03-08T09:27:32","date_gmt":"2025-03-08T08:27:32","guid":{"rendered":"https:\/\/gorica.info\/?p=86123"},"modified":"2025-03-13T13:41:51","modified_gmt":"2025-03-13T12:41:51","slug":"pronaden-lopov-koji-je-iz-pusnice-ukrao-suhomesnate-proizvode","status":"publish","type":"post","link":"https:\/\/gorica.info\/en\/pronaden-lopov-koji-je-iz-pusnice-ukrao-suhomesnate-proizvode\/","title":{"rendered":"Prona\u0111en lopov koji je iz pu\u0161nice ukrao suhomesnate proizvode"},"content":{"rendered":"<p><span style=\"font-size: 20px;\"><strong>Prona\u0111en je lopov<\/strong> koji je iz <strong>pu\u0161nice 61-godi\u0161njaka<\/strong> i <strong>ukrao suhomesnate proizvode.<\/strong> Sunjski su policajci dovr\u0161ili kriminalisti\u010dko istra\u017eivanje nad <strong>29-godi\u0161njakom<\/strong> zbog te\u0161ke kra\u0111e.<\/span><\/p>\n<p><span style=\"font-size: 20px;\">Sumnji\u010de ga da je po\u010detkom tjedna, to\u010dnije u no\u0107i s nedjelje na ponedjeljak, na sunjskom podru\u010dju u <a href=\"https:\/\/gorica.info\/en\/lopovi-ukrali-suhomesnate-proizvode\/\">mjestu \u010cetvrtkovac<\/a>, <strong>provalio<\/strong> u pu\u0161nicu i ukrao suhomesnate proizvode.<\/span><\/p>\n<p><span style=\"font-size: 20px;\">Zbog ove te\u0161ke kra\u0111e protiv njega slijedi posebno izvje\u0161\u0107e nadle\u017enom dr\u017eavnom odvjetni\u0161tvu, izvijestila je <a href=\"https:\/\/sisacko-moslavacka-policija.gov.hr\/vijesti-8\/osumnjicen-za-kradju-suhomesnatih-proizvoda-na-sunjskom-podrucju\/42750\">policija<\/a>.<\/span><\/p>\n<p><span style=\"font-size: 20px;\">Policija i dalje traga za lopovom koji je u mjestu\u00a0<strong>Bre\u017eane Lekeni\u010dke p<\/strong>rovalio u\u00a0<strong>ku\u0107u 55-godi\u0161njaka<\/strong>\u00a0te ukrao suhomesnate proizvode i\u00a0<strong>alkoholna pi\u0107a<\/strong>.<\/span><\/p>","protected":false},"excerpt":{"rendered":"<p>Prona\u0111en je lopov koji je iz pu\u0161nice 61-godi\u0161njaka i ukrao suhomesnate proizvode. Sunjski su policajci dovr\u0161ili kriminalisti\u010dko istra\u017eivanje nad 29-godi\u0161njakom zbog te\u0161ke kra\u0111e. Sumnji\u010de ga da je po\u010detkom tjedna, to\u010dnije u no\u0107i s nedjelje na ponedjeljak, na sunjskom podru\u010dju u mjestu \u010cetvrtkovac, provalio u pu\u0161nicu i ukrao suhomesnate proizvode. Zbog ove te\u0161ke kra\u0111e protiv njega [&hellip;]<\/p>\n","protected":false},"author":23,"featured_media":86124,"comment_status":"closed","ping_status":"closed","sticky":false,"template":"","format":"standard","meta":{"limit_modified_date":"1","last_modified_date":"","jnews-multi-image_gallery":[],"jnews_single_post":{"subtitle":"","format":"standard","override":[{"template":"3","parallax":"1","fullscreen":"1","layout":"right-sidebar","sidebar":"default-sidebar","second_sidebar":"default-sidebar","sticky_sidebar":"1","share_position":"top","share_float_style":"share-monocrhome","show_featured":"1","show_post_meta":"1","show_post_author":"1","show_post_author_image":"1","show_post_date":"1","post_date_format":"default","post_date_format_custom":"Y\/m\/d","show_post_category":"1","show_post_reading_time":"1","post_reading_time_wpm":"300","post_calculate_word_method":"str_word_count","zoom_button_out_step":"2","zoom_button_in_step":"3","show_post_tag":"1","show_popup_post":"1","number_popup_post":"1","show_post_related":"1"}],"image_override":[{"single_post_thumbnail_size":"crop-500","single_post_gallery_size":"crop-500"}],"trending_post_position":"meta","trending_post_label":"Trending","sponsored_post_label":"Sponsored by","disable_ad":"0"},"jnews_primary_category":[],"jnews_override_counter":{"view_counter_number":"0","share_counter_number":"0","like_counter_number":"0","dislike_counter_number":"0"},"footnotes":""},"categories":[96],"tags":[1098,2683,266,17990,8289,17992,17991],"class_list":["post-86123","post","type-post","status-publish","format-standard","has-post-thumbnail","hentry","category-vijesti","tag-istraga","tag-kobasice","tag-policija","tag-pronaden-lopov","tag-pusnica","tag-suho-meso","tag-ukrao-suhomesnate-proizvode"],"yoast_head":"<!-- This site is optimized with the Yoast SEO Premium plugin v27.4 (Yoast SEO v27.4) - https:\/\/yoast.com\/product\/yoast-seo-premium-wordpress\/ -->\n<title>Prona\u0111en lopov koji je iz pu\u0161nice ukrao suhomesnate proizvode - Gorica Info<\/title>\n<meta name=\"description\" content=\"Prona\u0111en je lopov koji je iz pu\u0161nice na sunjskom podru\u010dju ukrao suhomesnate proizvode 61-godi\u0161njem vlasniku, objavila je policija.\" \/>\n<meta name=\"robots\" content=\"index, follow, max-snippet:-1, max-image-preview:large, max-video-preview:-1\" \/>\n<link rel=\"canonical\" href=\"https:\/\/gorica.info\/en\/pronaden-lopov-koji-je-iz-pusnice-ukrao-suhomesnate-proizvode\/\" \/>\n<meta property=\"og:locale\" content=\"en_US\" \/>\n<meta property=\"og:type\" content=\"article\" \/>\n<meta property=\"og:title\" content=\"Prona\u0111en lopov koji je iz pu\u0161nice ukrao suhomesnate proizvode\" \/>\n<meta property=\"og:description\" content=\"Prona\u0111en je lopov koji je iz pu\u0161nice na sunjskom podru\u010dju ukrao suhomesnate proizvode 61-godi\u0161njem vlasniku, objavila je policija.\" \/>\n<meta property=\"og:url\" content=\"https:\/\/gorica.info\/en\/pronaden-lopov-koji-je-iz-pusnice-ukrao-suhomesnate-proizvode\/\" \/>\n<meta property=\"og:site_name\" content=\"Gorica Info\" \/>\n<meta property=\"article:publisher\" content=\"https:\/\/www.facebook.com\/Goricainfo-106005144489262\" \/>\n<meta property=\"article:published_time\" content=\"2025-03-08T08:27:32+00:00\" \/>\n<meta property=\"article:modified_time\" content=\"2025-03-13T12:41:51+00:00\" \/>\n<meta property=\"og:image\" content=\"https:\/\/gorica.info\/wp-content\/uploads\/2025\/03\/kobasice-susenje-foto-pixabay.jpg\" \/>\n\t<meta property=\"og:image:width\" content=\"1100\" \/>\n\t<meta property=\"og:image:height\" content=\"702\" \/>\n\t<meta property=\"og:image:type\" content=\"image\/jpeg\" \/>\n<meta name=\"author\" content=\"Gorica. info\" \/>\n<meta name=\"twitter:card\" content=\"summary_large_image\" \/>\n<meta name=\"twitter:creator\" content=\"@GoricaInfo\" \/>\n<meta name=\"twitter:site\" content=\"@GoricaInfo\" \/>\n<meta name=\"twitter:label1\" content=\"Written by\" \/>\n\t<meta name=\"twitter:data1\" content=\"Gorica. info\" \/>\n\t<meta name=\"twitter:label2\" content=\"Est. reading time\" \/>\n\t<meta name=\"twitter:data2\" content=\"1 minute\" \/>\n<meta name=\"geo.placename\" content=\"Velika Gorica\" \/>\n<meta name=\"geo.region\" content=\"Croatia\" \/>\n<!-- \/ Yoast SEO Premium plugin. -->","yoast_head_json":{"title":"Prona\u0111en lopov koji je iz pu\u0161nice ukrao suhomesnate proizvode - Gorica Info","description":"Prona\u0111en je lopov koji je iz pu\u0161nice na sunjskom podru\u010dju ukrao suhomesnate proizvode 61-godi\u0161njem vlasniku, objavila je policija.","robots":{"index":"index","follow":"follow","max-snippet":"max-snippet:-1","max-image-preview":"max-image-preview:large","max-video-preview":"max-video-preview:-1"},"canonical":"https:\/\/gorica.info\/en\/pronaden-lopov-koji-je-iz-pusnice-ukrao-suhomesnate-proizvode\/","og_locale":"en_US","og_type":"article","og_title":"Prona\u0111en lopov koji je iz pu\u0161nice ukrao suhomesnate proizvode","og_description":"Prona\u0111en je lopov koji je iz pu\u0161nice na sunjskom podru\u010dju ukrao suhomesnate proizvode 61-godi\u0161njem vlasniku, objavila je policija.","og_url":"https:\/\/gorica.info\/en\/pronaden-lopov-koji-je-iz-pusnice-ukrao-suhomesnate-proizvode\/","og_site_name":"Gorica Info","article_publisher":"https:\/\/www.facebook.com\/Goricainfo-106005144489262","article_published_time":"2025-03-08T08:27:32+00:00","article_modified_time":"2025-03-13T12:41:51+00:00","og_image":[{"width":1100,"height":702,"url":"https:\/\/gorica.info\/wp-content\/uploads\/2025\/03\/kobasice-susenje-foto-pixabay.jpg","type":"image\/jpeg"}],"author":"Gorica. info","twitter_card":"summary_large_image","twitter_creator":"@GoricaInfo","twitter_site":"@GoricaInfo","twitter_misc":{"Written by":"Gorica. info","Est. reading time":"1 minute"},"schema":{"@context":"https:\/\/schema.org","@graph":[{"@type":"NewsArticle","@id":"https:\/\/gorica.info\/pronaden-lopov-koji-je-iz-pusnice-ukrao-suhomesnate-proizvode\/#article","isPartOf":{"@id":"https:\/\/gorica.info\/pronaden-lopov-koji-je-iz-pusnice-ukrao-suhomesnate-proizvode\/"},"author":{"name":"Gorica. info","@id":"https:\/\/gorica.info\/#\/schema\/person\/4499af1f22f322670b9b5977ccc2e3de"},"headline":"Prona\u0111en lopov koji je iz pu\u0161nice ukrao suhomesnate proizvode","datePublished":"2025-03-08T08:27:32+00:00","dateModified":"2025-03-13T12:41:51+00:00","mainEntityOfPage":{"@id":"https:\/\/gorica.info\/pronaden-lopov-koji-je-iz-pusnice-ukrao-suhomesnate-proizvode\/"},"wordCount":124,"publisher":{"@id":"https:\/\/gorica.info\/#organization"},"image":{"@id":"https:\/\/gorica.info\/pronaden-lopov-koji-je-iz-pusnice-ukrao-suhomesnate-proizvode\/#primaryimage"},"thumbnailUrl":"https:\/\/gorica.info\/wp-content\/uploads\/2025\/03\/kobasice-susenje-foto-pixabay.jpg","keywords":["istraga","kobasice","policija","prona\u0111en lopov","pu\u0161nica","suho meso","ukrao suhomesnate proizvode"],"articleSection":["VIJESTI"],"inLanguage":"en-US","copyrightYear":"2025","copyrightHolder":{"@id":"https:\/\/gorica.info\/en\/#organization"}},{"@type":"WebPage","@id":"https:\/\/gorica.info\/pronaden-lopov-koji-je-iz-pusnice-ukrao-suhomesnate-proizvode\/","url":"https:\/\/gorica.info\/pronaden-lopov-koji-je-iz-pusnice-ukrao-suhomesnate-proizvode\/","name":"Prona\u0111en lopov koji je iz pu\u0161nice ukrao suhomesnate proizvode - Gorica Info","isPartOf":{"@id":"https:\/\/gorica.info\/#website"},"primaryImageOfPage":{"@id":"https:\/\/gorica.info\/pronaden-lopov-koji-je-iz-pusnice-ukrao-suhomesnate-proizvode\/#primaryimage"},"image":{"@id":"https:\/\/gorica.info\/pronaden-lopov-koji-je-iz-pusnice-ukrao-suhomesnate-proizvode\/#primaryimage"},"thumbnailUrl":"https:\/\/gorica.info\/wp-content\/uploads\/2025\/03\/kobasice-susenje-foto-pixabay.jpg","datePublished":"2025-03-08T08:27:32+00:00","dateModified":"2025-03-13T12:41:51+00:00","description":"Prona\u0111en je lopov koji je iz pu\u0161nice na sunjskom podru\u010dju ukrao suhomesnate proizvode 61-godi\u0161njem vlasniku, objavila je policija.","breadcrumb":{"@id":"https:\/\/gorica.info\/pronaden-lopov-koji-je-iz-pusnice-ukrao-suhomesnate-proizvode\/#breadcrumb"},"inLanguage":"en-US","potentialAction":[{"@type":"ReadAction","target":["https:\/\/gorica.info\/pronaden-lopov-koji-je-iz-pusnice-ukrao-suhomesnate-proizvode\/"]}]},{"@type":"ImageObject","inLanguage":"en-US","@id":"https:\/\/gorica.info\/pronaden-lopov-koji-je-iz-pusnice-ukrao-suhomesnate-proizvode\/#primaryimage","url":"https:\/\/gorica.info\/wp-content\/uploads\/2025\/03\/kobasice-susenje-foto-pixabay.jpg","contentUrl":"https:\/\/gorica.info\/wp-content\/uploads\/2025\/03\/kobasice-susenje-foto-pixabay.jpg","width":1100,"height":702,"caption":"Foto: Pixabay"},{"@type":"BreadcrumbList","@id":"https:\/\/gorica.info\/pronaden-lopov-koji-je-iz-pusnice-ukrao-suhomesnate-proizvode\/#breadcrumb","itemListElement":[{"@type":"ListItem","position":1,"name":"Po\u010detna stranica","item":"https:\/\/gorica.info\/"},{"@type":"ListItem","position":2,"name":"Prona\u0111en lopov koji je iz pu\u0161nice ukrao suhomesnate proizvode"}]},{"@type":"WebSite","@id":"https:\/\/gorica.info\/#website","url":"https:\/\/gorica.info\/","name":"Gorica Info","description":"Vijesti iz Velike Gorice i okolice.","publisher":{"@id":"https:\/\/gorica.info\/#organization"},"potentialAction":[{"@type":"SearchAction","target":{"@type":"EntryPoint","urlTemplate":"https:\/\/gorica.info\/?s={search_term_string}"},"query-input":{"@type":"PropertyValueSpecification","valueRequired":true,"valueName":"search_term_string"}}],"inLanguage":"en-US"},{"@type":["Organization","Place","NewsMediaOrganization"],"@id":"https:\/\/gorica.info\/#organization","name":"Gorica Info","url":"https:\/\/gorica.info\/","logo":{"@id":"https:\/\/gorica.info\/pronaden-lopov-koji-je-iz-pusnice-ukrao-suhomesnate-proizvode\/#local-main-organization-logo"},"image":{"@id":"https:\/\/gorica.info\/pronaden-lopov-koji-je-iz-pusnice-ukrao-suhomesnate-proizvode\/#local-main-organization-logo"},"sameAs":["https:\/\/www.facebook.com\/Goricainfo-106005144489262","https:\/\/x.com\/GoricaInfo","https:\/\/www.instagram.com\/gorica.info\/"],"address":{"@id":"https:\/\/gorica.info\/pronaden-lopov-koji-je-iz-pusnice-ukrao-suhomesnate-proizvode\/#local-main-place-address"},"telephone":[],"openingHoursSpecification":[{"@type":"OpeningHoursSpecification","dayOfWeek":["Monday","Tuesday","Wednesday","Thursday","Friday","Saturday","Sunday"],"opens":"09:00","closes":"17:00"}],"email":"redakcija@gorica.info"},{"@type":"Person","@id":"https:\/\/gorica.info\/#\/schema\/person\/4499af1f22f322670b9b5977ccc2e3de","name":"Gorica. info","description":"Gorica.info je lokalni portal koji prati Veliku Goricu i okolici, svakodnevno donosi najnovije vijesti i pri\u010de, kulturna doga\u0111anja i aktualnosti koje oblikuju \u017eivot gra\u0111ana.","url":"https:\/\/gorica.info\/en\/author\/gorica-info\/"},{"@type":"PostalAddress","@id":"https:\/\/gorica.info\/pronaden-lopov-koji-je-iz-pusnice-ukrao-suhomesnate-proizvode\/#local-main-place-address","streetAddress":"Horvatova 97","addressLocality":"Velika Gorica","postalCode":"10410","addressRegion":"Croatia","addressCountry":"HR"},{"@type":"ImageObject","inLanguage":"en-US","@id":"https:\/\/gorica.info\/pronaden-lopov-koji-je-iz-pusnice-ukrao-suhomesnate-proizvode\/#local-main-organization-logo","url":"https:\/\/gorica.info\/wp-content\/uploads\/2024\/07\/Gorica-Info-Logo-mali.png","contentUrl":"https:\/\/gorica.info\/wp-content\/uploads\/2024\/07\/Gorica-Info-Logo-mali.png","width":450,"height":85,"caption":"Gorica Info"}]},"geo.placename":"Velika Gorica","geo.region":"Croatia"},"_links":{"self":[{"href":"https:\/\/gorica.info\/en\/wp-json\/wp\/v2\/posts\/86123","targetHints":{"allow":["GET"]}}],"collection":[{"href":"https:\/\/gorica.info\/en\/wp-json\/wp\/v2\/posts"}],"about":[{"href":"https:\/\/gorica.info\/en\/wp-json\/wp\/v2\/types\/post"}],"author":[{"embeddable":true,"href":"https:\/\/gorica.info\/en\/wp-json\/wp\/v2\/users\/23"}],"replies":[{"embeddable":true,"href":"https:\/\/gorica.info\/en\/wp-json\/wp\/v2\/comments?post=86123"}],"version-history":[{"count":1,"href":"https:\/\/gorica.info\/en\/wp-json\/wp\/v2\/posts\/86123\/revisions"}],"predecessor-version":[{"id":86125,"href":"https:\/\/gorica.info\/en\/wp-json\/wp\/v2\/posts\/86123\/revisions\/86125"}],"wp:featuredmedia":[{"embeddable":true,"href":"https:\/\/gorica.info\/en\/wp-json\/wp\/v2\/media\/86124"}],"wp:attachment":[{"href":"https:\/\/gorica.info\/en\/wp-json\/wp\/v2\/media?parent=86123"}],"wp:term":[{"taxonomy":"category","embeddable":true,"href":"https:\/\/gorica.info\/en\/wp-json\/wp\/v2\/categories?post=86123"},{"taxonomy":"post_tag","embeddable":true,"href":"https:\/\/gorica.info\/en\/wp-json\/wp\/v2\/tags?post=86123"}],"curies":[{"name":"wp","href":"https:\/\/api.w.org\/{rel}","templated":true}]}}