{"id":86804,"date":"2025-03-22T07:27:39","date_gmt":"2025-03-22T06:27:39","guid":{"rendered":"https:\/\/gorica.info\/?p=86804"},"modified":"2025-03-25T12:20:32","modified_gmt":"2025-03-25T11:20:32","slug":"policija-priznala-utvrdene-su-nepravilnosti-u-postupanju-prema-zenama","status":"publish","type":"post","link":"https:\/\/gorica.info\/en\/policija-priznala-utvrdene-su-nepravilnosti-u-postupanju-prema-zenama\/","title":{"rendered":"Policija priznala: Utvr\u0111ene su nepravilnosti u postupanju prema \u017eenama"},"content":{"rendered":"<p><span style=\"font-size: 20px;\">Policijska uprava zagreba\u010dka provela je <strong>internu istragu<\/strong> i objavila detalje sukoba izme\u0111u njihovih slu\u017ebenika i<strong> dvije \u017eene u Velikoj Gorici<\/strong> krajem velja\u010de. Utvr\u0111ene su <strong>nepravilnosti u taktici postupanja<\/strong> policijskih slu\u017ebenika. <\/span><\/p>\n<p><span style=\"font-size: 20px;\"><strong>Sredstva prisile<\/strong> uporabljena su zakonito, a zbog <strong>taktike postupanja<\/strong> bit \u0107e pokrenut disciplinski postupak, objavili su iz policije.<\/span><\/p>\n<p><span style=\"font-size: 20px;\">Op\u0161irno <a href=\"https:\/\/zagrebacka-policija.gov.hr\/vijesti\/utvrdjene-nepravilnosti-u-taktici-postupanja-policijskih-sluzbenika-u-velikoj-gorici\/100790\">priop\u0107enje<\/a> donosimo u nastvku:<\/span><\/p>\n<p><span style=\"font-size: 20px;\">Nakon zaprimljenih saznanja o mogu\u0107im propustima u postupanju policijskih slu\u017ebenika Policijske postaje Velika Gorica u subotu 22. velja\u010de u Velikoj Gorici, na\u010delnik Policijske uprave zagreba\u010dke odredio je stru\u010dni tim u sastavu policijskih slu\u017ebenika Sektora kriminalisti\u010dke policije, Sektora za javni red i sigurnost te policijskih slu\u017ebenika Odjela za unutarnju kontrolu i nadzor &#8211; Zagreb, Slu\u017ebe za unutarnju kontrolu, kako bi se prikupile dodatne obavijesti te ispitale sve okolnosti opravdanosti i zakonitosti uporabe sredstva prisile, takti\u010dnosti postupanja te razmjernosti i postupnosti u primjeni policijskih ovlasti, kao i na\u010dina postupanja prema dvije \u017eenske osobe.<\/span><\/p>\n<p><span style=\"font-size: 20px;\">Naime, 22. velja\u010de oko 14.45 sati, Policijska postaja Velika Gorica<strong> zaprimila je dojavu gra\u0111ana<\/strong> da dvije \u017eenske osobe na javnom okupljanju u Parku dr. Franje Tu\u0111mana iznajmljuju ponije za jahanje iako to nije bilo predvi\u0111eno programom okupljanja niti imaju potrebne dozvole od nadle\u017enih tijela.<\/span><\/p>\n<p><span style=\"font-size: 20px;\"><strong>Na intervenciju<\/strong> najprije je upu\u0107ena <strong>policijska slu\u017ebenica<\/strong>, koja je po dolasku na mjesto doga\u0111aja od navedenih \u017eenskih osoba<strong> zatra\u017eila osobne iskaznice<\/strong> radi provjere identiteta, na \u0161to se mla\u0111a \u017eena\u00a0 po\u010dela udaljavati i negodovati te se time oglu\u0161ivala na izdanu naredbu, dok je starija \u017eena svoju osobnu iskaznicu dala na uvid.<\/span><\/p>\n<p><span style=\"font-size: 20px;\">Budu\u0107i da <strong>mla\u0111a \u017eenska osoba<\/strong> nije postupila po naredbama policijske slu\u017ebenice te je<strong> odbijala dati dokumente<\/strong> na uvid, na mjesto doga\u0111aja upu\u0107ena su jo\u0161 dva policijska slu\u017ebenika.<\/span><\/p>\n<p><span style=\"font-size: 20px;\">Tijekom postupanja,<strong> starija je \u017eena<\/strong> potvrdila da<strong> nemaju odobrenje<\/strong> za kori\u0161tenje javne povr\u0161ine i odobrenje veterinara za kori\u0161tenje konja u svrhu iznajmljivanja, odnosno izjavila je da nemaju nikakvo odobrenje kao niti dozvolu grada Velike Gorice.<\/span><\/p>\n<p><span style=\"font-size: 20px;\">Mla\u0111a \u017eenska osoba i dalje je izbjegavala kontakt s policijskim slu\u017ebenicima, zbog \u010dega<strong> nije bilo mogu\u0107e utvrditi njen identitet,<\/strong>\u00a0 a u jednom trenutku <strong>po\u010dela je vrije\u0111ati policijske slu\u017ebenike<\/strong> pri tome se\u00a0 oglu\u0161uju\u0107i na izdana upozorenja i naredbe da prestane s reme\u0107enjem javnog reda i mira.<\/span><\/p>\n<p><span style=\"font-size: 20px;\">Budu\u0107i da je svaka komunikacija s mla\u0111om \u017eenskom osobom bila bezuspje\u0161na te je, unato\u010d prethodno izdanim upozorenjima i naredbama, <strong>nastavila remetiti javni red<\/strong> i mir, policijski slu\u017ebenici <strong>primijenili su sredstva prisile<\/strong> radi njezina privo\u0111enja u policijsku postaju.<\/span><\/p>\n<p><span style=\"font-size: 20px;\">Starija \u017eena je pritom <strong>poku\u0161ala sprije\u010diti postupanje policije<\/strong> vi\u010du\u0107i i hvataju\u0107i policijskog slu\u017ebenika za nadlakticu, na \u0161to je policijski slu\u017ebenik reagirao odgurnuv\u0161i je.<\/span><\/p>\n<p><span style=\"font-size: 20px;\">Po dovr\u0161enoj uporabi sredstava prisile nad mla\u0111om \u017eenom, privedena je slu\u017ebene prostorije Policijske postaje Velika Gorica.<\/span><\/p>\n<p><span style=\"font-size: 20px;\">Naknadno je u prostorije policije do\u0161la i starija \u017eenska osoba gdje ih je obje pregledao lije\u010dnik Zavoda za hitnu medicinu zagreba\u010dke \u017dupanije. <\/span><\/p>\n<p><span style=\"font-size: 20px;\">Za obje osobe izdana je lije\u010dnika potvrda iz koje je bilo vidljivo da su <strong>sposobne za daljnje policijske postupke<\/strong> te da <strong>nemaju tjelesnih ozljeda<\/strong>.<\/span><\/p>\n<p><span style=\"font-size: 20px;\"><strong>Osumnji\u010denice<\/strong> su privedene na Prekr\u0161ajni sud, Op\u0107inskog suda u Velikoj Gorici. Nakon provedene rasprave, izre\u010dena im je presuda kojom su <strong>progla\u0161ene krivima<\/strong> i to 49-godi\u0161njakinja zbog po\u010dinjenih prekr\u0161aja iz \u010dlanka 13. i 17. Zakona o prekr\u0161ajima protiv javnog reda i mira, kao i \u010dlanka 16. stavak 1. Zakona o osobnoj iskaznici, dok je 71-godi\u0161njakinja progla\u0161ena krivom zbog po\u010dinjenih prekr\u0161aja iz \u010dlanka 13. i 17. Zakona o prekr\u0161ajima protiv javnog reda i mira.<\/span><\/p>\n<p><span style=\"font-size: 20px;\">Izre\u010dene su im nov\u010dane kazne<strong> od 90 i 170 eura<\/strong>, a presuda je postala pravomo\u0107na s obzirom na to da su se obje odrekle prava na \u017ealbu.<\/span><\/p>\n<p><span style=\"font-size: 20px;\">Naknadno je, u srijedu 26. velja\u010de, <strong>71-godi\u0161njakinja zatra\u017eila lije\u010dni\u010dku pomo\u0107<\/strong>. Utvr\u0111ene su joj <strong>ozljede u vidu frakture rebra<\/strong>, a do sada provedenim provjerama <strong>nije utvr\u0111eno<\/strong> na koji na\u010din je do\u0161lo do navedenih ozljeda.<\/span><\/p>\n<p><span style=\"font-size: 20px;\">Nakon provedenog inspiciranja postupanja policijskih slu\u017ebenika, stru\u010dni tim Policijske uprave zagreba\u010dke zaklju\u010dio je da su policijski slu\u017ebenici sredstva prisile, tjelesnu snagu i sredstva za vezivanje, prema 49-godi\u0161njakinji uporabili<strong> zakonito i opravdano<\/strong>, da su postupili sukladno odredbama \u010dlanka 82., 84. i 85. Zakona o policijskim poslovima i ovlastima i \u010dlanka 139., 141. i 145. Pravilnika o na\u010dinu postupanja policijskih slu\u017ebenika, odnosno da su ista uporabili radi svladavanja otpora osobe koja je remetila javni red i mir i koju je trebalo privesti, a na izdana upozorenja i naredbe policijskih slu\u017ebenika se oglu\u0161ila.<\/span><\/p>\n<p><span style=\"font-size: 20px;\">Me\u0111utim, policijski slu\u017ebenik prilikom uporabe sredstava prisile &#8211; tjelesne snage prema 71-godi\u0161njakinji, <strong>nije uporabio oblik tjelesne snage<\/strong> s kojim se s najmanje \u0161tetnih posljedica posti\u017ee cilj njezine primjene, odnosno nije po\u0161tivao na\u010delo razmjernosti koje ka\u017ee da se uporabljuju<strong> sredstava prisile u mjeri koja je nu\u017ena<\/strong> za ostvarivanje svrhe postupanja.<\/span><\/p>\n<p><span style=\"font-size: 20px;\">Tako\u0111er, policijska slu\u017ebenica koja je bila prisutna na mjestu doga\u0111aja, nije postupala sukladno pravilima struke, odnosno <strong>propustila je poduzeti potrebne mjere i radnje<\/strong> kojima bi onemogu\u0107ila da 71-godi\u0161njakinja ometa postupanje policijskih slu\u017ebenika prilikom uporabe sredstava prisile, a ujedno nije pravodobno obavijestila kolege o prikupljenim informacijama.<\/span><\/p>\n<p><span style=\"font-size: 20px;\">S obzirom na utvr\u0111eno, ostvarena su obilje\u017eja <strong>disciplinske odgovornosti<\/strong> za policijsku slu\u017ebenicu i policijskog slu\u017ebenika te \u0107e se protiv njih podnijeti zahtjev za pokretanjem disciplinskog postupka, a o svemu do sada poduzetom je posebnim izvje\u0161\u0107em obavije\u0161teno Op\u0107insko dr\u017eavno odvjetni\u0161tvo u Velikoj Gorici.<\/span><\/p>\n<p><span style=\"font-size: 20px;\">Tijekom zakonite uporabe sredstava prisile, ponekad se mo\u017ee dogoditi da takti\u010dnost postupanja ima <strong>odre\u0111ene nedostatke<\/strong>, odnosno prostora za pobolj\u0161anje. <\/span><\/p>\n<p><span style=\"font-size: 20px;\">Takvi <strong>propusti<\/strong> se analiziraju kako bi se na temelju njih dodatno educirali <a href=\"https:\/\/gorica.info\/en\/category\/info\/vijesti\/\">policijski slu\u017ebenici<\/a> i unaprijedile policijske taktike s ciljem smanjenja takvih nedostataka u budu\u0107em radu, pi\u0161e u priop\u0107enju.<\/span><\/p>","protected":false},"excerpt":{"rendered":"<p>Policijska uprava zagreba\u010dka provela je internu istragu i objavila detalje sukoba izme\u0111u njihovih slu\u017ebenika i dvije \u017eene u Velikoj Gorici krajem velja\u010de. Utvr\u0111ene su nepravilnosti u taktici postupanja policijskih slu\u017ebenika. Sredstva prisile uporabljena su zakonito, a zbog taktike postupanja bit \u0107e pokrenut disciplinski postupak, objavili su iz policije. Op\u0161irno priop\u0107enje donosimo u nastvku: Nakon zaprimljenih [&hellip;]<\/p>\n","protected":false},"author":23,"featured_media":86805,"comment_status":"closed","ping_status":"closed","sticky":false,"template":"","format":"standard","meta":{"limit_modified_date":"1","last_modified_date":"","jnews-multi-image_gallery":[],"jnews_single_post":{"subtitle":"","format":"standard","override":[{"template":"3","parallax":"1","fullscreen":"1","layout":"right-sidebar","sidebar":"default-sidebar","second_sidebar":"default-sidebar","sticky_sidebar":"1","share_position":"top","share_float_style":"share-monocrhome","show_featured":"1","show_post_meta":"1","show_post_author":"1","show_post_author_image":"1","show_post_date":"1","post_date_format":"default","post_date_format_custom":"Y\/m\/d","show_post_category":"1","show_post_reading_time":"1","post_reading_time_wpm":"300","post_calculate_word_method":"str_word_count","zoom_button_out_step":"2","zoom_button_in_step":"3","show_post_tag":"1","show_popup_post":"1","number_popup_post":"1","show_post_related":"1"}],"image_override":[{"single_post_thumbnail_size":"crop-500","single_post_gallery_size":"crop-500"}],"trending_post_position":"meta","trending_post_label":"Trending","sponsored_post_label":"Sponsored by","disable_ad":"0"},"jnews_primary_category":[],"jnews_override_counter":{"view_counter_number":"0","share_counter_number":"0","like_counter_number":"0","dislike_counter_number":"0"},"footnotes":""},"categories":[96],"tags":[12666,18260,266,18261,122,15554],"class_list":["post-86804","post","type-post","status-publish","format-standard","has-post-thumbnail","hentry","category-vijesti","tag-dvije-zene","tag-interna-istraga","tag-policija","tag-postupanje-policijskih-sluzbenika","tag-velika-gorica","tag-vg-vijesti"],"yoast_head":"<!-- This site is optimized with the Yoast SEO Premium plugin v27.5 (Yoast SEO v27.5) - https:\/\/yoast.com\/product\/yoast-seo-premium-wordpress\/ -->\n<title>Policija priznala: Utvr\u0111ene su nepravilnosti u postupanju prema \u017eenama - Gorica Info<\/title>\n<meta name=\"description\" content=\"Policija priznala nakon interne istrage: Utvr\u0111ene su nepravilnosti u postupanju prema \u017eenama u Velikoj Gorici.\" \/>\n<meta name=\"robots\" content=\"index, follow, max-snippet:-1, max-image-preview:large, max-video-preview:-1\" \/>\n<link rel=\"canonical\" href=\"https:\/\/gorica.info\/en\/policija-priznala-utvrdene-su-nepravilnosti-u-postupanju-prema-zenama\/\" \/>\n<meta property=\"og:locale\" content=\"en_US\" \/>\n<meta property=\"og:type\" content=\"article\" \/>\n<meta property=\"og:title\" content=\"Policija priznala: Utvr\u0111ene su nepravilnosti u postupanju prema \u017eenama\" \/>\n<meta property=\"og:description\" content=\"Policija priznala nakon interne istrage: Utvr\u0111ene su nepravilnosti u postupanju prema \u017eenama u Velikoj Gorici.\" \/>\n<meta property=\"og:url\" content=\"https:\/\/gorica.info\/en\/policija-priznala-utvrdene-su-nepravilnosti-u-postupanju-prema-zenama\/\" \/>\n<meta property=\"og:site_name\" content=\"Gorica Info\" \/>\n<meta property=\"article:publisher\" content=\"https:\/\/www.facebook.com\/Goricainfo-106005144489262\" \/>\n<meta property=\"article:published_time\" content=\"2025-03-22T06:27:39+00:00\" \/>\n<meta property=\"article:modified_time\" content=\"2025-03-25T11:20:32+00:00\" \/>\n<meta property=\"og:image\" content=\"https:\/\/gorica.info\/wp-content\/uploads\/2025\/03\/policija-auto-fotogoricainfo-1.jpg\" \/>\n\t<meta property=\"og:image:width\" content=\"1100\" \/>\n\t<meta property=\"og:image:height\" content=\"756\" \/>\n\t<meta property=\"og:image:type\" content=\"image\/jpeg\" \/>\n<meta name=\"author\" content=\"Gorica. info\" \/>\n<meta name=\"twitter:card\" content=\"summary_large_image\" \/>\n<meta name=\"twitter:creator\" content=\"@GoricaInfo\" \/>\n<meta name=\"twitter:site\" content=\"@GoricaInfo\" \/>\n<meta name=\"twitter:label1\" content=\"Written by\" \/>\n\t<meta name=\"twitter:data1\" content=\"Gorica. info\" \/>\n\t<meta name=\"twitter:label2\" content=\"Est. reading time\" \/>\n\t<meta name=\"twitter:data2\" content=\"5 minutes\" \/>\n<meta name=\"geo.placename\" content=\"Velika Gorica\" \/>\n<meta name=\"geo.region\" content=\"Croatia\" \/>\n<!-- \/ Yoast SEO Premium plugin. -->","yoast_head_json":{"title":"Policija priznala: Utvr\u0111ene su nepravilnosti u postupanju prema \u017eenama - Gorica Info","description":"Policija priznala nakon interne istrage: Utvr\u0111ene su nepravilnosti u postupanju prema \u017eenama u Velikoj Gorici.","robots":{"index":"index","follow":"follow","max-snippet":"max-snippet:-1","max-image-preview":"max-image-preview:large","max-video-preview":"max-video-preview:-1"},"canonical":"https:\/\/gorica.info\/en\/policija-priznala-utvrdene-su-nepravilnosti-u-postupanju-prema-zenama\/","og_locale":"en_US","og_type":"article","og_title":"Policija priznala: Utvr\u0111ene su nepravilnosti u postupanju prema \u017eenama","og_description":"Policija priznala nakon interne istrage: Utvr\u0111ene su nepravilnosti u postupanju prema \u017eenama u Velikoj Gorici.","og_url":"https:\/\/gorica.info\/en\/policija-priznala-utvrdene-su-nepravilnosti-u-postupanju-prema-zenama\/","og_site_name":"Gorica Info","article_publisher":"https:\/\/www.facebook.com\/Goricainfo-106005144489262","article_published_time":"2025-03-22T06:27:39+00:00","article_modified_time":"2025-03-25T11:20:32+00:00","og_image":[{"width":1100,"height":756,"url":"https:\/\/gorica.info\/wp-content\/uploads\/2025\/03\/policija-auto-fotogoricainfo-1.jpg","type":"image\/jpeg"}],"author":"Gorica. info","twitter_card":"summary_large_image","twitter_creator":"@GoricaInfo","twitter_site":"@GoricaInfo","twitter_misc":{"Written by":"Gorica. info","Est. reading time":"5 minutes"},"schema":{"@context":"https:\/\/schema.org","@graph":[{"@type":"NewsArticle","@id":"https:\/\/gorica.info\/policija-priznala-utvrdene-su-nepravilnosti-u-postupanju-prema-zenama\/#article","isPartOf":{"@id":"https:\/\/gorica.info\/policija-priznala-utvrdene-su-nepravilnosti-u-postupanju-prema-zenama\/"},"author":{"name":"Gorica. info","@id":"https:\/\/gorica.info\/#\/schema\/person\/4499af1f22f322670b9b5977ccc2e3de"},"headline":"Policija priznala: Utvr\u0111ene su nepravilnosti u postupanju prema \u017eenama","datePublished":"2025-03-22T06:27:39+00:00","dateModified":"2025-03-25T11:20:32+00:00","mainEntityOfPage":{"@id":"https:\/\/gorica.info\/policija-priznala-utvrdene-su-nepravilnosti-u-postupanju-prema-zenama\/"},"wordCount":1002,"publisher":{"@id":"https:\/\/gorica.info\/#organization"},"image":{"@id":"https:\/\/gorica.info\/policija-priznala-utvrdene-su-nepravilnosti-u-postupanju-prema-zenama\/#primaryimage"},"thumbnailUrl":"https:\/\/gorica.info\/wp-content\/uploads\/2025\/03\/policija-auto-fotogoricainfo-1.jpg","keywords":["dvije \u017eene","interna istraga","policija","postupanje policijskih slu\u017ebenika","Velika Gorica","vg vijesti"],"articleSection":["VIJESTI"],"inLanguage":"en-US","copyrightYear":"2025","copyrightHolder":{"@id":"https:\/\/gorica.info\/en\/#organization"}},{"@type":"WebPage","@id":"https:\/\/gorica.info\/policija-priznala-utvrdene-su-nepravilnosti-u-postupanju-prema-zenama\/","url":"https:\/\/gorica.info\/policija-priznala-utvrdene-su-nepravilnosti-u-postupanju-prema-zenama\/","name":"Policija priznala: Utvr\u0111ene su nepravilnosti u postupanju prema \u017eenama - Gorica Info","isPartOf":{"@id":"https:\/\/gorica.info\/#website"},"primaryImageOfPage":{"@id":"https:\/\/gorica.info\/policija-priznala-utvrdene-su-nepravilnosti-u-postupanju-prema-zenama\/#primaryimage"},"image":{"@id":"https:\/\/gorica.info\/policija-priznala-utvrdene-su-nepravilnosti-u-postupanju-prema-zenama\/#primaryimage"},"thumbnailUrl":"https:\/\/gorica.info\/wp-content\/uploads\/2025\/03\/policija-auto-fotogoricainfo-1.jpg","datePublished":"2025-03-22T06:27:39+00:00","dateModified":"2025-03-25T11:20:32+00:00","description":"Policija priznala nakon interne istrage: Utvr\u0111ene su nepravilnosti u postupanju prema \u017eenama u Velikoj Gorici.","breadcrumb":{"@id":"https:\/\/gorica.info\/policija-priznala-utvrdene-su-nepravilnosti-u-postupanju-prema-zenama\/#breadcrumb"},"inLanguage":"en-US","potentialAction":[{"@type":"ReadAction","target":["https:\/\/gorica.info\/policija-priznala-utvrdene-su-nepravilnosti-u-postupanju-prema-zenama\/"]}]},{"@type":"ImageObject","inLanguage":"en-US","@id":"https:\/\/gorica.info\/policija-priznala-utvrdene-su-nepravilnosti-u-postupanju-prema-zenama\/#primaryimage","url":"https:\/\/gorica.info\/wp-content\/uploads\/2025\/03\/policija-auto-fotogoricainfo-1.jpg","contentUrl":"https:\/\/gorica.info\/wp-content\/uploads\/2025\/03\/policija-auto-fotogoricainfo-1.jpg","width":1100,"height":756,"caption":"Foto: Gorica.info"},{"@type":"BreadcrumbList","@id":"https:\/\/gorica.info\/policija-priznala-utvrdene-su-nepravilnosti-u-postupanju-prema-zenama\/#breadcrumb","itemListElement":[{"@type":"ListItem","position":1,"name":"Po\u010detna stranica","item":"https:\/\/gorica.info\/"},{"@type":"ListItem","position":2,"name":"Policija priznala: Utvr\u0111ene su nepravilnosti u postupanju prema \u017eenama"}]},{"@type":"WebSite","@id":"https:\/\/gorica.info\/#website","url":"https:\/\/gorica.info\/","name":"Gorica Info","description":"Vijesti iz Velike Gorice i okolice.","publisher":{"@id":"https:\/\/gorica.info\/#organization"},"potentialAction":[{"@type":"SearchAction","target":{"@type":"EntryPoint","urlTemplate":"https:\/\/gorica.info\/?s={search_term_string}"},"query-input":{"@type":"PropertyValueSpecification","valueRequired":true,"valueName":"search_term_string"}}],"inLanguage":"en-US"},{"@type":["Organization","Place","NewsMediaOrganization"],"@id":"https:\/\/gorica.info\/#organization","name":"Gorica Info","url":"https:\/\/gorica.info\/","logo":{"@id":"https:\/\/gorica.info\/policija-priznala-utvrdene-su-nepravilnosti-u-postupanju-prema-zenama\/#local-main-organization-logo"},"image":{"@id":"https:\/\/gorica.info\/policija-priznala-utvrdene-su-nepravilnosti-u-postupanju-prema-zenama\/#local-main-organization-logo"},"sameAs":["https:\/\/www.facebook.com\/Goricainfo-106005144489262","https:\/\/x.com\/GoricaInfo","https:\/\/www.instagram.com\/gorica.info\/"],"address":{"@id":"https:\/\/gorica.info\/policija-priznala-utvrdene-su-nepravilnosti-u-postupanju-prema-zenama\/#local-main-place-address"},"telephone":[],"openingHoursSpecification":[{"@type":"OpeningHoursSpecification","dayOfWeek":["Monday","Tuesday","Wednesday","Thursday","Friday","Saturday","Sunday"],"opens":"09:00","closes":"17:00"}],"email":"redakcija@gorica.info"},{"@type":"Person","@id":"https:\/\/gorica.info\/#\/schema\/person\/4499af1f22f322670b9b5977ccc2e3de","name":"Gorica. info","description":"Gorica.info je lokalni portal koji prati Veliku Goricu i okolici, svakodnevno donosi najnovije vijesti i pri\u010de, kulturna doga\u0111anja i aktualnosti koje oblikuju \u017eivot gra\u0111ana.","url":"https:\/\/gorica.info\/en\/author\/gorica-info\/"},{"@type":"PostalAddress","@id":"https:\/\/gorica.info\/policija-priznala-utvrdene-su-nepravilnosti-u-postupanju-prema-zenama\/#local-main-place-address","streetAddress":"Horvatova 97","addressLocality":"Velika Gorica","postalCode":"10410","addressRegion":"Croatia","addressCountry":"HR"},{"@type":"ImageObject","inLanguage":"en-US","@id":"https:\/\/gorica.info\/policija-priznala-utvrdene-su-nepravilnosti-u-postupanju-prema-zenama\/#local-main-organization-logo","url":"https:\/\/gorica.info\/wp-content\/uploads\/2024\/07\/Gorica-Info-Logo-mali.png","contentUrl":"https:\/\/gorica.info\/wp-content\/uploads\/2024\/07\/Gorica-Info-Logo-mali.png","width":450,"height":85,"caption":"Gorica Info"}]},"geo.placename":"Velika Gorica","geo.region":"Croatia"},"_links":{"self":[{"href":"https:\/\/gorica.info\/en\/wp-json\/wp\/v2\/posts\/86804","targetHints":{"allow":["GET"]}}],"collection":[{"href":"https:\/\/gorica.info\/en\/wp-json\/wp\/v2\/posts"}],"about":[{"href":"https:\/\/gorica.info\/en\/wp-json\/wp\/v2\/types\/post"}],"author":[{"embeddable":true,"href":"https:\/\/gorica.info\/en\/wp-json\/wp\/v2\/users\/23"}],"replies":[{"embeddable":true,"href":"https:\/\/gorica.info\/en\/wp-json\/wp\/v2\/comments?post=86804"}],"version-history":[{"count":2,"href":"https:\/\/gorica.info\/en\/wp-json\/wp\/v2\/posts\/86804\/revisions"}],"predecessor-version":[{"id":86807,"href":"https:\/\/gorica.info\/en\/wp-json\/wp\/v2\/posts\/86804\/revisions\/86807"}],"wp:featuredmedia":[{"embeddable":true,"href":"https:\/\/gorica.info\/en\/wp-json\/wp\/v2\/media\/86805"}],"wp:attachment":[{"href":"https:\/\/gorica.info\/en\/wp-json\/wp\/v2\/media?parent=86804"}],"wp:term":[{"taxonomy":"category","embeddable":true,"href":"https:\/\/gorica.info\/en\/wp-json\/wp\/v2\/categories?post=86804"},{"taxonomy":"post_tag","embeddable":true,"href":"https:\/\/gorica.info\/en\/wp-json\/wp\/v2\/tags?post=86804"}],"curies":[{"name":"wp","href":"https:\/\/api.w.org\/{rel}","templated":true}]}}