{"id":87082,"date":"2025-03-26T11:31:12","date_gmt":"2025-03-26T10:31:12","guid":{"rendered":"https:\/\/gorica.info\/?p=87082"},"modified":"2025-04-01T18:24:37","modified_gmt":"2025-04-01T16:24:37","slug":"prvi-ovogodisnji-petek-na-gorice-donosi-jutarnji-i-popodnevni-program","status":"publish","type":"post","link":"https:\/\/gorica.info\/en\/prvi-ovogodisnji-petek-na-gorice-donosi-jutarnji-i-popodnevni-program\/","title":{"rendered":"Prvi ovogodi\u0161nji Petek na Gorice donosi jutarnji i popodnevni program"},"content":{"rendered":"<p><span style=\"font-size: 20px;\">Bli\u017ei nam se <strong>prvi ovogodi\u0161nji Petek na Gorice<\/strong>. <strong>U petak, 4. travnja<\/strong>, velikogori\u010dka \u0161pica kod <strong>Muzeja Turopolja<\/strong> ponovno postaje mjesto susreta, okusa, mirisa i dobre atmosfere.<\/span><\/p>\n<p><span style=\"font-size: 20px;\">Jutarnji program po\u010dinje <strong>od 11 i traje do 13:30 sati<\/strong>, donosi bogatu ponudu MLJAC i ART placa \u2013 doma\u0107e proizvode, slastice, rukotvorine, kreativne suvenire, kola\u010de i nezaobilazne turopoljske \u0161trukle. Savr\u0161ena je to prilika za kavicu, kupovinu i susret s dragim ljudima.<\/span><\/p>\n<p><span style=\"font-size: 20px;\">Popodnevni program odr\u017eava se <strong>od 16:30 do 18:30 sati.<\/strong> Uz plac, radionice i nastupe mladih plesa\u010da iz <strong>Megablasta<\/strong>, <strong>VEGA-e<\/strong> i <strong>tambura\u0161a<\/strong> iz KUD-ova, <strong>Ljekarne Zagreba\u010dke \u017eupanije<\/strong> gra\u0111anima \u0107e mjeriti<a href=\"https:\/\/gorica.info\/en\/patronazna-sluzba-organizira-savjetovanje-za-kronicne-bolesnike\/\"> tlak, \u0161e\u0107er,<\/a> kolesterol, o\u010dni tla, a nude i savjetovanja s nutricionistom.<\/span><\/p>\n<p><span style=\"font-size: 20px;\"><a href=\"https:\/\/gorica.info\/en\/?s=petek+na+gorice\">Turisti\u010dka zajednica<\/a> najavila je i <strong>uskrsnu radionicu<\/strong> na kojoj \u0107e se izra\u0111ivati lutka zeko.<\/span><\/p>\n<p><span style=\"font-size: 20px;\">U suradnji s likovnom umjetnicom <strong>Milom Lon\u010dar<\/strong> iz Osijeka, pripremili smo kreativnu radionicu za odrasle koja \u0107e spojiti umjetnost, opu\u0161tanje i veseli duh Uskrsa &#8211; ka\u017eu iz <a href=\"https:\/\/www.facebook.com\/tzvelikagorica?locale=hr_HR\">Turisti\u010dke zajednice.<\/a><\/span><\/p>\n<p><span style=\"font-size: 20px;\">Tijekom radionice izra\u0111ivat \u0107emo <strong>lutku zeke<\/strong> tehnikom izrade popularnih vilenjaka. Radionica je prilago\u0111ena po\u010detnicima i svima koji \u017eele nau\u010diti ne\u0161to novo i pri tome se lijepo zabaviti.<\/span><\/p>\n<p><span style=\"font-size: 20px;\">Za izradu je osigurana aluminijska \u017eica za kostur, punilo, trake i razne tkanine za oblikovanje lika, vru\u0107i pi\u0161tolj, \u0161kare, igle i sav potreban pribor , najavljuju iz Turisti\u010dke zajednice .<\/span><\/p>\n<p><span style=\"font-size: 20px;\">Polaznici \u0107e, uz<strong> stru\u010dno vodstvo<\/strong> i jasne korake, izraditi svoju lutkicu zeke i doma ponijeti <strong>unikatnu uskrsnu uspomenu<\/strong> \u2013 ru\u010dno ra\u0111enu, personaliziranu i s du\u0161om.<\/span><\/p>\n<p><span style=\"font-size: 20px;\">Radionica \u0107e se odr\u017eati u <strong>Centru za posjetitelje<\/strong>, u petak, 4. travnja <strong>od 18:30 sati<\/strong>.<\/span><\/p>\n<p><span style=\"font-size: 20px;\">Broj mjesta na radionici bit \u0107e ograni\u010den, a prijave po\u010dinju uskoro.<\/span><\/p>","protected":false},"excerpt":{"rendered":"<p>Bli\u017ei nam se prvi ovogodi\u0161nji Petek na Gorice. U petak, 4. travnja, velikogori\u010dka \u0161pica kod Muzeja Turopolja ponovno postaje mjesto susreta, okusa, mirisa i dobre atmosfere. Jutarnji program po\u010dinje od 11 i traje do 13:30 sati, donosi bogatu ponudu MLJAC i ART placa \u2013 doma\u0107e proizvode, slastice, rukotvorine, kreativne suvenire, kola\u010de i nezaobilazne turopoljske \u0161trukle. [&hellip;]<\/p>\n","protected":false},"author":23,"featured_media":87083,"comment_status":"closed","ping_status":"closed","sticky":false,"template":"","format":"standard","meta":{"limit_modified_date":"1","last_modified_date":"","jnews-multi-image_gallery":[],"jnews_single_post":{"subtitle":"","format":"standard","override":[{"template":"3","parallax":"1","fullscreen":"1","layout":"right-sidebar","sidebar":"default-sidebar","second_sidebar":"default-sidebar","sticky_sidebar":"1","share_position":"top","share_float_style":"share-monocrhome","show_featured":"1","show_post_meta":"1","show_post_author":"1","show_post_author_image":"1","show_post_date":"1","post_date_format":"default","post_date_format_custom":"Y\/m\/d","show_post_category":"1","show_post_reading_time":"1","post_reading_time_wpm":"300","post_calculate_word_method":"str_word_count","zoom_button_out_step":"2","zoom_button_in_step":"3","show_post_tag":"1","show_popup_post":"1","number_popup_post":"1","show_post_related":"1"}],"image_override":[{"single_post_thumbnail_size":"crop-500","single_post_gallery_size":"crop-500"}],"trending_post_position":"meta","trending_post_label":"Trending","sponsored_post_label":"Sponsored by","disable_ad":"0"},"jnews_primary_category":[],"jnews_override_counter":{"view_counter_number":"0","share_counter_number":"0","like_counter_number":"0","dislike_counter_number":"0"},"footnotes":""},"categories":[87],"tags":[4089,18343,2152,2155,18342,122,15554],"class_list":["post-87082","post","type-post","status-publish","format-standard","has-post-thumbnail","hentry","category-gorica","tag-izlagaci","tag-lutka-zeko","tag-petek-na-gorice","tag-tz-velike-gorice","tag-uskrsna-radionica","tag-velika-gorica","tag-vg-vijesti"],"yoast_head":"<!-- This site is optimized with the Yoast SEO Premium plugin v27.5 (Yoast SEO v27.5) - https:\/\/yoast.com\/product\/yoast-seo-premium-wordpress\/ -->\n<title>Prvi ovogodi\u0161nji Petek na Gorice donosi jutarnji i popodnevni program - Gorica Info<\/title>\n<meta name=\"description\" content=\"Sljede\u0107i tjedan: Prvi ovogodi\u0161nji Petek na Gorice donosi jutarnji i popodnevni program i zanimljivu uskrsnu radionicu.\" \/>\n<meta name=\"robots\" content=\"index, follow, max-snippet:-1, max-image-preview:large, max-video-preview:-1\" \/>\n<link rel=\"canonical\" href=\"https:\/\/gorica.info\/en\/prvi-ovogodisnji-petek-na-gorice-donosi-jutarnji-i-popodnevni-program\/\" \/>\n<meta property=\"og:locale\" content=\"en_US\" \/>\n<meta property=\"og:type\" content=\"article\" \/>\n<meta property=\"og:title\" content=\"Prvi ovogodi\u0161nji Petek na Gorice donosi jutarnji i popodnevni program\" \/>\n<meta property=\"og:description\" content=\"Sljede\u0107i tjedan: Prvi ovogodi\u0161nji Petek na Gorice donosi jutarnji i popodnevni program i zanimljivu uskrsnu radionicu.\" \/>\n<meta property=\"og:url\" content=\"https:\/\/gorica.info\/en\/prvi-ovogodisnji-petek-na-gorice-donosi-jutarnji-i-popodnevni-program\/\" \/>\n<meta property=\"og:site_name\" content=\"Gorica Info\" \/>\n<meta property=\"article:publisher\" content=\"https:\/\/www.facebook.com\/Goricainfo-106005144489262\" \/>\n<meta property=\"article:published_time\" content=\"2025-03-26T10:31:12+00:00\" \/>\n<meta property=\"article:modified_time\" content=\"2025-04-01T16:24:37+00:00\" \/>\n<meta property=\"og:image\" content=\"https:\/\/gorica.info\/wp-content\/uploads\/2025\/03\/petek-na-gorice-foto-goricainfo.jpg\" \/>\n\t<meta property=\"og:image:width\" content=\"1067\" \/>\n\t<meta property=\"og:image:height\" content=\"800\" \/>\n\t<meta property=\"og:image:type\" content=\"image\/jpeg\" \/>\n<meta name=\"author\" content=\"Gorica. info\" \/>\n<meta name=\"twitter:card\" content=\"summary_large_image\" \/>\n<meta name=\"twitter:creator\" content=\"@GoricaInfo\" \/>\n<meta name=\"twitter:site\" content=\"@GoricaInfo\" \/>\n<meta name=\"twitter:label1\" content=\"Written by\" \/>\n\t<meta name=\"twitter:data1\" content=\"Gorica. info\" \/>\n\t<meta name=\"twitter:label2\" content=\"Est. reading time\" \/>\n\t<meta name=\"twitter:data2\" content=\"2 minutes\" \/>\n<meta name=\"geo.placename\" content=\"Velika Gorica\" \/>\n<meta name=\"geo.region\" content=\"Croatia\" \/>\n<!-- \/ Yoast SEO Premium plugin. -->","yoast_head_json":{"title":"Prvi ovogodi\u0161nji Petek na Gorice donosi jutarnji i popodnevni program - Gorica Info","description":"Sljede\u0107i tjedan: Prvi ovogodi\u0161nji Petek na Gorice donosi jutarnji i popodnevni program i zanimljivu uskrsnu radionicu.","robots":{"index":"index","follow":"follow","max-snippet":"max-snippet:-1","max-image-preview":"max-image-preview:large","max-video-preview":"max-video-preview:-1"},"canonical":"https:\/\/gorica.info\/en\/prvi-ovogodisnji-petek-na-gorice-donosi-jutarnji-i-popodnevni-program\/","og_locale":"en_US","og_type":"article","og_title":"Prvi ovogodi\u0161nji Petek na Gorice donosi jutarnji i popodnevni program","og_description":"Sljede\u0107i tjedan: Prvi ovogodi\u0161nji Petek na Gorice donosi jutarnji i popodnevni program i zanimljivu uskrsnu radionicu.","og_url":"https:\/\/gorica.info\/en\/prvi-ovogodisnji-petek-na-gorice-donosi-jutarnji-i-popodnevni-program\/","og_site_name":"Gorica Info","article_publisher":"https:\/\/www.facebook.com\/Goricainfo-106005144489262","article_published_time":"2025-03-26T10:31:12+00:00","article_modified_time":"2025-04-01T16:24:37+00:00","og_image":[{"width":1067,"height":800,"url":"https:\/\/gorica.info\/wp-content\/uploads\/2025\/03\/petek-na-gorice-foto-goricainfo.jpg","type":"image\/jpeg"}],"author":"Gorica. info","twitter_card":"summary_large_image","twitter_creator":"@GoricaInfo","twitter_site":"@GoricaInfo","twitter_misc":{"Written by":"Gorica. info","Est. reading time":"2 minutes"},"schema":{"@context":"https:\/\/schema.org","@graph":[{"@type":"NewsArticle","@id":"https:\/\/gorica.info\/prvi-ovogodisnji-petek-na-gorice-donosi-jutarnji-i-popodnevni-program\/#article","isPartOf":{"@id":"https:\/\/gorica.info\/prvi-ovogodisnji-petek-na-gorice-donosi-jutarnji-i-popodnevni-program\/"},"author":{"name":"Gorica. info","@id":"https:\/\/gorica.info\/#\/schema\/person\/4499af1f22f322670b9b5977ccc2e3de"},"headline":"Prvi ovogodi\u0161nji Petek na Gorice donosi jutarnji i popodnevni program","datePublished":"2025-03-26T10:31:12+00:00","dateModified":"2025-04-01T16:24:37+00:00","mainEntityOfPage":{"@id":"https:\/\/gorica.info\/prvi-ovogodisnji-petek-na-gorice-donosi-jutarnji-i-popodnevni-program\/"},"wordCount":293,"publisher":{"@id":"https:\/\/gorica.info\/#organization"},"image":{"@id":"https:\/\/gorica.info\/prvi-ovogodisnji-petek-na-gorice-donosi-jutarnji-i-popodnevni-program\/#primaryimage"},"thumbnailUrl":"https:\/\/gorica.info\/wp-content\/uploads\/2025\/03\/petek-na-gorice-foto-goricainfo.jpg","keywords":["izlaga\u010di","lutka zeko","petek na gorice","tz velike gorice","uskrsna radionica","Velika Gorica","vg vijesti"],"articleSection":["GORICA"],"inLanguage":"en-US","copyrightYear":"2025","copyrightHolder":{"@id":"https:\/\/gorica.info\/en\/#organization"}},{"@type":"WebPage","@id":"https:\/\/gorica.info\/prvi-ovogodisnji-petek-na-gorice-donosi-jutarnji-i-popodnevni-program\/","url":"https:\/\/gorica.info\/prvi-ovogodisnji-petek-na-gorice-donosi-jutarnji-i-popodnevni-program\/","name":"Prvi ovogodi\u0161nji Petek na Gorice donosi jutarnji i popodnevni program - Gorica Info","isPartOf":{"@id":"https:\/\/gorica.info\/#website"},"primaryImageOfPage":{"@id":"https:\/\/gorica.info\/prvi-ovogodisnji-petek-na-gorice-donosi-jutarnji-i-popodnevni-program\/#primaryimage"},"image":{"@id":"https:\/\/gorica.info\/prvi-ovogodisnji-petek-na-gorice-donosi-jutarnji-i-popodnevni-program\/#primaryimage"},"thumbnailUrl":"https:\/\/gorica.info\/wp-content\/uploads\/2025\/03\/petek-na-gorice-foto-goricainfo.jpg","datePublished":"2025-03-26T10:31:12+00:00","dateModified":"2025-04-01T16:24:37+00:00","description":"Sljede\u0107i tjedan: Prvi ovogodi\u0161nji Petek na Gorice donosi jutarnji i popodnevni program i zanimljivu uskrsnu radionicu.","breadcrumb":{"@id":"https:\/\/gorica.info\/prvi-ovogodisnji-petek-na-gorice-donosi-jutarnji-i-popodnevni-program\/#breadcrumb"},"inLanguage":"en-US","potentialAction":[{"@type":"ReadAction","target":["https:\/\/gorica.info\/prvi-ovogodisnji-petek-na-gorice-donosi-jutarnji-i-popodnevni-program\/"]}]},{"@type":"ImageObject","inLanguage":"en-US","@id":"https:\/\/gorica.info\/prvi-ovogodisnji-petek-na-gorice-donosi-jutarnji-i-popodnevni-program\/#primaryimage","url":"https:\/\/gorica.info\/wp-content\/uploads\/2025\/03\/petek-na-gorice-foto-goricainfo.jpg","contentUrl":"https:\/\/gorica.info\/wp-content\/uploads\/2025\/03\/petek-na-gorice-foto-goricainfo.jpg","width":1067,"height":800,"caption":"Foto: Gorica.info"},{"@type":"BreadcrumbList","@id":"https:\/\/gorica.info\/prvi-ovogodisnji-petek-na-gorice-donosi-jutarnji-i-popodnevni-program\/#breadcrumb","itemListElement":[{"@type":"ListItem","position":1,"name":"Po\u010detna stranica","item":"https:\/\/gorica.info\/"},{"@type":"ListItem","position":2,"name":"Prvi ovogodi\u0161nji Petek na Gorice donosi jutarnji i popodnevni program"}]},{"@type":"WebSite","@id":"https:\/\/gorica.info\/#website","url":"https:\/\/gorica.info\/","name":"Gorica Info","description":"Vijesti iz Velike Gorice i okolice.","publisher":{"@id":"https:\/\/gorica.info\/#organization"},"potentialAction":[{"@type":"SearchAction","target":{"@type":"EntryPoint","urlTemplate":"https:\/\/gorica.info\/?s={search_term_string}"},"query-input":{"@type":"PropertyValueSpecification","valueRequired":true,"valueName":"search_term_string"}}],"inLanguage":"en-US"},{"@type":["Organization","Place","NewsMediaOrganization"],"@id":"https:\/\/gorica.info\/#organization","name":"Gorica Info","url":"https:\/\/gorica.info\/","logo":{"@id":"https:\/\/gorica.info\/prvi-ovogodisnji-petek-na-gorice-donosi-jutarnji-i-popodnevni-program\/#local-main-organization-logo"},"image":{"@id":"https:\/\/gorica.info\/prvi-ovogodisnji-petek-na-gorice-donosi-jutarnji-i-popodnevni-program\/#local-main-organization-logo"},"sameAs":["https:\/\/www.facebook.com\/Goricainfo-106005144489262","https:\/\/x.com\/GoricaInfo","https:\/\/www.instagram.com\/gorica.info\/"],"address":{"@id":"https:\/\/gorica.info\/prvi-ovogodisnji-petek-na-gorice-donosi-jutarnji-i-popodnevni-program\/#local-main-place-address"},"telephone":[],"openingHoursSpecification":[{"@type":"OpeningHoursSpecification","dayOfWeek":["Monday","Tuesday","Wednesday","Thursday","Friday","Saturday","Sunday"],"opens":"09:00","closes":"17:00"}],"email":"redakcija@gorica.info"},{"@type":"Person","@id":"https:\/\/gorica.info\/#\/schema\/person\/4499af1f22f322670b9b5977ccc2e3de","name":"Gorica. info","description":"Gorica.info je lokalni portal koji prati Veliku Goricu i okolici, svakodnevno donosi najnovije vijesti i pri\u010de, kulturna doga\u0111anja i aktualnosti koje oblikuju \u017eivot gra\u0111ana.","url":"https:\/\/gorica.info\/en\/author\/gorica-info\/"},{"@type":"PostalAddress","@id":"https:\/\/gorica.info\/prvi-ovogodisnji-petek-na-gorice-donosi-jutarnji-i-popodnevni-program\/#local-main-place-address","streetAddress":"Horvatova 97","addressLocality":"Velika Gorica","postalCode":"10410","addressRegion":"Croatia","addressCountry":"HR"},{"@type":"ImageObject","inLanguage":"en-US","@id":"https:\/\/gorica.info\/prvi-ovogodisnji-petek-na-gorice-donosi-jutarnji-i-popodnevni-program\/#local-main-organization-logo","url":"https:\/\/gorica.info\/wp-content\/uploads\/2024\/07\/Gorica-Info-Logo-mali.png","contentUrl":"https:\/\/gorica.info\/wp-content\/uploads\/2024\/07\/Gorica-Info-Logo-mali.png","width":450,"height":85,"caption":"Gorica Info"}]},"geo.placename":"Velika Gorica","geo.region":"Croatia"},"_links":{"self":[{"href":"https:\/\/gorica.info\/en\/wp-json\/wp\/v2\/posts\/87082","targetHints":{"allow":["GET"]}}],"collection":[{"href":"https:\/\/gorica.info\/en\/wp-json\/wp\/v2\/posts"}],"about":[{"href":"https:\/\/gorica.info\/en\/wp-json\/wp\/v2\/types\/post"}],"author":[{"embeddable":true,"href":"https:\/\/gorica.info\/en\/wp-json\/wp\/v2\/users\/23"}],"replies":[{"embeddable":true,"href":"https:\/\/gorica.info\/en\/wp-json\/wp\/v2\/comments?post=87082"}],"version-history":[{"count":2,"href":"https:\/\/gorica.info\/en\/wp-json\/wp\/v2\/posts\/87082\/revisions"}],"predecessor-version":[{"id":87086,"href":"https:\/\/gorica.info\/en\/wp-json\/wp\/v2\/posts\/87082\/revisions\/87086"}],"wp:featuredmedia":[{"embeddable":true,"href":"https:\/\/gorica.info\/en\/wp-json\/wp\/v2\/media\/87083"}],"wp:attachment":[{"href":"https:\/\/gorica.info\/en\/wp-json\/wp\/v2\/media?parent=87082"}],"wp:term":[{"taxonomy":"category","embeddable":true,"href":"https:\/\/gorica.info\/en\/wp-json\/wp\/v2\/categories?post=87082"},{"taxonomy":"post_tag","embeddable":true,"href":"https:\/\/gorica.info\/en\/wp-json\/wp\/v2\/tags?post=87082"}],"curies":[{"name":"wp","href":"https:\/\/api.w.org\/{rel}","templated":true}]}}