{"id":87152,"date":"2025-03-27T11:14:16","date_gmt":"2025-03-27T10:14:16","guid":{"rendered":"https:\/\/gorica.info\/?p=87152"},"modified":"2025-03-27T11:15:11","modified_gmt":"2025-03-27T10:15:11","slug":"dvoje-mladih-vozaca-s-gorickog-podrucja-mora-platiti-novcane-kazne","status":"publish","type":"post","link":"https:\/\/gorica.info\/en\/dvoje-mladih-vozaca-s-gorickog-podrucja-mora-platiti-novcane-kazne\/","title":{"rendered":"Dvoje mladih voza\u010da s gori\u010dkog podru\u010dja mora platiti nov\u010dane kazne"},"content":{"rendered":"<p><span style=\"font-size: 20px;\">Iz policije su izvijestili o dvoje mladih voza\u010da s gori\u010dkog podru\u010dja koji su nov\u010dano ka\u017enjeni jer su vozili bez polo\u017eenog voza\u010dkog ispita.<\/span><\/p>\n<p><span style=\"font-size: 20px;\"><strong>U Lazini \u010ci\u010dkoj<\/strong> 19-godi\u0161njakinja je upravljala osobnim automobilom zagreba\u010dkih registarskih oznaka, a kretala se Ulicom Lazina \u010ci\u010dka u smjeru sjevera. Nadzorom vozila i voza\u010da je utvr\u0111eno da je djevojka upravljala vozilom bez polo\u017eenog voza\u010dkog ispita. <\/span><\/p>\n<p><span style=\"font-size: 20px;\">Voza\u010dica je uhi\u0107ena i dovedena u slu\u017ebene prostorije nakon \u010dega je dovedena na prekr\u0161ajni sud.<\/span><\/p>\n<p><span style=\"font-size: 20px;\">Policija je predlo\u017eila da se voza\u010dica kazni nov\u010danom <strong>kaznom od 1.320 eura<\/strong> te da joj se izrekne za\u0161titna mjera zabrane upravljanja motornim vozilom \u201eB\u201c kategorije u trajanju od 3 mjeseca. Sud je voza\u010dicu proglasio krivom te joj je izrekao nov\u010danu kaznu u iznosu od<strong> 939 eura<\/strong>.<\/span><\/p>\n<p><span style=\"font-size: 20px;\"><a href=\"https:\/\/zagrebacka-policija.gov.hr\/vijesti\/zaustavljeni-u-prometu-pa-utvrdjeno-da-upravljaju-bez-polozenog-vozackog-ispita\/100826\">Policija<\/a> je <strong>u \u010crnkovcu<\/strong> zaustavila <strong>20-godi\u0161njaka<\/strong> koji je upravljao osobnim automobilom zagreba\u010dkih registarskih oznaka, a kretao se Ulicom \u010crnkovec u smjeru istoka.<\/span><\/p>\n<p><span style=\"font-size: 20px;\">Nadzorom vozila i voza\u010da te provedenim alkotestiranjem utvr\u0111eno je da vozi bez polo\u017eenog voza\u010dkog ispita. Mladi\u0107u je izmjereno <strong>0,59 promila alkohola u krvi.<\/strong><\/span><\/p>\n<p><span style=\"font-size: 20px;\">Voza\u010d je <strong>uhi\u0107en<\/strong> te smje\u0161ten u Jedinicu za zadr\u017eavanje i prepratu do otre\u017enjenja, nakon \u010dega je doveden na prekr\u0161ajni sud.<\/span><\/p>\n<p><span style=\"font-size: 20px;\"><a href=\"https:\/\/gorica.info\/en\/ima-30-negativnih-bodova-lakse-je-ozlijeden-ide-u-zatvor-na-cetiri-mjeseca\/\">Policija<\/a> je predlo\u017eila da se <a href=\"https:\/\/gorica.info\/en\/ovaj-put-je-prosao-bez-ozljeda-autom-se-odvezao-u-odvodni-kanal\/\">voza\u010d<\/a> kazni nov\u010danom <strong>kaznom od 1.710 eura<\/strong> te mu se izrekne za\u0161titna mjera zabrane upravljanja motornim vozilom \u201eB\u201c kategorije u trajanju od 4 mjeseca. Sud je voza\u010da proglasio krivim i kaznio nov\u010danom kaznom u iznosu od <strong>1.079 eura.<\/strong><\/span><\/p>","protected":false},"excerpt":{"rendered":"<p>Iz policije su izvijestili o dvoje mladih voza\u010da s gori\u010dkog podru\u010dja koji su nov\u010dano ka\u017enjeni jer su vozili bez polo\u017eenog voza\u010dkog ispita. U Lazini \u010ci\u010dkoj 19-godi\u0161njakinja je upravljala osobnim automobilom zagreba\u010dkih registarskih oznaka, a kretala se Ulicom Lazina \u010ci\u010dka u smjeru sjevera. Nadzorom vozila i voza\u010da je utvr\u0111eno da je djevojka upravljala vozilom bez polo\u017eenog [&hellip;]<\/p>\n","protected":false},"author":23,"featured_media":87153,"comment_status":"closed","ping_status":"closed","sticky":false,"template":"","format":"standard","meta":{"limit_modified_date":"1","last_modified_date":"","jnews-multi-image_gallery":[],"jnews_single_post":{"subtitle":"","format":"standard","override":[{"template":"3","parallax":"1","fullscreen":"1","layout":"right-sidebar","sidebar":"default-sidebar","second_sidebar":"default-sidebar","sticky_sidebar":"1","share_position":"top","share_float_style":"share-monocrhome","show_featured":"1","show_post_meta":"1","show_post_author":"1","show_post_author_image":"1","show_post_date":"1","post_date_format":"default","post_date_format_custom":"Y\/m\/d","show_post_category":"1","show_post_reading_time":"1","post_reading_time_wpm":"300","post_calculate_word_method":"str_word_count","zoom_button_out_step":"2","zoom_button_in_step":"3","show_post_tag":"1","show_popup_post":"1","number_popup_post":"1","show_post_related":"1"}],"image_override":[{"single_post_thumbnail_size":"crop-500","single_post_gallery_size":"crop-500"}],"trending_post_position":"meta","trending_post_label":"Trending","sponsored_post_label":"Sponsored by","disable_ad":"0"},"jnews_primary_category":[],"jnews_override_counter":{"view_counter_number":"0","share_counter_number":"0","like_counter_number":"0","dislike_counter_number":"0"},"footnotes":""},"categories":[87],"tags":[18383,2646,548,863,1202,122,15554,18382],"class_list":["post-87152","post","type-post","status-publish","format-standard","has-post-thumbnail","hentry","category-gorica","tag-crnkovec","tag-goricko-podrucje","tag-lazina-cicka","tag-mladi-vozaci","tag-prekrsajni-sud","tag-velika-gorica","tag-vg-vijesti","tag-vozili-bez-polozenog-vozackog"],"yoast_head":"<!-- This site is optimized with the Yoast SEO Premium plugin v27.4 (Yoast SEO v27.4) - https:\/\/yoast.com\/product\/yoast-seo-premium-wordpress\/ -->\n<title>Dvoje mladih voza\u010da s gori\u010dkog podru\u010dja mora platiti nov\u010dane kazne - Gorica Info<\/title>\n<meta name=\"description\" content=\"Dvoje mladih voza\u010da s gori\u010dkog podru\u010dja mora platiti nov\u010dane kazne: Vozili su bez polo\u017eenog voza\u010dkog ispita.\" \/>\n<meta name=\"robots\" content=\"index, follow, max-snippet:-1, max-image-preview:large, max-video-preview:-1\" \/>\n<link rel=\"canonical\" href=\"https:\/\/gorica.info\/en\/dvoje-mladih-vozaca-s-gorickog-podrucja-mora-platiti-novcane-kazne\/\" \/>\n<meta property=\"og:locale\" content=\"en_US\" \/>\n<meta property=\"og:type\" content=\"article\" \/>\n<meta property=\"og:title\" content=\"Dvoje mladih voza\u010da s gori\u010dkog podru\u010dja mora platiti nov\u010dane kazne\" \/>\n<meta property=\"og:description\" content=\"Dvoje mladih voza\u010da s gori\u010dkog podru\u010dja mora platiti nov\u010dane kazne: Vozili su bez polo\u017eenog voza\u010dkog ispita.\" \/>\n<meta property=\"og:url\" content=\"https:\/\/gorica.info\/en\/dvoje-mladih-vozaca-s-gorickog-podrucja-mora-platiti-novcane-kazne\/\" \/>\n<meta property=\"og:site_name\" content=\"Gorica Info\" \/>\n<meta property=\"article:publisher\" content=\"https:\/\/www.facebook.com\/Goricainfo-106005144489262\" \/>\n<meta property=\"article:published_time\" content=\"2025-03-27T10:14:16+00:00\" \/>\n<meta property=\"article:modified_time\" content=\"2025-03-27T10:15:11+00:00\" \/>\n<meta property=\"og:image\" content=\"https:\/\/gorica.info\/wp-content\/uploads\/2025\/03\/policija-auto-fotogoricainfo-2.jpg\" \/>\n\t<meta property=\"og:image:width\" content=\"1100\" \/>\n\t<meta property=\"og:image:height\" content=\"756\" \/>\n\t<meta property=\"og:image:type\" content=\"image\/jpeg\" \/>\n<meta name=\"author\" content=\"Gorica. info\" \/>\n<meta name=\"twitter:card\" content=\"summary_large_image\" \/>\n<meta name=\"twitter:creator\" content=\"@GoricaInfo\" \/>\n<meta name=\"twitter:site\" content=\"@GoricaInfo\" \/>\n<meta name=\"twitter:label1\" content=\"Written by\" \/>\n\t<meta name=\"twitter:data1\" content=\"Gorica. info\" \/>\n\t<meta name=\"twitter:label2\" content=\"Est. reading time\" \/>\n\t<meta name=\"twitter:data2\" content=\"2 minutes\" \/>\n<meta name=\"geo.placename\" content=\"Velika Gorica\" \/>\n<meta name=\"geo.region\" content=\"Croatia\" \/>\n<!-- \/ Yoast SEO Premium plugin. -->","yoast_head_json":{"title":"Dvoje mladih voza\u010da s gori\u010dkog podru\u010dja mora platiti nov\u010dane kazne - Gorica Info","description":"Dvoje mladih voza\u010da s gori\u010dkog podru\u010dja mora platiti nov\u010dane kazne: Vozili su bez polo\u017eenog voza\u010dkog ispita.","robots":{"index":"index","follow":"follow","max-snippet":"max-snippet:-1","max-image-preview":"max-image-preview:large","max-video-preview":"max-video-preview:-1"},"canonical":"https:\/\/gorica.info\/en\/dvoje-mladih-vozaca-s-gorickog-podrucja-mora-platiti-novcane-kazne\/","og_locale":"en_US","og_type":"article","og_title":"Dvoje mladih voza\u010da s gori\u010dkog podru\u010dja mora platiti nov\u010dane kazne","og_description":"Dvoje mladih voza\u010da s gori\u010dkog podru\u010dja mora platiti nov\u010dane kazne: Vozili su bez polo\u017eenog voza\u010dkog ispita.","og_url":"https:\/\/gorica.info\/en\/dvoje-mladih-vozaca-s-gorickog-podrucja-mora-platiti-novcane-kazne\/","og_site_name":"Gorica Info","article_publisher":"https:\/\/www.facebook.com\/Goricainfo-106005144489262","article_published_time":"2025-03-27T10:14:16+00:00","article_modified_time":"2025-03-27T10:15:11+00:00","og_image":[{"width":1100,"height":756,"url":"https:\/\/gorica.info\/wp-content\/uploads\/2025\/03\/policija-auto-fotogoricainfo-2.jpg","type":"image\/jpeg"}],"author":"Gorica. info","twitter_card":"summary_large_image","twitter_creator":"@GoricaInfo","twitter_site":"@GoricaInfo","twitter_misc":{"Written by":"Gorica. info","Est. reading time":"2 minutes"},"schema":{"@context":"https:\/\/schema.org","@graph":[{"@type":"NewsArticle","@id":"https:\/\/gorica.info\/dvoje-mladih-vozaca-s-gorickog-podrucja-mora-platiti-novcane-kazne\/#article","isPartOf":{"@id":"https:\/\/gorica.info\/dvoje-mladih-vozaca-s-gorickog-podrucja-mora-platiti-novcane-kazne\/"},"author":{"name":"Gorica. info","@id":"https:\/\/gorica.info\/#\/schema\/person\/4499af1f22f322670b9b5977ccc2e3de"},"headline":"Dvoje mladih voza\u010da s gori\u010dkog podru\u010dja mora platiti nov\u010dane kazne","datePublished":"2025-03-27T10:14:16+00:00","dateModified":"2025-03-27T10:15:11+00:00","mainEntityOfPage":{"@id":"https:\/\/gorica.info\/dvoje-mladih-vozaca-s-gorickog-podrucja-mora-platiti-novcane-kazne\/"},"wordCount":275,"publisher":{"@id":"https:\/\/gorica.info\/#organization"},"image":{"@id":"https:\/\/gorica.info\/dvoje-mladih-vozaca-s-gorickog-podrucja-mora-platiti-novcane-kazne\/#primaryimage"},"thumbnailUrl":"https:\/\/gorica.info\/wp-content\/uploads\/2025\/03\/policija-auto-fotogoricainfo-2.jpg","keywords":["\u010drnkovec","gori\u010dko podru\u010dje","lazina \u010di\u010dka","mladi voza\u010di","prekr\u0161ajni sud","Velika Gorica","vg vijesti","vozili bez polo\u017eenog voza\u010dkog"],"articleSection":["GORICA"],"inLanguage":"en-US","copyrightYear":"2025","copyrightHolder":{"@id":"https:\/\/gorica.info\/en\/#organization"}},{"@type":"WebPage","@id":"https:\/\/gorica.info\/dvoje-mladih-vozaca-s-gorickog-podrucja-mora-platiti-novcane-kazne\/","url":"https:\/\/gorica.info\/dvoje-mladih-vozaca-s-gorickog-podrucja-mora-platiti-novcane-kazne\/","name":"Dvoje mladih voza\u010da s gori\u010dkog podru\u010dja mora platiti nov\u010dane kazne - Gorica Info","isPartOf":{"@id":"https:\/\/gorica.info\/#website"},"primaryImageOfPage":{"@id":"https:\/\/gorica.info\/dvoje-mladih-vozaca-s-gorickog-podrucja-mora-platiti-novcane-kazne\/#primaryimage"},"image":{"@id":"https:\/\/gorica.info\/dvoje-mladih-vozaca-s-gorickog-podrucja-mora-platiti-novcane-kazne\/#primaryimage"},"thumbnailUrl":"https:\/\/gorica.info\/wp-content\/uploads\/2025\/03\/policija-auto-fotogoricainfo-2.jpg","datePublished":"2025-03-27T10:14:16+00:00","dateModified":"2025-03-27T10:15:11+00:00","description":"Dvoje mladih voza\u010da s gori\u010dkog podru\u010dja mora platiti nov\u010dane kazne: Vozili su bez polo\u017eenog voza\u010dkog ispita.","breadcrumb":{"@id":"https:\/\/gorica.info\/dvoje-mladih-vozaca-s-gorickog-podrucja-mora-platiti-novcane-kazne\/#breadcrumb"},"inLanguage":"en-US","potentialAction":[{"@type":"ReadAction","target":["https:\/\/gorica.info\/dvoje-mladih-vozaca-s-gorickog-podrucja-mora-platiti-novcane-kazne\/"]}]},{"@type":"ImageObject","inLanguage":"en-US","@id":"https:\/\/gorica.info\/dvoje-mladih-vozaca-s-gorickog-podrucja-mora-platiti-novcane-kazne\/#primaryimage","url":"https:\/\/gorica.info\/wp-content\/uploads\/2025\/03\/policija-auto-fotogoricainfo-2.jpg","contentUrl":"https:\/\/gorica.info\/wp-content\/uploads\/2025\/03\/policija-auto-fotogoricainfo-2.jpg","width":1100,"height":756,"caption":"Foto: Policija"},{"@type":"BreadcrumbList","@id":"https:\/\/gorica.info\/dvoje-mladih-vozaca-s-gorickog-podrucja-mora-platiti-novcane-kazne\/#breadcrumb","itemListElement":[{"@type":"ListItem","position":1,"name":"Po\u010detna stranica","item":"https:\/\/gorica.info\/"},{"@type":"ListItem","position":2,"name":"Dvoje mladih voza\u010da s gori\u010dkog podru\u010dja mora platiti nov\u010dane kazne"}]},{"@type":"WebSite","@id":"https:\/\/gorica.info\/#website","url":"https:\/\/gorica.info\/","name":"Gorica Info","description":"Vijesti iz Velike Gorice i okolice.","publisher":{"@id":"https:\/\/gorica.info\/#organization"},"potentialAction":[{"@type":"SearchAction","target":{"@type":"EntryPoint","urlTemplate":"https:\/\/gorica.info\/?s={search_term_string}"},"query-input":{"@type":"PropertyValueSpecification","valueRequired":true,"valueName":"search_term_string"}}],"inLanguage":"en-US"},{"@type":["Organization","Place","NewsMediaOrganization"],"@id":"https:\/\/gorica.info\/#organization","name":"Gorica Info","url":"https:\/\/gorica.info\/","logo":{"@id":"https:\/\/gorica.info\/dvoje-mladih-vozaca-s-gorickog-podrucja-mora-platiti-novcane-kazne\/#local-main-organization-logo"},"image":{"@id":"https:\/\/gorica.info\/dvoje-mladih-vozaca-s-gorickog-podrucja-mora-platiti-novcane-kazne\/#local-main-organization-logo"},"sameAs":["https:\/\/www.facebook.com\/Goricainfo-106005144489262","https:\/\/x.com\/GoricaInfo","https:\/\/www.instagram.com\/gorica.info\/"],"address":{"@id":"https:\/\/gorica.info\/dvoje-mladih-vozaca-s-gorickog-podrucja-mora-platiti-novcane-kazne\/#local-main-place-address"},"telephone":[],"openingHoursSpecification":[{"@type":"OpeningHoursSpecification","dayOfWeek":["Monday","Tuesday","Wednesday","Thursday","Friday","Saturday","Sunday"],"opens":"09:00","closes":"17:00"}],"email":"redakcija@gorica.info"},{"@type":"Person","@id":"https:\/\/gorica.info\/#\/schema\/person\/4499af1f22f322670b9b5977ccc2e3de","name":"Gorica. info","description":"Gorica.info je lokalni portal koji prati Veliku Goricu i okolici, svakodnevno donosi najnovije vijesti i pri\u010de, kulturna doga\u0111anja i aktualnosti koje oblikuju \u017eivot gra\u0111ana.","url":"https:\/\/gorica.info\/en\/author\/gorica-info\/"},{"@type":"PostalAddress","@id":"https:\/\/gorica.info\/dvoje-mladih-vozaca-s-gorickog-podrucja-mora-platiti-novcane-kazne\/#local-main-place-address","streetAddress":"Horvatova 97","addressLocality":"Velika Gorica","postalCode":"10410","addressRegion":"Croatia","addressCountry":"HR"},{"@type":"ImageObject","inLanguage":"en-US","@id":"https:\/\/gorica.info\/dvoje-mladih-vozaca-s-gorickog-podrucja-mora-platiti-novcane-kazne\/#local-main-organization-logo","url":"https:\/\/gorica.info\/wp-content\/uploads\/2024\/07\/Gorica-Info-Logo-mali.png","contentUrl":"https:\/\/gorica.info\/wp-content\/uploads\/2024\/07\/Gorica-Info-Logo-mali.png","width":450,"height":85,"caption":"Gorica Info"}]},"geo.placename":"Velika Gorica","geo.region":"Croatia"},"_links":{"self":[{"href":"https:\/\/gorica.info\/en\/wp-json\/wp\/v2\/posts\/87152","targetHints":{"allow":["GET"]}}],"collection":[{"href":"https:\/\/gorica.info\/en\/wp-json\/wp\/v2\/posts"}],"about":[{"href":"https:\/\/gorica.info\/en\/wp-json\/wp\/v2\/types\/post"}],"author":[{"embeddable":true,"href":"https:\/\/gorica.info\/en\/wp-json\/wp\/v2\/users\/23"}],"replies":[{"embeddable":true,"href":"https:\/\/gorica.info\/en\/wp-json\/wp\/v2\/comments?post=87152"}],"version-history":[{"count":1,"href":"https:\/\/gorica.info\/en\/wp-json\/wp\/v2\/posts\/87152\/revisions"}],"predecessor-version":[{"id":87154,"href":"https:\/\/gorica.info\/en\/wp-json\/wp\/v2\/posts\/87152\/revisions\/87154"}],"wp:featuredmedia":[{"embeddable":true,"href":"https:\/\/gorica.info\/en\/wp-json\/wp\/v2\/media\/87153"}],"wp:attachment":[{"href":"https:\/\/gorica.info\/en\/wp-json\/wp\/v2\/media?parent=87152"}],"wp:term":[{"taxonomy":"category","embeddable":true,"href":"https:\/\/gorica.info\/en\/wp-json\/wp\/v2\/categories?post=87152"},{"taxonomy":"post_tag","embeddable":true,"href":"https:\/\/gorica.info\/en\/wp-json\/wp\/v2\/tags?post=87152"}],"curies":[{"name":"wp","href":"https:\/\/api.w.org\/{rel}","templated":true}]}}