{"id":87355,"date":"2025-04-02T10:02:44","date_gmt":"2025-04-02T08:02:44","guid":{"rendered":"https:\/\/gorica.info\/?p=87355"},"modified":"2025-04-04T08:29:59","modified_gmt":"2025-04-04T06:29:59","slug":"pobjednici-maticnog-natjecaja-za-kratku-pricu-su-fani-frkovic-i-boris-deveric","status":"publish","type":"post","link":"https:\/\/gorica.info\/en\/pobjednici-maticnog-natjecaja-za-kratku-pricu-su-fani-frkovic-i-boris-deveric\/","title":{"rendered":"Pobjednici Mati\u010dnog natje\u010daja za kratku pri\u010du su Fani Frkovi\u0107 i Boris Deveri\u0107"},"content":{"rendered":"<p><span style=\"font-size: 20px;\">Ogranak Matice hrvatske u Velikoj Gorici objavio je rezultate <a href=\"https:\/\/gorica.info\/en\/prijavite-se-na-maticin-knjizevni-natjecaj-za-kratku-pricu\/\"><strong>knji\u017eevnog<\/strong> <strong>natje\u010daja <\/strong><\/a>za kratku pri\u010du<strong>. Nagrada Turopoljska poculica <\/strong>bit \u0107e dodijeljena<strong> Fani Frkovi\u0107 i Borisu Deveri\u0107u.<\/strong><\/span><\/p>\n<blockquote><p><span style=\"font-size: 20px;\"><strong>Najbolja kratka pri\u010da <\/strong>na standardnom hrvatskom jeziku je<strong> \u201eProkleti propuh\u201c autorice<\/strong> <strong>Fani Frkovi\u0107 iz Zagreba.<\/strong> <\/span><\/p><\/blockquote>\n<p><span style=\"font-size: 20px;\">Radovi u\u017eeg izbora su pri\u010de \u201eMargareta\u201c, autora Franka Stipkovi\u0107a iz Zagreba i \u201ePi\u0161\u010deva osveta\u201c autorice Jelene Pavi\u010di\u0107 Vuki\u010devi\u0107 iz Zagreba.<\/span><\/p>\n<blockquote><p><span style=\"font-size: 20px;\">Najbolju kratku pri\u010du na<strong> kajkavskom dijalektu \u201eKak je to bilo kad je turopolski tur zestal vraga\u201c <\/strong>napisao je<strong> Boris\u00a0 Deveri\u0107 iz Donje Lomnice.<\/strong><\/span><\/p><\/blockquote>\n<p><span style=\"font-size: 20px;\">U u\u017ei izbor su u\u0161le pri\u010de \u201e\u010cez kuruzu, \u010dez me\u201c autora Darka Ra\u0161kaja iz Lobora i \u201eJagica\u201c autorice Biserke Rozer iz Siska.<\/span><\/p>\n<p><span style=\"font-size: 20px;\">Najbolji radovi i njihovi autori bit \u0107e predstavljeni<strong> u \u010detvrtak, <\/strong><strong>3. <\/strong><strong>travnja u <\/strong><strong>Pu\u010dkom otvorenom u\u010dili\u0161tu Velik<\/strong><strong>a Goric<\/strong><strong>a, u 17:00 sati.<\/strong><\/span><span style=\"font-size: 20px;\"><strong>\u00a0<\/strong><\/span><\/p>\n<p><span style=\"font-size: 20px;\">Na natje\u010daj su pristigla <strong>33 rada, 21 na standardu i 12 na kajkavskom<\/strong>, a Prosudbeno povjerenstvo odabralo je po jedan najbolji rad na kajkavskom odnosno standardnom jeziku, te po jo\u0161 dva rada u\u017eeg izbora.<\/span><\/p>\n<p><span style=\"font-size: 20px;\"><a href=\"https:\/\/www.matica.hr\/ogranci\/ogranak-matice-hrvatske-u-velikoj-gorici\/\">Ogranak Matice hrvatske<\/a> u Velikoj Gorici \u0107e najbolje radove uvrstiti u svoj godi\u0161nji \u010dasopis LU\u010c u tiskanom obliku, a potom objaviti na web stranici Ogranka.<\/span><\/p>","protected":false},"excerpt":{"rendered":"<p>Ogranak Matice hrvatske u Velikoj Gorici objavio je rezultate knji\u017eevnog natje\u010daja za kratku pri\u010du. Nagrada Turopoljska poculica bit \u0107e dodijeljena Fani Frkovi\u0107 i Borisu Deveri\u0107u. Najbolja kratka pri\u010da na standardnom hrvatskom jeziku je \u201eProkleti propuh\u201c autorice Fani Frkovi\u0107 iz Zagreba. Radovi u\u017eeg izbora su pri\u010de \u201eMargareta\u201c, autora Franka Stipkovi\u0107a iz Zagreba i \u201ePi\u0161\u010deva osveta\u201c autorice [&hellip;]<\/p>\n","protected":false},"author":25,"featured_media":87356,"comment_status":"closed","ping_status":"closed","sticky":false,"template":"","format":"standard","meta":{"limit_modified_date":"1","last_modified_date":"","jnews-multi-image_gallery":[],"jnews_single_post":{"subtitle":"","format":"standard","override":[{"template":"3","parallax":"1","fullscreen":"1","layout":"right-sidebar","sidebar":"default-sidebar","second_sidebar":"default-sidebar","sticky_sidebar":"1","share_position":"top","share_float_style":"share-monocrhome","show_featured":"1","show_post_meta":"1","show_post_author":"1","show_post_author_image":"1","show_post_date":"1","post_date_format":"default","post_date_format_custom":"Y\/m\/d","show_post_category":"1","show_post_reading_time":"1","post_reading_time_wpm":"300","post_calculate_word_method":"str_word_count","zoom_button_out_step":"2","zoom_button_in_step":"3","show_post_tag":"1","show_popup_post":"1","number_popup_post":"1","show_post_related":"1"}],"image_override":[{"single_post_thumbnail_size":"crop-500","single_post_gallery_size":"crop-500"}],"trending_post_position":"meta","trending_post_label":"Trending","sponsored_post_label":"Sponsored by","disable_ad":"0"},"jnews_primary_category":[],"jnews_override_counter":{"view_counter_number":"0","share_counter_number":"0","like_counter_number":"0","dislike_counter_number":"0"},"footnotes":""},"categories":[84],"tags":[18470,18469,18468,7404,18467,494,2309,122,15554],"class_list":["post-87355","post","type-post","status-publish","format-standard","has-post-thumbnail","hentry","category-kultura","tag-boris-deveric","tag-fani-frkovic","tag-kajkavski-dijalekt","tag-kratka-prica","tag-najboji-radovi","tag-natjecaj","tag-ogranak-matice-hrvatske","tag-velika-gorica","tag-vg-vijesti"],"yoast_head":"<!-- This site is optimized with the Yoast SEO Premium plugin v27.4 (Yoast SEO v27.4) - https:\/\/yoast.com\/product\/yoast-seo-premium-wordpress\/ -->\n<title>Pobjednici Mati\u010dnog natje\u010daja za kratku pri\u010du su Fani Frkovi\u0107 i Boris Deveri\u0107 - Gorica Info<\/title>\n<meta name=\"description\" content=\"Pobjednici Mati\u010dnog natje\u010daja za kratku pri\u010du su Fani Frkovi\u0107 i Boris Deveri\u0107. Najbolji radovi i autori bit \u0107e predstavljeni u \u010detvrtak.\" \/>\n<meta name=\"robots\" content=\"index, follow, max-snippet:-1, max-image-preview:large, max-video-preview:-1\" \/>\n<link rel=\"canonical\" href=\"https:\/\/gorica.info\/en\/pobjednici-maticnog-natjecaja-za-kratku-pricu-su-fani-frkovic-i-boris-deveric\/\" \/>\n<meta property=\"og:locale\" content=\"en_US\" \/>\n<meta property=\"og:type\" content=\"article\" \/>\n<meta property=\"og:title\" content=\"Pobjednici Mati\u010dnog natje\u010daja za kratku pri\u010du su Fani Frkovi\u0107 i Boris Deveri\u0107\" \/>\n<meta property=\"og:description\" content=\"Pobjednici Mati\u010dnog natje\u010daja za kratku pri\u010du su Fani Frkovi\u0107 i Boris Deveri\u0107. Najbolji radovi i autori bit \u0107e predstavljeni u \u010detvrtak.\" \/>\n<meta property=\"og:url\" content=\"https:\/\/gorica.info\/en\/pobjednici-maticnog-natjecaja-za-kratku-pricu-su-fani-frkovic-i-boris-deveric\/\" \/>\n<meta property=\"og:site_name\" content=\"Gorica Info\" \/>\n<meta property=\"article:publisher\" content=\"https:\/\/www.facebook.com\/Goricainfo-106005144489262\" \/>\n<meta property=\"article:published_time\" content=\"2025-04-02T08:02:44+00:00\" \/>\n<meta property=\"article:modified_time\" content=\"2025-04-04T06:29:59+00:00\" \/>\n<meta property=\"og:image\" content=\"https:\/\/gorica.info\/wp-content\/uploads\/2025\/04\/pucko-uciliste-vg-foto-goricainfo.jpg\" \/>\n\t<meta property=\"og:image:width\" content=\"1070\" \/>\n\t<meta property=\"og:image:height\" content=\"800\" \/>\n\t<meta property=\"og:image:type\" content=\"image\/jpeg\" \/>\n<meta name=\"author\" content=\"Marta Horvat\" \/>\n<meta name=\"twitter:card\" content=\"summary_large_image\" \/>\n<meta name=\"twitter:creator\" content=\"@GoricaInfo\" \/>\n<meta name=\"twitter:site\" content=\"@GoricaInfo\" \/>\n<meta name=\"twitter:label1\" content=\"Written by\" \/>\n\t<meta name=\"twitter:data1\" content=\"Marta Horvat\" \/>\n\t<meta name=\"twitter:label2\" content=\"Est. reading time\" \/>\n\t<meta name=\"twitter:data2\" content=\"2 minutes\" \/>\n<meta name=\"geo.placename\" content=\"Velika Gorica\" \/>\n<meta name=\"geo.region\" content=\"Croatia\" \/>\n<!-- \/ Yoast SEO Premium plugin. -->","yoast_head_json":{"title":"Pobjednici Mati\u010dnog natje\u010daja za kratku pri\u010du su Fani Frkovi\u0107 i Boris Deveri\u0107 - Gorica Info","description":"Pobjednici Mati\u010dnog natje\u010daja za kratku pri\u010du su Fani Frkovi\u0107 i Boris Deveri\u0107. Najbolji radovi i autori bit \u0107e predstavljeni u \u010detvrtak.","robots":{"index":"index","follow":"follow","max-snippet":"max-snippet:-1","max-image-preview":"max-image-preview:large","max-video-preview":"max-video-preview:-1"},"canonical":"https:\/\/gorica.info\/en\/pobjednici-maticnog-natjecaja-za-kratku-pricu-su-fani-frkovic-i-boris-deveric\/","og_locale":"en_US","og_type":"article","og_title":"Pobjednici Mati\u010dnog natje\u010daja za kratku pri\u010du su Fani Frkovi\u0107 i Boris Deveri\u0107","og_description":"Pobjednici Mati\u010dnog natje\u010daja za kratku pri\u010du su Fani Frkovi\u0107 i Boris Deveri\u0107. Najbolji radovi i autori bit \u0107e predstavljeni u \u010detvrtak.","og_url":"https:\/\/gorica.info\/en\/pobjednici-maticnog-natjecaja-za-kratku-pricu-su-fani-frkovic-i-boris-deveric\/","og_site_name":"Gorica Info","article_publisher":"https:\/\/www.facebook.com\/Goricainfo-106005144489262","article_published_time":"2025-04-02T08:02:44+00:00","article_modified_time":"2025-04-04T06:29:59+00:00","og_image":[{"width":1070,"height":800,"url":"https:\/\/gorica.info\/wp-content\/uploads\/2025\/04\/pucko-uciliste-vg-foto-goricainfo.jpg","type":"image\/jpeg"}],"author":"Marta Horvat","twitter_card":"summary_large_image","twitter_creator":"@GoricaInfo","twitter_site":"@GoricaInfo","twitter_misc":{"Written by":"Marta Horvat","Est. reading time":"2 minutes"},"schema":{"@context":"https:\/\/schema.org","@graph":[{"@type":"NewsArticle","@id":"https:\/\/gorica.info\/pobjednici-maticnog-natjecaja-za-kratku-pricu-su-fani-frkovic-i-boris-deveric\/#article","isPartOf":{"@id":"https:\/\/gorica.info\/pobjednici-maticnog-natjecaja-za-kratku-pricu-su-fani-frkovic-i-boris-deveric\/"},"author":{"name":"Marta Horvat","@id":"https:\/\/gorica.info\/#\/schema\/person\/b2df2f6fb2a9073c0fa5af2672befd52"},"headline":"Pobjednici Mati\u010dnog natje\u010daja za kratku pri\u010du su Fani Frkovi\u0107 i Boris Deveri\u0107","datePublished":"2025-04-02T08:02:44+00:00","dateModified":"2025-04-04T06:29:59+00:00","mainEntityOfPage":{"@id":"https:\/\/gorica.info\/pobjednici-maticnog-natjecaja-za-kratku-pricu-su-fani-frkovic-i-boris-deveric\/"},"wordCount":219,"publisher":{"@id":"https:\/\/gorica.info\/#organization"},"image":{"@id":"https:\/\/gorica.info\/pobjednici-maticnog-natjecaja-za-kratku-pricu-su-fani-frkovic-i-boris-deveric\/#primaryimage"},"thumbnailUrl":"https:\/\/gorica.info\/wp-content\/uploads\/2025\/04\/pucko-uciliste-vg-foto-goricainfo.jpg","keywords":["boris deveri\u0107","fani frkovi\u0107","kajkavski dijalekt","kratka pri\u010da","najboji radovi","natje\u010daj","ogranak matice hrvatske","Velika Gorica","vg vijesti"],"articleSection":["KULTURA"],"inLanguage":"en-US","copyrightYear":"2025","copyrightHolder":{"@id":"https:\/\/gorica.info\/en\/#organization"}},{"@type":"WebPage","@id":"https:\/\/gorica.info\/pobjednici-maticnog-natjecaja-za-kratku-pricu-su-fani-frkovic-i-boris-deveric\/","url":"https:\/\/gorica.info\/pobjednici-maticnog-natjecaja-za-kratku-pricu-su-fani-frkovic-i-boris-deveric\/","name":"Pobjednici Mati\u010dnog natje\u010daja za kratku pri\u010du su Fani Frkovi\u0107 i Boris Deveri\u0107 - Gorica Info","isPartOf":{"@id":"https:\/\/gorica.info\/#website"},"primaryImageOfPage":{"@id":"https:\/\/gorica.info\/pobjednici-maticnog-natjecaja-za-kratku-pricu-su-fani-frkovic-i-boris-deveric\/#primaryimage"},"image":{"@id":"https:\/\/gorica.info\/pobjednici-maticnog-natjecaja-za-kratku-pricu-su-fani-frkovic-i-boris-deveric\/#primaryimage"},"thumbnailUrl":"https:\/\/gorica.info\/wp-content\/uploads\/2025\/04\/pucko-uciliste-vg-foto-goricainfo.jpg","datePublished":"2025-04-02T08:02:44+00:00","dateModified":"2025-04-04T06:29:59+00:00","description":"Pobjednici Mati\u010dnog natje\u010daja za kratku pri\u010du su Fani Frkovi\u0107 i Boris Deveri\u0107. Najbolji radovi i autori bit \u0107e predstavljeni u \u010detvrtak.","breadcrumb":{"@id":"https:\/\/gorica.info\/pobjednici-maticnog-natjecaja-za-kratku-pricu-su-fani-frkovic-i-boris-deveric\/#breadcrumb"},"inLanguage":"en-US","potentialAction":[{"@type":"ReadAction","target":["https:\/\/gorica.info\/pobjednici-maticnog-natjecaja-za-kratku-pricu-su-fani-frkovic-i-boris-deveric\/"]}]},{"@type":"ImageObject","inLanguage":"en-US","@id":"https:\/\/gorica.info\/pobjednici-maticnog-natjecaja-za-kratku-pricu-su-fani-frkovic-i-boris-deveric\/#primaryimage","url":"https:\/\/gorica.info\/wp-content\/uploads\/2025\/04\/pucko-uciliste-vg-foto-goricainfo.jpg","contentUrl":"https:\/\/gorica.info\/wp-content\/uploads\/2025\/04\/pucko-uciliste-vg-foto-goricainfo.jpg","width":1070,"height":800,"caption":"Arhivska fotografija: Gorica.info"},{"@type":"BreadcrumbList","@id":"https:\/\/gorica.info\/pobjednici-maticnog-natjecaja-za-kratku-pricu-su-fani-frkovic-i-boris-deveric\/#breadcrumb","itemListElement":[{"@type":"ListItem","position":1,"name":"Po\u010detna stranica","item":"https:\/\/gorica.info\/"},{"@type":"ListItem","position":2,"name":"Pobjednici Mati\u010dnog natje\u010daja za kratku pri\u010du su Fani Frkovi\u0107 i Boris Deveri\u0107"}]},{"@type":"WebSite","@id":"https:\/\/gorica.info\/#website","url":"https:\/\/gorica.info\/","name":"Gorica Info","description":"Vijesti iz Velike Gorice i okolice.","publisher":{"@id":"https:\/\/gorica.info\/#organization"},"potentialAction":[{"@type":"SearchAction","target":{"@type":"EntryPoint","urlTemplate":"https:\/\/gorica.info\/?s={search_term_string}"},"query-input":{"@type":"PropertyValueSpecification","valueRequired":true,"valueName":"search_term_string"}}],"inLanguage":"en-US"},{"@type":["Organization","Place","NewsMediaOrganization"],"@id":"https:\/\/gorica.info\/#organization","name":"Gorica Info","url":"https:\/\/gorica.info\/","logo":{"@id":"https:\/\/gorica.info\/pobjednici-maticnog-natjecaja-za-kratku-pricu-su-fani-frkovic-i-boris-deveric\/#local-main-organization-logo"},"image":{"@id":"https:\/\/gorica.info\/pobjednici-maticnog-natjecaja-za-kratku-pricu-su-fani-frkovic-i-boris-deveric\/#local-main-organization-logo"},"sameAs":["https:\/\/www.facebook.com\/Goricainfo-106005144489262","https:\/\/x.com\/GoricaInfo","https:\/\/www.instagram.com\/gorica.info\/"],"address":{"@id":"https:\/\/gorica.info\/pobjednici-maticnog-natjecaja-za-kratku-pricu-su-fani-frkovic-i-boris-deveric\/#local-main-place-address"},"telephone":[],"openingHoursSpecification":[{"@type":"OpeningHoursSpecification","dayOfWeek":["Monday","Tuesday","Wednesday","Thursday","Friday","Saturday","Sunday"],"opens":"09:00","closes":"17:00"}],"email":"redakcija@gorica.info"},{"@type":"Person","@id":"https:\/\/gorica.info\/#\/schema\/person\/b2df2f6fb2a9073c0fa5af2672befd52","name":"Marta Horvat","description":"Marta Horvat je studentica koja redovito pi\u0161e za portal, prati sva gradska doga\u0111anja i u\u017eiva isprobavati nove recept koje dijeli s na\u0161im \u010ditateljima.","url":"https:\/\/gorica.info\/en\/author\/marta-horvat\/"},{"@type":"PostalAddress","@id":"https:\/\/gorica.info\/pobjednici-maticnog-natjecaja-za-kratku-pricu-su-fani-frkovic-i-boris-deveric\/#local-main-place-address","streetAddress":"Horvatova 97","addressLocality":"Velika Gorica","postalCode":"10410","addressRegion":"Croatia","addressCountry":"HR"},{"@type":"ImageObject","inLanguage":"en-US","@id":"https:\/\/gorica.info\/pobjednici-maticnog-natjecaja-za-kratku-pricu-su-fani-frkovic-i-boris-deveric\/#local-main-organization-logo","url":"https:\/\/gorica.info\/wp-content\/uploads\/2024\/07\/Gorica-Info-Logo-mali.png","contentUrl":"https:\/\/gorica.info\/wp-content\/uploads\/2024\/07\/Gorica-Info-Logo-mali.png","width":450,"height":85,"caption":"Gorica Info"}]},"geo.placename":"Velika Gorica","geo.region":"Croatia"},"_links":{"self":[{"href":"https:\/\/gorica.info\/en\/wp-json\/wp\/v2\/posts\/87355","targetHints":{"allow":["GET"]}}],"collection":[{"href":"https:\/\/gorica.info\/en\/wp-json\/wp\/v2\/posts"}],"about":[{"href":"https:\/\/gorica.info\/en\/wp-json\/wp\/v2\/types\/post"}],"author":[{"embeddable":true,"href":"https:\/\/gorica.info\/en\/wp-json\/wp\/v2\/users\/25"}],"replies":[{"embeddable":true,"href":"https:\/\/gorica.info\/en\/wp-json\/wp\/v2\/comments?post=87355"}],"version-history":[{"count":4,"href":"https:\/\/gorica.info\/en\/wp-json\/wp\/v2\/posts\/87355\/revisions"}],"predecessor-version":[{"id":87395,"href":"https:\/\/gorica.info\/en\/wp-json\/wp\/v2\/posts\/87355\/revisions\/87395"}],"wp:featuredmedia":[{"embeddable":true,"href":"https:\/\/gorica.info\/en\/wp-json\/wp\/v2\/media\/87356"}],"wp:attachment":[{"href":"https:\/\/gorica.info\/en\/wp-json\/wp\/v2\/media?parent=87355"}],"wp:term":[{"taxonomy":"category","embeddable":true,"href":"https:\/\/gorica.info\/en\/wp-json\/wp\/v2\/categories?post=87355"},{"taxonomy":"post_tag","embeddable":true,"href":"https:\/\/gorica.info\/en\/wp-json\/wp\/v2\/tags?post=87355"}],"curies":[{"name":"wp","href":"https:\/\/api.w.org\/{rel}","templated":true}]}}