{"id":87622,"date":"2025-04-05T12:39:02","date_gmt":"2025-04-05T10:39:02","guid":{"rendered":"https:\/\/gorica.info\/?p=87622"},"modified":"2025-04-05T15:15:35","modified_gmt":"2025-04-05T13:15:35","slug":"mirjana-lucic-i-velimir-sandor-proglaseni-su-najboljim-sportasima-s-invaliditetom-zagrebacke-zupanije","status":"publish","type":"post","link":"https:\/\/gorica.info\/en\/mirjana-lucic-i-velimir-sandor-proglaseni-su-najboljim-sportasima-s-invaliditetom-zagrebacke-zupanije\/","title":{"rendered":"Mirjana Lu\u010di\u0107 i Velimir \u0160andor najbolji sporta\u0161i s invaliditetom Zagreba\u010dke \u017eupanije"},"content":{"rendered":"<p><span style=\"font-size: 20px;\"><strong>Mirjana Lu\u010di\u0107<\/strong> i <strong>Velimir \u0160andor<\/strong> progla\u0161eni su najboljim<strong> sporta\u0161ima s invaliditetom<\/strong> Zagreba\u010dke \u017eupanije. Tre\u0107u godinu zaredom <a href=\"https:\/\/gorica.info\/en\/sjajni-goricki-parasportasi-uspon-ima-tri-drzavne-prvakinje\/\"><strong>Paraatletski klub Uspon<\/strong><\/a> dobio je priznanje za najbolji <strong>parasportski klub u \u017eupaniji.<\/strong><\/span><\/p>\n<p><img fetchpriority=\"high\" decoding=\"async\" class=\"aligncenter wp-image-87625 size-full\" src=\"https:\/\/gorica.info\/wp-content\/uploads\/2025\/04\/mirjana-lucic-sportasi.jpg\" alt=\"\" width=\"576\" height=\"432\" srcset=\"https:\/\/gorica.info\/wp-content\/uploads\/2025\/04\/mirjana-lucic-sportasi.jpg 576w, https:\/\/gorica.info\/wp-content\/uploads\/2025\/04\/mirjana-lucic-sportasi-300x225.jpg 300w, https:\/\/gorica.info\/wp-content\/uploads\/2025\/04\/mirjana-lucic-sportasi-16x12.jpg 16w\" sizes=\"(max-width: 576px) 100vw, 576px\" \/><\/p>\n<p><img decoding=\"async\" class=\"aligncenter wp-image-87628 size-full\" src=\"https:\/\/gorica.info\/wp-content\/uploads\/2025\/04\/velimir-sandor-nagrada-zupanija.jpg\" alt=\"\" width=\"576\" height=\"432\" srcset=\"https:\/\/gorica.info\/wp-content\/uploads\/2025\/04\/velimir-sandor-nagrada-zupanija.jpg 576w, https:\/\/gorica.info\/wp-content\/uploads\/2025\/04\/velimir-sandor-nagrada-zupanija-300x225.jpg 300w, https:\/\/gorica.info\/wp-content\/uploads\/2025\/04\/velimir-sandor-nagrada-zupanija-16x12.jpg 16w\" sizes=\"(max-width: 576px) 100vw, 576px\" \/><\/p>\n<p><span style=\"font-size: 20px;\">Po prvi puta dodijeljena je nagrada za najboljeg parasportskog trenera u \u017eupaniji, a dobio ju je<strong> Ivan \u010cengi\u0107<\/strong> iz Paraatletskog kluba Uspon Velika Gorica.<\/span><\/p>\n<p><img decoding=\"async\" class=\"aligncenter wp-image-87624 size-full\" src=\"https:\/\/gorica.info\/wp-content\/uploads\/2025\/04\/ivan-cengic-nagrada.jpg\" alt=\"sporta\u0161i s invaliditetom\" width=\"576\" height=\"432\" srcset=\"https:\/\/gorica.info\/wp-content\/uploads\/2025\/04\/ivan-cengic-nagrada.jpg 576w, https:\/\/gorica.info\/wp-content\/uploads\/2025\/04\/ivan-cengic-nagrada-300x225.jpg 300w, https:\/\/gorica.info\/wp-content\/uploads\/2025\/04\/ivan-cengic-nagrada-16x12.jpg 16w\" sizes=\"(max-width: 576px) 100vw, 576px\" \/><\/p>\n<p><span style=\"font-size: 20px;\"><strong>Sadea Be\u0107irovi\u0107<\/strong> (Karate kluba Samobor) i Alen Nokaj (Savate klub \u010cigra Sveti Ivan Zelina) najbolji su sporta\u0161i Zagreba\u010dke \u017eupanije u 2024. godini.<\/span><\/p>\n<p><img loading=\"lazy\" decoding=\"async\" class=\"aligncenter wp-image-87630 size-full\" src=\"https:\/\/gorica.info\/wp-content\/uploads\/2025\/04\/zupanija-najbolji-sportasi.jpg\" alt=\"sporta\u0161i s invaliditetom\" width=\"576\" height=\"432\" srcset=\"https:\/\/gorica.info\/wp-content\/uploads\/2025\/04\/zupanija-najbolji-sportasi.jpg 576w, https:\/\/gorica.info\/wp-content\/uploads\/2025\/04\/zupanija-najbolji-sportasi-300x225.jpg 300w, https:\/\/gorica.info\/wp-content\/uploads\/2025\/04\/zupanija-najbolji-sportasi-16x12.jpg 16w\" sizes=\"(max-width: 576px) 100vw, 576px\" \/><\/p>\n<p><span style=\"font-size: 20px;\">Priznanje za najbolju \u017eensku ekipu dobile su rukometa\u0161ice \u017denskog rukometnog kluba Dugo Selo \u201955, a u mu\u0161koj kategoriji Kugla\u010dki klub Zapre\u0161i\u0107.<\/span><\/p>\n<p><span style=\"font-size: 20px;\">Posebna nagrada za promociju<a href=\"https:\/\/www.zagrebacka-zupanija.hr\/vijesti\/7966\/proglaseni-najbolji-sportasi-zagrebacke-zupanije-u\"> Zagreba\u010dke \u017eupanije<\/a> dodijeljena je vesla\u010dima Valentu i Martinu Sinkovi\u0107u.<\/span><\/p>\n<p><span style=\"font-size: 20px;\">U organizaciji Zajednice sportskih udruga i saveza Zagreba\u010dke \u017eupanije progla\u0161enje najboljih sporta\u0161a uprili\u010deno je u sportskoj dvorani u Rugvici.<\/span><\/p>\n<p><span style=\"font-size: 20px;\">\u010cestitav\u0161i svim nagra\u0111enima zamjenik \u017eupana Zagreba\u010dke \u017eupanije Ervin Kolarec istaknuo je kako Zagreba\u010dka \u017eupanija daje sna\u017enu podr\u0161ku razvoju sporta kroz financijska sredstva. <\/span><\/p>\n<p><span style=\"font-size: 20px;\">&#8211; Izdvajanja za sport svrstavaju nas u sam vrh \u017eupanija u Republici Hrvatskoj. Ove godine izdvajamo 1,7 milijuna eura, \u0161to je gotovo 450 tisu\u0107a eura vi\u0161e nego u odnosu na 2024. godinu. Tu su i zna\u010dajna ulaganja u sportske dvorane koje neprestano obnavljamo i gradimo kako bi sporta\u0161i imali adekvatan prostor za pripreme i treninge &#8211; rekao je Kolarec.<\/span><\/p>\n<p><span style=\"font-size: 20px;\">Najbolje mlade sporta\u0161ice uzrasta do 15 godina su: Paola Budek &#8211; Kyokushin karate klub Dugo Selo,\u00a0 Maja Mareni\u0107 &#8211; Karate klub Mladost Ivani\u0107-Grad, Eva Mati\u0107 &#8211; Kickboxing klub Jastreb, Marta Luk\u0161i\u0107 &#8211; Hrva\u010dki klub Klin\u010da Sela, Sara Deli\u0107 &#8211; Orijentacijski klub Japeti\u0107, Lana Cigani\u0107 &#8211; Hokej klub Zelina, <strong>Mia \u010cun\u010di\u0107 &#8211; Karate klub Velika Gorica<\/strong>, Erin Be\u0161en &#8211; Atletski klub Sveti Vid, Lana Pavlinec &#8211; \u017denski kugla\u010dki klub Zapre\u0161i\u0107 i Lana Farago &#8211; Savate klub \u201eSilver Eagle\u201c Rugvica.<\/span><\/p>\n<p><span style=\"font-size: 20px;\">Najbolji mladi sporta\u0161i do 15 godina su: Teo Matkovi\u0107 &#8211; Taekwondo klub Dugo Selo, Matej Mu\u017eina &#8211; Ko\u0161arka\u0161ki klub Ivani\u0107, \u0160imun Hodak &#8211; Karate klub Jastreb, Noa Kupres &#8211; Hrva\u010dki klub Klin\u010da Sela, Noa Veli\u010dan &#8211; Judo klub Profectus Samobor, Karlo Lovrinovi\u0107 &#8211; Judo klub Sakura, Gabriel \u0160eb &#8211; Nogometni klub Zelina, <strong>Lovro Lojen &#8211; Hrvatski nogometni klub Gorica<\/strong>, Tibor \u0106ukovi\u0107 &#8211; Hrva\u010dki klub PIK Vrbovec,\u00a0 Luka Jakovina &#8211; Kugla\u010dki klub Zapre\u0161i\u0107 i David Mayer Kralj &#8211; Nogometni klub Rugvica Sava.<\/span><\/p>\n<p><img loading=\"lazy\" decoding=\"async\" class=\"aligncenter wp-image-87632 size-full\" src=\"https:\/\/gorica.info\/wp-content\/uploads\/2025\/04\/sportasi-nagrade2025.jpg\" alt=\"sporta\u0161i s invaliditetom\" width=\"576\" height=\"432\" srcset=\"https:\/\/gorica.info\/wp-content\/uploads\/2025\/04\/sportasi-nagrade2025.jpg 576w, https:\/\/gorica.info\/wp-content\/uploads\/2025\/04\/sportasi-nagrade2025-300x225.jpg 300w, https:\/\/gorica.info\/wp-content\/uploads\/2025\/04\/sportasi-nagrade2025-16x12.jpg 16w\" sizes=\"(max-width: 576px) 100vw, 576px\" \/><\/p>\n<p><span style=\"font-size: 20px;\">Priznanja su dobili i zaslu\u017eni sportski djelatnici: Du\u0161ko Gali\u0107 &#8211; Mu\u0161ki rukometni klub Dugo Selo, Mario Sloup &#8211; \u0160portski klub Ivani\u0107, Mladen Lon\u010dari\u0107 &#8211; \u0160ahovski klub Jaska, Gjuro Simon &#8211; Ko\u0161arka\u0161ki klub Samobor, Boris Berakovi\u0107 &#8211; Auto Karting Klub Sveta Nedjelja, Damir Hrupec &#8211; Hokej klub Zelina, <strong>Anri Targu\u0161 &#8211; Hrva\u010dki klub Velika Gorica<\/strong>, Ivan Saboli\u0107 &#8211; Strelja\u010dko dru\u0161tvo PIK Vrbovec, Josip Kova\u010dec &#8211; Mu\u0161ki rukometni klub Zapre\u0161i\u0107 i Hrvoje Veli\u0107 &#8211; Savate klub \u201eSilver Eagle\u201c Rugvica.<\/span><\/p>\n<p><span style=\"font-size: 20px;\">Nagrade za zaslu\u017ene sportske kolektive Zagreba\u010dke \u017eupanije dobili su: Atletski klub \u201eMartin\u201c Dugo Selo,\u00a0 \u017denski rukometni klub Ivani\u0107, Nogometni klub Jaska Vinogradar, Rukometni klub Rudar, Rukometni klub Zelina, <strong>Hrvatski nogometni klub Gorica \u2013 pioniri<\/strong>, Nogometni klub Vrbovec i Mu\u0161ki rukometni klub Zapre\u0161i\u0107.<\/span><\/p>\n<p><span style=\"font-size: 20px;\">Progla\u0161enju najboljih sporta\u0161a nazo\u010dili su i posebni savjetnik ministra turizma i sporta Tomislav Dru\u017eak, direktor Ureda za programe sporta na lokalnoj razini pri Hrvatskom olimpijskom odboru Hrvoje Balen, i mnogi drugi uzvanici.<\/span><\/p>\n<p><span style=\"font-size: 20px;\">U ime organizatora prisutnima se obratio predsjednik Zajednice \u0161portskih udruga i saveza Zagreba\u010dke \u017eupanije Vladimir Bregovi\u0107, a u ime doma\u0107ina na\u010delnik op\u0107ine Rugvica Mato \u010ci\u010dak, ujedno i predsjednik \u017dupanijske skup\u0161tine Zagreba\u010dke \u017eupanije.<\/span><\/p>\n<p><span style=\"font-size: 20px;\">\u010ci\u010dak je naglasio kako se do sjajnih sportskih rezultata dolazi uz puno rada i treniranja, a \u017eupanija, gradovi i op\u0107ine tome pridonose izgradnjom\u00a0 i ulaganjem u sportske objekte, dodav\u0161i kako novi sportski kompleks ni\u010de i u Rugvici.<\/span><\/p>\n<p><img loading=\"lazy\" decoding=\"async\" class=\"aligncenter wp-image-87627 size-full\" src=\"https:\/\/gorica.info\/wp-content\/uploads\/2025\/04\/velimir-sandor-nagrada2025.jpg\" alt=\"sporta\u0161i s invaliditetom\" width=\"450\" height=\"800\" srcset=\"https:\/\/gorica.info\/wp-content\/uploads\/2025\/04\/velimir-sandor-nagrada2025.jpg 450w, https:\/\/gorica.info\/wp-content\/uploads\/2025\/04\/velimir-sandor-nagrada2025-169x300.jpg 169w, https:\/\/gorica.info\/wp-content\/uploads\/2025\/04\/velimir-sandor-nagrada2025-7x12.jpg 7w\" sizes=\"(max-width: 450px) 100vw, 450px\" \/> <img loading=\"lazy\" decoding=\"async\" class=\"aligncenter wp-image-87629 size-full\" src=\"https:\/\/gorica.info\/wp-content\/uploads\/2025\/04\/velimir-sandor-trener-nagrade.jpg\" alt=\"sporta\u0161i s invaliditetom\" width=\"450\" height=\"800\" srcset=\"https:\/\/gorica.info\/wp-content\/uploads\/2025\/04\/velimir-sandor-trener-nagrade.jpg 450w, https:\/\/gorica.info\/wp-content\/uploads\/2025\/04\/velimir-sandor-trener-nagrade-169x300.jpg 169w, https:\/\/gorica.info\/wp-content\/uploads\/2025\/04\/velimir-sandor-trener-nagrade-7x12.jpg 7w\" sizes=\"(max-width: 450px) 100vw, 450px\" \/> <img loading=\"lazy\" decoding=\"async\" class=\"aligncenter wp-image-87631 size-full\" src=\"https:\/\/gorica.info\/wp-content\/uploads\/2025\/04\/zupanija-sportasi.jpg\" alt=\"\" width=\"576\" height=\"432\" srcset=\"https:\/\/gorica.info\/wp-content\/uploads\/2025\/04\/zupanija-sportasi.jpg 576w, https:\/\/gorica.info\/wp-content\/uploads\/2025\/04\/zupanija-sportasi-300x225.jpg 300w, https:\/\/gorica.info\/wp-content\/uploads\/2025\/04\/zupanija-sportasi-16x12.jpg 16w\" sizes=\"(max-width: 576px) 100vw, 576px\" \/><\/p>","protected":false},"excerpt":{"rendered":"<p>Mirjana Lu\u010di\u0107 i Velimir \u0160andor progla\u0161eni su najboljim sporta\u0161ima s invaliditetom Zagreba\u010dke \u017eupanije. Tre\u0107u godinu zaredom Paraatletski klub Uspon dobio je priznanje za najbolji parasportski klub u \u017eupaniji. Po prvi puta dodijeljena je nagrada za najboljeg parasportskog trenera u \u017eupaniji, a dobio ju je Ivan \u010cengi\u0107 iz Paraatletskog kluba Uspon Velika Gorica. Sadea Be\u0107irovi\u0107 (Karate [&hellip;]<\/p>\n","protected":false},"author":23,"featured_media":87626,"comment_status":"closed","ping_status":"closed","sticky":false,"template":"","format":"standard","meta":{"limit_modified_date":"1","last_modified_date":"","jnews-multi-image_gallery":[],"jnews_single_post":{"subtitle":"","format":"standard","override":[{"template":"3","parallax":"1","fullscreen":"1","layout":"right-sidebar","sidebar":"default-sidebar","second_sidebar":"default-sidebar","sticky_sidebar":"1","share_position":"top","share_float_style":"share-monocrhome","show_featured":"1","show_post_meta":"1","show_post_author":"1","show_post_author_image":"1","show_post_date":"1","post_date_format":"default","post_date_format_custom":"Y\/m\/d","show_post_category":"1","show_post_reading_time":"1","post_reading_time_wpm":"300","post_calculate_word_method":"str_word_count","zoom_button_out_step":"2","zoom_button_in_step":"3","show_post_tag":"1","show_popup_post":"1","number_popup_post":"1","show_post_related":"1"}],"image_override":[{"single_post_thumbnail_size":"crop-500","single_post_gallery_size":"crop-500"}],"trending_post_position":"meta","trending_post_label":"Trending","sponsored_post_label":"Sponsored by","disable_ad":"0"},"jnews_primary_category":[],"jnews_override_counter":{"view_counter_number":"0","share_counter_number":"0","like_counter_number":"0","dislike_counter_number":"0"},"footnotes":""},"categories":[108],"tags":[611,2374,201,7537,4541,2468,149],"class_list":["post-87622","post","type-post","status-publish","format-standard","has-post-thumbnail","hentry","category-zupanija","tag-ervin-kolarec","tag-mirjana-lucic","tag-nagrade","tag-rugvica","tag-sportasi-s-invaliditetom","tag-velimir-sandor","tag-zagrebacka-zupanija"],"yoast_head":"<!-- This site is optimized with the Yoast SEO Premium plugin v27.4 (Yoast SEO v27.4) - https:\/\/yoast.com\/product\/yoast-seo-premium-wordpress\/ -->\n<title>Mirjana Lu\u010di\u0107 i Velimir \u0160andor najbolji sporta\u0161i s invaliditetom Zagreba\u010dke \u017eupanije - Gorica Info<\/title>\n<meta name=\"description\" content=\"Mirjana Lu\u010di\u0107 i Velimir \u0160andor progla\u0161eni su najboljim sporta\u0161ima s invaliditetom Zagreba\u010dke \u017eupanije. Priznanje je dobio i trener Ivan \u010cengi\u0107\" \/>\n<meta name=\"robots\" content=\"index, follow, max-snippet:-1, max-image-preview:large, max-video-preview:-1\" \/>\n<link rel=\"canonical\" href=\"https:\/\/gorica.info\/en\/mirjana-lucic-i-velimir-sandor-proglaseni-su-najboljim-sportasima-s-invaliditetom-zagrebacke-zupanije\/\" \/>\n<meta property=\"og:locale\" content=\"en_US\" \/>\n<meta property=\"og:type\" content=\"article\" \/>\n<meta property=\"og:title\" content=\"Mirjana Lu\u010di\u0107 i Velimir \u0160andor najbolji sporta\u0161i s invaliditetom Zagreba\u010dke \u017eupanije\" \/>\n<meta property=\"og:description\" content=\"Mirjana Lu\u010di\u0107 i Velimir \u0160andor progla\u0161eni su najboljim sporta\u0161ima s invaliditetom Zagreba\u010dke \u017eupanije. Priznanje je dobio i trener Ivan \u010cengi\u0107\" \/>\n<meta property=\"og:url\" content=\"https:\/\/gorica.info\/en\/mirjana-lucic-i-velimir-sandor-proglaseni-su-najboljim-sportasima-s-invaliditetom-zagrebacke-zupanije\/\" \/>\n<meta property=\"og:site_name\" content=\"Gorica Info\" \/>\n<meta property=\"article:publisher\" content=\"https:\/\/www.facebook.com\/Goricainfo-106005144489262\" \/>\n<meta property=\"article:published_time\" content=\"2025-04-05T10:39:02+00:00\" \/>\n<meta property=\"article:modified_time\" content=\"2025-04-05T13:15:35+00:00\" \/>\n<meta property=\"og:image\" content=\"https:\/\/gorica.info\/wp-content\/uploads\/2025\/04\/sportasi-zupanija2025.jpg\" \/>\n\t<meta property=\"og:image:width\" content=\"576\" \/>\n\t<meta property=\"og:image:height\" content=\"432\" \/>\n\t<meta property=\"og:image:type\" content=\"image\/jpeg\" \/>\n<meta name=\"author\" content=\"Gorica. info\" \/>\n<meta name=\"twitter:card\" content=\"summary_large_image\" \/>\n<meta name=\"twitter:creator\" content=\"@GoricaInfo\" \/>\n<meta name=\"twitter:site\" content=\"@GoricaInfo\" \/>\n<meta name=\"twitter:label1\" content=\"Written by\" \/>\n\t<meta name=\"twitter:data1\" content=\"Gorica. info\" \/>\n\t<meta name=\"twitter:label2\" content=\"Est. reading time\" \/>\n\t<meta name=\"twitter:data2\" content=\"5 minutes\" \/>\n<meta name=\"geo.placename\" content=\"Velika Gorica\" \/>\n<meta name=\"geo.region\" content=\"Croatia\" \/>\n<!-- \/ Yoast SEO Premium plugin. -->","yoast_head_json":{"title":"Mirjana Lu\u010di\u0107 i Velimir \u0160andor najbolji sporta\u0161i s invaliditetom Zagreba\u010dke \u017eupanije - Gorica Info","description":"Mirjana Lu\u010di\u0107 i Velimir \u0160andor progla\u0161eni su najboljim sporta\u0161ima s invaliditetom Zagreba\u010dke \u017eupanije. Priznanje je dobio i trener Ivan \u010cengi\u0107","robots":{"index":"index","follow":"follow","max-snippet":"max-snippet:-1","max-image-preview":"max-image-preview:large","max-video-preview":"max-video-preview:-1"},"canonical":"https:\/\/gorica.info\/en\/mirjana-lucic-i-velimir-sandor-proglaseni-su-najboljim-sportasima-s-invaliditetom-zagrebacke-zupanije\/","og_locale":"en_US","og_type":"article","og_title":"Mirjana Lu\u010di\u0107 i Velimir \u0160andor najbolji sporta\u0161i s invaliditetom Zagreba\u010dke \u017eupanije","og_description":"Mirjana Lu\u010di\u0107 i Velimir \u0160andor progla\u0161eni su najboljim sporta\u0161ima s invaliditetom Zagreba\u010dke \u017eupanije. Priznanje je dobio i trener Ivan \u010cengi\u0107","og_url":"https:\/\/gorica.info\/en\/mirjana-lucic-i-velimir-sandor-proglaseni-su-najboljim-sportasima-s-invaliditetom-zagrebacke-zupanije\/","og_site_name":"Gorica Info","article_publisher":"https:\/\/www.facebook.com\/Goricainfo-106005144489262","article_published_time":"2025-04-05T10:39:02+00:00","article_modified_time":"2025-04-05T13:15:35+00:00","og_image":[{"width":576,"height":432,"url":"https:\/\/gorica.info\/wp-content\/uploads\/2025\/04\/sportasi-zupanija2025.jpg","type":"image\/jpeg"}],"author":"Gorica. info","twitter_card":"summary_large_image","twitter_creator":"@GoricaInfo","twitter_site":"@GoricaInfo","twitter_misc":{"Written by":"Gorica. info","Est. reading time":"5 minutes"},"schema":{"@context":"https:\/\/schema.org","@graph":[{"@type":"NewsArticle","@id":"https:\/\/gorica.info\/mirjana-lucic-i-velimir-sandor-proglaseni-su-najboljim-sportasima-s-invaliditetom-zagrebacke-zupanije\/#article","isPartOf":{"@id":"https:\/\/gorica.info\/mirjana-lucic-i-velimir-sandor-proglaseni-su-najboljim-sportasima-s-invaliditetom-zagrebacke-zupanije\/"},"author":{"name":"Gorica. info","@id":"https:\/\/gorica.info\/#\/schema\/person\/4499af1f22f322670b9b5977ccc2e3de"},"headline":"Mirjana Lu\u010di\u0107 i Velimir \u0160andor najbolji sporta\u0161i s invaliditetom Zagreba\u010dke \u017eupanije","datePublished":"2025-04-05T10:39:02+00:00","dateModified":"2025-04-05T13:15:35+00:00","mainEntityOfPage":{"@id":"https:\/\/gorica.info\/mirjana-lucic-i-velimir-sandor-proglaseni-su-najboljim-sportasima-s-invaliditetom-zagrebacke-zupanije\/"},"wordCount":672,"publisher":{"@id":"https:\/\/gorica.info\/#organization"},"image":{"@id":"https:\/\/gorica.info\/mirjana-lucic-i-velimir-sandor-proglaseni-su-najboljim-sportasima-s-invaliditetom-zagrebacke-zupanije\/#primaryimage"},"thumbnailUrl":"https:\/\/gorica.info\/wp-content\/uploads\/2025\/04\/sportasi-zupanija2025.jpg","keywords":["ervin kolarec","mirjana lu\u010di\u0107","nagrade","rugvica","sporta\u0161i s invaliditetom","velimir \u0161andor","Zagreba\u010dka \u017eupanija"],"articleSection":["\u017dUPANIJA"],"inLanguage":"en-US","copyrightYear":"2025","copyrightHolder":{"@id":"https:\/\/gorica.info\/en\/#organization"}},{"@type":"WebPage","@id":"https:\/\/gorica.info\/mirjana-lucic-i-velimir-sandor-proglaseni-su-najboljim-sportasima-s-invaliditetom-zagrebacke-zupanije\/","url":"https:\/\/gorica.info\/mirjana-lucic-i-velimir-sandor-proglaseni-su-najboljim-sportasima-s-invaliditetom-zagrebacke-zupanije\/","name":"Mirjana Lu\u010di\u0107 i Velimir \u0160andor najbolji sporta\u0161i s invaliditetom Zagreba\u010dke \u017eupanije - Gorica Info","isPartOf":{"@id":"https:\/\/gorica.info\/#website"},"primaryImageOfPage":{"@id":"https:\/\/gorica.info\/mirjana-lucic-i-velimir-sandor-proglaseni-su-najboljim-sportasima-s-invaliditetom-zagrebacke-zupanije\/#primaryimage"},"image":{"@id":"https:\/\/gorica.info\/mirjana-lucic-i-velimir-sandor-proglaseni-su-najboljim-sportasima-s-invaliditetom-zagrebacke-zupanije\/#primaryimage"},"thumbnailUrl":"https:\/\/gorica.info\/wp-content\/uploads\/2025\/04\/sportasi-zupanija2025.jpg","datePublished":"2025-04-05T10:39:02+00:00","dateModified":"2025-04-05T13:15:35+00:00","description":"Mirjana Lu\u010di\u0107 i Velimir \u0160andor progla\u0161eni su najboljim sporta\u0161ima s invaliditetom Zagreba\u010dke \u017eupanije. Priznanje je dobio i trener Ivan \u010cengi\u0107","breadcrumb":{"@id":"https:\/\/gorica.info\/mirjana-lucic-i-velimir-sandor-proglaseni-su-najboljim-sportasima-s-invaliditetom-zagrebacke-zupanije\/#breadcrumb"},"inLanguage":"en-US","potentialAction":[{"@type":"ReadAction","target":["https:\/\/gorica.info\/mirjana-lucic-i-velimir-sandor-proglaseni-su-najboljim-sportasima-s-invaliditetom-zagrebacke-zupanije\/"]}]},{"@type":"ImageObject","inLanguage":"en-US","@id":"https:\/\/gorica.info\/mirjana-lucic-i-velimir-sandor-proglaseni-su-najboljim-sportasima-s-invaliditetom-zagrebacke-zupanije\/#primaryimage","url":"https:\/\/gorica.info\/wp-content\/uploads\/2025\/04\/sportasi-zupanija2025.jpg","contentUrl":"https:\/\/gorica.info\/wp-content\/uploads\/2025\/04\/sportasi-zupanija2025.jpg","width":576,"height":432,"caption":"Foto: Zagreba\u010dka \u017eupanija"},{"@type":"BreadcrumbList","@id":"https:\/\/gorica.info\/mirjana-lucic-i-velimir-sandor-proglaseni-su-najboljim-sportasima-s-invaliditetom-zagrebacke-zupanije\/#breadcrumb","itemListElement":[{"@type":"ListItem","position":1,"name":"Po\u010detna stranica","item":"https:\/\/gorica.info\/"},{"@type":"ListItem","position":2,"name":"Mirjana Lu\u010di\u0107 i Velimir \u0160andor najbolji sporta\u0161i s invaliditetom Zagreba\u010dke \u017eupanije"}]},{"@type":"WebSite","@id":"https:\/\/gorica.info\/#website","url":"https:\/\/gorica.info\/","name":"Gorica Info","description":"Vijesti iz Velike Gorice i okolice.","publisher":{"@id":"https:\/\/gorica.info\/#organization"},"potentialAction":[{"@type":"SearchAction","target":{"@type":"EntryPoint","urlTemplate":"https:\/\/gorica.info\/?s={search_term_string}"},"query-input":{"@type":"PropertyValueSpecification","valueRequired":true,"valueName":"search_term_string"}}],"inLanguage":"en-US"},{"@type":["Organization","Place","NewsMediaOrganization"],"@id":"https:\/\/gorica.info\/#organization","name":"Gorica Info","url":"https:\/\/gorica.info\/","logo":{"@id":"https:\/\/gorica.info\/mirjana-lucic-i-velimir-sandor-proglaseni-su-najboljim-sportasima-s-invaliditetom-zagrebacke-zupanije\/#local-main-organization-logo"},"image":{"@id":"https:\/\/gorica.info\/mirjana-lucic-i-velimir-sandor-proglaseni-su-najboljim-sportasima-s-invaliditetom-zagrebacke-zupanije\/#local-main-organization-logo"},"sameAs":["https:\/\/www.facebook.com\/Goricainfo-106005144489262","https:\/\/x.com\/GoricaInfo","https:\/\/www.instagram.com\/gorica.info\/"],"address":{"@id":"https:\/\/gorica.info\/mirjana-lucic-i-velimir-sandor-proglaseni-su-najboljim-sportasima-s-invaliditetom-zagrebacke-zupanije\/#local-main-place-address"},"telephone":[],"openingHoursSpecification":[{"@type":"OpeningHoursSpecification","dayOfWeek":["Monday","Tuesday","Wednesday","Thursday","Friday","Saturday","Sunday"],"opens":"09:00","closes":"17:00"}],"email":"redakcija@gorica.info"},{"@type":"Person","@id":"https:\/\/gorica.info\/#\/schema\/person\/4499af1f22f322670b9b5977ccc2e3de","name":"Gorica. info","description":"Gorica.info je lokalni portal koji prati Veliku Goricu i okolici, svakodnevno donosi najnovije vijesti i pri\u010de, kulturna doga\u0111anja i aktualnosti koje oblikuju \u017eivot gra\u0111ana.","url":"https:\/\/gorica.info\/en\/author\/gorica-info\/"},{"@type":"PostalAddress","@id":"https:\/\/gorica.info\/mirjana-lucic-i-velimir-sandor-proglaseni-su-najboljim-sportasima-s-invaliditetom-zagrebacke-zupanije\/#local-main-place-address","streetAddress":"Horvatova 97","addressLocality":"Velika Gorica","postalCode":"10410","addressRegion":"Croatia","addressCountry":"HR"},{"@type":"ImageObject","inLanguage":"en-US","@id":"https:\/\/gorica.info\/mirjana-lucic-i-velimir-sandor-proglaseni-su-najboljim-sportasima-s-invaliditetom-zagrebacke-zupanije\/#local-main-organization-logo","url":"https:\/\/gorica.info\/wp-content\/uploads\/2024\/07\/Gorica-Info-Logo-mali.png","contentUrl":"https:\/\/gorica.info\/wp-content\/uploads\/2024\/07\/Gorica-Info-Logo-mali.png","width":450,"height":85,"caption":"Gorica Info"}]},"geo.placename":"Velika Gorica","geo.region":"Croatia"},"_links":{"self":[{"href":"https:\/\/gorica.info\/en\/wp-json\/wp\/v2\/posts\/87622","targetHints":{"allow":["GET"]}}],"collection":[{"href":"https:\/\/gorica.info\/en\/wp-json\/wp\/v2\/posts"}],"about":[{"href":"https:\/\/gorica.info\/en\/wp-json\/wp\/v2\/types\/post"}],"author":[{"embeddable":true,"href":"https:\/\/gorica.info\/en\/wp-json\/wp\/v2\/users\/23"}],"replies":[{"embeddable":true,"href":"https:\/\/gorica.info\/en\/wp-json\/wp\/v2\/comments?post=87622"}],"version-history":[{"count":1,"href":"https:\/\/gorica.info\/en\/wp-json\/wp\/v2\/posts\/87622\/revisions"}],"predecessor-version":[{"id":87633,"href":"https:\/\/gorica.info\/en\/wp-json\/wp\/v2\/posts\/87622\/revisions\/87633"}],"wp:featuredmedia":[{"embeddable":true,"href":"https:\/\/gorica.info\/en\/wp-json\/wp\/v2\/media\/87626"}],"wp:attachment":[{"href":"https:\/\/gorica.info\/en\/wp-json\/wp\/v2\/media?parent=87622"}],"wp:term":[{"taxonomy":"category","embeddable":true,"href":"https:\/\/gorica.info\/en\/wp-json\/wp\/v2\/categories?post=87622"},{"taxonomy":"post_tag","embeddable":true,"href":"https:\/\/gorica.info\/en\/wp-json\/wp\/v2\/tags?post=87622"}],"curies":[{"name":"wp","href":"https:\/\/api.w.org\/{rel}","templated":true}]}}